{"id":2152,"date":"2021-06-25T07:00:46","date_gmt":"2021-06-25T07:00:46","guid":{"rendered":"https:\/\/unisale.com.br\/pastoral\/?p=2152"},"modified":"2021-06-25T12:23:16","modified_gmt":"2021-06-25T12:23:16","slug":"o-que-tens-a-ver-conosco","status":"publish","type":"post","link":"https:\/\/unisale.com.br\/pastoral\/o-que-tens-a-ver-conosco\/","title":{"rendered":"30\/06 &#8211; O que tens a ver conosco, Filho de Deus?"},"content":{"rendered":"<p>Quarta-feira, 30 de Junho de 2021.<\/p>\n<p>&nbsp;<\/p>\n<p>Evangelho (Mt 8,28-34)<\/p>\n<p>&nbsp;<\/p>\n<p><strong><em>\u201cO que tens a ver conosco, Filho de Deus?\u201d<\/em><\/strong><\/p>\n<p><em>\u00a0<\/em><\/p>\n<p>Naquele tempo, <sup>28<\/sup>quando Jesus chegou \u00e0 outra margem do lago, na regi\u00e3o dos gadarenos, vieram ao seu encontro dois homens possu\u00eddos pelo dem\u00f4nio, saindo dos t\u00famulos. Eram t\u00e3o violentos, que ningu\u00e9m podia passar por aquele caminho. <sup>29<\/sup>Eles ent\u00e3o gritaram: \u201cQue tens a ver conosco, Filho de Deus? Tu vieste aqui para nos atormentar antes do tempo?\u201d. <sup>30<\/sup>Ora, a certa dist\u00e2ncia deles, estava pastando uma grande manada de porcos. <sup>31<\/sup>Os dem\u00f4nios suplicavam-lhe: \u201cSe nos expulsas, manda-nos para a manada de porcos\u201d.<sup>32<\/sup>Jesus disse: \u201cIde\u201d. Os dem\u00f4nios sa\u00edram, e foram para os porcos. E logo toda a manada atirou-se monte abaixo para dentro do mar, afogando-se nas \u00e1guas. <sup>33<\/sup>Os homens que guardavam os porcos fugiram e, indo at\u00e9 a cidade, contaram tudo, inclusive o caso dos possu\u00eddos pelo dem\u00f4nio. <sup>34<\/sup>Ent\u00e3o a cidade toda saiu ao encontro de Jesus. Quando o viram, pediram-lhe que se retirasse da regi\u00e3o deles.<\/p>\n<p>&nbsp;<\/p>\n<p><strong>Reflex\u00e3o<\/strong><\/p>\n<p><strong>\u00a0<\/strong><\/p>\n<p>Parece que nos \u00faltimos tempos as pessoas t\u00eam pensado no mal apenas como uma for\u00e7a simb\u00f3lica descrita nos evangelhos. Assim, os exorcimos de Jesus parecem somente algo contado para nos transmitir a ideia da for\u00e7a Dele. Mas isso n\u00e3o \u00e9 de modo algum a forma correta de analisarmos estes encontros de Jesus com os dem\u00f4nios.<\/p>\n<p>O que precisamos entender \u00e9 que o mal \u00e9 algo real. Podemos dizer que a primeira vit\u00f3ria do mal \u00e9 quando pensamos que os males que nos acontecem s\u00e3o frutos somente da maldade humana. O mal existe e trabalha constantemente contra n\u00f3s. Muitas vezes, na vida, parece que a nossa estrada \u00e9 t\u00e3o trabalhosa, ali\u00e1s, muito trabalhosa; um trabalho que exige al\u00e9m das nossas for\u00e7as, mas, precisamos nos lembrar que Cristo pode \u201ctornar a nossa estrada leve\u201d, transformando a nossa fadiga e os nossos obst\u00e1culos em caminho de santifica\u00e7\u00e3o. O mal pode se tornar um obst\u00e1culo em nossa estrada, mas ele n\u00e3o pode parar o nosso caminhar.<\/p>\n<p>O amor de Cristo transforma toda tenta\u00e7\u00e3o em uma boa ocasi\u00e3o para crescer. Transforma todo obst\u00e1culo em uma oportunidade. Com Cristo, o mal que quer te destruir se transforma em fortifica\u00e7\u00e3o, ou seja, o mal pode tamb\u00e9m te fortificar. A presen\u00e7a de Jesus demonstra que a salva\u00e7\u00e3o est\u00e1 presente e o dom\u00ednio de Satan\u00e1s est\u00e1 desacreditado. Nenhum poder pode impedir o homem de viver. N\u00f3s, que conhecemos o poder de Jesus, n\u00f3s que conhecemos a autoridade divina de Jesus, corremos o risco de rejeit\u00e1-los. A pergunta \u00e9: est\u00e1 o nosso cora\u00e7\u00e3o em Jesus, ou n\u00f3s somos hostis \u00e0 sua palavra?<\/p>\n<p>&nbsp;<\/p>\n<p><strong>Pe. Paulo Eduardo J\u00e1como, sdb.<\/strong><\/p>\n","protected":false},"excerpt":{"rendered":"<p>Quarta-feira, 30 de Junho de 2021. &nbsp; Evangelho (Mt 8,28-34) &nbsp; \u201cO que tens a ver conosco, Filho de Deus?\u201d \u00a0 Naquele tempo, 28quando Jesus&#8230;<\/p>\n","protected":false},"author":1,"featured_media":2144,"comment_status":"closed","ping_status":"closed","sticky":false,"template":"","format":"standard","meta":{"_acf_changed":false,"footnotes":""},"categories":[13],"tags":[],"class_list":["post-2152","post","type-post","status-publish","format-standard","has-post-thumbnail","hentry","category-reflexaodoevagelho"],"acf":[],"yoast_head":"<!-- This site is optimized with the Yoast SEO plugin v27.3 - https:\/\/yoast.com\/product\/yoast-seo-wordpress\/ -->\n<title>30\/06 - O que tens a ver conosco, Filho de Deus? - Pastoral Universit\u00e1ria UniSALESIANO<\/title>\n<meta name=\"robots\" content=\"index, follow, max-snippet:-1, max-image-preview:large, max-video-preview:-1\" \/>\n<link rel=\"canonical\" href=\"https:\/\/unisale.com.br\/novo\/o-que-tens-a-ver-conosco\/\" \/>\n<meta property=\"og:locale\" content=\"pt_BR\" \/>\n<meta property=\"og:type\" content=\"article\" \/>\n<meta property=\"og:title\" content=\"30\/06 - O que tens a ver conosco, Filho de Deus? - Pastoral Universit\u00e1ria UniSALESIANO\" \/>\n<meta property=\"og:description\" content=\"Quarta-feira, 30 de Junho de 2021. &nbsp; Evangelho (Mt 8,28-34) &nbsp; \u201cO que tens a ver conosco, Filho de Deus?\u201d \u00a0 Naquele tempo, 28quando Jesus...\" \/>\n<meta property=\"og:url\" content=\"https:\/\/unisale.com.br\/novo\/o-que-tens-a-ver-conosco\/\" \/>\n<meta property=\"og:site_name\" content=\"Pastoral Universit\u00e1ria UniSALESIANO\" \/>\n<meta property=\"article:published_time\" content=\"2021-06-25T07:00:46+00:00\" \/>\n<meta property=\"article:modified_time\" content=\"2021-06-25T12:23:16+00:00\" \/>\n<meta property=\"og:image\" content=\"https:\/\/unisale.com.br\/novo\/wp-content\/uploads\/2021\/06\/06-30.png\" \/>\n\t<meta property=\"og:image:width\" content=\"1920\" \/>\n\t<meta property=\"og:image:height\" content=\"1080\" \/>\n\t<meta property=\"og:image:type\" content=\"image\/png\" \/>\n<meta name=\"author\" content=\"pastoral\" \/>\n<meta name=\"twitter:card\" content=\"summary_large_image\" \/>\n<meta name=\"twitter:label1\" content=\"Escrito por\" \/>\n\t<meta name=\"twitter:data1\" content=\"pastoral\" \/>\n\t<meta name=\"twitter:label2\" content=\"Est. tempo de leitura\" \/>\n\t<meta name=\"twitter:data2\" content=\"2 minutos\" \/>\n<script type=\"application\/ld+json\" class=\"yoast-schema-graph\">{\"@context\":\"https:\\\/\\\/schema.org\",\"@graph\":[{\"@type\":\"Article\",\"@id\":\"https:\\\/\\\/unisale.com.br\\\/novo\\\/o-que-tens-a-ver-conosco\\\/#article\",\"isPartOf\":{\"@id\":\"https:\\\/\\\/unisale.com.br\\\/novo\\\/o-que-tens-a-ver-conosco\\\/\"},\"author\":{\"name\":\"pastoral\",\"@id\":\"https:\\\/\\\/unisale.com.br\\\/pastoral\\\/#\\\/schema\\\/person\\\/a16ba711a0f7dec9cb6b44563144d5a3\"},\"headline\":\"30\\\/06 &#8211; O que tens a ver conosco, Filho de Deus?\",\"datePublished\":\"2021-06-25T07:00:46+00:00\",\"dateModified\":\"2021-06-25T12:23:16+00:00\",\"mainEntityOfPage\":{\"@id\":\"https:\\\/\\\/unisale.com.br\\\/novo\\\/o-que-tens-a-ver-conosco\\\/\"},\"wordCount\":484,\"image\":{\"@id\":\"https:\\\/\\\/unisale.com.br\\\/novo\\\/o-que-tens-a-ver-conosco\\\/#primaryimage\"},\"thumbnailUrl\":\"https:\\\/\\\/unisale.com.br\\\/pastoral\\\/wp-content\\\/uploads\\\/2021\\\/06\\\/06-30.png\",\"articleSection\":[\"Reflex\u00e3o do Evangelho\"],\"inLanguage\":\"pt-BR\"},{\"@type\":\"WebPage\",\"@id\":\"https:\\\/\\\/unisale.com.br\\\/novo\\\/o-que-tens-a-ver-conosco\\\/\",\"url\":\"https:\\\/\\\/unisale.com.br\\\/novo\\\/o-que-tens-a-ver-conosco\\\/\",\"name\":\"30\\\/06 - O que tens a ver conosco, Filho de Deus? - Pastoral Universit\u00e1ria UniSALESIANO\",\"isPartOf\":{\"@id\":\"https:\\\/\\\/unisale.com.br\\\/pastoral\\\/#website\"},\"primaryImageOfPage\":{\"@id\":\"https:\\\/\\\/unisale.com.br\\\/novo\\\/o-que-tens-a-ver-conosco\\\/#primaryimage\"},\"image\":{\"@id\":\"https:\\\/\\\/unisale.com.br\\\/novo\\\/o-que-tens-a-ver-conosco\\\/#primaryimage\"},\"thumbnailUrl\":\"https:\\\/\\\/unisale.com.br\\\/pastoral\\\/wp-content\\\/uploads\\\/2021\\\/06\\\/06-30.png\",\"datePublished\":\"2021-06-25T07:00:46+00:00\",\"dateModified\":\"2021-06-25T12:23:16+00:00\",\"author\":{\"@id\":\"https:\\\/\\\/unisale.com.br\\\/pastoral\\\/#\\\/schema\\\/person\\\/a16ba711a0f7dec9cb6b44563144d5a3\"},\"inLanguage\":\"pt-BR\",\"potentialAction\":[{\"@type\":\"ReadAction\",\"target\":[\"https:\\\/\\\/unisale.com.br\\\/novo\\\/o-que-tens-a-ver-conosco\\\/\"]}]},{\"@type\":\"ImageObject\",\"inLanguage\":\"pt-BR\",\"@id\":\"https:\\\/\\\/unisale.com.br\\\/novo\\\/o-que-tens-a-ver-conosco\\\/#primaryimage\",\"url\":\"https:\\\/\\\/unisale.com.br\\\/pastoral\\\/wp-content\\\/uploads\\\/2021\\\/06\\\/06-30.png\",\"contentUrl\":\"https:\\\/\\\/unisale.com.br\\\/pastoral\\\/wp-content\\\/uploads\\\/2021\\\/06\\\/06-30.png\",\"width\":889,\"height\":500},{\"@type\":\"WebSite\",\"@id\":\"https:\\\/\\\/unisale.com.br\\\/pastoral\\\/#website\",\"url\":\"https:\\\/\\\/unisale.com.br\\\/pastoral\\\/\",\"name\":\"Pastoral Universit\u00e1ria UniSALESIANO\",\"description\":\"Site da Pastoral Universit\u00e1ria do UniSALESIANO\",\"potentialAction\":[{\"@type\":\"SearchAction\",\"target\":{\"@type\":\"EntryPoint\",\"urlTemplate\":\"https:\\\/\\\/unisale.com.br\\\/pastoral\\\/?s={search_term_string}\"},\"query-input\":{\"@type\":\"PropertyValueSpecification\",\"valueRequired\":true,\"valueName\":\"search_term_string\"}}],\"inLanguage\":\"pt-BR\"},{\"@type\":\"Person\",\"@id\":\"https:\\\/\\\/unisale.com.br\\\/pastoral\\\/#\\\/schema\\\/person\\\/a16ba711a0f7dec9cb6b44563144d5a3\",\"name\":\"pastoral\",\"url\":\"https:\\\/\\\/unisale.com.br\\\/pastoral\\\/author\\\/pastoral\\\/\"}]}<\/script>\n<!-- \/ Yoast SEO plugin. -->","yoast_head_json":{"title":"30\/06 - O que tens a ver conosco, Filho de Deus? - Pastoral Universit\u00e1ria UniSALESIANO","robots":{"index":"index","follow":"follow","max-snippet":"max-snippet:-1","max-image-preview":"max-image-preview:large","max-video-preview":"max-video-preview:-1"},"canonical":"https:\/\/unisale.com.br\/novo\/o-que-tens-a-ver-conosco\/","og_locale":"pt_BR","og_type":"article","og_title":"30\/06 - O que tens a ver conosco, Filho de Deus? - Pastoral Universit\u00e1ria UniSALESIANO","og_description":"Quarta-feira, 30 de Junho de 2021. &nbsp; Evangelho (Mt 8,28-34) &nbsp; \u201cO que tens a ver conosco, Filho de Deus?\u201d \u00a0 Naquele tempo, 28quando Jesus...","og_url":"https:\/\/unisale.com.br\/novo\/o-que-tens-a-ver-conosco\/","og_site_name":"Pastoral Universit\u00e1ria UniSALESIANO","article_published_time":"2021-06-25T07:00:46+00:00","article_modified_time":"2021-06-25T12:23:16+00:00","og_image":[{"width":1920,"height":1080,"url":"https:\/\/unisale.com.br\/novo\/wp-content\/uploads\/2021\/06\/06-30.png","type":"image\/png"}],"author":"pastoral","twitter_card":"summary_large_image","twitter_misc":{"Escrito por":"pastoral","Est. tempo de leitura":"2 minutos"},"schema":{"@context":"https:\/\/schema.org","@graph":[{"@type":"Article","@id":"https:\/\/unisale.com.br\/novo\/o-que-tens-a-ver-conosco\/#article","isPartOf":{"@id":"https:\/\/unisale.com.br\/novo\/o-que-tens-a-ver-conosco\/"},"author":{"name":"pastoral","@id":"https:\/\/unisale.com.br\/pastoral\/#\/schema\/person\/a16ba711a0f7dec9cb6b44563144d5a3"},"headline":"30\/06 &#8211; O que tens a ver conosco, Filho de Deus?","datePublished":"2021-06-25T07:00:46+00:00","dateModified":"2021-06-25T12:23:16+00:00","mainEntityOfPage":{"@id":"https:\/\/unisale.com.br\/novo\/o-que-tens-a-ver-conosco\/"},"wordCount":484,"image":{"@id":"https:\/\/unisale.com.br\/novo\/o-que-tens-a-ver-conosco\/#primaryimage"},"thumbnailUrl":"https:\/\/unisale.com.br\/pastoral\/wp-content\/uploads\/2021\/06\/06-30.png","articleSection":["Reflex\u00e3o do Evangelho"],"inLanguage":"pt-BR"},{"@type":"WebPage","@id":"https:\/\/unisale.com.br\/novo\/o-que-tens-a-ver-conosco\/","url":"https:\/\/unisale.com.br\/novo\/o-que-tens-a-ver-conosco\/","name":"30\/06 - O que tens a ver conosco, Filho de Deus? - Pastoral Universit\u00e1ria UniSALESIANO","isPartOf":{"@id":"https:\/\/unisale.com.br\/pastoral\/#website"},"primaryImageOfPage":{"@id":"https:\/\/unisale.com.br\/novo\/o-que-tens-a-ver-conosco\/#primaryimage"},"image":{"@id":"https:\/\/unisale.com.br\/novo\/o-que-tens-a-ver-conosco\/#primaryimage"},"thumbnailUrl":"https:\/\/unisale.com.br\/pastoral\/wp-content\/uploads\/2021\/06\/06-30.png","datePublished":"2021-06-25T07:00:46+00:00","dateModified":"2021-06-25T12:23:16+00:00","author":{"@id":"https:\/\/unisale.com.br\/pastoral\/#\/schema\/person\/a16ba711a0f7dec9cb6b44563144d5a3"},"inLanguage":"pt-BR","potentialAction":[{"@type":"ReadAction","target":["https:\/\/unisale.com.br\/novo\/o-que-tens-a-ver-conosco\/"]}]},{"@type":"ImageObject","inLanguage":"pt-BR","@id":"https:\/\/unisale.com.br\/novo\/o-que-tens-a-ver-conosco\/#primaryimage","url":"https:\/\/unisale.com.br\/pastoral\/wp-content\/uploads\/2021\/06\/06-30.png","contentUrl":"https:\/\/unisale.com.br\/pastoral\/wp-content\/uploads\/2021\/06\/06-30.png","width":889,"height":500},{"@type":"WebSite","@id":"https:\/\/unisale.com.br\/pastoral\/#website","url":"https:\/\/unisale.com.br\/pastoral\/","name":"Pastoral Universit\u00e1ria UniSALESIANO","description":"Site da Pastoral Universit\u00e1ria do UniSALESIANO","potentialAction":[{"@type":"SearchAction","target":{"@type":"EntryPoint","urlTemplate":"https:\/\/unisale.com.br\/pastoral\/?s={search_term_string}"},"query-input":{"@type":"PropertyValueSpecification","valueRequired":true,"valueName":"search_term_string"}}],"inLanguage":"pt-BR"},{"@type":"Person","@id":"https:\/\/unisale.com.br\/pastoral\/#\/schema\/person\/a16ba711a0f7dec9cb6b44563144d5a3","name":"pastoral","url":"https:\/\/unisale.com.br\/pastoral\/author\/pastoral\/"}]}},"_links":{"self":[{"href":"https:\/\/unisale.com.br\/pastoral\/wp-json\/wp\/v2\/posts\/2152","targetHints":{"allow":["GET"]}}],"collection":[{"href":"https:\/\/unisale.com.br\/pastoral\/wp-json\/wp\/v2\/posts"}],"about":[{"href":"https:\/\/unisale.com.br\/pastoral\/wp-json\/wp\/v2\/types\/post"}],"author":[{"embeddable":true,"href":"https:\/\/unisale.com.br\/pastoral\/wp-json\/wp\/v2\/users\/1"}],"replies":[{"embeddable":true,"href":"https:\/\/unisale.com.br\/pastoral\/wp-json\/wp\/v2\/comments?post=2152"}],"version-history":[{"count":0,"href":"https:\/\/unisale.com.br\/pastoral\/wp-json\/wp\/v2\/posts\/2152\/revisions"}],"wp:featuredmedia":[{"embeddable":true,"href":"https:\/\/unisale.com.br\/pastoral\/wp-json\/wp\/v2\/media\/2144"}],"wp:attachment":[{"href":"https:\/\/unisale.com.br\/pastoral\/wp-json\/wp\/v2\/media?parent=2152"}],"wp:term":[{"taxonomy":"category","embeddable":true,"href":"https:\/\/unisale.com.br\/pastoral\/wp-json\/wp\/v2\/categories?post=2152"},{"taxonomy":"post_tag","embeddable":true,"href":"https:\/\/unisale.com.br\/pastoral\/wp-json\/wp\/v2\/tags?post=2152"}],"curies":[{"name":"wp","href":"https:\/\/api.w.org\/{rel}","templated":true}]}}