{"id":2154,"date":"2021-06-25T07:05:54","date_gmt":"2021-06-25T07:05:54","guid":{"rendered":"https:\/\/unisale.com.br\/pastoral\/?p=2154"},"modified":"2021-06-23T13:59:39","modified_gmt":"2021-06-23T13:59:39","slug":"levanta-te-pega-a-tua","status":"publish","type":"post","link":"https:\/\/unisale.com.br\/pastoral\/levanta-te-pega-a-tua\/","title":{"rendered":"01\/07 &#8211; Levanta-te, pega a tua cama e vai para a tua casa"},"content":{"rendered":"<p>Quinta-feira, 01 de Julho de 2021.<\/p>\n<p>&nbsp;<\/p>\n<p><strong>Evangelho (Mt 9,1-8)<\/strong><\/p>\n<p><strong>\u00a0<\/strong><\/p>\n<p><strong><em>\u201c&#8230;levanta-te, pega tua cama e vai para tua casa\u201d.<\/em><\/strong><\/p>\n<p><em>\u00a0<\/em><\/p>\n<p>Proclama\u00e7\u00e3o do Evangelho de Jesus Cristo, segundo Mateus \u2013 Naquele tempo, <sup>1<\/sup>entrando em um barco, Jesus atravessou para a outra margem do lago e foi para a sua cidade. <sup>2<\/sup>Apresentaram-lhe, ent\u00e3o, um paral\u00edtico deitado numa cama. Vendo a f\u00e9 que eles tinham, Jesus disse ao paral\u00edtico: \u201cCoragem, filho, os teus pecados est\u00e3o perdoados!\u201d <sup>3<\/sup>Ent\u00e3o, alguns mestres da Lei pensaram: \u201cEsse homem est\u00e1 blasfemando!\u201d <sup>4<\/sup>Mas Jesus, conhecendo os pensamentos deles, disse: \u201cPor que tendes esses maus pensamentos em vossos cora\u00e7\u00f5es? <sup>5<\/sup>O que \u00e9 mais f\u00e1cil, dizer: \u2018Os teus pecados est\u00e3o perdoados\u2019, ou dizer: \u2018Levanta-te e anda\u2019? <sup>6<\/sup>Pois bem, para que saibais que o Filho do Homem tem na terra poder para perdoar pecados\u201d \u2013 disse, ent\u00e3o, ao paral\u00edtico -, \u201clevanta-te, pega a tua cama e vai para a tua casa\u201d. <sup>7<\/sup>O paral\u00edtico, ent\u00e3o, se levantou e foi para a sua casa. <sup>8<\/sup>Vendo isso, a multid\u00e3o ficou com medo e glorificou a Deus, por ter dado tal poder aos homens.<\/p>\n<p>&nbsp;<\/p>\n<p><strong>Reflex\u00e3o<\/strong><\/p>\n<p><strong>\u00a0<\/strong><\/p>\n<p>O termo dominante do evangelho de hoje \u00e9 a f\u00e9. A f\u00e9 sofrida que se fortifica com a prova, como um atleta que precisa de passar por dificuldades crescentes, para se aperfei\u00e7oar na for\u00e7a e na destreza. A f\u00e9 em Cristo \u00e9 a \u00fanica salva\u00e7\u00e3o total e definitiva para o homem. O encontro com Cristo, da parte de quem est\u00e1 desfigurado, \u00e9 o \u00fanico modo de readquirir a identidade em plenitude.<\/p>\n<p>O encontro com a miseric\u00f3rdia passa atrav\u00e9s dos homens, o cora\u00e7\u00e3o de Jesus \u00e9 paterno e \u00e9 sempre sens\u00edvel a todo gesto de bondade e compaix\u00e3o. As pessoas carregam o paral\u00edtico e o levam at\u00e9 Jesus. A comunidade eclesial, por meio dos ap\u00f3stolos, recebe o poder sacramental de restituir a sa\u00fade espiritual do homem mediante a reconcilia\u00e7\u00e3o. S\u00f3 Deus tem o poder de perdoar os pecados: \u201clevanta-te, pega a tua cama e vai para tua casa\u201d. Mas, porque Jesus cura primeiro a alma e depois o corpo? Certamente, Jesus que \u00e9 conhecedor do profundo daquele homem, sabe que este paral\u00edtico se sente talvez indigno de recorrer ao Filho Santo de Deus, indigno at\u00e9 de se aproximar do Santo dos Santos. Mas a humildade do homem e tamb\u00e9m a humildade daqueles que o transportaram, comoveu o cora\u00e7\u00e3o de Jesus e, por isso, curou o paral\u00edtico na alma e no corpo. \u00c9 preciso que tamb\u00e9m n\u00f3s nos sintamos pecadores para n\u00e3o sermos exclu\u00eddos da gra\u00e7a. Jesus tamb\u00e9m quer nos curar, Ele quer que tenhamos a vida em plenitude.<\/p>\n<p>&nbsp;<\/p>\n<p><strong>Pe. Paulo Eduardo J\u00e1como, sdb.<\/strong><\/p>\n","protected":false},"excerpt":{"rendered":"<p>Quinta-feira, 01 de Julho de 2021. &nbsp; Evangelho (Mt 9,1-8) \u00a0 \u201c&#8230;levanta-te, pega tua cama e vai para tua casa\u201d. \u00a0 Proclama\u00e7\u00e3o do Evangelho de&#8230;<\/p>\n","protected":false},"author":1,"featured_media":2145,"comment_status":"closed","ping_status":"closed","sticky":false,"template":"","format":"standard","meta":{"_acf_changed":false,"footnotes":""},"categories":[13],"tags":[],"class_list":["post-2154","post","type-post","status-publish","format-standard","has-post-thumbnail","hentry","category-reflexaodoevagelho"],"acf":[],"yoast_head":"<!-- This site is optimized with the Yoast SEO plugin v27.3 - https:\/\/yoast.com\/product\/yoast-seo-wordpress\/ -->\n<title>01\/07 - Levanta-te, pega a tua cama e vai para a tua casa - Pastoral Universit\u00e1ria UniSALESIANO<\/title>\n<meta name=\"robots\" content=\"index, follow, max-snippet:-1, max-image-preview:large, max-video-preview:-1\" \/>\n<link rel=\"canonical\" href=\"https:\/\/unisale.com.br\/novo\/levanta-te-pega-a-tua\/\" \/>\n<meta property=\"og:locale\" content=\"pt_BR\" \/>\n<meta property=\"og:type\" content=\"article\" \/>\n<meta property=\"og:title\" content=\"01\/07 - Levanta-te, pega a tua cama e vai para a tua casa - Pastoral Universit\u00e1ria UniSALESIANO\" \/>\n<meta property=\"og:description\" content=\"Quinta-feira, 01 de Julho de 2021. &nbsp; Evangelho (Mt 9,1-8) \u00a0 \u201c&#8230;levanta-te, pega tua cama e vai para tua casa\u201d. \u00a0 Proclama\u00e7\u00e3o do Evangelho de...\" \/>\n<meta property=\"og:url\" content=\"https:\/\/unisale.com.br\/novo\/levanta-te-pega-a-tua\/\" \/>\n<meta property=\"og:site_name\" content=\"Pastoral Universit\u00e1ria UniSALESIANO\" \/>\n<meta property=\"article:published_time\" content=\"2021-06-25T07:05:54+00:00\" \/>\n<meta property=\"og:image\" content=\"https:\/\/unisale.com.br\/novo\/wp-content\/uploads\/2021\/06\/07-01-1024x576.png\" \/>\n\t<meta property=\"og:image:width\" content=\"1024\" \/>\n\t<meta property=\"og:image:height\" content=\"576\" \/>\n\t<meta property=\"og:image:type\" content=\"image\/png\" \/>\n<meta name=\"author\" content=\"pastoral\" \/>\n<meta name=\"twitter:card\" content=\"summary_large_image\" \/>\n<meta name=\"twitter:label1\" content=\"Escrito por\" \/>\n\t<meta name=\"twitter:data1\" content=\"pastoral\" \/>\n\t<meta name=\"twitter:label2\" content=\"Est. tempo de leitura\" \/>\n\t<meta name=\"twitter:data2\" content=\"2 minutos\" \/>\n<script type=\"application\/ld+json\" class=\"yoast-schema-graph\">{\"@context\":\"https:\\\/\\\/schema.org\",\"@graph\":[{\"@type\":\"Article\",\"@id\":\"https:\\\/\\\/unisale.com.br\\\/novo\\\/levanta-te-pega-a-tua\\\/#article\",\"isPartOf\":{\"@id\":\"https:\\\/\\\/unisale.com.br\\\/novo\\\/levanta-te-pega-a-tua\\\/\"},\"author\":{\"name\":\"pastoral\",\"@id\":\"https:\\\/\\\/unisale.com.br\\\/pastoral\\\/#\\\/schema\\\/person\\\/a16ba711a0f7dec9cb6b44563144d5a3\"},\"headline\":\"01\\\/07 &#8211; Levanta-te, pega a tua cama e vai para a tua casa\",\"datePublished\":\"2021-06-25T07:05:54+00:00\",\"mainEntityOfPage\":{\"@id\":\"https:\\\/\\\/unisale.com.br\\\/novo\\\/levanta-te-pega-a-tua\\\/\"},\"wordCount\":470,\"image\":{\"@id\":\"https:\\\/\\\/unisale.com.br\\\/novo\\\/levanta-te-pega-a-tua\\\/#primaryimage\"},\"thumbnailUrl\":\"https:\\\/\\\/unisale.com.br\\\/pastoral\\\/wp-content\\\/uploads\\\/2021\\\/06\\\/07-01.png\",\"articleSection\":[\"Reflex\u00e3o do Evangelho\"],\"inLanguage\":\"pt-BR\"},{\"@type\":\"WebPage\",\"@id\":\"https:\\\/\\\/unisale.com.br\\\/novo\\\/levanta-te-pega-a-tua\\\/\",\"url\":\"https:\\\/\\\/unisale.com.br\\\/novo\\\/levanta-te-pega-a-tua\\\/\",\"name\":\"01\\\/07 - Levanta-te, pega a tua cama e vai para a tua casa - Pastoral Universit\u00e1ria UniSALESIANO\",\"isPartOf\":{\"@id\":\"https:\\\/\\\/unisale.com.br\\\/pastoral\\\/#website\"},\"primaryImageOfPage\":{\"@id\":\"https:\\\/\\\/unisale.com.br\\\/novo\\\/levanta-te-pega-a-tua\\\/#primaryimage\"},\"image\":{\"@id\":\"https:\\\/\\\/unisale.com.br\\\/novo\\\/levanta-te-pega-a-tua\\\/#primaryimage\"},\"thumbnailUrl\":\"https:\\\/\\\/unisale.com.br\\\/pastoral\\\/wp-content\\\/uploads\\\/2021\\\/06\\\/07-01.png\",\"datePublished\":\"2021-06-25T07:05:54+00:00\",\"author\":{\"@id\":\"https:\\\/\\\/unisale.com.br\\\/pastoral\\\/#\\\/schema\\\/person\\\/a16ba711a0f7dec9cb6b44563144d5a3\"},\"inLanguage\":\"pt-BR\",\"potentialAction\":[{\"@type\":\"ReadAction\",\"target\":[\"https:\\\/\\\/unisale.com.br\\\/novo\\\/levanta-te-pega-a-tua\\\/\"]}]},{\"@type\":\"ImageObject\",\"inLanguage\":\"pt-BR\",\"@id\":\"https:\\\/\\\/unisale.com.br\\\/novo\\\/levanta-te-pega-a-tua\\\/#primaryimage\",\"url\":\"https:\\\/\\\/unisale.com.br\\\/pastoral\\\/wp-content\\\/uploads\\\/2021\\\/06\\\/07-01.png\",\"contentUrl\":\"https:\\\/\\\/unisale.com.br\\\/pastoral\\\/wp-content\\\/uploads\\\/2021\\\/06\\\/07-01.png\",\"width\":889,\"height\":500},{\"@type\":\"WebSite\",\"@id\":\"https:\\\/\\\/unisale.com.br\\\/pastoral\\\/#website\",\"url\":\"https:\\\/\\\/unisale.com.br\\\/pastoral\\\/\",\"name\":\"Pastoral Universit\u00e1ria UniSALESIANO\",\"description\":\"Site da Pastoral Universit\u00e1ria do UniSALESIANO\",\"potentialAction\":[{\"@type\":\"SearchAction\",\"target\":{\"@type\":\"EntryPoint\",\"urlTemplate\":\"https:\\\/\\\/unisale.com.br\\\/pastoral\\\/?s={search_term_string}\"},\"query-input\":{\"@type\":\"PropertyValueSpecification\",\"valueRequired\":true,\"valueName\":\"search_term_string\"}}],\"inLanguage\":\"pt-BR\"},{\"@type\":\"Person\",\"@id\":\"https:\\\/\\\/unisale.com.br\\\/pastoral\\\/#\\\/schema\\\/person\\\/a16ba711a0f7dec9cb6b44563144d5a3\",\"name\":\"pastoral\",\"url\":\"https:\\\/\\\/unisale.com.br\\\/pastoral\\\/author\\\/pastoral\\\/\"}]}<\/script>\n<!-- \/ Yoast SEO plugin. -->","yoast_head_json":{"title":"01\/07 - Levanta-te, pega a tua cama e vai para a tua casa - Pastoral Universit\u00e1ria UniSALESIANO","robots":{"index":"index","follow":"follow","max-snippet":"max-snippet:-1","max-image-preview":"max-image-preview:large","max-video-preview":"max-video-preview:-1"},"canonical":"https:\/\/unisale.com.br\/novo\/levanta-te-pega-a-tua\/","og_locale":"pt_BR","og_type":"article","og_title":"01\/07 - Levanta-te, pega a tua cama e vai para a tua casa - Pastoral Universit\u00e1ria UniSALESIANO","og_description":"Quinta-feira, 01 de Julho de 2021. &nbsp; Evangelho (Mt 9,1-8) \u00a0 \u201c&#8230;levanta-te, pega tua cama e vai para tua casa\u201d. \u00a0 Proclama\u00e7\u00e3o do Evangelho de...","og_url":"https:\/\/unisale.com.br\/novo\/levanta-te-pega-a-tua\/","og_site_name":"Pastoral Universit\u00e1ria UniSALESIANO","article_published_time":"2021-06-25T07:05:54+00:00","og_image":[{"width":1024,"height":576,"url":"https:\/\/unisale.com.br\/novo\/wp-content\/uploads\/2021\/06\/07-01-1024x576.png","type":"image\/png"}],"author":"pastoral","twitter_card":"summary_large_image","twitter_misc":{"Escrito por":"pastoral","Est. tempo de leitura":"2 minutos"},"schema":{"@context":"https:\/\/schema.org","@graph":[{"@type":"Article","@id":"https:\/\/unisale.com.br\/novo\/levanta-te-pega-a-tua\/#article","isPartOf":{"@id":"https:\/\/unisale.com.br\/novo\/levanta-te-pega-a-tua\/"},"author":{"name":"pastoral","@id":"https:\/\/unisale.com.br\/pastoral\/#\/schema\/person\/a16ba711a0f7dec9cb6b44563144d5a3"},"headline":"01\/07 &#8211; Levanta-te, pega a tua cama e vai para a tua casa","datePublished":"2021-06-25T07:05:54+00:00","mainEntityOfPage":{"@id":"https:\/\/unisale.com.br\/novo\/levanta-te-pega-a-tua\/"},"wordCount":470,"image":{"@id":"https:\/\/unisale.com.br\/novo\/levanta-te-pega-a-tua\/#primaryimage"},"thumbnailUrl":"https:\/\/unisale.com.br\/pastoral\/wp-content\/uploads\/2021\/06\/07-01.png","articleSection":["Reflex\u00e3o do Evangelho"],"inLanguage":"pt-BR"},{"@type":"WebPage","@id":"https:\/\/unisale.com.br\/novo\/levanta-te-pega-a-tua\/","url":"https:\/\/unisale.com.br\/novo\/levanta-te-pega-a-tua\/","name":"01\/07 - Levanta-te, pega a tua cama e vai para a tua casa - Pastoral Universit\u00e1ria UniSALESIANO","isPartOf":{"@id":"https:\/\/unisale.com.br\/pastoral\/#website"},"primaryImageOfPage":{"@id":"https:\/\/unisale.com.br\/novo\/levanta-te-pega-a-tua\/#primaryimage"},"image":{"@id":"https:\/\/unisale.com.br\/novo\/levanta-te-pega-a-tua\/#primaryimage"},"thumbnailUrl":"https:\/\/unisale.com.br\/pastoral\/wp-content\/uploads\/2021\/06\/07-01.png","datePublished":"2021-06-25T07:05:54+00:00","author":{"@id":"https:\/\/unisale.com.br\/pastoral\/#\/schema\/person\/a16ba711a0f7dec9cb6b44563144d5a3"},"inLanguage":"pt-BR","potentialAction":[{"@type":"ReadAction","target":["https:\/\/unisale.com.br\/novo\/levanta-te-pega-a-tua\/"]}]},{"@type":"ImageObject","inLanguage":"pt-BR","@id":"https:\/\/unisale.com.br\/novo\/levanta-te-pega-a-tua\/#primaryimage","url":"https:\/\/unisale.com.br\/pastoral\/wp-content\/uploads\/2021\/06\/07-01.png","contentUrl":"https:\/\/unisale.com.br\/pastoral\/wp-content\/uploads\/2021\/06\/07-01.png","width":889,"height":500},{"@type":"WebSite","@id":"https:\/\/unisale.com.br\/pastoral\/#website","url":"https:\/\/unisale.com.br\/pastoral\/","name":"Pastoral Universit\u00e1ria UniSALESIANO","description":"Site da Pastoral Universit\u00e1ria do UniSALESIANO","potentialAction":[{"@type":"SearchAction","target":{"@type":"EntryPoint","urlTemplate":"https:\/\/unisale.com.br\/pastoral\/?s={search_term_string}"},"query-input":{"@type":"PropertyValueSpecification","valueRequired":true,"valueName":"search_term_string"}}],"inLanguage":"pt-BR"},{"@type":"Person","@id":"https:\/\/unisale.com.br\/pastoral\/#\/schema\/person\/a16ba711a0f7dec9cb6b44563144d5a3","name":"pastoral","url":"https:\/\/unisale.com.br\/pastoral\/author\/pastoral\/"}]}},"_links":{"self":[{"href":"https:\/\/unisale.com.br\/pastoral\/wp-json\/wp\/v2\/posts\/2154","targetHints":{"allow":["GET"]}}],"collection":[{"href":"https:\/\/unisale.com.br\/pastoral\/wp-json\/wp\/v2\/posts"}],"about":[{"href":"https:\/\/unisale.com.br\/pastoral\/wp-json\/wp\/v2\/types\/post"}],"author":[{"embeddable":true,"href":"https:\/\/unisale.com.br\/pastoral\/wp-json\/wp\/v2\/users\/1"}],"replies":[{"embeddable":true,"href":"https:\/\/unisale.com.br\/pastoral\/wp-json\/wp\/v2\/comments?post=2154"}],"version-history":[{"count":0,"href":"https:\/\/unisale.com.br\/pastoral\/wp-json\/wp\/v2\/posts\/2154\/revisions"}],"wp:featuredmedia":[{"embeddable":true,"href":"https:\/\/unisale.com.br\/pastoral\/wp-json\/wp\/v2\/media\/2145"}],"wp:attachment":[{"href":"https:\/\/unisale.com.br\/pastoral\/wp-json\/wp\/v2\/media?parent=2154"}],"wp:term":[{"taxonomy":"category","embeddable":true,"href":"https:\/\/unisale.com.br\/pastoral\/wp-json\/wp\/v2\/categories?post=2154"},{"taxonomy":"post_tag","embeddable":true,"href":"https:\/\/unisale.com.br\/pastoral\/wp-json\/wp\/v2\/tags?post=2154"}],"curies":[{"name":"wp","href":"https:\/\/api.w.org\/{rel}","templated":true}]}}