{"id":2447,"date":"2021-07-07T11:03:53","date_gmt":"2021-07-07T11:03:53","guid":{"rendered":"https:\/\/www.unisalesiano.com.br\/pastoral\/?p=2447"},"modified":"2021-07-07T11:03:53","modified_gmt":"2021-07-07T11:03:53","slug":"pois-todo-aquele","status":"publish","type":"post","link":"https:\/\/unisale.com.br\/pastoral\/pois-todo-aquele\/","title":{"rendered":"16\/07 &#8211; Pois todo aquele que faz a vontade do meu Pai, que est\u00e1 nos c\u00e9us, esse \u00e9 meu irm\u00e3o, minha irm\u00e3 e minha m\u00e3e"},"content":{"rendered":"<p>Sexta-feira, 16 de julho de 2021.<\/p>\n<p>&nbsp;<\/p>\n<p>Evangelho (Mt 12,46-50)<\/p>\n<p>&nbsp;<\/p>\n<p><strong>\u201cPois todo aquele que faz a vontade do meu Pai, que est\u00e1 nos c\u00e9us, esse \u00e9 meu irm\u00e3o, minha irm\u00e3 e minha m\u00e3e\u201d<\/strong><\/p>\n<p>&nbsp;<\/p>\n<p>Naquele tempo, <sup>46<\/sup>enquanto Jesus estava falando \u00e0s multid\u00f5es, sua m\u00e3e e seus irm\u00e3os ficaram do lado de fora, procurando falar com ele. <sup>47<\/sup>Algu\u00e9m disse a Jesus: \u201cOlha! Tua m\u00e3e e teus irm\u00e3os est\u00e3o a\u00ed fora, e querem falar contigo\u201d. <sup>48<\/sup>Jesus perguntou \u00e0quele que tinha falado: \u201cQuem \u00e9 minha m\u00e3e, e quem s\u00e3o meus irm\u00e3os?\u201d <sup>49<\/sup>E, estendendo a m\u00e3o para os disc\u00edpulos, Jesus disse: \u201cEis minha m\u00e3e e meus irm\u00e3os. <sup>50<\/sup>Pois todo aquele que faz a vontade de meu Pai, que est\u00e1 nos c\u00e9us, esse \u00e9 meu irm\u00e3o, minha irm\u00e3 e minha m\u00e3e\u201d.<\/p>\n<p>&nbsp;<\/p>\n<p><strong>Reflex\u00e3o<\/strong><\/p>\n<p>&nbsp;<\/p>\n<p>\u00c0 primeira vista, quando ouvimos este evangelho, parece que Jesus desprezou a sua fam\u00edlia de sangue, mas n\u00f3s abemos que isso n\u00e3o \u00e9 verdade. Ali\u00e1s, no seu momento de cruz, Jesus pensou em sua m\u00e3e e a confiou ao seu disc\u00edpulo Jo\u00e3o: \u201cEis a tua m\u00e3e\u201d; e tamb\u00e9m confiou o seu disc\u00edpulo \u00e0 Sua M\u00e3e: \u201cM\u00e3e, eis o teu filho\u201d. O importante a ser destacada neste evangelho \u00e9 que Jesus reconhece que seus irm\u00e3os, ou seja, sua fam\u00edlia, \u00e9 muito maior do que aqueles que estavam ligados a Ele pelos la\u00e7os sangu\u00edneos. Ele revela que s\u00e3o parte de sua fam\u00edlia \u201ctodo aquele que faz a vontade do Pai\u201d. Se n\u00f3s queremos ter um relacionamento \u00edntimo com Jesus, \u201cfa\u00e7amos a vontade do Pai\u201d. A afinidade que Jesus quer ter conosco \u00e9 de cunho espiritual. No relacionamento espiritual o v\u00ednculo de afinidade \u00e9 muito maior do que o de parentesco.<\/p>\n<p>Hoje celebramos N. Sra. Do Carmo, devo\u00e7\u00e3o difundida pela Ordem Contemplativa dos Carmelitas. Esta devo\u00e7\u00e3o nos faz encontrar em Maria o modelo de Ora\u00e7\u00e3o, de contempla\u00e7\u00e3o e de dedica\u00e7\u00e3o a Deus. \u201cMaria, por primeiro e de modo insuper\u00e1vel, acreditou e experimentou que Jesus, Verbo encarnado, \u00e9 o \u00e1pice, o v\u00e9rtice do encontro do homem com Deus. Acolhendo de maneira plena a sua Palavra, Ela \u201cchegou felizmente ao santo monte\u201d e vive para sempre, de alma e corpo, com o Senhor (Papa Bento XVI). Confiemos na intercess\u00e3o da Rainha do Monte Carmelo, que Ela nos ajude a encontrar Deus no sil\u00eancio da nossa ora\u00e7\u00e3o.<\/p>\n<p>&nbsp;<\/p>\n<p><strong>Pe. Paulo Eduardo J\u00e1como, sdb.<\/strong><\/p>\n<p>&nbsp;<\/p>\n","protected":false},"excerpt":{"rendered":"<p>Sexta-feira, 16 de julho de 2021. &nbsp; Evangelho (Mt 12,46-50) &nbsp; \u201cPois todo aquele que faz a vontade do meu Pai, que est\u00e1 nos c\u00e9us,&#8230;<\/p>\n","protected":false},"author":6,"featured_media":2414,"comment_status":"closed","ping_status":"closed","sticky":false,"template":"","format":"standard","meta":{"_acf_changed":false,"footnotes":""},"categories":[13],"tags":[],"class_list":["post-2447","post","type-post","status-publish","format-standard","has-post-thumbnail","hentry","category-reflexaodoevagelho"],"acf":[],"yoast_head":"<!-- This site is optimized with the Yoast SEO plugin v27.3 - https:\/\/yoast.com\/product\/yoast-seo-wordpress\/ -->\n<title>16\/07 - Pois todo aquele que faz a vontade do meu Pai, que est\u00e1 nos c\u00e9us, esse \u00e9 meu irm\u00e3o, minha irm\u00e3 e minha m\u00e3e - Pastoral Universit\u00e1ria UniSALESIANO<\/title>\n<meta name=\"robots\" content=\"index, follow, max-snippet:-1, max-image-preview:large, max-video-preview:-1\" \/>\n<link rel=\"canonical\" href=\"https:\/\/unisale.com.br\/novo\/pois-todo-aquele\/\" \/>\n<meta property=\"og:locale\" content=\"pt_BR\" \/>\n<meta property=\"og:type\" content=\"article\" \/>\n<meta property=\"og:title\" content=\"16\/07 - Pois todo aquele que faz a vontade do meu Pai, que est\u00e1 nos c\u00e9us, esse \u00e9 meu irm\u00e3o, minha irm\u00e3 e minha m\u00e3e - Pastoral Universit\u00e1ria UniSALESIANO\" \/>\n<meta property=\"og:description\" content=\"Sexta-feira, 16 de julho de 2021. &nbsp; Evangelho (Mt 12,46-50) &nbsp; \u201cPois todo aquele que faz a vontade do meu Pai, que est\u00e1 nos c\u00e9us,...\" \/>\n<meta property=\"og:url\" content=\"https:\/\/unisale.com.br\/novo\/pois-todo-aquele\/\" \/>\n<meta property=\"og:site_name\" content=\"Pastoral Universit\u00e1ria UniSALESIANO\" \/>\n<meta property=\"article:published_time\" content=\"2021-07-07T11:03:53+00:00\" \/>\n<meta property=\"og:image\" content=\"https:\/\/unisale.com.br\/novo\/wp-content\/uploads\/2021\/07\/Ev-dia-16.07.21.jpeg\" \/>\n\t<meta property=\"og:image:width\" content=\"1000\" \/>\n\t<meta property=\"og:image:height\" content=\"563\" \/>\n\t<meta property=\"og:image:type\" content=\"image\/jpeg\" \/>\n<meta name=\"author\" content=\"Luiz Alexandre Marinho Lanzoni\" \/>\n<meta name=\"twitter:card\" content=\"summary_large_image\" \/>\n<meta name=\"twitter:label1\" content=\"Escrito por\" \/>\n\t<meta name=\"twitter:data1\" content=\"Luiz Alexandre Marinho Lanzoni\" \/>\n\t<meta name=\"twitter:label2\" content=\"Est. tempo de leitura\" \/>\n\t<meta name=\"twitter:data2\" content=\"2 minutos\" \/>\n<script type=\"application\/ld+json\" class=\"yoast-schema-graph\">{\"@context\":\"https:\\\/\\\/schema.org\",\"@graph\":[{\"@type\":\"Article\",\"@id\":\"https:\\\/\\\/unisale.com.br\\\/novo\\\/pois-todo-aquele\\\/#article\",\"isPartOf\":{\"@id\":\"https:\\\/\\\/unisale.com.br\\\/novo\\\/pois-todo-aquele\\\/\"},\"author\":{\"name\":\"Luiz Alexandre Marinho Lanzoni\",\"@id\":\"https:\\\/\\\/unisale.com.br\\\/pastoral\\\/#\\\/schema\\\/person\\\/492d3d7bfe53a8302576d39485aff2c4\"},\"headline\":\"16\\\/07 &#8211; Pois todo aquele que faz a vontade do meu Pai, que est\u00e1 nos c\u00e9us, esse \u00e9 meu irm\u00e3o, minha irm\u00e3 e minha m\u00e3e\",\"datePublished\":\"2021-07-07T11:03:53+00:00\",\"mainEntityOfPage\":{\"@id\":\"https:\\\/\\\/unisale.com.br\\\/novo\\\/pois-todo-aquele\\\/\"},\"wordCount\":454,\"image\":{\"@id\":\"https:\\\/\\\/unisale.com.br\\\/novo\\\/pois-todo-aquele\\\/#primaryimage\"},\"thumbnailUrl\":\"https:\\\/\\\/unisale.com.br\\\/pastoral\\\/wp-content\\\/uploads\\\/2021\\\/07\\\/Ev-dia-16.07.21.jpeg\",\"articleSection\":[\"Reflex\u00e3o do Evangelho\"],\"inLanguage\":\"pt-BR\"},{\"@type\":\"WebPage\",\"@id\":\"https:\\\/\\\/unisale.com.br\\\/novo\\\/pois-todo-aquele\\\/\",\"url\":\"https:\\\/\\\/unisale.com.br\\\/novo\\\/pois-todo-aquele\\\/\",\"name\":\"16\\\/07 - Pois todo aquele que faz a vontade do meu Pai, que est\u00e1 nos c\u00e9us, esse \u00e9 meu irm\u00e3o, minha irm\u00e3 e minha m\u00e3e - Pastoral Universit\u00e1ria UniSALESIANO\",\"isPartOf\":{\"@id\":\"https:\\\/\\\/unisale.com.br\\\/pastoral\\\/#website\"},\"primaryImageOfPage\":{\"@id\":\"https:\\\/\\\/unisale.com.br\\\/novo\\\/pois-todo-aquele\\\/#primaryimage\"},\"image\":{\"@id\":\"https:\\\/\\\/unisale.com.br\\\/novo\\\/pois-todo-aquele\\\/#primaryimage\"},\"thumbnailUrl\":\"https:\\\/\\\/unisale.com.br\\\/pastoral\\\/wp-content\\\/uploads\\\/2021\\\/07\\\/Ev-dia-16.07.21.jpeg\",\"datePublished\":\"2021-07-07T11:03:53+00:00\",\"author\":{\"@id\":\"https:\\\/\\\/unisale.com.br\\\/pastoral\\\/#\\\/schema\\\/person\\\/492d3d7bfe53a8302576d39485aff2c4\"},\"inLanguage\":\"pt-BR\",\"potentialAction\":[{\"@type\":\"ReadAction\",\"target\":[\"https:\\\/\\\/unisale.com.br\\\/novo\\\/pois-todo-aquele\\\/\"]}]},{\"@type\":\"ImageObject\",\"inLanguage\":\"pt-BR\",\"@id\":\"https:\\\/\\\/unisale.com.br\\\/novo\\\/pois-todo-aquele\\\/#primaryimage\",\"url\":\"https:\\\/\\\/unisale.com.br\\\/pastoral\\\/wp-content\\\/uploads\\\/2021\\\/07\\\/Ev-dia-16.07.21.jpeg\",\"contentUrl\":\"https:\\\/\\\/unisale.com.br\\\/pastoral\\\/wp-content\\\/uploads\\\/2021\\\/07\\\/Ev-dia-16.07.21.jpeg\",\"width\":888,\"height\":500},{\"@type\":\"WebSite\",\"@id\":\"https:\\\/\\\/unisale.com.br\\\/pastoral\\\/#website\",\"url\":\"https:\\\/\\\/unisale.com.br\\\/pastoral\\\/\",\"name\":\"Pastoral Universit\u00e1ria UniSALESIANO\",\"description\":\"Site da Pastoral Universit\u00e1ria do UniSALESIANO\",\"potentialAction\":[{\"@type\":\"SearchAction\",\"target\":{\"@type\":\"EntryPoint\",\"urlTemplate\":\"https:\\\/\\\/unisale.com.br\\\/pastoral\\\/?s={search_term_string}\"},\"query-input\":{\"@type\":\"PropertyValueSpecification\",\"valueRequired\":true,\"valueName\":\"search_term_string\"}}],\"inLanguage\":\"pt-BR\"},{\"@type\":\"Person\",\"@id\":\"https:\\\/\\\/unisale.com.br\\\/pastoral\\\/#\\\/schema\\\/person\\\/492d3d7bfe53a8302576d39485aff2c4\",\"name\":\"Luiz Alexandre Marinho Lanzoni\",\"url\":\"https:\\\/\\\/unisale.com.br\\\/pastoral\\\/author\\\/luiz\\\/\"}]}<\/script>\n<!-- \/ Yoast SEO plugin. -->","yoast_head_json":{"title":"16\/07 - Pois todo aquele que faz a vontade do meu Pai, que est\u00e1 nos c\u00e9us, esse \u00e9 meu irm\u00e3o, minha irm\u00e3 e minha m\u00e3e - Pastoral Universit\u00e1ria UniSALESIANO","robots":{"index":"index","follow":"follow","max-snippet":"max-snippet:-1","max-image-preview":"max-image-preview:large","max-video-preview":"max-video-preview:-1"},"canonical":"https:\/\/unisale.com.br\/novo\/pois-todo-aquele\/","og_locale":"pt_BR","og_type":"article","og_title":"16\/07 - Pois todo aquele que faz a vontade do meu Pai, que est\u00e1 nos c\u00e9us, esse \u00e9 meu irm\u00e3o, minha irm\u00e3 e minha m\u00e3e - Pastoral Universit\u00e1ria UniSALESIANO","og_description":"Sexta-feira, 16 de julho de 2021. &nbsp; Evangelho (Mt 12,46-50) &nbsp; \u201cPois todo aquele que faz a vontade do meu Pai, que est\u00e1 nos c\u00e9us,...","og_url":"https:\/\/unisale.com.br\/novo\/pois-todo-aquele\/","og_site_name":"Pastoral Universit\u00e1ria UniSALESIANO","article_published_time":"2021-07-07T11:03:53+00:00","og_image":[{"width":1000,"height":563,"url":"https:\/\/unisale.com.br\/novo\/wp-content\/uploads\/2021\/07\/Ev-dia-16.07.21.jpeg","type":"image\/jpeg"}],"author":"Luiz Alexandre Marinho Lanzoni","twitter_card":"summary_large_image","twitter_misc":{"Escrito por":"Luiz Alexandre Marinho Lanzoni","Est. tempo de leitura":"2 minutos"},"schema":{"@context":"https:\/\/schema.org","@graph":[{"@type":"Article","@id":"https:\/\/unisale.com.br\/novo\/pois-todo-aquele\/#article","isPartOf":{"@id":"https:\/\/unisale.com.br\/novo\/pois-todo-aquele\/"},"author":{"name":"Luiz Alexandre Marinho Lanzoni","@id":"https:\/\/unisale.com.br\/pastoral\/#\/schema\/person\/492d3d7bfe53a8302576d39485aff2c4"},"headline":"16\/07 &#8211; Pois todo aquele que faz a vontade do meu Pai, que est\u00e1 nos c\u00e9us, esse \u00e9 meu irm\u00e3o, minha irm\u00e3 e minha m\u00e3e","datePublished":"2021-07-07T11:03:53+00:00","mainEntityOfPage":{"@id":"https:\/\/unisale.com.br\/novo\/pois-todo-aquele\/"},"wordCount":454,"image":{"@id":"https:\/\/unisale.com.br\/novo\/pois-todo-aquele\/#primaryimage"},"thumbnailUrl":"https:\/\/unisale.com.br\/pastoral\/wp-content\/uploads\/2021\/07\/Ev-dia-16.07.21.jpeg","articleSection":["Reflex\u00e3o do Evangelho"],"inLanguage":"pt-BR"},{"@type":"WebPage","@id":"https:\/\/unisale.com.br\/novo\/pois-todo-aquele\/","url":"https:\/\/unisale.com.br\/novo\/pois-todo-aquele\/","name":"16\/07 - Pois todo aquele que faz a vontade do meu Pai, que est\u00e1 nos c\u00e9us, esse \u00e9 meu irm\u00e3o, minha irm\u00e3 e minha m\u00e3e - Pastoral Universit\u00e1ria UniSALESIANO","isPartOf":{"@id":"https:\/\/unisale.com.br\/pastoral\/#website"},"primaryImageOfPage":{"@id":"https:\/\/unisale.com.br\/novo\/pois-todo-aquele\/#primaryimage"},"image":{"@id":"https:\/\/unisale.com.br\/novo\/pois-todo-aquele\/#primaryimage"},"thumbnailUrl":"https:\/\/unisale.com.br\/pastoral\/wp-content\/uploads\/2021\/07\/Ev-dia-16.07.21.jpeg","datePublished":"2021-07-07T11:03:53+00:00","author":{"@id":"https:\/\/unisale.com.br\/pastoral\/#\/schema\/person\/492d3d7bfe53a8302576d39485aff2c4"},"inLanguage":"pt-BR","potentialAction":[{"@type":"ReadAction","target":["https:\/\/unisale.com.br\/novo\/pois-todo-aquele\/"]}]},{"@type":"ImageObject","inLanguage":"pt-BR","@id":"https:\/\/unisale.com.br\/novo\/pois-todo-aquele\/#primaryimage","url":"https:\/\/unisale.com.br\/pastoral\/wp-content\/uploads\/2021\/07\/Ev-dia-16.07.21.jpeg","contentUrl":"https:\/\/unisale.com.br\/pastoral\/wp-content\/uploads\/2021\/07\/Ev-dia-16.07.21.jpeg","width":888,"height":500},{"@type":"WebSite","@id":"https:\/\/unisale.com.br\/pastoral\/#website","url":"https:\/\/unisale.com.br\/pastoral\/","name":"Pastoral Universit\u00e1ria UniSALESIANO","description":"Site da Pastoral Universit\u00e1ria do UniSALESIANO","potentialAction":[{"@type":"SearchAction","target":{"@type":"EntryPoint","urlTemplate":"https:\/\/unisale.com.br\/pastoral\/?s={search_term_string}"},"query-input":{"@type":"PropertyValueSpecification","valueRequired":true,"valueName":"search_term_string"}}],"inLanguage":"pt-BR"},{"@type":"Person","@id":"https:\/\/unisale.com.br\/pastoral\/#\/schema\/person\/492d3d7bfe53a8302576d39485aff2c4","name":"Luiz Alexandre Marinho Lanzoni","url":"https:\/\/unisale.com.br\/pastoral\/author\/luiz\/"}]}},"_links":{"self":[{"href":"https:\/\/unisale.com.br\/pastoral\/wp-json\/wp\/v2\/posts\/2447","targetHints":{"allow":["GET"]}}],"collection":[{"href":"https:\/\/unisale.com.br\/pastoral\/wp-json\/wp\/v2\/posts"}],"about":[{"href":"https:\/\/unisale.com.br\/pastoral\/wp-json\/wp\/v2\/types\/post"}],"author":[{"embeddable":true,"href":"https:\/\/unisale.com.br\/pastoral\/wp-json\/wp\/v2\/users\/6"}],"replies":[{"embeddable":true,"href":"https:\/\/unisale.com.br\/pastoral\/wp-json\/wp\/v2\/comments?post=2447"}],"version-history":[{"count":0,"href":"https:\/\/unisale.com.br\/pastoral\/wp-json\/wp\/v2\/posts\/2447\/revisions"}],"wp:featuredmedia":[{"embeddable":true,"href":"https:\/\/unisale.com.br\/pastoral\/wp-json\/wp\/v2\/media\/2414"}],"wp:attachment":[{"href":"https:\/\/unisale.com.br\/pastoral\/wp-json\/wp\/v2\/media?parent=2447"}],"wp:term":[{"taxonomy":"category","embeddable":true,"href":"https:\/\/unisale.com.br\/pastoral\/wp-json\/wp\/v2\/categories?post=2447"},{"taxonomy":"post_tag","embeddable":true,"href":"https:\/\/unisale.com.br\/pastoral\/wp-json\/wp\/v2\/tags?post=2447"}],"curies":[{"name":"wp","href":"https:\/\/api.w.org\/{rel}","templated":true}]}}