{"id":2449,"date":"2021-07-07T11:05:18","date_gmt":"2021-07-07T11:05:18","guid":{"rendered":"https:\/\/www.unisalesiano.com.br\/pastoral\/?p=2449"},"modified":"2021-07-07T11:05:18","modified_gmt":"2021-07-07T11:05:18","slug":"eis-o-meu-servo","status":"publish","type":"post","link":"https:\/\/unisale.com.br\/pastoral\/eis-o-meu-servo\/","title":{"rendered":"17\/07 &#8211; Eis o meu servo, que escolhi; o meu amado, no qual coloco a minha afei\u00e7\u00e3o"},"content":{"rendered":"<p>S\u00e1bado, 17 de julho de 2021.<\/p>\n<p>&nbsp;<\/p>\n<p>Evangelho (Mt 12,14-21)<\/p>\n<p>&nbsp;<\/p>\n<p><strong>\u201cEis o meu servo, que escolhi; o meu amado, no qual coloco a minha afei\u00e7\u00e3o\u201d<\/strong><\/p>\n<p>&nbsp;<\/p>\n<p>Naquele tempo, <sup>14<\/sup>os fariseus sa\u00edram e fizeram um plano para matar Jesus. <sup>15<\/sup>Ao saber disso, Jesus retirou-se dali. Grandes multid\u00f5es o seguiram, e ele curou a todos. <sup>16<\/sup>E ordenou-lhes que n\u00e3o dissessem quem ele era, <sup>17<\/sup>para se cumprir o que foi dito pelo profeta Isa\u00edas: <sup>18<\/sup>\u201cEis o meu servo, que escolhi; o meu amado, no qual ponho a minha afei\u00e7\u00e3o; porei sobre ele o meu Esp\u00edrito, e ele anunciar\u00e1 \u00e0s na\u00e7\u00f5es o direito. <sup>19<\/sup>Ele n\u00e3o discutir\u00e1, nem gritar\u00e1, e ningu\u00e9m ouvir\u00e1 a sua voz nas pra\u00e7as. <sup>20<\/sup>N\u00e3o quebrar\u00e1 o cani\u00e7o rachado, nem apagar\u00e1 o pavio que ainda fumega, at\u00e9 que fa\u00e7a triunfar o direito. <sup>21<\/sup>Em seu nome as na\u00e7\u00f5es depositar\u00e3o a sua esperan\u00e7a\u201d.<\/p>\n<p>&nbsp;<\/p>\n<p><strong>Reflex\u00e3o<\/strong><\/p>\n<p>&nbsp;<\/p>\n<p>\u00c9 interessante como ainda hoje prevalece esta ideia de sempre querermos eliminar o que \u00e9 \u201cdiferente\u201d a n\u00f3s. As mentes fechadas e os ambientes fechados n\u00e3o \u201ctoleram\u201d a novidade e a diversidade. Foi assim com Jesus e \u00e9 assim ainda hoje. Se por um lado os fariseus se re\u00fanem para tramar a morte de Jesus, por outro lado, Jesus, mesmo sabendo da \u201ctrama contra ele\u201d, afasta-se e continua a curar todos os que o procuram, restituindo-lhes a plenitude da vida. Mateus v\u00ea no Mestre o cumprimento das palavras do profeta Isa\u00edas, que anunciam o servo do Senhor. O Servo \u00e9 aquele com que Deus se compraz e que \u00e9 guiado somente pelo Esp\u00edrito na sua miss\u00e3o de anunciar a justi\u00e7a \u00e0s multid\u00f5es. Jesus \u00e9 o Servo que escolhe a humildade e a mansid\u00e3o. \u00c9 o que escolhe estar submetido a Deus e solid\u00e1rio com os homens. N\u00e3o reivindica nada para si, mas vive em constante aten\u00e7\u00e3o ao pr\u00f3ximo, manifestando miseric\u00f3rdia, mansid\u00e3o e paci\u00eancia. Revela o jeito de ser de Deus, como \u00e9 o Seu cora\u00e7\u00e3o. O nosso encontro com Jesus nos transforma a vida e nos faz compreender que tamb\u00e9m devemos ser \u201cservos\u201d uns dos outros. Como Jesus, tamb\u00e9m n\u00f3s devemos ser \u201cmisericordiosos\u201d para com os pobres e os humildes, os doentes e os pecadores.<\/p>\n<p>&nbsp;<\/p>\n<p><strong>Pe. Paulo Eduardo J\u00e1como, sdb.<\/strong><\/p>\n<p>&nbsp;<\/p>\n","protected":false},"excerpt":{"rendered":"<p>S\u00e1bado, 17 de julho de 2021. &nbsp; Evangelho (Mt 12,14-21) &nbsp; \u201cEis o meu servo, que escolhi; o meu amado, no qual coloco a minha&#8230;<\/p>\n","protected":false},"author":6,"featured_media":2412,"comment_status":"closed","ping_status":"closed","sticky":false,"template":"","format":"standard","meta":{"_acf_changed":false,"footnotes":""},"categories":[13],"tags":[],"class_list":["post-2449","post","type-post","status-publish","format-standard","has-post-thumbnail","hentry","category-reflexaodoevagelho"],"acf":[],"yoast_head":"<!-- This site is optimized with the Yoast SEO plugin v27.3 - https:\/\/yoast.com\/product\/yoast-seo-wordpress\/ -->\n<title>17\/07 - Eis o meu servo, que escolhi; o meu amado, no qual coloco a minha afei\u00e7\u00e3o - Pastoral Universit\u00e1ria UniSALESIANO<\/title>\n<meta name=\"robots\" content=\"index, follow, max-snippet:-1, max-image-preview:large, max-video-preview:-1\" \/>\n<link rel=\"canonical\" href=\"https:\/\/unisale.com.br\/novo\/eis-o-meu-servo\/\" \/>\n<meta property=\"og:locale\" content=\"pt_BR\" \/>\n<meta property=\"og:type\" content=\"article\" \/>\n<meta property=\"og:title\" content=\"17\/07 - Eis o meu servo, que escolhi; o meu amado, no qual coloco a minha afei\u00e7\u00e3o - Pastoral Universit\u00e1ria UniSALESIANO\" \/>\n<meta property=\"og:description\" content=\"S\u00e1bado, 17 de julho de 2021. &nbsp; Evangelho (Mt 12,14-21) &nbsp; \u201cEis o meu servo, que escolhi; o meu amado, no qual coloco a minha...\" \/>\n<meta property=\"og:url\" content=\"https:\/\/unisale.com.br\/novo\/eis-o-meu-servo\/\" \/>\n<meta property=\"og:site_name\" content=\"Pastoral Universit\u00e1ria UniSALESIANO\" \/>\n<meta property=\"article:published_time\" content=\"2021-07-07T11:05:18+00:00\" \/>\n<meta property=\"og:image\" content=\"https:\/\/unisale.com.br\/novo\/wp-content\/uploads\/2021\/07\/Ev-dia-17.07.21.jpg\" \/>\n\t<meta property=\"og:image:width\" content=\"1008\" \/>\n\t<meta property=\"og:image:height\" content=\"668\" \/>\n\t<meta property=\"og:image:type\" content=\"image\/jpeg\" \/>\n<meta name=\"author\" content=\"Luiz Alexandre Marinho Lanzoni\" \/>\n<meta name=\"twitter:card\" content=\"summary_large_image\" \/>\n<meta name=\"twitter:label1\" content=\"Escrito por\" \/>\n\t<meta name=\"twitter:data1\" content=\"Luiz Alexandre Marinho Lanzoni\" \/>\n\t<meta name=\"twitter:label2\" content=\"Est. tempo de leitura\" \/>\n\t<meta name=\"twitter:data2\" content=\"2 minutos\" \/>\n<script type=\"application\/ld+json\" class=\"yoast-schema-graph\">{\"@context\":\"https:\\\/\\\/schema.org\",\"@graph\":[{\"@type\":\"Article\",\"@id\":\"https:\\\/\\\/unisale.com.br\\\/novo\\\/eis-o-meu-servo\\\/#article\",\"isPartOf\":{\"@id\":\"https:\\\/\\\/unisale.com.br\\\/novo\\\/eis-o-meu-servo\\\/\"},\"author\":{\"name\":\"Luiz Alexandre Marinho Lanzoni\",\"@id\":\"https:\\\/\\\/unisale.com.br\\\/pastoral\\\/#\\\/schema\\\/person\\\/492d3d7bfe53a8302576d39485aff2c4\"},\"headline\":\"17\\\/07 &#8211; Eis o meu servo, que escolhi; o meu amado, no qual coloco a minha afei\u00e7\u00e3o\",\"datePublished\":\"2021-07-07T11:05:18+00:00\",\"mainEntityOfPage\":{\"@id\":\"https:\\\/\\\/unisale.com.br\\\/novo\\\/eis-o-meu-servo\\\/\"},\"wordCount\":412,\"image\":{\"@id\":\"https:\\\/\\\/unisale.com.br\\\/novo\\\/eis-o-meu-servo\\\/#primaryimage\"},\"thumbnailUrl\":\"https:\\\/\\\/unisale.com.br\\\/pastoral\\\/wp-content\\\/uploads\\\/2021\\\/07\\\/Ev-dia-17.07.21.jpg\",\"articleSection\":[\"Reflex\u00e3o do Evangelho\"],\"inLanguage\":\"pt-BR\"},{\"@type\":\"WebPage\",\"@id\":\"https:\\\/\\\/unisale.com.br\\\/novo\\\/eis-o-meu-servo\\\/\",\"url\":\"https:\\\/\\\/unisale.com.br\\\/novo\\\/eis-o-meu-servo\\\/\",\"name\":\"17\\\/07 - Eis o meu servo, que escolhi; o meu amado, no qual coloco a minha afei\u00e7\u00e3o - Pastoral Universit\u00e1ria UniSALESIANO\",\"isPartOf\":{\"@id\":\"https:\\\/\\\/unisale.com.br\\\/pastoral\\\/#website\"},\"primaryImageOfPage\":{\"@id\":\"https:\\\/\\\/unisale.com.br\\\/novo\\\/eis-o-meu-servo\\\/#primaryimage\"},\"image\":{\"@id\":\"https:\\\/\\\/unisale.com.br\\\/novo\\\/eis-o-meu-servo\\\/#primaryimage\"},\"thumbnailUrl\":\"https:\\\/\\\/unisale.com.br\\\/pastoral\\\/wp-content\\\/uploads\\\/2021\\\/07\\\/Ev-dia-17.07.21.jpg\",\"datePublished\":\"2021-07-07T11:05:18+00:00\",\"author\":{\"@id\":\"https:\\\/\\\/unisale.com.br\\\/pastoral\\\/#\\\/schema\\\/person\\\/492d3d7bfe53a8302576d39485aff2c4\"},\"inLanguage\":\"pt-BR\",\"potentialAction\":[{\"@type\":\"ReadAction\",\"target\":[\"https:\\\/\\\/unisale.com.br\\\/novo\\\/eis-o-meu-servo\\\/\"]}]},{\"@type\":\"ImageObject\",\"inLanguage\":\"pt-BR\",\"@id\":\"https:\\\/\\\/unisale.com.br\\\/novo\\\/eis-o-meu-servo\\\/#primaryimage\",\"url\":\"https:\\\/\\\/unisale.com.br\\\/pastoral\\\/wp-content\\\/uploads\\\/2021\\\/07\\\/Ev-dia-17.07.21.jpg\",\"contentUrl\":\"https:\\\/\\\/unisale.com.br\\\/pastoral\\\/wp-content\\\/uploads\\\/2021\\\/07\\\/Ev-dia-17.07.21.jpg\",\"width\":754,\"height\":500},{\"@type\":\"WebSite\",\"@id\":\"https:\\\/\\\/unisale.com.br\\\/pastoral\\\/#website\",\"url\":\"https:\\\/\\\/unisale.com.br\\\/pastoral\\\/\",\"name\":\"Pastoral Universit\u00e1ria UniSALESIANO\",\"description\":\"Site da Pastoral Universit\u00e1ria do UniSALESIANO\",\"potentialAction\":[{\"@type\":\"SearchAction\",\"target\":{\"@type\":\"EntryPoint\",\"urlTemplate\":\"https:\\\/\\\/unisale.com.br\\\/pastoral\\\/?s={search_term_string}\"},\"query-input\":{\"@type\":\"PropertyValueSpecification\",\"valueRequired\":true,\"valueName\":\"search_term_string\"}}],\"inLanguage\":\"pt-BR\"},{\"@type\":\"Person\",\"@id\":\"https:\\\/\\\/unisale.com.br\\\/pastoral\\\/#\\\/schema\\\/person\\\/492d3d7bfe53a8302576d39485aff2c4\",\"name\":\"Luiz Alexandre Marinho Lanzoni\",\"url\":\"https:\\\/\\\/unisale.com.br\\\/pastoral\\\/author\\\/luiz\\\/\"}]}<\/script>\n<!-- \/ Yoast SEO plugin. -->","yoast_head_json":{"title":"17\/07 - Eis o meu servo, que escolhi; o meu amado, no qual coloco a minha afei\u00e7\u00e3o - Pastoral Universit\u00e1ria UniSALESIANO","robots":{"index":"index","follow":"follow","max-snippet":"max-snippet:-1","max-image-preview":"max-image-preview:large","max-video-preview":"max-video-preview:-1"},"canonical":"https:\/\/unisale.com.br\/novo\/eis-o-meu-servo\/","og_locale":"pt_BR","og_type":"article","og_title":"17\/07 - Eis o meu servo, que escolhi; o meu amado, no qual coloco a minha afei\u00e7\u00e3o - Pastoral Universit\u00e1ria UniSALESIANO","og_description":"S\u00e1bado, 17 de julho de 2021. &nbsp; Evangelho (Mt 12,14-21) &nbsp; \u201cEis o meu servo, que escolhi; o meu amado, no qual coloco a minha...","og_url":"https:\/\/unisale.com.br\/novo\/eis-o-meu-servo\/","og_site_name":"Pastoral Universit\u00e1ria UniSALESIANO","article_published_time":"2021-07-07T11:05:18+00:00","og_image":[{"width":1008,"height":668,"url":"https:\/\/unisale.com.br\/novo\/wp-content\/uploads\/2021\/07\/Ev-dia-17.07.21.jpg","type":"image\/jpeg"}],"author":"Luiz Alexandre Marinho Lanzoni","twitter_card":"summary_large_image","twitter_misc":{"Escrito por":"Luiz Alexandre Marinho Lanzoni","Est. tempo de leitura":"2 minutos"},"schema":{"@context":"https:\/\/schema.org","@graph":[{"@type":"Article","@id":"https:\/\/unisale.com.br\/novo\/eis-o-meu-servo\/#article","isPartOf":{"@id":"https:\/\/unisale.com.br\/novo\/eis-o-meu-servo\/"},"author":{"name":"Luiz Alexandre Marinho Lanzoni","@id":"https:\/\/unisale.com.br\/pastoral\/#\/schema\/person\/492d3d7bfe53a8302576d39485aff2c4"},"headline":"17\/07 &#8211; Eis o meu servo, que escolhi; o meu amado, no qual coloco a minha afei\u00e7\u00e3o","datePublished":"2021-07-07T11:05:18+00:00","mainEntityOfPage":{"@id":"https:\/\/unisale.com.br\/novo\/eis-o-meu-servo\/"},"wordCount":412,"image":{"@id":"https:\/\/unisale.com.br\/novo\/eis-o-meu-servo\/#primaryimage"},"thumbnailUrl":"https:\/\/unisale.com.br\/pastoral\/wp-content\/uploads\/2021\/07\/Ev-dia-17.07.21.jpg","articleSection":["Reflex\u00e3o do Evangelho"],"inLanguage":"pt-BR"},{"@type":"WebPage","@id":"https:\/\/unisale.com.br\/novo\/eis-o-meu-servo\/","url":"https:\/\/unisale.com.br\/novo\/eis-o-meu-servo\/","name":"17\/07 - Eis o meu servo, que escolhi; o meu amado, no qual coloco a minha afei\u00e7\u00e3o - Pastoral Universit\u00e1ria UniSALESIANO","isPartOf":{"@id":"https:\/\/unisale.com.br\/pastoral\/#website"},"primaryImageOfPage":{"@id":"https:\/\/unisale.com.br\/novo\/eis-o-meu-servo\/#primaryimage"},"image":{"@id":"https:\/\/unisale.com.br\/novo\/eis-o-meu-servo\/#primaryimage"},"thumbnailUrl":"https:\/\/unisale.com.br\/pastoral\/wp-content\/uploads\/2021\/07\/Ev-dia-17.07.21.jpg","datePublished":"2021-07-07T11:05:18+00:00","author":{"@id":"https:\/\/unisale.com.br\/pastoral\/#\/schema\/person\/492d3d7bfe53a8302576d39485aff2c4"},"inLanguage":"pt-BR","potentialAction":[{"@type":"ReadAction","target":["https:\/\/unisale.com.br\/novo\/eis-o-meu-servo\/"]}]},{"@type":"ImageObject","inLanguage":"pt-BR","@id":"https:\/\/unisale.com.br\/novo\/eis-o-meu-servo\/#primaryimage","url":"https:\/\/unisale.com.br\/pastoral\/wp-content\/uploads\/2021\/07\/Ev-dia-17.07.21.jpg","contentUrl":"https:\/\/unisale.com.br\/pastoral\/wp-content\/uploads\/2021\/07\/Ev-dia-17.07.21.jpg","width":754,"height":500},{"@type":"WebSite","@id":"https:\/\/unisale.com.br\/pastoral\/#website","url":"https:\/\/unisale.com.br\/pastoral\/","name":"Pastoral Universit\u00e1ria UniSALESIANO","description":"Site da Pastoral Universit\u00e1ria do UniSALESIANO","potentialAction":[{"@type":"SearchAction","target":{"@type":"EntryPoint","urlTemplate":"https:\/\/unisale.com.br\/pastoral\/?s={search_term_string}"},"query-input":{"@type":"PropertyValueSpecification","valueRequired":true,"valueName":"search_term_string"}}],"inLanguage":"pt-BR"},{"@type":"Person","@id":"https:\/\/unisale.com.br\/pastoral\/#\/schema\/person\/492d3d7bfe53a8302576d39485aff2c4","name":"Luiz Alexandre Marinho Lanzoni","url":"https:\/\/unisale.com.br\/pastoral\/author\/luiz\/"}]}},"_links":{"self":[{"href":"https:\/\/unisale.com.br\/pastoral\/wp-json\/wp\/v2\/posts\/2449","targetHints":{"allow":["GET"]}}],"collection":[{"href":"https:\/\/unisale.com.br\/pastoral\/wp-json\/wp\/v2\/posts"}],"about":[{"href":"https:\/\/unisale.com.br\/pastoral\/wp-json\/wp\/v2\/types\/post"}],"author":[{"embeddable":true,"href":"https:\/\/unisale.com.br\/pastoral\/wp-json\/wp\/v2\/users\/6"}],"replies":[{"embeddable":true,"href":"https:\/\/unisale.com.br\/pastoral\/wp-json\/wp\/v2\/comments?post=2449"}],"version-history":[{"count":0,"href":"https:\/\/unisale.com.br\/pastoral\/wp-json\/wp\/v2\/posts\/2449\/revisions"}],"wp:featuredmedia":[{"embeddable":true,"href":"https:\/\/unisale.com.br\/pastoral\/wp-json\/wp\/v2\/media\/2412"}],"wp:attachment":[{"href":"https:\/\/unisale.com.br\/pastoral\/wp-json\/wp\/v2\/media?parent=2449"}],"wp:term":[{"taxonomy":"category","embeddable":true,"href":"https:\/\/unisale.com.br\/pastoral\/wp-json\/wp\/v2\/categories?post=2449"},{"taxonomy":"post_tag","embeddable":true,"href":"https:\/\/unisale.com.br\/pastoral\/wp-json\/wp\/v2\/tags?post=2449"}],"curies":[{"name":"wp","href":"https:\/\/api.w.org\/{rel}","templated":true}]}}