{"id":2489,"date":"2021-07-15T10:48:43","date_gmt":"2021-07-15T10:48:43","guid":{"rendered":"https:\/\/www.unisalesiano.com.br\/pastoral\/?p=2489"},"modified":"2021-07-15T10:48:43","modified_gmt":"2021-07-15T10:48:43","slug":"a-semente-que-caiu","status":"publish","type":"post","link":"https:\/\/unisale.com.br\/pastoral\/a-semente-que-caiu\/","title":{"rendered":"23\/07 &#8211; A semente que caiu em boa terra \u00e9 aquela que ouve a Palavra e a compreende. Esse produz fruto"},"content":{"rendered":"<p>Sexta-feira, 23 de julho de 2021.<\/p>\n<p>&nbsp;<\/p>\n<p>Evangelho (Mt 13,18-23)<\/p>\n<p>&nbsp;<\/p>\n<p><strong>\u201cA semente que caiu em boa terra \u00e9 aquela que ouve a Palavra e a compreende. Esse produz fruto\u201d<\/strong><\/p>\n<p>&nbsp;<\/p>\n<p>Naquele tempo, disse Jesus aos seus disc\u00edpulos: <sup>18<\/sup>\u201cOuvi a par\u00e1bola do semeador: <sup>19<\/sup>Todo aquele que ouve a palavra do Reino e n\u00e3o a compreende, vem o Maligno e rouba o que foi semeado em seu cora\u00e7\u00e3o. Este \u00e9 o que foi semeado \u00e0 beira do caminho. <sup>20<\/sup>A semente que caiu em terreno pedregoso \u00e9 aquele que ouve a palavra e logo a recebe com alegria; <sup>21<\/sup>mas ele n\u00e3o tem raiz em si mesmo, \u00e9 de momento: quando chega o sofrimento ou a persegui\u00e7\u00e3o, por causa da palavra, ele desiste logo. <sup>22<\/sup>A semente que caiu no meio dos espinhos \u00e9 aquele que ouve a palavra, mas as preocupa\u00e7\u00f5es do mundo e a ilus\u00e3o da riqueza sufocam a palavra, e ele n\u00e3o d\u00e1 fruto. <sup>23<\/sup>A semente que caiu em boa terra \u00e9 aquele que ouve a palavra e a compreende. Esse produz fruto. Um d\u00e1 cem outro sessenta e outro trinta\u201d.<\/p>\n<p>&nbsp;<\/p>\n<p><strong>Reflex\u00e3o<\/strong><\/p>\n<p>&nbsp;<\/p>\n<p>Retornamos \u00e0 Par\u00e1bola do Semeador. O texto do evangelho de hoje exp\u00f5e agora a explica\u00e7\u00e3o do Mestre; deixando de lado a figura do Semeador, concentra-se agora nos quatro terrenos e d\u00e1 sobre cada um uma interpreta\u00e7\u00e3o diferente. Cada terreno corresponde a um homem e \u00e0 sua rea\u00e7\u00e3o perante a palavra ouvida. O que \u00e9 importante a ressaltar \u00e9 que o determinante n\u00e3o \u00e9 simplesmente a escuta, mas a capacidade de compreens\u00e3o. Os quatro terrenos identificam as tantas modalidades com as quais uma pessoa pode escutar a Palavra de Deus. O que determina ou n\u00e3o a possibilidade de a semente dar fruto consiste na compreens\u00e3o ou n\u00e3o da Palavra ouvida. Os tr\u00eas primeiros escutam, mas n\u00e3o compreendem. Os motivos da n\u00e3o compreens\u00e3o s\u00e3o tantos que \u00e9 dif\u00edcil identifica-los. Um deles pode ser a interven\u00e7\u00e3o do Maligno, mas tamb\u00e9m algumas atitudes humanas, tais como a volubilidade e a superficialidade que se manifestam quando \u00e9 necess\u00e1rio enfrentar dificuldades e prova\u00e7\u00f5es, ou ent\u00e3o a inquieta\u00e7\u00e3o que nasce da preocupa\u00e7\u00e3o pelas riquezas. S\u00f3 \u201cquem ouve a palavra e compreende \u00e9 que d\u00e1 fruto\u201d. A compreens\u00e3o n\u00e3o \u00e9 tanto intelectual, mas a que nasce da assimila\u00e7\u00e3o atenta e amorosa daquilo que se ouviu, e da f\u00e9 filial n\u2019Aquele que est\u00e1 na origem da Palavra. Os diversos terrenos, frequentemente presentes e misturados em n\u00f3s, s\u00e3o a imagem do nosso cora\u00e7\u00e3o, desejoso porventura de escutar a Palavra, mas incapaz de a compreender em profundidade e de a deixar criar ra\u00edzes, de modo a poder dar fruto.<\/p>\n<p>&nbsp;<\/p>\n<p><strong>Pe. Paulo Eduardo J\u00e1como, sdb.<\/strong><\/p>\n","protected":false},"excerpt":{"rendered":"<p>Sexta-feira, 23 de julho de 2021. &nbsp; Evangelho (Mt 13,18-23) &nbsp; \u201cA semente que caiu em boa terra \u00e9 aquela que ouve a Palavra e&#8230;<\/p>\n","protected":false},"author":6,"featured_media":2475,"comment_status":"closed","ping_status":"closed","sticky":false,"template":"","format":"standard","meta":{"_acf_changed":false,"footnotes":""},"categories":[13],"tags":[],"class_list":["post-2489","post","type-post","status-publish","format-standard","has-post-thumbnail","hentry","category-reflexaodoevagelho"],"acf":[],"yoast_head":"<!-- This site is optimized with the Yoast SEO plugin v27.3 - https:\/\/yoast.com\/product\/yoast-seo-wordpress\/ -->\n<title>23\/07 - A semente que caiu em boa terra \u00e9 aquela que ouve a Palavra e a compreende. Esse produz fruto - Pastoral Universit\u00e1ria UniSALESIANO<\/title>\n<meta name=\"robots\" content=\"index, follow, max-snippet:-1, max-image-preview:large, max-video-preview:-1\" \/>\n<link rel=\"canonical\" href=\"https:\/\/unisale.com.br\/novo\/a-semente-que-caiu\/\" \/>\n<meta property=\"og:locale\" content=\"pt_BR\" \/>\n<meta property=\"og:type\" content=\"article\" \/>\n<meta property=\"og:title\" content=\"23\/07 - A semente que caiu em boa terra \u00e9 aquela que ouve a Palavra e a compreende. Esse produz fruto - Pastoral Universit\u00e1ria UniSALESIANO\" \/>\n<meta property=\"og:description\" content=\"Sexta-feira, 23 de julho de 2021. &nbsp; Evangelho (Mt 13,18-23) &nbsp; \u201cA semente que caiu em boa terra \u00e9 aquela que ouve a Palavra e...\" \/>\n<meta property=\"og:url\" content=\"https:\/\/unisale.com.br\/novo\/a-semente-que-caiu\/\" \/>\n<meta property=\"og:site_name\" content=\"Pastoral Universit\u00e1ria UniSALESIANO\" \/>\n<meta property=\"article:published_time\" content=\"2021-07-15T10:48:43+00:00\" \/>\n<meta property=\"og:image\" content=\"https:\/\/unisale.com.br\/novo\/wp-content\/uploads\/2021\/07\/Ev-dia-23.07.21.jpg\" \/>\n\t<meta property=\"og:image:width\" content=\"700\" \/>\n\t<meta property=\"og:image:height\" content=\"391\" \/>\n\t<meta property=\"og:image:type\" content=\"image\/jpeg\" \/>\n<meta name=\"author\" content=\"Luiz Alexandre Marinho Lanzoni\" \/>\n<meta name=\"twitter:card\" content=\"summary_large_image\" \/>\n<meta name=\"twitter:label1\" content=\"Escrito por\" \/>\n\t<meta name=\"twitter:data1\" content=\"Luiz Alexandre Marinho Lanzoni\" \/>\n\t<meta name=\"twitter:label2\" content=\"Est. tempo de leitura\" \/>\n\t<meta name=\"twitter:data2\" content=\"2 minutos\" \/>\n<script type=\"application\/ld+json\" class=\"yoast-schema-graph\">{\"@context\":\"https:\\\/\\\/schema.org\",\"@graph\":[{\"@type\":\"Article\",\"@id\":\"https:\\\/\\\/unisale.com.br\\\/novo\\\/a-semente-que-caiu\\\/#article\",\"isPartOf\":{\"@id\":\"https:\\\/\\\/unisale.com.br\\\/novo\\\/a-semente-que-caiu\\\/\"},\"author\":{\"name\":\"Luiz Alexandre Marinho Lanzoni\",\"@id\":\"https:\\\/\\\/unisale.com.br\\\/pastoral\\\/#\\\/schema\\\/person\\\/492d3d7bfe53a8302576d39485aff2c4\"},\"headline\":\"23\\\/07 &#8211; A semente que caiu em boa terra \u00e9 aquela que ouve a Palavra e a compreende. Esse produz fruto\",\"datePublished\":\"2021-07-15T10:48:43+00:00\",\"mainEntityOfPage\":{\"@id\":\"https:\\\/\\\/unisale.com.br\\\/novo\\\/a-semente-que-caiu\\\/\"},\"wordCount\":480,\"image\":{\"@id\":\"https:\\\/\\\/unisale.com.br\\\/novo\\\/a-semente-que-caiu\\\/#primaryimage\"},\"thumbnailUrl\":\"https:\\\/\\\/unisale.com.br\\\/pastoral\\\/wp-content\\\/uploads\\\/2021\\\/07\\\/Ev-dia-23.07.21.jpg\",\"articleSection\":[\"Reflex\u00e3o do Evangelho\"],\"inLanguage\":\"pt-BR\"},{\"@type\":\"WebPage\",\"@id\":\"https:\\\/\\\/unisale.com.br\\\/novo\\\/a-semente-que-caiu\\\/\",\"url\":\"https:\\\/\\\/unisale.com.br\\\/novo\\\/a-semente-que-caiu\\\/\",\"name\":\"23\\\/07 - A semente que caiu em boa terra \u00e9 aquela que ouve a Palavra e a compreende. Esse produz fruto - Pastoral Universit\u00e1ria UniSALESIANO\",\"isPartOf\":{\"@id\":\"https:\\\/\\\/unisale.com.br\\\/pastoral\\\/#website\"},\"primaryImageOfPage\":{\"@id\":\"https:\\\/\\\/unisale.com.br\\\/novo\\\/a-semente-que-caiu\\\/#primaryimage\"},\"image\":{\"@id\":\"https:\\\/\\\/unisale.com.br\\\/novo\\\/a-semente-que-caiu\\\/#primaryimage\"},\"thumbnailUrl\":\"https:\\\/\\\/unisale.com.br\\\/pastoral\\\/wp-content\\\/uploads\\\/2021\\\/07\\\/Ev-dia-23.07.21.jpg\",\"datePublished\":\"2021-07-15T10:48:43+00:00\",\"author\":{\"@id\":\"https:\\\/\\\/unisale.com.br\\\/pastoral\\\/#\\\/schema\\\/person\\\/492d3d7bfe53a8302576d39485aff2c4\"},\"inLanguage\":\"pt-BR\",\"potentialAction\":[{\"@type\":\"ReadAction\",\"target\":[\"https:\\\/\\\/unisale.com.br\\\/novo\\\/a-semente-que-caiu\\\/\"]}]},{\"@type\":\"ImageObject\",\"inLanguage\":\"pt-BR\",\"@id\":\"https:\\\/\\\/unisale.com.br\\\/novo\\\/a-semente-que-caiu\\\/#primaryimage\",\"url\":\"https:\\\/\\\/unisale.com.br\\\/pastoral\\\/wp-content\\\/uploads\\\/2021\\\/07\\\/Ev-dia-23.07.21.jpg\",\"contentUrl\":\"https:\\\/\\\/unisale.com.br\\\/pastoral\\\/wp-content\\\/uploads\\\/2021\\\/07\\\/Ev-dia-23.07.21.jpg\",\"width\":700,\"height\":391},{\"@type\":\"WebSite\",\"@id\":\"https:\\\/\\\/unisale.com.br\\\/pastoral\\\/#website\",\"url\":\"https:\\\/\\\/unisale.com.br\\\/pastoral\\\/\",\"name\":\"Pastoral Universit\u00e1ria UniSALESIANO\",\"description\":\"Site da Pastoral Universit\u00e1ria do UniSALESIANO\",\"potentialAction\":[{\"@type\":\"SearchAction\",\"target\":{\"@type\":\"EntryPoint\",\"urlTemplate\":\"https:\\\/\\\/unisale.com.br\\\/pastoral\\\/?s={search_term_string}\"},\"query-input\":{\"@type\":\"PropertyValueSpecification\",\"valueRequired\":true,\"valueName\":\"search_term_string\"}}],\"inLanguage\":\"pt-BR\"},{\"@type\":\"Person\",\"@id\":\"https:\\\/\\\/unisale.com.br\\\/pastoral\\\/#\\\/schema\\\/person\\\/492d3d7bfe53a8302576d39485aff2c4\",\"name\":\"Luiz Alexandre Marinho Lanzoni\",\"url\":\"https:\\\/\\\/unisale.com.br\\\/pastoral\\\/author\\\/luiz\\\/\"}]}<\/script>\n<!-- \/ Yoast SEO plugin. -->","yoast_head_json":{"title":"23\/07 - A semente que caiu em boa terra \u00e9 aquela que ouve a Palavra e a compreende. Esse produz fruto - Pastoral Universit\u00e1ria UniSALESIANO","robots":{"index":"index","follow":"follow","max-snippet":"max-snippet:-1","max-image-preview":"max-image-preview:large","max-video-preview":"max-video-preview:-1"},"canonical":"https:\/\/unisale.com.br\/novo\/a-semente-que-caiu\/","og_locale":"pt_BR","og_type":"article","og_title":"23\/07 - A semente que caiu em boa terra \u00e9 aquela que ouve a Palavra e a compreende. Esse produz fruto - Pastoral Universit\u00e1ria UniSALESIANO","og_description":"Sexta-feira, 23 de julho de 2021. &nbsp; Evangelho (Mt 13,18-23) &nbsp; \u201cA semente que caiu em boa terra \u00e9 aquela que ouve a Palavra e...","og_url":"https:\/\/unisale.com.br\/novo\/a-semente-que-caiu\/","og_site_name":"Pastoral Universit\u00e1ria UniSALESIANO","article_published_time":"2021-07-15T10:48:43+00:00","og_image":[{"width":700,"height":391,"url":"https:\/\/unisale.com.br\/novo\/wp-content\/uploads\/2021\/07\/Ev-dia-23.07.21.jpg","type":"image\/jpeg"}],"author":"Luiz Alexandre Marinho Lanzoni","twitter_card":"summary_large_image","twitter_misc":{"Escrito por":"Luiz Alexandre Marinho Lanzoni","Est. tempo de leitura":"2 minutos"},"schema":{"@context":"https:\/\/schema.org","@graph":[{"@type":"Article","@id":"https:\/\/unisale.com.br\/novo\/a-semente-que-caiu\/#article","isPartOf":{"@id":"https:\/\/unisale.com.br\/novo\/a-semente-que-caiu\/"},"author":{"name":"Luiz Alexandre Marinho Lanzoni","@id":"https:\/\/unisale.com.br\/pastoral\/#\/schema\/person\/492d3d7bfe53a8302576d39485aff2c4"},"headline":"23\/07 &#8211; A semente que caiu em boa terra \u00e9 aquela que ouve a Palavra e a compreende. Esse produz fruto","datePublished":"2021-07-15T10:48:43+00:00","mainEntityOfPage":{"@id":"https:\/\/unisale.com.br\/novo\/a-semente-que-caiu\/"},"wordCount":480,"image":{"@id":"https:\/\/unisale.com.br\/novo\/a-semente-que-caiu\/#primaryimage"},"thumbnailUrl":"https:\/\/unisale.com.br\/pastoral\/wp-content\/uploads\/2021\/07\/Ev-dia-23.07.21.jpg","articleSection":["Reflex\u00e3o do Evangelho"],"inLanguage":"pt-BR"},{"@type":"WebPage","@id":"https:\/\/unisale.com.br\/novo\/a-semente-que-caiu\/","url":"https:\/\/unisale.com.br\/novo\/a-semente-que-caiu\/","name":"23\/07 - A semente que caiu em boa terra \u00e9 aquela que ouve a Palavra e a compreende. Esse produz fruto - Pastoral Universit\u00e1ria UniSALESIANO","isPartOf":{"@id":"https:\/\/unisale.com.br\/pastoral\/#website"},"primaryImageOfPage":{"@id":"https:\/\/unisale.com.br\/novo\/a-semente-que-caiu\/#primaryimage"},"image":{"@id":"https:\/\/unisale.com.br\/novo\/a-semente-que-caiu\/#primaryimage"},"thumbnailUrl":"https:\/\/unisale.com.br\/pastoral\/wp-content\/uploads\/2021\/07\/Ev-dia-23.07.21.jpg","datePublished":"2021-07-15T10:48:43+00:00","author":{"@id":"https:\/\/unisale.com.br\/pastoral\/#\/schema\/person\/492d3d7bfe53a8302576d39485aff2c4"},"inLanguage":"pt-BR","potentialAction":[{"@type":"ReadAction","target":["https:\/\/unisale.com.br\/novo\/a-semente-que-caiu\/"]}]},{"@type":"ImageObject","inLanguage":"pt-BR","@id":"https:\/\/unisale.com.br\/novo\/a-semente-que-caiu\/#primaryimage","url":"https:\/\/unisale.com.br\/pastoral\/wp-content\/uploads\/2021\/07\/Ev-dia-23.07.21.jpg","contentUrl":"https:\/\/unisale.com.br\/pastoral\/wp-content\/uploads\/2021\/07\/Ev-dia-23.07.21.jpg","width":700,"height":391},{"@type":"WebSite","@id":"https:\/\/unisale.com.br\/pastoral\/#website","url":"https:\/\/unisale.com.br\/pastoral\/","name":"Pastoral Universit\u00e1ria UniSALESIANO","description":"Site da Pastoral Universit\u00e1ria do UniSALESIANO","potentialAction":[{"@type":"SearchAction","target":{"@type":"EntryPoint","urlTemplate":"https:\/\/unisale.com.br\/pastoral\/?s={search_term_string}"},"query-input":{"@type":"PropertyValueSpecification","valueRequired":true,"valueName":"search_term_string"}}],"inLanguage":"pt-BR"},{"@type":"Person","@id":"https:\/\/unisale.com.br\/pastoral\/#\/schema\/person\/492d3d7bfe53a8302576d39485aff2c4","name":"Luiz Alexandre Marinho Lanzoni","url":"https:\/\/unisale.com.br\/pastoral\/author\/luiz\/"}]}},"_links":{"self":[{"href":"https:\/\/unisale.com.br\/pastoral\/wp-json\/wp\/v2\/posts\/2489","targetHints":{"allow":["GET"]}}],"collection":[{"href":"https:\/\/unisale.com.br\/pastoral\/wp-json\/wp\/v2\/posts"}],"about":[{"href":"https:\/\/unisale.com.br\/pastoral\/wp-json\/wp\/v2\/types\/post"}],"author":[{"embeddable":true,"href":"https:\/\/unisale.com.br\/pastoral\/wp-json\/wp\/v2\/users\/6"}],"replies":[{"embeddable":true,"href":"https:\/\/unisale.com.br\/pastoral\/wp-json\/wp\/v2\/comments?post=2489"}],"version-history":[{"count":0,"href":"https:\/\/unisale.com.br\/pastoral\/wp-json\/wp\/v2\/posts\/2489\/revisions"}],"wp:featuredmedia":[{"embeddable":true,"href":"https:\/\/unisale.com.br\/pastoral\/wp-json\/wp\/v2\/media\/2475"}],"wp:attachment":[{"href":"https:\/\/unisale.com.br\/pastoral\/wp-json\/wp\/v2\/media?parent=2489"}],"wp:term":[{"taxonomy":"category","embeddable":true,"href":"https:\/\/unisale.com.br\/pastoral\/wp-json\/wp\/v2\/categories?post=2489"},{"taxonomy":"post_tag","embeddable":true,"href":"https:\/\/unisale.com.br\/pastoral\/wp-json\/wp\/v2\/tags?post=2489"}],"curies":[{"name":"wp","href":"https:\/\/api.w.org\/{rel}","templated":true}]}}