{"id":2528,"date":"2021-07-23T17:16:55","date_gmt":"2021-07-23T17:16:55","guid":{"rendered":"https:\/\/www.unisalesiano.com.br\/pastoral\/?p=2528"},"modified":"2021-07-23T17:16:55","modified_gmt":"2021-07-23T17:16:55","slug":"eu-sou-o-pao-da-vida","status":"publish","type":"post","link":"https:\/\/unisale.com.br\/pastoral\/eu-sou-o-pao-da-vida\/","title":{"rendered":"01\/08 &#8211; Eu Sou o P\u00e3o da Vida"},"content":{"rendered":"<p>XVIII Domingo do Tempo Comum \u2013 01.08.21<\/p>\n<p>&nbsp;<\/p>\n<p>Evangelho (Jo 6,24-35)<\/p>\n<p>&nbsp;<\/p>\n<p><strong>\u201cEu Sou o P\u00e3o da Vida\u201d<\/strong><\/p>\n<p>&nbsp;<\/p>\n<p>Naquele tempo, <sup>24<\/sup>quando a multid\u00e3o viu que Jesus n\u00e3o estava ali, nem os seus disc\u00edpulos, subiram \u00e0s barcas e foram \u00e0 procura de Jesus, em Cafarnaum. <sup>25<\/sup>Quando o encontraram no outro lado do mar, perguntaram-lhe: \u2018Rabi, quando chegaste aqui?\u2019. <sup>26<\/sup>Jesus respondeu: \u2018Em verdade, em verdade, eu vos digo: estais me procurando n\u00e3o porque vistes sinais, mas porque comestes p\u00e3o e ficastes satisfeitos. <sup>27<\/sup>Esfor\u00e7ai-vos n\u00e3o pelo alimento que se perde, mas pelo alimento que permanece at\u00e9 a vida eterna, e que o Filho do Homem vos dar\u00e1. Pois este \u00e9 quem o Pai marcou com seu selo\u2019. <sup>28<\/sup>Ent\u00e3o perguntaram: \u2018Que devemos fazer para realizar as obras de Deus?\u2019. <sup>29<\/sup>Jesus respondeu: \u2018A obra de Deus \u00e9 que acrediteis naquele que ele enviou\u2019. <sup>30<\/sup>Eles perguntaram: \u2018Que sinal realizas, para que possamos ver e crer em ti?\u2019. Que obra fazes? <sup>31<\/sup>Nossos pais comeram o man\u00e1 no deserto, como est\u00e1 na Escritura: \u2018P\u00e3o do c\u00e9u deu-lhes a comer\u2019. <sup>32<\/sup>Jesus respondeu: \u2018Em verdade, em verdade vos digo, n\u00e3o foi Mois\u00e9s quem vos deu o p\u00e3o que veio do c\u00e9u. \u00c9 meu Pai que vos d\u00e1 o verdadeiro p\u00e3o do c\u00e9u. <sup>33<\/sup>Pois o p\u00e3o de Deus \u00e9 aquele que desce do c\u00e9u e d\u00e1 vida ao mundo\u2019. <sup>34<\/sup>Ent\u00e3o pediram: \u2018Senhor, d\u00e1-nos sempre desse p\u00e3o\u2019. <sup>35<\/sup>Jesus lhes disse: \u2018Eu sou o p\u00e3o da vida. Quem vem a mim n\u00e3o ter\u00e1 mais fome e quem cr\u00ea em mim nunca mais ter\u00e1 sede.<\/p>\n<p>&nbsp;<\/p>\n<p><strong>Reflex\u00e3o<\/strong><\/p>\n<p>&nbsp;<\/p>\n<p>A mutid\u00e3o que participou da multiplica\u00e7\u00e3o dos p\u00e3es procura por Jesus. Est\u00e3o interessados n\u00e3o em Jesus, mas nos \u2018p\u00e3es\u2019 materiais que esperam conseguir d\u2019Ele. Eis que, ao encontrarem Jesus, recebem d\u2019Ele uma importante exorta\u00e7\u00e3o: \u201cEsfor\u00e7ai-vos n\u00e3o pelo alimento que se perde, mas pelo alimento que permanece at\u00e9 a vida eterna e que o Filho do Homem vos dar\u00e1\u201d.<\/p>\n<p>\u00c9 importante perceber que, para os judeus, n\u00e3o foi f\u00e1cil entender o que Jesus estava dizendo, pois, para eles, assim como para n\u00f3s, o importante \u00e9 ter, produzir, realizar. Por isso, pensam que at\u00e9 os favores de Deus s\u00f3 podem ser obtidos mediante obras conforme a Lei de Mois\u00e9s determina. Mas, Jesus indica-lhes outro caminho, o caminho da f\u00e9, que n\u00e3o consiste em fazer algo por Deus, mas sim em abandonar-se a Ele, deixando-se conduzir por aqueles que Ele enviou. Por mais importantes que sejam as necessidades materiais, Jesus quer ajudar a multid\u00e3o a ir al\u00e9m. Quer abrir-lhes o horizonte da exist\u00eancia que n\u00e3o \u00e9 simplesmente o das preocupa\u00e7\u00f5es cotidianas do comer, do vestir, da carreira. Jesus quer que aprendamos que o centro da exist\u00eancia, aquilo que d\u00e1 sentido e esperan\u00e7a firme ao caminho, muitas vezes dif\u00edcil da vida, \u00e9 a f\u00e9 em Jesus, o encontro com Cristo. Parece que a pergunta daquela multid\u00e3o perdura na multid\u00e3o de hoje: o que temos que fazer para ter a vida eterna? E a resposta de Jesus ainda \u00e9 a mesma: \u201cAcreditai em mim\u201d. A f\u00e9 \u00e9 o elemento fundamental. N\u00e3o se trata aqui de acreditar numa ideia, de um programa, mas de encontrar Jesus como uma Pessoa viva, de se deixar comprometer totalmente por Ele e pelo Seu Evangelho. Jesus nos convida a ir al\u00e9m do horizonte humano e a abrir-nos ao horizonte de Deus, ao horizonte da f\u00e9. Jesus n\u00e3o concede algo, ele doa-Se a Si mesmo: Ele \u00e9 o \u2018P\u00e3o Verdadeiro, descido do C\u00e9u\u201d, Ele, a Palavra Viva do Pai, e \u00e9 no encontro com Ele que que acolhemos o Deus vivo.<\/p>\n<p>Jesus n\u00e3o pode ser ganho com o trabalho humano; Ele chega a n\u00f3s somente como Dom do Amor de Deus, como Obra de Deus que devemos pedir e acolher. Em meio a tantas ocupa\u00e7\u00f5es, em meio aos tantos problemas, Jesus nos convida a n\u00e3o esquecer que se \u00e9 necess\u00e1rio preocupar-nos com o p\u00e3o material, \u00e9 ainda mais fundamental estreitar a rela\u00e7\u00e3o com Ele, fortalecer a nossa f\u00e9 naquele que \u00e9 o \u201cP\u00e3o da Vida\u201d, que sacia o nosso desejo de verdade e de amor.<\/p>\n<p>&nbsp;<\/p>\n<p><strong>Pe. Paulo Eduardo J\u00e1como, sdb.<\/strong><\/p>\n","protected":false},"excerpt":{"rendered":"<p>XVIII Domingo do Tempo Comum \u2013 01.08.21 &nbsp; Evangelho (Jo 6,24-35) &nbsp; \u201cEu Sou o P\u00e3o da Vida\u201d &nbsp; Naquele tempo, 24quando a multid\u00e3o viu&#8230;<\/p>\n","protected":false},"author":6,"featured_media":2513,"comment_status":"closed","ping_status":"closed","sticky":false,"template":"","format":"standard","meta":{"_acf_changed":false,"footnotes":""},"categories":[13],"tags":[],"class_list":["post-2528","post","type-post","status-publish","format-standard","has-post-thumbnail","hentry","category-reflexaodoevagelho"],"acf":[],"yoast_head":"<!-- This site is optimized with the Yoast SEO plugin v27.3 - https:\/\/yoast.com\/product\/yoast-seo-wordpress\/ -->\n<title>01\/08 - Eu Sou o P\u00e3o da Vida - Pastoral Universit\u00e1ria UniSALESIANO<\/title>\n<meta name=\"robots\" content=\"index, follow, max-snippet:-1, max-image-preview:large, max-video-preview:-1\" \/>\n<link rel=\"canonical\" href=\"https:\/\/unisale.com.br\/novo\/eu-sou-o-pao-da-vida\/\" \/>\n<meta property=\"og:locale\" content=\"pt_BR\" \/>\n<meta property=\"og:type\" content=\"article\" \/>\n<meta property=\"og:title\" content=\"01\/08 - Eu Sou o P\u00e3o da Vida - Pastoral Universit\u00e1ria UniSALESIANO\" \/>\n<meta property=\"og:description\" content=\"XVIII Domingo do Tempo Comum \u2013 01.08.21 &nbsp; Evangelho (Jo 6,24-35) &nbsp; \u201cEu Sou o P\u00e3o da Vida\u201d &nbsp; Naquele tempo, 24quando a multid\u00e3o viu...\" \/>\n<meta property=\"og:url\" content=\"https:\/\/unisale.com.br\/novo\/eu-sou-o-pao-da-vida\/\" \/>\n<meta property=\"og:site_name\" content=\"Pastoral Universit\u00e1ria UniSALESIANO\" \/>\n<meta property=\"article:published_time\" content=\"2021-07-23T17:16:55+00:00\" \/>\n<meta property=\"og:image\" content=\"https:\/\/unisale.com.br\/novo\/wp-content\/uploads\/2021\/07\/01.png\" \/>\n\t<meta property=\"og:image:width\" content=\"1920\" \/>\n\t<meta property=\"og:image:height\" content=\"1080\" \/>\n\t<meta property=\"og:image:type\" content=\"image\/png\" \/>\n<meta name=\"author\" content=\"Luiz Alexandre Marinho Lanzoni\" \/>\n<meta name=\"twitter:card\" content=\"summary_large_image\" \/>\n<meta name=\"twitter:label1\" content=\"Escrito por\" \/>\n\t<meta name=\"twitter:data1\" content=\"Luiz Alexandre Marinho Lanzoni\" \/>\n\t<meta name=\"twitter:label2\" content=\"Est. tempo de leitura\" \/>\n\t<meta name=\"twitter:data2\" content=\"4 minutos\" \/>\n<script type=\"application\/ld+json\" class=\"yoast-schema-graph\">{\"@context\":\"https:\\\/\\\/schema.org\",\"@graph\":[{\"@type\":\"Article\",\"@id\":\"https:\\\/\\\/unisale.com.br\\\/novo\\\/eu-sou-o-pao-da-vida\\\/#article\",\"isPartOf\":{\"@id\":\"https:\\\/\\\/unisale.com.br\\\/novo\\\/eu-sou-o-pao-da-vida\\\/\"},\"author\":{\"name\":\"Luiz Alexandre Marinho Lanzoni\",\"@id\":\"https:\\\/\\\/unisale.com.br\\\/pastoral\\\/#\\\/schema\\\/person\\\/492d3d7bfe53a8302576d39485aff2c4\"},\"headline\":\"01\\\/08 &#8211; Eu Sou o P\u00e3o da Vida\",\"datePublished\":\"2021-07-23T17:16:55+00:00\",\"mainEntityOfPage\":{\"@id\":\"https:\\\/\\\/unisale.com.br\\\/novo\\\/eu-sou-o-pao-da-vida\\\/\"},\"wordCount\":730,\"image\":{\"@id\":\"https:\\\/\\\/unisale.com.br\\\/novo\\\/eu-sou-o-pao-da-vida\\\/#primaryimage\"},\"thumbnailUrl\":\"https:\\\/\\\/unisale.com.br\\\/pastoral\\\/wp-content\\\/uploads\\\/2021\\\/07\\\/01.png\",\"articleSection\":[\"Reflex\u00e3o do Evangelho\"],\"inLanguage\":\"pt-BR\"},{\"@type\":\"WebPage\",\"@id\":\"https:\\\/\\\/unisale.com.br\\\/novo\\\/eu-sou-o-pao-da-vida\\\/\",\"url\":\"https:\\\/\\\/unisale.com.br\\\/novo\\\/eu-sou-o-pao-da-vida\\\/\",\"name\":\"01\\\/08 - Eu Sou o P\u00e3o da Vida - Pastoral Universit\u00e1ria UniSALESIANO\",\"isPartOf\":{\"@id\":\"https:\\\/\\\/unisale.com.br\\\/pastoral\\\/#website\"},\"primaryImageOfPage\":{\"@id\":\"https:\\\/\\\/unisale.com.br\\\/novo\\\/eu-sou-o-pao-da-vida\\\/#primaryimage\"},\"image\":{\"@id\":\"https:\\\/\\\/unisale.com.br\\\/novo\\\/eu-sou-o-pao-da-vida\\\/#primaryimage\"},\"thumbnailUrl\":\"https:\\\/\\\/unisale.com.br\\\/pastoral\\\/wp-content\\\/uploads\\\/2021\\\/07\\\/01.png\",\"datePublished\":\"2021-07-23T17:16:55+00:00\",\"author\":{\"@id\":\"https:\\\/\\\/unisale.com.br\\\/pastoral\\\/#\\\/schema\\\/person\\\/492d3d7bfe53a8302576d39485aff2c4\"},\"inLanguage\":\"pt-BR\",\"potentialAction\":[{\"@type\":\"ReadAction\",\"target\":[\"https:\\\/\\\/unisale.com.br\\\/novo\\\/eu-sou-o-pao-da-vida\\\/\"]}]},{\"@type\":\"ImageObject\",\"inLanguage\":\"pt-BR\",\"@id\":\"https:\\\/\\\/unisale.com.br\\\/novo\\\/eu-sou-o-pao-da-vida\\\/#primaryimage\",\"url\":\"https:\\\/\\\/unisale.com.br\\\/pastoral\\\/wp-content\\\/uploads\\\/2021\\\/07\\\/01.png\",\"contentUrl\":\"https:\\\/\\\/unisale.com.br\\\/pastoral\\\/wp-content\\\/uploads\\\/2021\\\/07\\\/01.png\",\"width\":889,\"height\":500},{\"@type\":\"WebSite\",\"@id\":\"https:\\\/\\\/unisale.com.br\\\/pastoral\\\/#website\",\"url\":\"https:\\\/\\\/unisale.com.br\\\/pastoral\\\/\",\"name\":\"Pastoral Universit\u00e1ria UniSALESIANO\",\"description\":\"Site da Pastoral Universit\u00e1ria do UniSALESIANO\",\"potentialAction\":[{\"@type\":\"SearchAction\",\"target\":{\"@type\":\"EntryPoint\",\"urlTemplate\":\"https:\\\/\\\/unisale.com.br\\\/pastoral\\\/?s={search_term_string}\"},\"query-input\":{\"@type\":\"PropertyValueSpecification\",\"valueRequired\":true,\"valueName\":\"search_term_string\"}}],\"inLanguage\":\"pt-BR\"},{\"@type\":\"Person\",\"@id\":\"https:\\\/\\\/unisale.com.br\\\/pastoral\\\/#\\\/schema\\\/person\\\/492d3d7bfe53a8302576d39485aff2c4\",\"name\":\"Luiz Alexandre Marinho Lanzoni\",\"url\":\"https:\\\/\\\/unisale.com.br\\\/pastoral\\\/author\\\/luiz\\\/\"}]}<\/script>\n<!-- \/ Yoast SEO plugin. -->","yoast_head_json":{"title":"01\/08 - Eu Sou o P\u00e3o da Vida - Pastoral Universit\u00e1ria UniSALESIANO","robots":{"index":"index","follow":"follow","max-snippet":"max-snippet:-1","max-image-preview":"max-image-preview:large","max-video-preview":"max-video-preview:-1"},"canonical":"https:\/\/unisale.com.br\/novo\/eu-sou-o-pao-da-vida\/","og_locale":"pt_BR","og_type":"article","og_title":"01\/08 - Eu Sou o P\u00e3o da Vida - Pastoral Universit\u00e1ria UniSALESIANO","og_description":"XVIII Domingo do Tempo Comum \u2013 01.08.21 &nbsp; Evangelho (Jo 6,24-35) &nbsp; \u201cEu Sou o P\u00e3o da Vida\u201d &nbsp; Naquele tempo, 24quando a multid\u00e3o viu...","og_url":"https:\/\/unisale.com.br\/novo\/eu-sou-o-pao-da-vida\/","og_site_name":"Pastoral Universit\u00e1ria UniSALESIANO","article_published_time":"2021-07-23T17:16:55+00:00","og_image":[{"width":1920,"height":1080,"url":"https:\/\/unisale.com.br\/novo\/wp-content\/uploads\/2021\/07\/01.png","type":"image\/png"}],"author":"Luiz Alexandre Marinho Lanzoni","twitter_card":"summary_large_image","twitter_misc":{"Escrito por":"Luiz Alexandre Marinho Lanzoni","Est. tempo de leitura":"4 minutos"},"schema":{"@context":"https:\/\/schema.org","@graph":[{"@type":"Article","@id":"https:\/\/unisale.com.br\/novo\/eu-sou-o-pao-da-vida\/#article","isPartOf":{"@id":"https:\/\/unisale.com.br\/novo\/eu-sou-o-pao-da-vida\/"},"author":{"name":"Luiz Alexandre Marinho Lanzoni","@id":"https:\/\/unisale.com.br\/pastoral\/#\/schema\/person\/492d3d7bfe53a8302576d39485aff2c4"},"headline":"01\/08 &#8211; Eu Sou o P\u00e3o da Vida","datePublished":"2021-07-23T17:16:55+00:00","mainEntityOfPage":{"@id":"https:\/\/unisale.com.br\/novo\/eu-sou-o-pao-da-vida\/"},"wordCount":730,"image":{"@id":"https:\/\/unisale.com.br\/novo\/eu-sou-o-pao-da-vida\/#primaryimage"},"thumbnailUrl":"https:\/\/unisale.com.br\/pastoral\/wp-content\/uploads\/2021\/07\/01.png","articleSection":["Reflex\u00e3o do Evangelho"],"inLanguage":"pt-BR"},{"@type":"WebPage","@id":"https:\/\/unisale.com.br\/novo\/eu-sou-o-pao-da-vida\/","url":"https:\/\/unisale.com.br\/novo\/eu-sou-o-pao-da-vida\/","name":"01\/08 - Eu Sou o P\u00e3o da Vida - Pastoral Universit\u00e1ria UniSALESIANO","isPartOf":{"@id":"https:\/\/unisale.com.br\/pastoral\/#website"},"primaryImageOfPage":{"@id":"https:\/\/unisale.com.br\/novo\/eu-sou-o-pao-da-vida\/#primaryimage"},"image":{"@id":"https:\/\/unisale.com.br\/novo\/eu-sou-o-pao-da-vida\/#primaryimage"},"thumbnailUrl":"https:\/\/unisale.com.br\/pastoral\/wp-content\/uploads\/2021\/07\/01.png","datePublished":"2021-07-23T17:16:55+00:00","author":{"@id":"https:\/\/unisale.com.br\/pastoral\/#\/schema\/person\/492d3d7bfe53a8302576d39485aff2c4"},"inLanguage":"pt-BR","potentialAction":[{"@type":"ReadAction","target":["https:\/\/unisale.com.br\/novo\/eu-sou-o-pao-da-vida\/"]}]},{"@type":"ImageObject","inLanguage":"pt-BR","@id":"https:\/\/unisale.com.br\/novo\/eu-sou-o-pao-da-vida\/#primaryimage","url":"https:\/\/unisale.com.br\/pastoral\/wp-content\/uploads\/2021\/07\/01.png","contentUrl":"https:\/\/unisale.com.br\/pastoral\/wp-content\/uploads\/2021\/07\/01.png","width":889,"height":500},{"@type":"WebSite","@id":"https:\/\/unisale.com.br\/pastoral\/#website","url":"https:\/\/unisale.com.br\/pastoral\/","name":"Pastoral Universit\u00e1ria UniSALESIANO","description":"Site da Pastoral Universit\u00e1ria do UniSALESIANO","potentialAction":[{"@type":"SearchAction","target":{"@type":"EntryPoint","urlTemplate":"https:\/\/unisale.com.br\/pastoral\/?s={search_term_string}"},"query-input":{"@type":"PropertyValueSpecification","valueRequired":true,"valueName":"search_term_string"}}],"inLanguage":"pt-BR"},{"@type":"Person","@id":"https:\/\/unisale.com.br\/pastoral\/#\/schema\/person\/492d3d7bfe53a8302576d39485aff2c4","name":"Luiz Alexandre Marinho Lanzoni","url":"https:\/\/unisale.com.br\/pastoral\/author\/luiz\/"}]}},"_links":{"self":[{"href":"https:\/\/unisale.com.br\/pastoral\/wp-json\/wp\/v2\/posts\/2528","targetHints":{"allow":["GET"]}}],"collection":[{"href":"https:\/\/unisale.com.br\/pastoral\/wp-json\/wp\/v2\/posts"}],"about":[{"href":"https:\/\/unisale.com.br\/pastoral\/wp-json\/wp\/v2\/types\/post"}],"author":[{"embeddable":true,"href":"https:\/\/unisale.com.br\/pastoral\/wp-json\/wp\/v2\/users\/6"}],"replies":[{"embeddable":true,"href":"https:\/\/unisale.com.br\/pastoral\/wp-json\/wp\/v2\/comments?post=2528"}],"version-history":[{"count":0,"href":"https:\/\/unisale.com.br\/pastoral\/wp-json\/wp\/v2\/posts\/2528\/revisions"}],"wp:featuredmedia":[{"embeddable":true,"href":"https:\/\/unisale.com.br\/pastoral\/wp-json\/wp\/v2\/media\/2513"}],"wp:attachment":[{"href":"https:\/\/unisale.com.br\/pastoral\/wp-json\/wp\/v2\/media?parent=2528"}],"wp:term":[{"taxonomy":"category","embeddable":true,"href":"https:\/\/unisale.com.br\/pastoral\/wp-json\/wp\/v2\/categories?post=2528"},{"taxonomy":"post_tag","embeddable":true,"href":"https:\/\/unisale.com.br\/pastoral\/wp-json\/wp\/v2\/tags?post=2528"}],"curies":[{"name":"wp","href":"https:\/\/api.w.org\/{rel}","templated":true}]}}