{"id":2537,"date":"2021-07-26T10:57:39","date_gmt":"2021-07-26T10:57:39","guid":{"rendered":"https:\/\/unisale.com.br\/pastoral\/?p=2537"},"modified":"2021-07-30T12:48:03","modified_gmt":"2021-07-30T12:48:03","slug":"retiro-espiritual-agosto","status":"publish","type":"post","link":"https:\/\/unisale.com.br\/pastoral\/retiro-espiritual-agosto\/","title":{"rendered":"Retiro Espiritual &#8211; Agosto"},"content":{"rendered":"<p>&nbsp;<\/p>\n<p>&nbsp;<\/p>\n<p><img fetchpriority=\"high\" decoding=\"async\" class=\"size-full wp-image-832\" src=\"https:\/\/unisale.com.br\/pastoral\/wp-content\/uploads\/2021\/04\/COMO-FAZER-o-retiro-espiritual.png\" alt=\"\" width=\"2560\" height=\"587\" srcset=\"https:\/\/unisale.com.br\/pastoral\/wp-content\/uploads\/2021\/04\/COMO-FAZER-o-retiro-espiritual.png 1000w, https:\/\/unisale.com.br\/pastoral\/wp-content\/uploads\/2021\/04\/COMO-FAZER-o-retiro-espiritual-300x69.png 300w, https:\/\/unisale.com.br\/pastoral\/wp-content\/uploads\/2021\/04\/COMO-FAZER-o-retiro-espiritual-1024x235.png 1024w, https:\/\/unisale.com.br\/pastoral\/wp-content\/uploads\/2021\/04\/COMO-FAZER-o-retiro-espiritual-768x176.png 768w, https:\/\/unisale.com.br\/pastoral\/wp-content\/uploads\/2021\/04\/COMO-FAZER-o-retiro-espiritual-1536x352.png 1536w, https:\/\/unisale.com.br\/pastoral\/wp-content\/uploads\/2021\/04\/COMO-FAZER-o-retiro-espiritual-2048x470.png 2048w\" sizes=\"(max-width: 2560px) 100vw, 2560px\" \/><\/p>\n<p><strong>\u201cVoca\u00e7\u00e3o, o caminho para responder ao chamado de Deus\u201d<\/strong><\/p>\n<p>&nbsp;<\/p>\n<ol>\n<li><strong>Introdu\u00e7\u00e3o<\/strong><\/li>\n<\/ol>\n<p>&nbsp;<\/p>\n<p>Desde o m\u00eas de maio deste ano, mensalmente, a Pastoral da Universidade do UniSALESIANO de Ara\u00e7atuba vem disponibilizando um itiner\u00e1rio para se fazer um Retiro Espiritual. Cada m\u00eas, um tema vem sendo proposto como reflex\u00e3o para o retiro. Neste m\u00eas de agosto, o tema \u00e9 vocacional.<\/p>\n<p>Normalmente, quando falamos de voca\u00e7\u00e3o, somos tentados a limitar o tema nos campos da voca\u00e7\u00e3o sacerdotal, religiosa, matrimonial e laical, ou seja, a reflex\u00e3o \u00e9 sempre sobre o \u2018estado de vida\u2019. Mas, acredito que dever\u00edamos expandir o horizonte vocacional. Al\u00e9m de refletir sobre as voca\u00e7\u00f5es na Igreja: vida religiosa, vida matrimonial, vida sacerdotal, catequista, voca\u00e7\u00e3o leiga (diversas pastorais), vida de solteiro (S\u00ednodo dos Jovens), somos chamados a refletir sobre a nossa voca\u00e7\u00e3o no mundo. Estamos numa Universidade Cat\u00f3lica Salesiana, precisamos ajudar os jovens a refletirem sobre a sua miss\u00e3o no mundo. A miss\u00e3o que escolheram \u2013 diversos cursos \u2013 n\u00e3o \u00e9 s\u00f3 uma prepara\u00e7\u00e3o profissional, mas \u00e9 uma prepara\u00e7\u00e3o para a pr\u00f3pria miss\u00e3o no mundo. A voca\u00e7\u00e3o de ser: m\u00e9dico, engenheiro, profissional de educa\u00e7\u00e3o f\u00edsica, psic\u00f3logo, m\u00e9dico veterin\u00e1rio, arquiteto, advogado, enfermeiro, farmac\u00eautico, etc&#8230;, todos os cursos preparam os jovens para uma miss\u00e3o no mundo. Quando o jovem escolhe uma profiss\u00e3o, ele precisa saber que est\u00e1 respondendo a um chamado vocacional. E toda voca\u00e7\u00e3o nos \u00e9 dada por Deus. O empenho do estudante na universidade, depois a sua colabora\u00e7\u00e3o e presen\u00e7a no mundo como um profissional qualificado, \u00e9 uma resposta vocacional a Deus, que chama cada um a ser no mundo, um cooperador na obra da cria\u00e7\u00e3o (Laudato Si). Portanto, a voca\u00e7\u00e3o de cada um \u00e9 o caminho para responder ao chamado de Deus. Ent\u00e3o, cada um deve se perguntar: Deus, o que queres que eu fa\u00e7a?<\/p>\n<p>&nbsp;<\/p>\n<p>&nbsp;<\/p>\n<p>Rezemos:<\/p>\n<p>&nbsp;<\/p>\n<p><em>\u201cEsp\u00edrito Santo de amor, ensina-me o caminho de minha voca\u00e7\u00e3o.<\/em><\/p>\n<p><em>Eu quero que minha vida seja bela e plena.<\/em><\/p>\n<p><em>D\u00e1-me coragem para enfrentar as decis\u00f5es desse meu caminho!<\/em><\/p>\n<p><em>M\u00e3e Aparecida, esteja sempre comigo<\/em><\/p>\n<p><em>e me leve sempre para bem perto de seu Filho Jesus,<\/em><\/p>\n<p><em>para que eu seja perseverante em minha voca\u00e7\u00e3o!<\/em><\/p>\n<p><em>Am\u00e9m\u201d.<\/em><\/p>\n<p>&nbsp;<\/p>\n<ol start=\"2\">\n<li><strong>Medita\u00e7\u00e3o I: \u201cVoca\u00e7\u00e3o, o caminho para responder ao chamado de Deus.\u201d<\/strong><\/li>\n<\/ol>\n<p><strong>\u00a0<\/strong><\/p>\n<p>A primeira coisa que devemos refletir \u00e9 que Voca\u00e7\u00e3o \u00e9 um chamado. E o primeiro grande chamado que Deus fez a n\u00f3s \u00e9 a vida. Deus nos criou com o \u201csopro\u201d de vida e para a vida: \u201cAntes que no seio fosses formado, eu j\u00e1 te conhecia; antes de teu nascimento, eu j\u00e1 te havia consagrado\u201d (Jr 1, 5).<\/p>\n<p>Um segundo elemento importante da nossa reflex\u00e3o \u00e9 o fato de que fomos criados \u00e0 \u201cimagem e semelhan\u00e7a de Deus\u201d (Gn 1,26). E sendo Deus santo, no decorrer de nossa vida, tamb\u00e9m somos chamados a viver em santidade. \u201cSede santos, porque Eu sou santo\u201d (1Ped 1,16). Eis a nossa primeira voca\u00e7\u00e3o, comum a todos os crist\u00e3os: o chamado \u00e0 santidade. O Senhor nos pede santidade e pelo \u00e1rduo trabalho de nos santificar, Ele nos oferece uma felicidade que n\u00e3o passa. Ao nos conscientizarmos desta vontade de Deus sobre a nossa santidade, vamos perceber que n\u00e3o fomos criados para uma vida insignificante, superficial e incerta.<\/p>\n<p>Quando e como saberemos que estamos no caminho que nos santifica? Quando nossa consci\u00eancia nos apontar que executamos tudo com amor. Quando nos dedicamos com amor aos estudos, ao trabalho e aos nossos compromissos, damos testemunho de santidade. No conv\u00edvio com a fam\u00edlia, amigos e pessoas conhecidas, damos testemunho de santidade quando nos amamos, sinceramente. Afinal, o pr\u00f3prio Jesus nos indicou:\u00a0 <em>\u201cAmar\u00e1s, pois, ao Senhor teu Deus de todo o teu cora\u00e7\u00e3o, e de toda a tua alma, e de todo o teu entendimento, e de todas as tuas for\u00e7as; este \u00e9 o primeiro mandamento. E o segundo, \u00e9 semelhante a este: Amar\u00e1s o teu pr\u00f3ximo como a ti mesmo. N\u00e3o h\u00e1 outro mandamento maior do que estes\u201d<\/em> (Mc 12,30,31).<\/p>\n<p>N\u00e3o importa se sua voca\u00e7\u00e3o \u00e9 matrimonial, sacerdotal, religiosa ou \u00e0 vida consagrada, ser santo \u00e9 viver com alegria e coragem a pr\u00f3pria voca\u00e7\u00e3o. \u201cTodos os fi\u00e9is, seja qual for a sua condi\u00e7\u00e3o ou estado, s\u00e3o chamados pelo Senhor \u00e0 perfei\u00e7\u00e3o do Pai, cada um por seu caminho\u201d (Lumen Gentium, n.11). Ou seja: a santidade \u00e9 o caminho de todas as voca\u00e7\u00f5es!<\/p>\n<p>At\u00e9 agora refletimos o sentido da voca\u00e7\u00e3o ligada ao nosso \u201cser\u201d, mas a voca\u00e7\u00e3o possui outro sentido que est\u00e1 ligado ao nosso \u201cfazer\u201d. Mas, \u00e9 preciso saber que \u00e9 dif\u00edcil fazer esta distin\u00e7\u00e3o de modo claro, pois o \u201cser\u201d e o \u201cfazer\u201d s\u00e3o complementares. Um est\u00e1 de tal modo ligado ao outro que s\u00f3 poderemos ser pessoas felizes se o nosso \u201cser\u201d e o nosso \u201cfazer\u201d forem desenvolvidos, concomitantemente, integralmente, e em correspond\u00eancia m\u00fatua.<\/p>\n<p>Ent\u00e3o, quando falamos de voca\u00e7\u00e3o, estamos fazendo refer\u00eancia tamb\u00e9m \u00e0quele talento natural que uma pessoa tem ou desenvolve com facilidade. Por isso, quando realizamos a nossa voca\u00e7\u00e3o, encontramos prazer em executar uma a\u00e7\u00e3o, e por mais dificuldades que encontre, ela n\u00e3o se sente insatisfeita, nem sequer tem vontade de desistir.<\/p>\n<p>Mas, a voca\u00e7\u00e3o tamb\u00e9m pode ser definida como profiss\u00e3o? Certamente, quando falamos de profiss\u00e3o, tamb\u00e9m estamos falando do trabalho ou carreira que uma pessoa deseja trilhar. Para se exercer uma profiss\u00e3o, \u00e9 preciso ter uma voca\u00e7\u00e3o. A profiss\u00e3o \u00e9 uma resposta vocacional. Se a pessoa escolhe a sua profiss\u00e3o pelo simples fato de ter um retorno financeiro satisfat\u00f3rio, pode ser que ela descubra que escolheu um caminho que n\u00e3o a possibilita de se realizar, profissionalmente, e nem t\u00e3o pouco, humanamente, falando.<\/p>\n<p>Existe uma rela\u00e7\u00e3o entre voca\u00e7\u00e3o e profiss\u00e3o que vai muito al\u00e9m do que voc\u00ea gosta, do servi\u00e7o que realiza ou do local onde trabalha. \u00c9 a decis\u00e3o do caminho que vai seguir em sua vida a partir dessa escolha. A voca\u00e7\u00e3o n\u00e3o envolve apenas as suas habilidades e fazer aquilo que te deixa feliz. \u00c9 voc\u00ea ter for\u00e7as para ir al\u00e9m do que foi proposto e alcan\u00e7ar os resultados. Ela surge a partir de algo que te deixou incomodado e fez voc\u00ea ir atr\u00e1s de respostas. A paix\u00e3o \u00e9 a sua dedica\u00e7\u00e3o naquilo em que acredita. O resultado dessa uni\u00e3o entre profiss\u00e3o, paix\u00e3o e voca\u00e7\u00e3o \u00e9 que voc\u00ea n\u00e3o ter\u00e1 um trabalho cansativo e angustiante. Voc\u00ea estar\u00e1 ali para enfrentar os desafios, fazer o que ama, influenciar vidas e ter satisfa\u00e7\u00e3o pessoal.<\/p>\n<p>O que podemos dizer \u00e9 que voca\u00e7\u00e3o e profiss\u00e3o s\u00e3o sin\u00f4nimos de servi\u00e7o, cada um \u00e0 sua maneira. A voca\u00e7\u00e3o \u00e9 gra\u00e7a de Deus! Voca\u00e7\u00e3o e profiss\u00e3o \u00e9 miss\u00e3o. Compreender sua miss\u00e3o diante do Reino de Deus tamb\u00e9m ajuda na hora de optar por uma carreira profissional. Afinal, um pai e esposo, ou uma m\u00e3e, pode ser tamb\u00e9m professor(a), engenheiro(a) ou vendedor(a), mas sem deixar de lado os valores crist\u00e3os.<\/p>\n<p>\u00c9 interessante notar que a gera\u00e7\u00e3o Y, como s\u00e3o chamados os jovens nascidos entre o in\u00edcio da d\u00e9cada de 1980 e meados da d\u00e9cada de 1990, j\u00e1 n\u00e3o querem somente o retorno financeiro na profiss\u00e3o. Eles procuram o equil\u00edbrio entre sucesso e satisfa\u00e7\u00e3o (Voca\u00e7\u00e3o e profiss\u00e3o. Afinal, passamos, pelo menos, a metade do dia no trabalho. Ent\u00e3o, \u00e9 melhor que essa atividade seja prazerosa, tanto quanto economicamente ben\u00e9fica, certo?<\/p>\n<p>Para descobrirmos de maneira acertada a nossa Voca\u00e7\u00e3o\/Profiss\u00e3o, \u00e9 importante que voc\u00ea identifique o que te move. O primeiro aspecto que a pessoa precisa considerar na escolha da sua profiss\u00e3o \u00e9 o que ela pretende com seu trabalho. Seus anseios se limitam a um bom sal\u00e1rio? Deseja ajudar pessoas? Conquistar uma posi\u00e7\u00e3o de poder, na qual voc\u00ea ter\u00e1 autonomia para tomar decis\u00f5es? Quer gerenciar esquipes? Ou prefere mostrar sua arte para o mundo? O chamado profissional est\u00e1 ligado aos seus talentos, que, se praticados, podem virar uma atividade produtiva. Orienta\u00e7\u00e3o vocacional tem a ver com sua ess\u00eancia, com o que voc\u00ea acredita e com o que te traz sentimento de satisfa\u00e7\u00e3o, de miss\u00e3o cumprida.<\/p>\n<p>Concluindo, \u00e9 preciso, pois, unir voca\u00e7\u00e3o e profiss\u00e3o. O fil\u00f3sofo chin\u00eas Conf\u00facio dizia: \u201cEscolha um trabalho que voc\u00ea ama e nunca ter\u00e1 que trabalhar um dia sequer em sua vida\u201d. Reflita sobre qual \u00e9 a sua miss\u00e3o. Onde voc\u00ea enxerga prop\u00f3sito para investir sua dedica\u00e7\u00e3o, seu tempo e seu esfor\u00e7o? Descubra a sua voca\u00e7\u00e3o.<\/p>\n<p>&nbsp;<\/p>\n<p>&nbsp;<\/p>\n<ol start=\"3\">\n<li><strong>Medita\u00e7\u00e3o II: MENSAGEM DO PAPA FRANCISCO<\/strong><\/li>\n<\/ol>\n<p><strong>PARA O 58\u00ba DIA MUNDIAL DE ORA\u00c7\u00c3O PELAS VOCA\u00c7\u00d5ES<a href=\"#_ftn1\" name=\"_ftnref1\">[1]<\/a><\/strong><\/p>\n<p>&nbsp;<\/p>\n<p>[25 de abril de 2021 \u2013 IV Domingo da P\u00e1scoa]<\/p>\n<p>&nbsp;<\/p>\n<p>\u201cS\u00e3o Jos\u00e9, o sonho da voca\u00e7\u00e3o\u201d<\/p>\n<p>&nbsp;<\/p>\n<p>Queridos irm\u00e3os e irm\u00e3s!<\/p>\n<p>&nbsp;<\/p>\n<p>No dia 8 de dezembro passado, teve in\u00edcio o Ano especial dedicado a S\u00e3o Jos\u00e9, por ocasi\u00e3o do 150\u00ba anivers\u00e1rio da declara\u00e7\u00e3o dele como Padroeiro da Igreja universal (cf. Decreto da Penitenciaria Apost\u00f3lica, 8 de dezembro de 2020). Da parte minha, escrevi a carta apost\u00f3lica Patris corde, com o objetivo de \u00abaumentar o amor por este grande Santo\u00bb (concl.). Trata-se realmente duma figura extraordin\u00e1ria e, ao mesmo tempo, \u00abt\u00e3o pr\u00f3xima da condi\u00e7\u00e3o humana de cada um de n\u00f3s\u00bb (introd.). S\u00e3o Jos\u00e9 n\u00e3o sobressa\u00eda, n\u00e3o estava dotado de particulares carismas, n\u00e3o se apresentava especial aos olhos de quem se cruzava com ele. N\u00e3o era famoso, nem se fazia notar: dele, os Evangelhos n\u00e3o transcrevem uma palavra sequer. Contudo, atrav\u00e9s da sua vida normal, realizou algo de extraordin\u00e1rio aos olhos de Deus.<\/p>\n<p>&nbsp;<\/p>\n<p>Deus v\u00ea o cora\u00e7\u00e3o (cf. 1 Sam 16, 7) e, em S\u00e3o Jos\u00e9, reconheceu um cora\u00e7\u00e3o de pai, capaz de dar e gerar vida no dia a dia. \u00c9 isto mesmo que as voca\u00e7\u00f5es tendem a fazer: gerar e regenerar vidas todos os dias. O Senhor deseja moldar cora\u00e7\u00f5es de pais, cora\u00e7\u00f5es de m\u00e3es: cora\u00e7\u00f5es abertos, capazes de grandes \u00edmpetos, generosos na doa\u00e7\u00e3o, compassivos para consolar as ang\u00fastias e firmes para fortalecer as esperan\u00e7as. Disto mesmo t\u00eam necessidade o sacerd\u00f3cio e a vida consagrada, particularmente nos dias de hoje, nestes tempos marcados por fragilidades e tribula\u00e7\u00f5es devidas tamb\u00e9m \u00e0 pandemia que tem suscitado incertezas e medos sobre o futuro e o pr\u00f3prio sentido da vida. S\u00e3o Jos\u00e9 vem em nossa ajuda com a sua mansid\u00e3o, como Santo ao p\u00e9 da porta; simultaneamente pode, com o seu forte testemunho, guiar-nos no caminho.<\/p>\n<p>&nbsp;<\/p>\n<p>A vida de S\u00e3o Jos\u00e9 sugere-nos tr\u00eas palavras-chave para a voca\u00e7\u00e3o de cada um. A primeira \u00e9 sonho. Todos sonham realizar-se na vida. E \u00e9 justo nutrir aspira\u00e7\u00f5es grandes, expectativas altas, que objetivos ef\u00eameros como o sucesso, a riqueza e a divers\u00e3o n\u00e3o conseguem satisfazer. Realmente, se ped\u00edssemos \u00e0s pessoas para traduzirem numa s\u00f3 palavra o sonho da sua vida, n\u00e3o seria dif\u00edcil imaginar a resposta: \u00abamor\u00bb. \u00c9 o amor que d\u00e1 sentido \u00e0 vida, porque revela o seu mist\u00e9rio. Pois s\u00f3 se tem a vida que se d\u00e1, s\u00f3 se possui de verdade a vida que se doa plenamente. A este prop\u00f3sito, muito nos tem a dizer S\u00e3o Jos\u00e9, pois, atrav\u00e9s dos sonhos que Deus lhe inspirou, fez da sua exist\u00eancia um dom.<\/p>\n<p>&nbsp;<\/p>\n<p>Os Evangelhos falam de quatro sonhos (cf. Mt 1, 20; 2, 13.19.22). Apesar de serem chamadas divinas, n\u00e3o eram f\u00e1ceis de acolher. Depois de cada um dos sonhos, Jos\u00e9 teve de alterar os seus planos e entrar em jogo para executar os misteriosos projetos de Deus, sacrificando os pr\u00f3prios. Confiou plenamente. Podemos perguntar-nos: \u00abQue era um sonho noturno, para o seguir com tanta confian\u00e7a?\u00bb Por mais aten\u00e7\u00e3o que se lhe pudesse prestar na antiguidade, valia sempre muito pouco quando comparado com a realidade concreta da vida. Todavia S\u00e3o Jos\u00e9 deixou-se guiar decididamente pelos sonhos. Por qu\u00ea? Porque o seu cora\u00e7\u00e3o estava orientado para Deus, estava j\u00e1 predisposto para Ele. Para o seu vigilante \u00abouvido interior\u00bb era suficiente um pequeno sinal para reconhecer a voz divina. O mesmo se passa com a nossa voca\u00e7\u00e3o: Deus n\u00e3o gosta de Se revelar de forma espetacular, for\u00e7ando a nossa liberdade. Transmite-nos os seus projetos com mansid\u00e3o; n\u00e3o nos ofusca com vis\u00f5es esplendorosas, mas dirige-Se delicadamente \u00e0 nossa interioridade, entrando no nosso \u00edntimo e falando-nos atrav\u00e9s dos nossos pensamentos e sentimentos. E assim nos prop\u00f5e, como fez com S\u00e3o Jos\u00e9, metas elevadas e surpreendentes.<\/p>\n<p>&nbsp;<\/p>\n<p>Na realidade, os sonhos introduziram Jos\u00e9 em aventuras que nunca teria imaginado. O primeiro perturbou o seu noivado, mas tornou-o pai do Messias; o segundo f\u00ea-lo fugir para o Egito, mas salvou a vida da sua fam\u00edlia. Depois do terceiro, que ordenava o regresso \u00e0 p\u00e1tria, vem o quarto que o levou a mudar os planos, fazendo-o seguir para Nazar\u00e9, onde precisamente Jesus havia de come\u00e7ar o an\u00fancio do Reino de Deus. Por conseguinte, em todos estes transtornos, revelou-se vitoriosa a coragem de seguir a vontade de Deus. Assim acontece na voca\u00e7\u00e3o: a chamada divina impele sempre a sair, a dar-se, a ir mais al\u00e9m. N\u00e3o h\u00e1 f\u00e9 sem risco. S\u00f3 abandonando-se confiadamente \u00e0 gra\u00e7a, deixando de lado os pr\u00f3prios programas e comodidades, \u00e9 que se diz verdadeiramente \u00absim\u00bb a Deus. E cada \u00absim\u00bb produz fruto, porque adere a um des\u00edgnio maior, do qual entrevemos apenas alguns detalhes, mas que o Artista divino conhece e desenvolve para fazer de cada vida uma obra-prima. Neste sentido, S\u00e3o Jos\u00e9 constitui um \u00edcone exemplar do acolhimento dos projetos de Deus. Trata-se, por\u00e9m, de um acolhimento ativo, nunca de abdica\u00e7\u00e3o nem capitula\u00e7\u00e3o; ele \u00abn\u00e3o \u00e9 um homem resignado passivamente. O seu protagonismo \u00e9 corajoso e forte\u00bb (Carta ap. Patris corde, 4). Que ele ajude a todos, sobretudo aos jovens em discernimento, a realizar os sonhos que Deus tem para cada um; inspire a corajosa intrepidez de dizer \u00absim\u00bb ao Senhor, que sempre surpreende e nunca desilude!<\/p>\n<p>&nbsp;<\/p>\n<p>Uma segunda palavra marca o itiner\u00e1rio de S\u00e3o Jos\u00e9 e da voca\u00e7\u00e3o: servi\u00e7o. Dos Evangelhos, resulta como ele viveu em tudo para os outros e nunca para si mesmo. O Povo santo de Deus chama-lhe cast\u00edssimo esposo, desvendando assim a sua capacidade de amar sem nada reservar para si pr\u00f3prio. Libertando o amor de qualquer posse, abriu-se realmente a um servi\u00e7o ainda mais fecundo: o seu cuidado amoroso atravessou as gera\u00e7\u00f5es, a sua cust\u00f3dia sol\u00edcita tornou-o patrono da Igreja. Ele que soube encarnar o sentido oblativo da vida, \u00e9 tamb\u00e9m patrono da boa-morte. Contudo o seu servi\u00e7o e os seus sacrif\u00edcios s\u00f3 foram poss\u00edveis, porque sustentados por um amor maior: \u00abToda a verdadeira voca\u00e7\u00e3o nasce do dom de si mesmo, que \u00e9 a matura\u00e7\u00e3o do simples sacrif\u00edcio. Mesmo no sacerd\u00f3cio e na vida consagrada, requer-se este g\u00eanero de maturidade. Quando uma voca\u00e7\u00e3o matrimonial, celibat\u00e1ria ou virginal n\u00e3o chega \u00e0 matura\u00e7\u00e3o do dom de si mesmo, detendo-se apenas na l\u00f3gica do sacrif\u00edcio, ent\u00e3o, em vez de significar a beleza e a alegria do amor, corre o risco de exprimir infelicidade, tristeza e frustra\u00e7\u00e3o\u00bb (Ibid., 7).<\/p>\n<p>&nbsp;<\/p>\n<p>O servi\u00e7o, express\u00e3o concreta do dom de si mesmo, n\u00e3o foi para S\u00e3o Jos\u00e9 apenas um alto ideal, mas tornou-se regra da vida di\u00e1ria. Empenhou-se para encontrar e adaptar um alojamento onde Jesus pudesse nascer; prodigalizou-se para O defender da f\u00faria de Herodes, apressando-se a organizar a viagem para o Egito; voltou rapidamente a Jerusal\u00e9m \u00e0 procura de Jesus que tinham perdido; sustentou a fam\u00edlia trabalhando, mesmo em terra estrangeira. Em resumo, adaptou-se \u00e0s v\u00e1rias circunst\u00e2ncias com a atitude de quem n\u00e3o desanima se a vida n\u00e3o lhe corre como queria: com a disponibilidade de quem vive para servir. Com este esp\u00edrito, Jos\u00e9 empreendeu as viagens numerosas e muitas vezes imprevistas da vida: de Nazar\u00e9 a Bel\u00e9m para o recenseamento, em seguida para Egito, depois para Nazar\u00e9 e, anualmente, a Jerusal\u00e9m, sempre pronto a enfrentar novas circunst\u00e2ncias, sem se lamentar do que sucedia, mas dispon\u00edvel para dar uma m\u00e3o a fim de reajustar as situa\u00e7\u00f5es. Pode-se dizer que foi a m\u00e3o estendida do Pai Celeste para o seu Filho na terra. Assim n\u00e3o pode deixar de ser modelo para todas as voca\u00e7\u00f5es, que a isto mesmo s\u00e3o chamadas: ser as m\u00e3os operosas do Pai em prol dos seus filhos e filhas.<\/p>\n<p>&nbsp;<\/p>\n<p>Por isso gosto de pensar em S\u00e3o Jos\u00e9, guardi\u00e3o de Jesus e da Igreja, como guardi\u00e3o das voca\u00e7\u00f5es. Com efeito, da pr\u00f3pria disponibilidade em servir, deriva o seu cuidado em guardar. \u00abLevantou-se de noite, tomou o menino e sua m\u00e3e\u00bb (Mt 2, 14): refere o Evangelho, indicando a sua disponibilidade e dedica\u00e7\u00e3o \u00e0 fam\u00edlia. N\u00e3o perdeu tempo a cismar sobre o que estava errado, para n\u00e3o o subtrair a quem lhe estava confiado. Este cuidado atento e sol\u00edcito \u00e9 o sinal duma voca\u00e7\u00e3o realizada. \u00c9 o testemunho duma vida tocada pelo amor de Deus. Que belo exemplo de vida crist\u00e3 oferecemos quando n\u00e3o seguimos obstinadamente as nossas ambi\u00e7\u00f5es nem nos deixamos paralisar pelas nossas nostalgias, mas cuidamos de quanto nos confia o Senhor, por meio da Igreja! Ent\u00e3o Deus derrama o seu Esp\u00edrito, a sua criatividade sobre n\u00f3s; e realiza maravilhas, como em Jos\u00e9.<\/p>\n<p>&nbsp;<\/p>\n<p>Al\u00e9m da chamada de Deus \u2013 que realiza os nossos sonhos maiores \u2013 e da nossa resposta \u2013 que se concretiza no servi\u00e7o pronto e no cuidado carinhoso \u2013, h\u00e1 um terceiro aspecto que atravessa a vida de S\u00e3o Jos\u00e9 e a voca\u00e7\u00e3o crist\u00e3, cadenciando o seu dia a dia: a fidelidade. Jos\u00e9 \u00e9 o \u00abhomem justo\u00bb (Mt 1, 19) que, no trabalho silencioso de cada dia, persevera na ades\u00e3o a Deus e aos seus des\u00edgnios. Num momento particularmente dif\u00edcil, det\u00e9m-se \u00aba pensar\u00bb em tudo (cf. Mt 1, 20). Medita, pondera: n\u00e3o se deixa dominar pela pressa, n\u00e3o cede \u00e0 tenta\u00e7\u00e3o de tomar decis\u00f5es precipitadas, n\u00e3o segue o instinto nem se cinge \u00e0quele instante. Tudo repassa com paci\u00eancia. Sabe que a exist\u00eancia se constr\u00f3i apenas sobre uma cont\u00ednua ades\u00e3o \u00e0s grandes op\u00e7\u00f5es. Isto corresponde \u00e0 laboriosidade calma e constante com que desempenhou a profiss\u00e3o humilde de carpinteiro (cf. Mt 13, 55), pela qual inspirou, n\u00e3o as cr\u00f4nicas da \u00e9poca, mas a vida cotidiana de cada pai, cada trabalhador, cada crist\u00e3o ao longo dos s\u00e9culos. Porque a voca\u00e7\u00e3o, como a vida, s\u00f3 amadurece atrav\u00e9s da fidelidade de cada dia.<\/p>\n<p>&nbsp;<\/p>\n<p>Como se alimenta esta fidelidade? \u00c0 luz da fidelidade de Deus. As primeiras palavras recebidas em sonho por S\u00e3o Jos\u00e9 foram o convite a n\u00e3o ter medo, porque Deus \u00e9 fiel \u00e0s suas promessas: \u00abJos\u00e9, filho de David, n\u00e3o temas\u00bb (Mt 1, 20). N\u00e3o temas: s\u00e3o estas as palavras que o Senhor dirige tamb\u00e9m a ti, querida irm\u00e3, e a ti, querido irm\u00e3o, quando, por entre incertezas e hesita\u00e7\u00f5es, sentes como inadi\u00e1vel o desejo de Lhe doar a vida. S\u00e3o as palavras que te repete quando no lugar onde est\u00e1s, talvez no meio de dificuldades e incompreens\u00f5es, te esfor\u00e7as por seguir diariamente a sua vontade. S\u00e3o as palavras que descobres quando, ao longo do itiner\u00e1rio da chamada, retornas ao primeiro amor. S\u00e3o as palavras que, como um refr\u00e3o, acompanham quem diz sim a Deus com a vida como S\u00e3o Jos\u00e9: na fidelidade de cada dia.<\/p>\n<p>&nbsp;<\/p>\n<p>Esta fidelidade \u00e9 o segredo da alegria. Como diz um hino lit\u00fargico, na casa de Nazar\u00e9 reinava \u00abuma alegria cristalina\u00bb. Era a alegria di\u00e1ria e transparente da simplicidade, a alegria que sente quem guarda o que conta: a proximidade fiel a Deus e ao pr\u00f3ximo. Como seria belo se a mesma atmosfera simples e radiosa, s\u00f3bria e esperan\u00e7osa, permeasse os nossos semin\u00e1rios, os nossos institutos religiosos, as nossas resid\u00eancias paroquiais! \u00c9 a alegria que vos desejo a v\u00f3s, irm\u00e3os e irm\u00e3s que generosamente fizestes de Deus o sonho da vida, para O servir nos irm\u00e3os e irm\u00e3s que vos est\u00e3o confiados, atrav\u00e9s duma fidelidade que em si mesma j\u00e1 \u00e9 testemunho, numa \u00e9poca marcada por escolhas passageiras e emo\u00e7\u00f5es que desaparecem sem gerar a alegria. S\u00e3o Jos\u00e9, guardi\u00e3o das voca\u00e7\u00f5es, vos acompanhe com cora\u00e7\u00e3o de pai!<\/p>\n<p>&nbsp;<\/p>\n<p>Roma, S\u00e3o Jo\u00e3o de Latr\u00e3o, 19 de mar\u00e7o de 2021, Solenidade de S\u00e3o Jos\u00e9<\/p>\n<p>&nbsp;<\/p>\n<p>Francisco<\/p>\n<p><strong>\u00a0<\/strong><\/p>\n<ol start=\"4\">\n<li><strong>Para Recordar:<\/strong><\/li>\n<\/ol>\n<p><strong>\u00a0<\/strong><\/p>\n<p>1- \u201cAo conformarmos a nossa vida com a Sua, vivendo como Ele no amor, adquirimos a verdadeira liberdade para respondermos \u00e0 nossa voca\u00e7\u00e3o\u201d. (S. Jo\u00e3o Paulo II)<\/p>\n<p>&nbsp;<\/p>\n<p>2- \u201cFoi s\u00f3 o amor de Jesus que me pode fazer superar essas dificuldades e as outras seguintes, pois foi de seu agrado fazer-me realizar minha voca\u00e7\u00e3o atrav\u00e9s de prova\u00e7\u00f5es muito grandes\u201d. (Santa Teresinha do Menino Jesus)<\/p>\n<p>&nbsp;<\/p>\n<p>3- \u201cGrandes coisas o Senhor nos promete no futuro! Por que a fraqueza humana ainda hesita em acreditar que, um dia, os homens viver\u00e3o em Deus? Muito mais incr\u00edvel \u00e9 o que j\u00e1 aconteceu: Deus morreu pelos homens\u201d. (Santo Agostinho)<\/p>\n<p>&nbsp;<\/p>\n<p>4- \u201cConfie nas m\u00e3os de Deus todos os seus cuidados com o futuro e deixe-se guiar pelo Senhor como uma crian\u00e7a pequena\u201d. (Santa Benedita da Cruz)<\/p>\n<p>&nbsp;<\/p>\n<p>5- \u201cA melhor coisa para n\u00f3s n\u00e3o \u00e9 o que consideramos melhor, mas o que o Senhor quer de n\u00f3s\u201d. (Santa Josefina Bakhita)<\/p>\n<p>&nbsp;<\/p>\n<p>6- \u201cA qualquer um de n\u00f3s Deus indicou o caminho, a voca\u00e7\u00e3o e, al\u00e9m da vida f\u00edsica, a vida da gra\u00e7a. De seguir direito nossa voca\u00e7\u00e3o depende a nossa felicidade terrena e eterna\u201d. (Santa Gianna)<\/p>\n<p>&nbsp;<\/p>\n<p>7- \u201cHabitue-se a ouvir a voz do seu cora\u00e7\u00e3o. \u00c9 atrav\u00e9s dele que Deus fala conosco e nos d\u00e1 a for\u00e7a que necessitamos para seguirmos em frente, vencendo os obst\u00e1culos que surgem na nossa estrada\u201d. (Santa Dulce dos Pobres)<\/p>\n<p>&nbsp;<\/p>\n<p>8- \u201cO que temer? Nada. A quem temer? Ningu\u00e9m. Por qu\u00ea? Porque aqueles que se unem a Deus obt\u00e9m tr\u00eas grandes privil\u00e9gios: onipot\u00eancia sem poder; embriaguez sem vinho e vida sem morte\u201d. (S\u00e3o Francisco de Assis)<\/p>\n<p>&nbsp;<\/p>\n<p><strong>\u00a0<\/strong><strong>\u00a0<\/strong><\/p>\n<ol start=\"5\">\n<li><strong>Exame de Consci\u00eancia<\/strong><\/li>\n<\/ol>\n<p><strong>\u00a0<\/strong><\/p>\n<p>Aconselho a voc\u00ea que, para se fazer um bom exame de consci\u00eancia, \u00e9 importante estar em um lugar tranquilo, preferivelmente, diante do sacr\u00e1rio, para orar. \u00c9 Deus quem pode iluminar sobre nossa realidade e nos dar os meios para responder \u00e0 gra\u00e7a. N\u00e3o \u00e9 enumerar pecados, mas sim descobrir a atitude do cora\u00e7\u00e3o e com DOR POR NOSSOS PECADOS, FAZER O FIRME PROP\u00d3SITO DE N\u00c3O VOLTAR A COMET\u00ca-LOS.<\/p>\n<p>&nbsp;<\/p>\n<p>Sempre h\u00e1 \u00e1reas nas quais somos mais fracos e requerem aten\u00e7\u00e3o especial, mas, se compreendermos que Cristo \u00e9 a medida, veremos que em tudo temos muito que crescer.<\/p>\n<p>&nbsp;<\/p>\n<p><strong>Examinando a consci\u00eancia:<\/strong><\/p>\n<p>&nbsp;<\/p>\n<ol>\n<li>Sou conhecedor de que a minha primeira voca\u00e7\u00e3o \u00e9 a voca\u00e7\u00e3o crist\u00e3 e que viver esta voca\u00e7\u00e3o \u00e9 para mim caminho de santifica\u00e7\u00e3o? Sou consciente de que para viver a voca\u00e7\u00e3o crist\u00e3 eu preciso permanecer no amor de Deus?<\/li>\n<\/ol>\n<p>&nbsp;<\/p>\n<ol start=\"2\">\n<li>\u201cEu sou uma miss\u00e3o nesta terra e, por isso, estou neste mundo\u201d (Papa Francisco). Tenho consci\u00eancia de que a minha voca\u00e7\u00e3o vivida como resposta profissional \u00e9 tamb\u00e9m um caminho para viver a minha miss\u00e3o no mundo? Tenho levado a s\u00e9rio o meu estudo como pessoa consciente que se prepara, atrav\u00e9s da realiza\u00e7\u00e3o profissional, para exercer em nome de Deus uma miss\u00e3o no mundo? Tenho conhecimento de que minha profiss\u00e3o n\u00e3o \u00e9 status, mas uma miss\u00e3o que foi a mim confiada por Deus?<\/li>\n<\/ol>\n<p>&nbsp;<\/p>\n<ol start=\"3\">\n<li>\u201cO Senhor que indica a margem para onde ir\u201d (Papa Francisco). Tenho pensado e organizado o meu Projeto de Vida, procurando de tal modo, que ele tenha correspond\u00eancia com a vontade de Deus para mim? Tenho consci\u00eancia de que o meu Projeto de Vida n\u00e3o pode ser elaborado como um c\u00e1lculo matem\u00e1tico, mas que ele \u00e9 uma resposta elaborada ao chamado que Deus me fez \u00e0 miss\u00e3o que Ele me confia?<\/li>\n<\/ol>\n<p>&nbsp;<\/p>\n<ol start=\"4\">\n<li>Escutar, discernir e viver a Palavra de Deus. Tenho escutado, discernido e vivido a Palavra de Deus consciente de que ela me ajuda a desenvolver meus talentos, de forma que eles se tornem estrat\u00e9gicas ferramentas para o desenvolvimento do mundo?<\/li>\n<\/ol>\n<p>&nbsp;<\/p>\n<ol start=\"5\">\n<li>Tenho consci\u00eancia de que n\u00e3o estou submerso no acaso, mas que sou projeto de Deus para o mundo? Estou ciente de que a minha vida e a minha presen\u00e7a no mundo s\u00e3o fruto de uma voca\u00e7\u00e3o divina?<\/li>\n<\/ol>\n<p>&nbsp;<\/p>\n<p><strong>\u00a0<\/strong><\/p>\n<ol start=\"6\">\n<li><strong>Ato de Contri\u00e7\u00e3o<a href=\"#_ftn2\" name=\"_ftnref2\">[2]<\/a><\/strong><\/li>\n<\/ol>\n<p><strong>\u00a0<\/strong><\/p>\n<p>Senhor, eu me arrependo sinceramente de todo mal que pratiquei e do bem que deixei de fazer. Pecando, eu vos ofendi, meu Deus e meu sumo bem, digno de ser amado sobre todas as coisas. Prometo firmemente, ajudado com a vossa gra\u00e7a, fazer penit\u00eancia e fugir \u00e0s ocasi\u00f5es de pecado. Am\u00e9m!<a href=\"#_ftn3\" name=\"_ftnref3\">[3]<\/a><\/p>\n<p><strong>\u00a0<\/strong><\/p>\n<ol start=\"7\">\n<li><strong>Ora\u00e7\u00e3o Final<\/strong><\/li>\n<\/ol>\n<p><strong>\u00a0<\/strong><\/p>\n<p>Para terminar o nosso Retiro. colhendo dele frutos que permane\u00e7am, rezemos:<\/p>\n<p><strong>\u00a0<\/strong><\/p>\n<p><em>Ora\u00e7\u00e3o do Papa Francisco pelas Voca\u00e7\u00f5es<\/em><\/p>\n<p><em>\u00a0<\/em><\/p>\n<p><em>Pai de miseric\u00f3rdia, que destes o vosso Filho pela nossa salva\u00e7\u00e3o e sempre nos sustentais com os dons do vosso Esp\u00edrito, concedei-nos comunidades crist\u00e3s vivas, fervorosas e felizes, que sejam fontes de vida fraterna e suscitem nos jovens o desejo de se consagrarem a V\u00f3s e \u00e0 evangeliza\u00e7\u00e3o. Sustentai-as no seu compromisso de propor uma adequada catequese vocacional e caminhos de especial consagra\u00e7\u00e3o. Dai sabedoria para o necess\u00e1rio discernimento vocacional, de modo que, em tudo, resplande\u00e7a a grandeza do vosso amor misericordioso. Maria, M\u00e3e e educadora de Jesus, interceda por nossa comunidade crist\u00e3, para que, tornada fecunda pelo Esp\u00edrito Santo, seja fonte de voca\u00e7\u00f5es aut\u00eanticas para o servi\u00e7o do povo santo de Deus.<\/em><\/p>\n<p><em>Assim seja!<\/em><\/p>\n<p>&nbsp;<\/p>\n<p><a href=\"#_ftnref1\" name=\"_ftn1\">[1]<\/a> In: <a href=\"https:\/\/magisbrasil.com\/58oracaopelasvocacoes-20210423\">https:\/\/magisbrasil.com\/58oracaopelasvocacoes-20210423<\/a>. Pesquisado em 07.07.21.<\/p>\n<p><a href=\"#_ftnref2\" name=\"_ftn2\">[2]<\/a> Chama-se Ato de Contri\u00e7\u00e3o Perfeita a um recurso utilizado quando o penitente est\u00e1 impossibilitado de fazer a confiss\u00e3o sacramental e, para n\u00e3o descumprir o segundo mandamento da Igreja: \u201cconfessar-se ao menos uma vez por ano por ocasi\u00e3o da P\u00e1scoa\u201d, reza fervorosamente uma f\u00f3rmula de Ato de Contri\u00e7\u00e3o, com o firme prop\u00f3sito de receber o Sacramento da Reconcilia\u00e7\u00e3o t\u00e3o logo poss\u00edvel.<\/p>\n<p><a href=\"#_ftnref3\" name=\"_ftn3\">[3]<\/a> Retirado do livro \u2018Sou Cat\u00f3lico, vivo a minha f\u00e9, Edi\u00e7\u00f5es CNBB, 5\u00aa edi\u00e7\u00e3o 2019.<\/p>\n","protected":false},"excerpt":{"rendered":"<p>&nbsp; &nbsp; \u201cVoca\u00e7\u00e3o, o caminho para responder ao chamado de Deus\u201d &nbsp; Introdu\u00e7\u00e3o &nbsp; Desde o m\u00eas de maio deste ano, mensalmente, a Pastoral da&#8230;<\/p>\n","protected":false},"author":1,"featured_media":2536,"comment_status":"closed","ping_status":"closed","sticky":false,"template":"","format":"standard","meta":{"_acf_changed":false,"footnotes":""},"categories":[4,15],"tags":[],"class_list":["post-2537","post","type-post","status-publish","format-standard","has-post-thumbnail","hentry","category-event","category-retiro-espiritual"],"acf":[],"yoast_head":"<!-- This site is optimized with the Yoast SEO plugin v27.3 - https:\/\/yoast.com\/product\/yoast-seo-wordpress\/ -->\n<title>Retiro Espiritual - Agosto - Pastoral Universit\u00e1ria UniSALESIANO<\/title>\n<meta name=\"robots\" content=\"index, follow, max-snippet:-1, max-image-preview:large, max-video-preview:-1\" \/>\n<link rel=\"canonical\" href=\"https:\/\/unisale.com.br\/novo\/retiro-espiritual-agosto\/\" \/>\n<meta property=\"og:locale\" content=\"pt_BR\" \/>\n<meta property=\"og:type\" content=\"article\" \/>\n<meta property=\"og:title\" content=\"Retiro Espiritual - Agosto - Pastoral Universit\u00e1ria UniSALESIANO\" \/>\n<meta property=\"og:description\" content=\"&nbsp; &nbsp; \u201cVoca\u00e7\u00e3o, o caminho para responder ao chamado de Deus\u201d &nbsp; Introdu\u00e7\u00e3o &nbsp; Desde o m\u00eas de maio deste ano, mensalmente, a Pastoral da...\" \/>\n<meta property=\"og:url\" content=\"https:\/\/unisale.com.br\/novo\/retiro-espiritual-agosto\/\" \/>\n<meta property=\"og:site_name\" content=\"Pastoral Universit\u00e1ria UniSALESIANO\" \/>\n<meta property=\"article:published_time\" content=\"2021-07-26T10:57:39+00:00\" \/>\n<meta property=\"article:modified_time\" content=\"2021-07-30T12:48:03+00:00\" \/>\n<meta property=\"og:image\" content=\"https:\/\/unisale.com.br\/novo\/wp-content\/uploads\/2021\/07\/postRETIROagosto.png\" \/>\n\t<meta property=\"og:image:width\" content=\"1920\" \/>\n\t<meta property=\"og:image:height\" content=\"1080\" \/>\n\t<meta property=\"og:image:type\" content=\"image\/png\" \/>\n<meta name=\"author\" content=\"pastoral\" \/>\n<meta name=\"twitter:card\" content=\"summary_large_image\" \/>\n<meta name=\"twitter:label1\" content=\"Escrito por\" \/>\n\t<meta name=\"twitter:data1\" content=\"pastoral\" \/>\n\t<meta name=\"twitter:label2\" content=\"Est. tempo de leitura\" \/>\n\t<meta name=\"twitter:data2\" content=\"23 minutos\" \/>\n<script type=\"application\/ld+json\" class=\"yoast-schema-graph\">{\"@context\":\"https:\\\/\\\/schema.org\",\"@graph\":[{\"@type\":\"Article\",\"@id\":\"https:\\\/\\\/unisale.com.br\\\/novo\\\/retiro-espiritual-agosto\\\/#article\",\"isPartOf\":{\"@id\":\"https:\\\/\\\/unisale.com.br\\\/novo\\\/retiro-espiritual-agosto\\\/\"},\"author\":{\"name\":\"pastoral\",\"@id\":\"https:\\\/\\\/unisale.com.br\\\/pastoral\\\/#\\\/schema\\\/person\\\/a16ba711a0f7dec9cb6b44563144d5a3\"},\"headline\":\"Retiro Espiritual &#8211; Agosto\",\"datePublished\":\"2021-07-26T10:57:39+00:00\",\"dateModified\":\"2021-07-30T12:48:03+00:00\",\"mainEntityOfPage\":{\"@id\":\"https:\\\/\\\/unisale.com.br\\\/novo\\\/retiro-espiritual-agosto\\\/\"},\"wordCount\":4559,\"image\":{\"@id\":\"https:\\\/\\\/unisale.com.br\\\/novo\\\/retiro-espiritual-agosto\\\/#primaryimage\"},\"thumbnailUrl\":\"https:\\\/\\\/unisale.com.br\\\/pastoral\\\/wp-content\\\/uploads\\\/2021\\\/07\\\/postRETIROagosto.png\",\"articleSection\":[\"Eventos\",\"Retiro Espiritual\"],\"inLanguage\":\"pt-BR\"},{\"@type\":\"WebPage\",\"@id\":\"https:\\\/\\\/unisale.com.br\\\/novo\\\/retiro-espiritual-agosto\\\/\",\"url\":\"https:\\\/\\\/unisale.com.br\\\/novo\\\/retiro-espiritual-agosto\\\/\",\"name\":\"Retiro Espiritual - Agosto - Pastoral Universit\u00e1ria UniSALESIANO\",\"isPartOf\":{\"@id\":\"https:\\\/\\\/unisale.com.br\\\/pastoral\\\/#website\"},\"primaryImageOfPage\":{\"@id\":\"https:\\\/\\\/unisale.com.br\\\/novo\\\/retiro-espiritual-agosto\\\/#primaryimage\"},\"image\":{\"@id\":\"https:\\\/\\\/unisale.com.br\\\/novo\\\/retiro-espiritual-agosto\\\/#primaryimage\"},\"thumbnailUrl\":\"https:\\\/\\\/unisale.com.br\\\/pastoral\\\/wp-content\\\/uploads\\\/2021\\\/07\\\/postRETIROagosto.png\",\"datePublished\":\"2021-07-26T10:57:39+00:00\",\"dateModified\":\"2021-07-30T12:48:03+00:00\",\"author\":{\"@id\":\"https:\\\/\\\/unisale.com.br\\\/pastoral\\\/#\\\/schema\\\/person\\\/a16ba711a0f7dec9cb6b44563144d5a3\"},\"inLanguage\":\"pt-BR\",\"potentialAction\":[{\"@type\":\"ReadAction\",\"target\":[\"https:\\\/\\\/unisale.com.br\\\/novo\\\/retiro-espiritual-agosto\\\/\"]}]},{\"@type\":\"ImageObject\",\"inLanguage\":\"pt-BR\",\"@id\":\"https:\\\/\\\/unisale.com.br\\\/novo\\\/retiro-espiritual-agosto\\\/#primaryimage\",\"url\":\"https:\\\/\\\/unisale.com.br\\\/pastoral\\\/wp-content\\\/uploads\\\/2021\\\/07\\\/postRETIROagosto.png\",\"contentUrl\":\"https:\\\/\\\/unisale.com.br\\\/pastoral\\\/wp-content\\\/uploads\\\/2021\\\/07\\\/postRETIROagosto.png\",\"width\":889,\"height\":500},{\"@type\":\"WebSite\",\"@id\":\"https:\\\/\\\/unisale.com.br\\\/pastoral\\\/#website\",\"url\":\"https:\\\/\\\/unisale.com.br\\\/pastoral\\\/\",\"name\":\"Pastoral Universit\u00e1ria UniSALESIANO\",\"description\":\"Site da Pastoral Universit\u00e1ria do UniSALESIANO\",\"potentialAction\":[{\"@type\":\"SearchAction\",\"target\":{\"@type\":\"EntryPoint\",\"urlTemplate\":\"https:\\\/\\\/unisale.com.br\\\/pastoral\\\/?s={search_term_string}\"},\"query-input\":{\"@type\":\"PropertyValueSpecification\",\"valueRequired\":true,\"valueName\":\"search_term_string\"}}],\"inLanguage\":\"pt-BR\"},{\"@type\":\"Person\",\"@id\":\"https:\\\/\\\/unisale.com.br\\\/pastoral\\\/#\\\/schema\\\/person\\\/a16ba711a0f7dec9cb6b44563144d5a3\",\"name\":\"pastoral\",\"url\":\"https:\\\/\\\/unisale.com.br\\\/pastoral\\\/author\\\/pastoral\\\/\"}]}<\/script>\n<!-- \/ Yoast SEO plugin. -->","yoast_head_json":{"title":"Retiro Espiritual - Agosto - Pastoral Universit\u00e1ria UniSALESIANO","robots":{"index":"index","follow":"follow","max-snippet":"max-snippet:-1","max-image-preview":"max-image-preview:large","max-video-preview":"max-video-preview:-1"},"canonical":"https:\/\/unisale.com.br\/novo\/retiro-espiritual-agosto\/","og_locale":"pt_BR","og_type":"article","og_title":"Retiro Espiritual - Agosto - Pastoral Universit\u00e1ria UniSALESIANO","og_description":"&nbsp; &nbsp; \u201cVoca\u00e7\u00e3o, o caminho para responder ao chamado de Deus\u201d &nbsp; Introdu\u00e7\u00e3o &nbsp; Desde o m\u00eas de maio deste ano, mensalmente, a Pastoral da...","og_url":"https:\/\/unisale.com.br\/novo\/retiro-espiritual-agosto\/","og_site_name":"Pastoral Universit\u00e1ria UniSALESIANO","article_published_time":"2021-07-26T10:57:39+00:00","article_modified_time":"2021-07-30T12:48:03+00:00","og_image":[{"width":1920,"height":1080,"url":"https:\/\/unisale.com.br\/novo\/wp-content\/uploads\/2021\/07\/postRETIROagosto.png","type":"image\/png"}],"author":"pastoral","twitter_card":"summary_large_image","twitter_misc":{"Escrito por":"pastoral","Est. tempo de leitura":"23 minutos"},"schema":{"@context":"https:\/\/schema.org","@graph":[{"@type":"Article","@id":"https:\/\/unisale.com.br\/novo\/retiro-espiritual-agosto\/#article","isPartOf":{"@id":"https:\/\/unisale.com.br\/novo\/retiro-espiritual-agosto\/"},"author":{"name":"pastoral","@id":"https:\/\/unisale.com.br\/pastoral\/#\/schema\/person\/a16ba711a0f7dec9cb6b44563144d5a3"},"headline":"Retiro Espiritual &#8211; Agosto","datePublished":"2021-07-26T10:57:39+00:00","dateModified":"2021-07-30T12:48:03+00:00","mainEntityOfPage":{"@id":"https:\/\/unisale.com.br\/novo\/retiro-espiritual-agosto\/"},"wordCount":4559,"image":{"@id":"https:\/\/unisale.com.br\/novo\/retiro-espiritual-agosto\/#primaryimage"},"thumbnailUrl":"https:\/\/unisale.com.br\/pastoral\/wp-content\/uploads\/2021\/07\/postRETIROagosto.png","articleSection":["Eventos","Retiro Espiritual"],"inLanguage":"pt-BR"},{"@type":"WebPage","@id":"https:\/\/unisale.com.br\/novo\/retiro-espiritual-agosto\/","url":"https:\/\/unisale.com.br\/novo\/retiro-espiritual-agosto\/","name":"Retiro Espiritual - Agosto - Pastoral Universit\u00e1ria UniSALESIANO","isPartOf":{"@id":"https:\/\/unisale.com.br\/pastoral\/#website"},"primaryImageOfPage":{"@id":"https:\/\/unisale.com.br\/novo\/retiro-espiritual-agosto\/#primaryimage"},"image":{"@id":"https:\/\/unisale.com.br\/novo\/retiro-espiritual-agosto\/#primaryimage"},"thumbnailUrl":"https:\/\/unisale.com.br\/pastoral\/wp-content\/uploads\/2021\/07\/postRETIROagosto.png","datePublished":"2021-07-26T10:57:39+00:00","dateModified":"2021-07-30T12:48:03+00:00","author":{"@id":"https:\/\/unisale.com.br\/pastoral\/#\/schema\/person\/a16ba711a0f7dec9cb6b44563144d5a3"},"inLanguage":"pt-BR","potentialAction":[{"@type":"ReadAction","target":["https:\/\/unisale.com.br\/novo\/retiro-espiritual-agosto\/"]}]},{"@type":"ImageObject","inLanguage":"pt-BR","@id":"https:\/\/unisale.com.br\/novo\/retiro-espiritual-agosto\/#primaryimage","url":"https:\/\/unisale.com.br\/pastoral\/wp-content\/uploads\/2021\/07\/postRETIROagosto.png","contentUrl":"https:\/\/unisale.com.br\/pastoral\/wp-content\/uploads\/2021\/07\/postRETIROagosto.png","width":889,"height":500},{"@type":"WebSite","@id":"https:\/\/unisale.com.br\/pastoral\/#website","url":"https:\/\/unisale.com.br\/pastoral\/","name":"Pastoral Universit\u00e1ria UniSALESIANO","description":"Site da Pastoral Universit\u00e1ria do UniSALESIANO","potentialAction":[{"@type":"SearchAction","target":{"@type":"EntryPoint","urlTemplate":"https:\/\/unisale.com.br\/pastoral\/?s={search_term_string}"},"query-input":{"@type":"PropertyValueSpecification","valueRequired":true,"valueName":"search_term_string"}}],"inLanguage":"pt-BR"},{"@type":"Person","@id":"https:\/\/unisale.com.br\/pastoral\/#\/schema\/person\/a16ba711a0f7dec9cb6b44563144d5a3","name":"pastoral","url":"https:\/\/unisale.com.br\/pastoral\/author\/pastoral\/"}]}},"_links":{"self":[{"href":"https:\/\/unisale.com.br\/pastoral\/wp-json\/wp\/v2\/posts\/2537","targetHints":{"allow":["GET"]}}],"collection":[{"href":"https:\/\/unisale.com.br\/pastoral\/wp-json\/wp\/v2\/posts"}],"about":[{"href":"https:\/\/unisale.com.br\/pastoral\/wp-json\/wp\/v2\/types\/post"}],"author":[{"embeddable":true,"href":"https:\/\/unisale.com.br\/pastoral\/wp-json\/wp\/v2\/users\/1"}],"replies":[{"embeddable":true,"href":"https:\/\/unisale.com.br\/pastoral\/wp-json\/wp\/v2\/comments?post=2537"}],"version-history":[{"count":0,"href":"https:\/\/unisale.com.br\/pastoral\/wp-json\/wp\/v2\/posts\/2537\/revisions"}],"wp:featuredmedia":[{"embeddable":true,"href":"https:\/\/unisale.com.br\/pastoral\/wp-json\/wp\/v2\/media\/2536"}],"wp:attachment":[{"href":"https:\/\/unisale.com.br\/pastoral\/wp-json\/wp\/v2\/media?parent=2537"}],"wp:term":[{"taxonomy":"category","embeddable":true,"href":"https:\/\/unisale.com.br\/pastoral\/wp-json\/wp\/v2\/categories?post=2537"},{"taxonomy":"post_tag","embeddable":true,"href":"https:\/\/unisale.com.br\/pastoral\/wp-json\/wp\/v2\/tags?post=2537"}],"curies":[{"name":"wp","href":"https:\/\/api.w.org\/{rel}","templated":true}]}}