{"id":2566,"date":"2021-07-30T12:57:35","date_gmt":"2021-07-30T12:57:35","guid":{"rendered":"https:\/\/unisale.com.br\/pastoral\/?p=2566"},"modified":"2021-07-30T12:57:35","modified_gmt":"2021-07-30T12:57:35","slug":"coragem-sou-eu-nao-tenhais-medo","status":"publish","type":"post","link":"https:\/\/unisale.com.br\/pastoral\/coragem-sou-eu-nao-tenhais-medo\/","title":{"rendered":"03\/08 &#8211; Coragem! Sou eu. N\u00e3o tenhais medo!"},"content":{"rendered":"<p>Ter\u00e7a-feira, 03 de agosto de 2021.<\/p>\n<p>&nbsp;<\/p>\n<p>Evangelho (Mt 14, 22-36)<\/p>\n<p>&nbsp;<\/p>\n<p><strong>\u201cCoragem! Sou eu. N\u00e3o tenhais medo!\u201d<\/strong><\/p>\n<p>&nbsp;<\/p>\n<p>Depois que a multid\u00e3o comera at\u00e9 saciar-se, <sup>22<\/sup>Jesus mandou que os disc\u00edpulos entrassem na barca e seguissem \u00e0 sua frente, para o outro lado do mar, enquanto ele despediria as multid\u00f5es. <sup>23<\/sup>Depois de despedi-las, Jesus subiu ao monte, para orar a s\u00f3s. A noite chegou, e Jesus continuava ali, sozinho. <sup>24<\/sup>A barca, por\u00e9m, j\u00e1 longe da terra, era agitada pelas ondas, pois o vento era contr\u00e1rio. <sup>25<\/sup>Pelas tr\u00eas horas da manh\u00e3, Jesus veio at\u00e9 os disc\u00edpulos, andando sobre o mar. <sup>26<\/sup>Quando os disc\u00edpulos o avistaram, andando sobre o mar, ficaram apavorados, e disseram: \u201c\u00c9 um fantasma\u201d. E gritaram de medo. <sup>27<\/sup>Jesus, por\u00e9m, logo lhes disse: \u201cCoragem! Sou eu. N\u00e3o tenhais medo!\u201d <sup>28<\/sup>Ent\u00e3o, Pedro lhe disse: \u201cSenhor, se \u00e9s tu, manda-me ir ao teu encontro, caminhando sobre a \u00e1gua\u201d. <sup>29<\/sup>E Jesus respondeu: \u201cVem!\u201d Pedro desceu da barca e come\u00e7ou a andar sobre a \u00e1gua, em dire\u00e7\u00e3o a Jesus. <sup>30<\/sup>Mas, quando sentiu o vento, ficou com medo e come\u00e7ando a afundar, gritou: \u201cSenhor, salva-me!\u201d <sup>31<\/sup>Jesus logo estendeu a m\u00e3o, segurou Pedro, e lhe disse: \u201cHomem fraco na f\u00e9, por que duvidaste?\u201d <sup>32<\/sup>Assim que subiram na barca, o vento se acalmou. <sup>33<\/sup>Os que estavam na barca, prostraram-se diante dele, dizendo: \u201cVerdadeiramente, tu \u00e9s o Filho de Deus!\u201d <sup>34<\/sup>Ap\u00f3s a travessia, desembarcaram em Genesar\u00e9. <sup>35<\/sup>Os habitantes daquele lugar reconheceram Jesus e espalharam a not\u00edcia por toda a regi\u00e3o. Ent\u00e3o, levaram a ele todos os doentes; <sup>36<\/sup>e pediam que pudessem, ao menos, tocar a barra de sua veste. E todos os que a tocaram, ficaram curados.<\/p>\n<p>&nbsp;<\/p>\n<p><strong>Reflex\u00e3o<\/strong><\/p>\n<p>&nbsp;<\/p>\n<p>Depois de ter saciado a multid\u00e3o, Jesus pede aos disc\u00edpulos que entrem na barca e o esperem do outro lado do lago. Desta vez, Jesus n\u00e3o vai com eles, Ele precisa estar s\u00f3, em ora\u00e7\u00e3o. Precisa agradecer ao Pai pelos benef\u00edcios recebidos. Precisa pedir for\u00e7as ao Pai pelo que estaria ainda por vir. Mas, a noite chega e a barca dos disc\u00edpulos \u00e9 agitada pelas ondas, \u2018pois os ventos eram contr\u00e1rios\u2019. De madrugada, Jesus vem ao encontro deles caminhando sobre as \u00e1guas. E os disc\u00edpulos se assustam, pensam ser um fantasma. Jesus os tranquiliza: \u2018Coragem! Sou eu. N\u00e3o tenhais medo!\u2019 Pedro tamb\u00e9m quer caminhar sobre as \u00e1guas, mas sozinho n\u00e3o consegue, afunda. Grita, pedindo socorro ao Mestre e este o toma pela m\u00e3o e o salva. Pedro ainda \u00e9 um \u201chomem fraco na f\u00e9\u201d. A fraqueza de Pedro o faz vacilar na f\u00e9, mas aos outros disc\u00edpulos fez com que confessassem: \u201cVerdadeiramente, tu \u00e9s o Filho de Deus!\u201d Eles j\u00e1 eram ap\u00f3stolos, mas ainda n\u00e3o acreditavam, vendo que as \u00e1guas agitadas jogavam sob os p\u00e9s de Jesus e, vendo que no agitado movimento das ondas, os passos do Senhor continuavam seguros, acreditaram que Jesus era o Verdadeiro Filho de Deus. Quando Jesus ainda n\u00e3o estava com eles na barca, a sensa\u00e7\u00e3o da Sua aus\u00eancia trouxe medo aos ap\u00f3stolos. Mas, Pedro quis testar a for\u00e7a da presen\u00e7a de Jesus, tamb\u00e9m ele quis caminhar sobre as \u00e1guas, mas percebeu que a quest\u00e3o n\u00e3o \u00e9 a presen\u00e7a ou aus\u00eancia do Mestre, mas sim a f\u00e9 que se tem em Jesus. N\u00f3s precisamos nos entregar totalmente a Deus, em qualquer situa\u00e7\u00e3o, havendo \u2018tempestades\u2019 ou n\u00e3o. Nossa rela\u00e7\u00e3o com Deus precisa ser sempre de confian\u00e7a. N\u00e3o podemos nos esquecer de que somos pessoas ricas de dons e limites e, por isso, precisamos sempre do Senhor. Portanto, ser\u00e1 sempre feliz que a Ele se confia.<\/p>\n","protected":false},"excerpt":{"rendered":"<p>Ter\u00e7a-feira, 03 de agosto de 2021. &nbsp; Evangelho (Mt 14, 22-36) &nbsp; \u201cCoragem! Sou eu. N\u00e3o tenhais medo!\u201d &nbsp; Depois que a multid\u00e3o comera at\u00e9&#8230;<\/p>\n","protected":false},"author":1,"featured_media":2549,"comment_status":"closed","ping_status":"closed","sticky":false,"template":"","format":"standard","meta":{"_acf_changed":false,"footnotes":""},"categories":[13],"tags":[],"class_list":["post-2566","post","type-post","status-publish","format-standard","has-post-thumbnail","hentry","category-reflexaodoevagelho"],"acf":[],"yoast_head":"<!-- This site is optimized with the Yoast SEO plugin v27.3 - https:\/\/yoast.com\/product\/yoast-seo-wordpress\/ -->\n<title>03\/08 - Coragem! Sou eu. N\u00e3o tenhais medo! - Pastoral Universit\u00e1ria UniSALESIANO<\/title>\n<meta name=\"robots\" content=\"index, follow, max-snippet:-1, max-image-preview:large, max-video-preview:-1\" \/>\n<link rel=\"canonical\" href=\"https:\/\/unisale.com.br\/novo\/coragem-sou-eu-nao-tenhais-medo\/\" \/>\n<meta property=\"og:locale\" content=\"pt_BR\" \/>\n<meta property=\"og:type\" content=\"article\" \/>\n<meta property=\"og:title\" content=\"03\/08 - Coragem! Sou eu. N\u00e3o tenhais medo! - Pastoral Universit\u00e1ria UniSALESIANO\" \/>\n<meta property=\"og:description\" content=\"Ter\u00e7a-feira, 03 de agosto de 2021. &nbsp; Evangelho (Mt 14, 22-36) &nbsp; \u201cCoragem! Sou eu. N\u00e3o tenhais medo!\u201d &nbsp; Depois que a multid\u00e3o comera at\u00e9...\" \/>\n<meta property=\"og:url\" content=\"https:\/\/unisale.com.br\/novo\/coragem-sou-eu-nao-tenhais-medo\/\" \/>\n<meta property=\"og:site_name\" content=\"Pastoral Universit\u00e1ria UniSALESIANO\" \/>\n<meta property=\"article:published_time\" content=\"2021-07-30T12:57:35+00:00\" \/>\n<meta property=\"og:image\" content=\"https:\/\/unisale.com.br\/novo\/wp-content\/uploads\/2021\/07\/03-08-1024x576.png\" \/>\n\t<meta property=\"og:image:width\" content=\"1024\" \/>\n\t<meta property=\"og:image:height\" content=\"576\" \/>\n\t<meta property=\"og:image:type\" content=\"image\/png\" \/>\n<meta name=\"author\" content=\"pastoral\" \/>\n<meta name=\"twitter:card\" content=\"summary_large_image\" \/>\n<meta name=\"twitter:label1\" content=\"Escrito por\" \/>\n\t<meta name=\"twitter:data1\" content=\"pastoral\" \/>\n\t<meta name=\"twitter:label2\" content=\"Est. tempo de leitura\" \/>\n\t<meta name=\"twitter:data2\" content=\"3 minutos\" \/>\n<script type=\"application\/ld+json\" class=\"yoast-schema-graph\">{\"@context\":\"https:\\\/\\\/schema.org\",\"@graph\":[{\"@type\":\"Article\",\"@id\":\"https:\\\/\\\/unisale.com.br\\\/novo\\\/coragem-sou-eu-nao-tenhais-medo\\\/#article\",\"isPartOf\":{\"@id\":\"https:\\\/\\\/unisale.com.br\\\/novo\\\/coragem-sou-eu-nao-tenhais-medo\\\/\"},\"author\":{\"name\":\"pastoral\",\"@id\":\"https:\\\/\\\/unisale.com.br\\\/pastoral\\\/#\\\/schema\\\/person\\\/a16ba711a0f7dec9cb6b44563144d5a3\"},\"headline\":\"03\\\/08 &#8211; Coragem! Sou eu. N\u00e3o tenhais medo!\",\"datePublished\":\"2021-07-30T12:57:35+00:00\",\"mainEntityOfPage\":{\"@id\":\"https:\\\/\\\/unisale.com.br\\\/novo\\\/coragem-sou-eu-nao-tenhais-medo\\\/\"},\"wordCount\":639,\"image\":{\"@id\":\"https:\\\/\\\/unisale.com.br\\\/novo\\\/coragem-sou-eu-nao-tenhais-medo\\\/#primaryimage\"},\"thumbnailUrl\":\"https:\\\/\\\/unisale.com.br\\\/pastoral\\\/wp-content\\\/uploads\\\/2021\\\/07\\\/03-08.png\",\"articleSection\":[\"Reflex\u00e3o do Evangelho\"],\"inLanguage\":\"pt-BR\"},{\"@type\":\"WebPage\",\"@id\":\"https:\\\/\\\/unisale.com.br\\\/novo\\\/coragem-sou-eu-nao-tenhais-medo\\\/\",\"url\":\"https:\\\/\\\/unisale.com.br\\\/novo\\\/coragem-sou-eu-nao-tenhais-medo\\\/\",\"name\":\"03\\\/08 - Coragem! Sou eu. N\u00e3o tenhais medo! - Pastoral Universit\u00e1ria UniSALESIANO\",\"isPartOf\":{\"@id\":\"https:\\\/\\\/unisale.com.br\\\/pastoral\\\/#website\"},\"primaryImageOfPage\":{\"@id\":\"https:\\\/\\\/unisale.com.br\\\/novo\\\/coragem-sou-eu-nao-tenhais-medo\\\/#primaryimage\"},\"image\":{\"@id\":\"https:\\\/\\\/unisale.com.br\\\/novo\\\/coragem-sou-eu-nao-tenhais-medo\\\/#primaryimage\"},\"thumbnailUrl\":\"https:\\\/\\\/unisale.com.br\\\/pastoral\\\/wp-content\\\/uploads\\\/2021\\\/07\\\/03-08.png\",\"datePublished\":\"2021-07-30T12:57:35+00:00\",\"author\":{\"@id\":\"https:\\\/\\\/unisale.com.br\\\/pastoral\\\/#\\\/schema\\\/person\\\/a16ba711a0f7dec9cb6b44563144d5a3\"},\"inLanguage\":\"pt-BR\",\"potentialAction\":[{\"@type\":\"ReadAction\",\"target\":[\"https:\\\/\\\/unisale.com.br\\\/novo\\\/coragem-sou-eu-nao-tenhais-medo\\\/\"]}]},{\"@type\":\"ImageObject\",\"inLanguage\":\"pt-BR\",\"@id\":\"https:\\\/\\\/unisale.com.br\\\/novo\\\/coragem-sou-eu-nao-tenhais-medo\\\/#primaryimage\",\"url\":\"https:\\\/\\\/unisale.com.br\\\/pastoral\\\/wp-content\\\/uploads\\\/2021\\\/07\\\/03-08.png\",\"contentUrl\":\"https:\\\/\\\/unisale.com.br\\\/pastoral\\\/wp-content\\\/uploads\\\/2021\\\/07\\\/03-08.png\",\"width\":889,\"height\":500},{\"@type\":\"WebSite\",\"@id\":\"https:\\\/\\\/unisale.com.br\\\/pastoral\\\/#website\",\"url\":\"https:\\\/\\\/unisale.com.br\\\/pastoral\\\/\",\"name\":\"Pastoral Universit\u00e1ria UniSALESIANO\",\"description\":\"Site da Pastoral Universit\u00e1ria do UniSALESIANO\",\"potentialAction\":[{\"@type\":\"SearchAction\",\"target\":{\"@type\":\"EntryPoint\",\"urlTemplate\":\"https:\\\/\\\/unisale.com.br\\\/pastoral\\\/?s={search_term_string}\"},\"query-input\":{\"@type\":\"PropertyValueSpecification\",\"valueRequired\":true,\"valueName\":\"search_term_string\"}}],\"inLanguage\":\"pt-BR\"},{\"@type\":\"Person\",\"@id\":\"https:\\\/\\\/unisale.com.br\\\/pastoral\\\/#\\\/schema\\\/person\\\/a16ba711a0f7dec9cb6b44563144d5a3\",\"name\":\"pastoral\",\"url\":\"https:\\\/\\\/unisale.com.br\\\/pastoral\\\/author\\\/pastoral\\\/\"}]}<\/script>\n<!-- \/ Yoast SEO plugin. -->","yoast_head_json":{"title":"03\/08 - Coragem! Sou eu. N\u00e3o tenhais medo! - Pastoral Universit\u00e1ria UniSALESIANO","robots":{"index":"index","follow":"follow","max-snippet":"max-snippet:-1","max-image-preview":"max-image-preview:large","max-video-preview":"max-video-preview:-1"},"canonical":"https:\/\/unisale.com.br\/novo\/coragem-sou-eu-nao-tenhais-medo\/","og_locale":"pt_BR","og_type":"article","og_title":"03\/08 - Coragem! Sou eu. N\u00e3o tenhais medo! - Pastoral Universit\u00e1ria UniSALESIANO","og_description":"Ter\u00e7a-feira, 03 de agosto de 2021. &nbsp; Evangelho (Mt 14, 22-36) &nbsp; \u201cCoragem! Sou eu. N\u00e3o tenhais medo!\u201d &nbsp; Depois que a multid\u00e3o comera at\u00e9...","og_url":"https:\/\/unisale.com.br\/novo\/coragem-sou-eu-nao-tenhais-medo\/","og_site_name":"Pastoral Universit\u00e1ria UniSALESIANO","article_published_time":"2021-07-30T12:57:35+00:00","og_image":[{"width":1024,"height":576,"url":"https:\/\/unisale.com.br\/novo\/wp-content\/uploads\/2021\/07\/03-08-1024x576.png","type":"image\/png"}],"author":"pastoral","twitter_card":"summary_large_image","twitter_misc":{"Escrito por":"pastoral","Est. tempo de leitura":"3 minutos"},"schema":{"@context":"https:\/\/schema.org","@graph":[{"@type":"Article","@id":"https:\/\/unisale.com.br\/novo\/coragem-sou-eu-nao-tenhais-medo\/#article","isPartOf":{"@id":"https:\/\/unisale.com.br\/novo\/coragem-sou-eu-nao-tenhais-medo\/"},"author":{"name":"pastoral","@id":"https:\/\/unisale.com.br\/pastoral\/#\/schema\/person\/a16ba711a0f7dec9cb6b44563144d5a3"},"headline":"03\/08 &#8211; Coragem! Sou eu. N\u00e3o tenhais medo!","datePublished":"2021-07-30T12:57:35+00:00","mainEntityOfPage":{"@id":"https:\/\/unisale.com.br\/novo\/coragem-sou-eu-nao-tenhais-medo\/"},"wordCount":639,"image":{"@id":"https:\/\/unisale.com.br\/novo\/coragem-sou-eu-nao-tenhais-medo\/#primaryimage"},"thumbnailUrl":"https:\/\/unisale.com.br\/pastoral\/wp-content\/uploads\/2021\/07\/03-08.png","articleSection":["Reflex\u00e3o do Evangelho"],"inLanguage":"pt-BR"},{"@type":"WebPage","@id":"https:\/\/unisale.com.br\/novo\/coragem-sou-eu-nao-tenhais-medo\/","url":"https:\/\/unisale.com.br\/novo\/coragem-sou-eu-nao-tenhais-medo\/","name":"03\/08 - Coragem! Sou eu. N\u00e3o tenhais medo! - Pastoral Universit\u00e1ria UniSALESIANO","isPartOf":{"@id":"https:\/\/unisale.com.br\/pastoral\/#website"},"primaryImageOfPage":{"@id":"https:\/\/unisale.com.br\/novo\/coragem-sou-eu-nao-tenhais-medo\/#primaryimage"},"image":{"@id":"https:\/\/unisale.com.br\/novo\/coragem-sou-eu-nao-tenhais-medo\/#primaryimage"},"thumbnailUrl":"https:\/\/unisale.com.br\/pastoral\/wp-content\/uploads\/2021\/07\/03-08.png","datePublished":"2021-07-30T12:57:35+00:00","author":{"@id":"https:\/\/unisale.com.br\/pastoral\/#\/schema\/person\/a16ba711a0f7dec9cb6b44563144d5a3"},"inLanguage":"pt-BR","potentialAction":[{"@type":"ReadAction","target":["https:\/\/unisale.com.br\/novo\/coragem-sou-eu-nao-tenhais-medo\/"]}]},{"@type":"ImageObject","inLanguage":"pt-BR","@id":"https:\/\/unisale.com.br\/novo\/coragem-sou-eu-nao-tenhais-medo\/#primaryimage","url":"https:\/\/unisale.com.br\/pastoral\/wp-content\/uploads\/2021\/07\/03-08.png","contentUrl":"https:\/\/unisale.com.br\/pastoral\/wp-content\/uploads\/2021\/07\/03-08.png","width":889,"height":500},{"@type":"WebSite","@id":"https:\/\/unisale.com.br\/pastoral\/#website","url":"https:\/\/unisale.com.br\/pastoral\/","name":"Pastoral Universit\u00e1ria UniSALESIANO","description":"Site da Pastoral Universit\u00e1ria do UniSALESIANO","potentialAction":[{"@type":"SearchAction","target":{"@type":"EntryPoint","urlTemplate":"https:\/\/unisale.com.br\/pastoral\/?s={search_term_string}"},"query-input":{"@type":"PropertyValueSpecification","valueRequired":true,"valueName":"search_term_string"}}],"inLanguage":"pt-BR"},{"@type":"Person","@id":"https:\/\/unisale.com.br\/pastoral\/#\/schema\/person\/a16ba711a0f7dec9cb6b44563144d5a3","name":"pastoral","url":"https:\/\/unisale.com.br\/pastoral\/author\/pastoral\/"}]}},"_links":{"self":[{"href":"https:\/\/unisale.com.br\/pastoral\/wp-json\/wp\/v2\/posts\/2566","targetHints":{"allow":["GET"]}}],"collection":[{"href":"https:\/\/unisale.com.br\/pastoral\/wp-json\/wp\/v2\/posts"}],"about":[{"href":"https:\/\/unisale.com.br\/pastoral\/wp-json\/wp\/v2\/types\/post"}],"author":[{"embeddable":true,"href":"https:\/\/unisale.com.br\/pastoral\/wp-json\/wp\/v2\/users\/1"}],"replies":[{"embeddable":true,"href":"https:\/\/unisale.com.br\/pastoral\/wp-json\/wp\/v2\/comments?post=2566"}],"version-history":[{"count":0,"href":"https:\/\/unisale.com.br\/pastoral\/wp-json\/wp\/v2\/posts\/2566\/revisions"}],"wp:featuredmedia":[{"embeddable":true,"href":"https:\/\/unisale.com.br\/pastoral\/wp-json\/wp\/v2\/media\/2549"}],"wp:attachment":[{"href":"https:\/\/unisale.com.br\/pastoral\/wp-json\/wp\/v2\/media?parent=2566"}],"wp:term":[{"taxonomy":"category","embeddable":true,"href":"https:\/\/unisale.com.br\/pastoral\/wp-json\/wp\/v2\/categories?post=2566"},{"taxonomy":"post_tag","embeddable":true,"href":"https:\/\/unisale.com.br\/pastoral\/wp-json\/wp\/v2\/tags?post=2566"}],"curies":[{"name":"wp","href":"https:\/\/api.w.org\/{rel}","templated":true}]}}