{"id":2577,"date":"2021-07-30T13:14:44","date_gmt":"2021-07-30T13:14:44","guid":{"rendered":"https:\/\/unisale.com.br\/pastoral\/?p=2577"},"modified":"2021-07-30T13:16:11","modified_gmt":"2021-07-30T13:16:11","slug":"se-vos-tiverdes-fe-do-tamanho-de-uma-semente-de-mostarda","status":"publish","type":"post","link":"https:\/\/unisale.com.br\/pastoral\/se-vos-tiverdes-fe-do-tamanho-de-uma-semente-de-mostarda\/","title":{"rendered":"07\/08 &#8211; Se v\u00f3s tiverdes f\u00e9 do tamanho de uma semente de mostarda"},"content":{"rendered":"<p>S\u00e1bado, 07 de agosto de 2021.<\/p>\n<p>&nbsp;<\/p>\n<p>Evangelho (Mt 17,14,20)<\/p>\n<p>&nbsp;<\/p>\n<p><strong>\u201c&#8230;se v\u00f3s tiverdes f\u00e9 do tamanho de uma semente de mostarda&#8230;\u201d<\/strong><\/p>\n<p>&nbsp;<\/p>\n<p><sup>14<\/sup>Naquele tempo, chegando Jesus e seus disc\u00edpulos junto da multid\u00e3o, um homem aproximou-se de Jesus, ajoelhou-se e disse: <sup>15\u2018<\/sup>Senhor, tem piedade do meu filho. Ele \u00e9 epil\u00e9ptico, e sofre ataques t\u00e3o fortes que muitas vezes cai no fogo ou na \u00e1gua. <sup>16<\/sup>Levei-o aos teus disc\u00edpulos, mas eles n\u00e3o conseguiram cur\u00e1-lo!\u2019 <sup>17<\/sup>Jesus respondeu: \u2018\u00d3 gente sem f\u00e9 e perversa! At\u00e9 quando deverei ficar convosco? At\u00e9 quando vos suportarei? Trazei aqui o menino.\u2019 <sup>18<\/sup>Ent\u00e3o, Jesus o amea\u00e7ou e o dem\u00f4nio saiu dele. Na mesma hora, o menino ficou curado. <sup>19<\/sup>Ent\u00e3o, os disc\u00edpulos aproximaram-se de Jesus e lhe perguntaram em particular: \u2018Por que n\u00f3s n\u00e3o conseguimos expulsar o dem\u00f4nio?\u2019 <sup>20<\/sup>Jesus respondeu: \u2018Porque a vossa f\u00e9 \u00e9 demasiado pequena. Em verdade vos digo, se v\u00f3s tiverdes f\u00e9 do tamanho de uma semente de mostarda, direis a esta montanha: \u2018Vai daqui para l\u00e1 e ela ir\u00e1. E nada vos ser\u00e1 imposs\u00edvel.\u2019<\/p>\n<p>&nbsp;<\/p>\n<p><strong>Reflex\u00e3o<\/strong><\/p>\n<p>&nbsp;<\/p>\n<p>\u00c9 terr\u00edvel quando voc\u00ea ama algu\u00e9m e n\u00e3o pode fazer nada por ele, principalmente, quando voc\u00ea considera esta pessoa como a coisa mais importante de sua vida. Um exemplo disso: o amor de um pai ou de uma m\u00e3e por seus filhos. O Evangelho de hoje nos conta o desespero de um pai que pede a Jesus por seu filho. A ora\u00e7\u00e3o que nasce do cora\u00e7\u00e3o que ama, eu acredito que chegue a Deus sem nenhum obst\u00e1culo, por mais simples e curta que ela seja, pois ela nasce do desespero de quem ama. Por\u00e9m, o mist\u00e9rio do sofrimento \u00e9 sempre um mist\u00e9rio, \u00e9 algo que n\u00e3o conseguimos compreender profundamente. Eu posso imaginar o n\u00famero de pais e m\u00e3es que dirigem todos os dias as suas preces a Deus em favor de seus filhos. S\u00e3o m\u00e3es que rezam por seus filhos doentes, m\u00e3es que rezam pelos filhos entregues aos v\u00edcios, s\u00e3o pais que rezam e suplicam a Deus pelos filhos por diversas outras raz\u00f5es. Deus pede a essas m\u00e3es e pais que ven\u00e7am o mist\u00e9rio do sofrimento \u201cconfiando\u201d e n\u00e3o tirando do sofrimento conclus\u00f5es precipitadas. O fato do Evangelho de hoje trata justamente da impossibilidade dos disc\u00edpulos de curarem o jovem; \u201clevei-o aos teus disc\u00edpulos, mas eles n\u00e3o conseguiram cur\u00e1-lo\u201d. \u00c9 Jesus quem exorciza e liberta o jovem. Mas por que os disc\u00edpulos n\u00e3o conseguiram? \u00c9 Jesus mesmo quem nos responde: \u201cpela falta de f\u00e9\u201d. A verdadeira f\u00e9 consiste em acreditar mais em Jesus do que nas nossas for\u00e7as e nas nossas capacidades.<\/p>\n","protected":false},"excerpt":{"rendered":"<p>S\u00e1bado, 07 de agosto de 2021. &nbsp; Evangelho (Mt 17,14,20) &nbsp; \u201c&#8230;se v\u00f3s tiverdes f\u00e9 do tamanho de uma semente de mostarda&#8230;\u201d &nbsp; 14Naquele tempo,&#8230;<\/p>\n","protected":false},"author":1,"featured_media":2573,"comment_status":"closed","ping_status":"closed","sticky":false,"template":"","format":"standard","meta":{"_acf_changed":false,"footnotes":""},"categories":[13],"tags":[],"class_list":["post-2577","post","type-post","status-publish","format-standard","has-post-thumbnail","hentry","category-reflexaodoevagelho"],"acf":[],"yoast_head":"<!-- This site is optimized with the Yoast SEO plugin v27.3 - https:\/\/yoast.com\/product\/yoast-seo-wordpress\/ -->\n<title>07\/08 - Se v\u00f3s tiverdes f\u00e9 do tamanho de uma semente de mostarda - Pastoral Universit\u00e1ria UniSALESIANO<\/title>\n<meta name=\"robots\" content=\"index, follow, max-snippet:-1, max-image-preview:large, max-video-preview:-1\" \/>\n<link rel=\"canonical\" href=\"https:\/\/unisale.com.br\/novo\/se-vos-tiverdes-fe-do-tamanho-de-uma-semente-de-mostarda\/\" \/>\n<meta property=\"og:locale\" content=\"pt_BR\" \/>\n<meta property=\"og:type\" content=\"article\" \/>\n<meta property=\"og:title\" content=\"07\/08 - Se v\u00f3s tiverdes f\u00e9 do tamanho de uma semente de mostarda - Pastoral Universit\u00e1ria UniSALESIANO\" \/>\n<meta property=\"og:description\" content=\"S\u00e1bado, 07 de agosto de 2021. &nbsp; Evangelho (Mt 17,14,20) &nbsp; \u201c&#8230;se v\u00f3s tiverdes f\u00e9 do tamanho de uma semente de mostarda&#8230;\u201d &nbsp; 14Naquele tempo,...\" \/>\n<meta property=\"og:url\" content=\"https:\/\/unisale.com.br\/novo\/se-vos-tiverdes-fe-do-tamanho-de-uma-semente-de-mostarda\/\" \/>\n<meta property=\"og:site_name\" content=\"Pastoral Universit\u00e1ria UniSALESIANO\" \/>\n<meta property=\"article:published_time\" content=\"2021-07-30T13:14:44+00:00\" \/>\n<meta property=\"article:modified_time\" content=\"2021-07-30T13:16:11+00:00\" \/>\n<meta property=\"og:image\" content=\"https:\/\/unisale.com.br\/novo\/wp-content\/uploads\/2021\/07\/07-08.png\" \/>\n\t<meta property=\"og:image:width\" content=\"1920\" \/>\n\t<meta property=\"og:image:height\" content=\"1080\" \/>\n\t<meta property=\"og:image:type\" content=\"image\/png\" \/>\n<meta name=\"author\" content=\"pastoral\" \/>\n<meta name=\"twitter:card\" content=\"summary_large_image\" \/>\n<meta name=\"twitter:label1\" content=\"Escrito por\" \/>\n\t<meta name=\"twitter:data1\" content=\"pastoral\" \/>\n\t<meta name=\"twitter:label2\" content=\"Est. tempo de leitura\" \/>\n\t<meta name=\"twitter:data2\" content=\"2 minutos\" \/>\n<script type=\"application\/ld+json\" class=\"yoast-schema-graph\">{\"@context\":\"https:\\\/\\\/schema.org\",\"@graph\":[{\"@type\":\"Article\",\"@id\":\"https:\\\/\\\/unisale.com.br\\\/novo\\\/se-vos-tiverdes-fe-do-tamanho-de-uma-semente-de-mostarda\\\/#article\",\"isPartOf\":{\"@id\":\"https:\\\/\\\/unisale.com.br\\\/novo\\\/se-vos-tiverdes-fe-do-tamanho-de-uma-semente-de-mostarda\\\/\"},\"author\":{\"name\":\"pastoral\",\"@id\":\"https:\\\/\\\/unisale.com.br\\\/pastoral\\\/#\\\/schema\\\/person\\\/a16ba711a0f7dec9cb6b44563144d5a3\"},\"headline\":\"07\\\/08 &#8211; Se v\u00f3s tiverdes f\u00e9 do tamanho de uma semente de mostarda\",\"datePublished\":\"2021-07-30T13:14:44+00:00\",\"dateModified\":\"2021-07-30T13:16:11+00:00\",\"mainEntityOfPage\":{\"@id\":\"https:\\\/\\\/unisale.com.br\\\/novo\\\/se-vos-tiverdes-fe-do-tamanho-de-uma-semente-de-mostarda\\\/\"},\"wordCount\":477,\"image\":{\"@id\":\"https:\\\/\\\/unisale.com.br\\\/novo\\\/se-vos-tiverdes-fe-do-tamanho-de-uma-semente-de-mostarda\\\/#primaryimage\"},\"thumbnailUrl\":\"https:\\\/\\\/unisale.com.br\\\/pastoral\\\/wp-content\\\/uploads\\\/2021\\\/07\\\/07-08.png\",\"articleSection\":[\"Reflex\u00e3o do Evangelho\"],\"inLanguage\":\"pt-BR\"},{\"@type\":\"WebPage\",\"@id\":\"https:\\\/\\\/unisale.com.br\\\/novo\\\/se-vos-tiverdes-fe-do-tamanho-de-uma-semente-de-mostarda\\\/\",\"url\":\"https:\\\/\\\/unisale.com.br\\\/novo\\\/se-vos-tiverdes-fe-do-tamanho-de-uma-semente-de-mostarda\\\/\",\"name\":\"07\\\/08 - Se v\u00f3s tiverdes f\u00e9 do tamanho de uma semente de mostarda - Pastoral Universit\u00e1ria UniSALESIANO\",\"isPartOf\":{\"@id\":\"https:\\\/\\\/unisale.com.br\\\/pastoral\\\/#website\"},\"primaryImageOfPage\":{\"@id\":\"https:\\\/\\\/unisale.com.br\\\/novo\\\/se-vos-tiverdes-fe-do-tamanho-de-uma-semente-de-mostarda\\\/#primaryimage\"},\"image\":{\"@id\":\"https:\\\/\\\/unisale.com.br\\\/novo\\\/se-vos-tiverdes-fe-do-tamanho-de-uma-semente-de-mostarda\\\/#primaryimage\"},\"thumbnailUrl\":\"https:\\\/\\\/unisale.com.br\\\/pastoral\\\/wp-content\\\/uploads\\\/2021\\\/07\\\/07-08.png\",\"datePublished\":\"2021-07-30T13:14:44+00:00\",\"dateModified\":\"2021-07-30T13:16:11+00:00\",\"author\":{\"@id\":\"https:\\\/\\\/unisale.com.br\\\/pastoral\\\/#\\\/schema\\\/person\\\/a16ba711a0f7dec9cb6b44563144d5a3\"},\"inLanguage\":\"pt-BR\",\"potentialAction\":[{\"@type\":\"ReadAction\",\"target\":[\"https:\\\/\\\/unisale.com.br\\\/novo\\\/se-vos-tiverdes-fe-do-tamanho-de-uma-semente-de-mostarda\\\/\"]}]},{\"@type\":\"ImageObject\",\"inLanguage\":\"pt-BR\",\"@id\":\"https:\\\/\\\/unisale.com.br\\\/novo\\\/se-vos-tiverdes-fe-do-tamanho-de-uma-semente-de-mostarda\\\/#primaryimage\",\"url\":\"https:\\\/\\\/unisale.com.br\\\/pastoral\\\/wp-content\\\/uploads\\\/2021\\\/07\\\/07-08.png\",\"contentUrl\":\"https:\\\/\\\/unisale.com.br\\\/pastoral\\\/wp-content\\\/uploads\\\/2021\\\/07\\\/07-08.png\",\"width\":889,\"height\":500},{\"@type\":\"WebSite\",\"@id\":\"https:\\\/\\\/unisale.com.br\\\/pastoral\\\/#website\",\"url\":\"https:\\\/\\\/unisale.com.br\\\/pastoral\\\/\",\"name\":\"Pastoral Universit\u00e1ria UniSALESIANO\",\"description\":\"Site da Pastoral Universit\u00e1ria do UniSALESIANO\",\"potentialAction\":[{\"@type\":\"SearchAction\",\"target\":{\"@type\":\"EntryPoint\",\"urlTemplate\":\"https:\\\/\\\/unisale.com.br\\\/pastoral\\\/?s={search_term_string}\"},\"query-input\":{\"@type\":\"PropertyValueSpecification\",\"valueRequired\":true,\"valueName\":\"search_term_string\"}}],\"inLanguage\":\"pt-BR\"},{\"@type\":\"Person\",\"@id\":\"https:\\\/\\\/unisale.com.br\\\/pastoral\\\/#\\\/schema\\\/person\\\/a16ba711a0f7dec9cb6b44563144d5a3\",\"name\":\"pastoral\",\"url\":\"https:\\\/\\\/unisale.com.br\\\/pastoral\\\/author\\\/pastoral\\\/\"}]}<\/script>\n<!-- \/ Yoast SEO plugin. -->","yoast_head_json":{"title":"07\/08 - Se v\u00f3s tiverdes f\u00e9 do tamanho de uma semente de mostarda - Pastoral Universit\u00e1ria UniSALESIANO","robots":{"index":"index","follow":"follow","max-snippet":"max-snippet:-1","max-image-preview":"max-image-preview:large","max-video-preview":"max-video-preview:-1"},"canonical":"https:\/\/unisale.com.br\/novo\/se-vos-tiverdes-fe-do-tamanho-de-uma-semente-de-mostarda\/","og_locale":"pt_BR","og_type":"article","og_title":"07\/08 - Se v\u00f3s tiverdes f\u00e9 do tamanho de uma semente de mostarda - Pastoral Universit\u00e1ria UniSALESIANO","og_description":"S\u00e1bado, 07 de agosto de 2021. &nbsp; Evangelho (Mt 17,14,20) &nbsp; \u201c&#8230;se v\u00f3s tiverdes f\u00e9 do tamanho de uma semente de mostarda&#8230;\u201d &nbsp; 14Naquele tempo,...","og_url":"https:\/\/unisale.com.br\/novo\/se-vos-tiverdes-fe-do-tamanho-de-uma-semente-de-mostarda\/","og_site_name":"Pastoral Universit\u00e1ria UniSALESIANO","article_published_time":"2021-07-30T13:14:44+00:00","article_modified_time":"2021-07-30T13:16:11+00:00","og_image":[{"width":1920,"height":1080,"url":"https:\/\/unisale.com.br\/novo\/wp-content\/uploads\/2021\/07\/07-08.png","type":"image\/png"}],"author":"pastoral","twitter_card":"summary_large_image","twitter_misc":{"Escrito por":"pastoral","Est. tempo de leitura":"2 minutos"},"schema":{"@context":"https:\/\/schema.org","@graph":[{"@type":"Article","@id":"https:\/\/unisale.com.br\/novo\/se-vos-tiverdes-fe-do-tamanho-de-uma-semente-de-mostarda\/#article","isPartOf":{"@id":"https:\/\/unisale.com.br\/novo\/se-vos-tiverdes-fe-do-tamanho-de-uma-semente-de-mostarda\/"},"author":{"name":"pastoral","@id":"https:\/\/unisale.com.br\/pastoral\/#\/schema\/person\/a16ba711a0f7dec9cb6b44563144d5a3"},"headline":"07\/08 &#8211; Se v\u00f3s tiverdes f\u00e9 do tamanho de uma semente de mostarda","datePublished":"2021-07-30T13:14:44+00:00","dateModified":"2021-07-30T13:16:11+00:00","mainEntityOfPage":{"@id":"https:\/\/unisale.com.br\/novo\/se-vos-tiverdes-fe-do-tamanho-de-uma-semente-de-mostarda\/"},"wordCount":477,"image":{"@id":"https:\/\/unisale.com.br\/novo\/se-vos-tiverdes-fe-do-tamanho-de-uma-semente-de-mostarda\/#primaryimage"},"thumbnailUrl":"https:\/\/unisale.com.br\/pastoral\/wp-content\/uploads\/2021\/07\/07-08.png","articleSection":["Reflex\u00e3o do Evangelho"],"inLanguage":"pt-BR"},{"@type":"WebPage","@id":"https:\/\/unisale.com.br\/novo\/se-vos-tiverdes-fe-do-tamanho-de-uma-semente-de-mostarda\/","url":"https:\/\/unisale.com.br\/novo\/se-vos-tiverdes-fe-do-tamanho-de-uma-semente-de-mostarda\/","name":"07\/08 - Se v\u00f3s tiverdes f\u00e9 do tamanho de uma semente de mostarda - Pastoral Universit\u00e1ria UniSALESIANO","isPartOf":{"@id":"https:\/\/unisale.com.br\/pastoral\/#website"},"primaryImageOfPage":{"@id":"https:\/\/unisale.com.br\/novo\/se-vos-tiverdes-fe-do-tamanho-de-uma-semente-de-mostarda\/#primaryimage"},"image":{"@id":"https:\/\/unisale.com.br\/novo\/se-vos-tiverdes-fe-do-tamanho-de-uma-semente-de-mostarda\/#primaryimage"},"thumbnailUrl":"https:\/\/unisale.com.br\/pastoral\/wp-content\/uploads\/2021\/07\/07-08.png","datePublished":"2021-07-30T13:14:44+00:00","dateModified":"2021-07-30T13:16:11+00:00","author":{"@id":"https:\/\/unisale.com.br\/pastoral\/#\/schema\/person\/a16ba711a0f7dec9cb6b44563144d5a3"},"inLanguage":"pt-BR","potentialAction":[{"@type":"ReadAction","target":["https:\/\/unisale.com.br\/novo\/se-vos-tiverdes-fe-do-tamanho-de-uma-semente-de-mostarda\/"]}]},{"@type":"ImageObject","inLanguage":"pt-BR","@id":"https:\/\/unisale.com.br\/novo\/se-vos-tiverdes-fe-do-tamanho-de-uma-semente-de-mostarda\/#primaryimage","url":"https:\/\/unisale.com.br\/pastoral\/wp-content\/uploads\/2021\/07\/07-08.png","contentUrl":"https:\/\/unisale.com.br\/pastoral\/wp-content\/uploads\/2021\/07\/07-08.png","width":889,"height":500},{"@type":"WebSite","@id":"https:\/\/unisale.com.br\/pastoral\/#website","url":"https:\/\/unisale.com.br\/pastoral\/","name":"Pastoral Universit\u00e1ria UniSALESIANO","description":"Site da Pastoral Universit\u00e1ria do UniSALESIANO","potentialAction":[{"@type":"SearchAction","target":{"@type":"EntryPoint","urlTemplate":"https:\/\/unisale.com.br\/pastoral\/?s={search_term_string}"},"query-input":{"@type":"PropertyValueSpecification","valueRequired":true,"valueName":"search_term_string"}}],"inLanguage":"pt-BR"},{"@type":"Person","@id":"https:\/\/unisale.com.br\/pastoral\/#\/schema\/person\/a16ba711a0f7dec9cb6b44563144d5a3","name":"pastoral","url":"https:\/\/unisale.com.br\/pastoral\/author\/pastoral\/"}]}},"_links":{"self":[{"href":"https:\/\/unisale.com.br\/pastoral\/wp-json\/wp\/v2\/posts\/2577","targetHints":{"allow":["GET"]}}],"collection":[{"href":"https:\/\/unisale.com.br\/pastoral\/wp-json\/wp\/v2\/posts"}],"about":[{"href":"https:\/\/unisale.com.br\/pastoral\/wp-json\/wp\/v2\/types\/post"}],"author":[{"embeddable":true,"href":"https:\/\/unisale.com.br\/pastoral\/wp-json\/wp\/v2\/users\/1"}],"replies":[{"embeddable":true,"href":"https:\/\/unisale.com.br\/pastoral\/wp-json\/wp\/v2\/comments?post=2577"}],"version-history":[{"count":0,"href":"https:\/\/unisale.com.br\/pastoral\/wp-json\/wp\/v2\/posts\/2577\/revisions"}],"wp:featuredmedia":[{"embeddable":true,"href":"https:\/\/unisale.com.br\/pastoral\/wp-json\/wp\/v2\/media\/2573"}],"wp:attachment":[{"href":"https:\/\/unisale.com.br\/pastoral\/wp-json\/wp\/v2\/media?parent=2577"}],"wp:term":[{"taxonomy":"category","embeddable":true,"href":"https:\/\/unisale.com.br\/pastoral\/wp-json\/wp\/v2\/categories?post=2577"},{"taxonomy":"post_tag","embeddable":true,"href":"https:\/\/unisale.com.br\/pastoral\/wp-json\/wp\/v2\/tags?post=2577"}],"curies":[{"name":"wp","href":"https:\/\/api.w.org\/{rel}","templated":true}]}}