{"id":2580,"date":"2021-07-30T13:32:32","date_gmt":"2021-07-30T13:32:32","guid":{"rendered":"https:\/\/unisale.com.br\/pastoral\/?p=2580"},"modified":"2021-07-30T13:33:18","modified_gmt":"2021-07-30T13:33:18","slug":"eu-sou-o-pao-vivo-descido-do-ceu","status":"publish","type":"post","link":"https:\/\/unisale.com.br\/pastoral\/eu-sou-o-pao-vivo-descido-do-ceu\/","title":{"rendered":"08\/08 &#8211; Eu sou o P\u00e3o Vivo descido do c\u00e9u"},"content":{"rendered":"<p>XVI Domingo do Tempo Comum \u2013 08.08.21<\/p>\n<p>&nbsp;<\/p>\n<p>Evangelho (Jo 6,41-51)<\/p>\n<p>&nbsp;<\/p>\n<p><strong>\u201cEu sou o P\u00e3o Vivo descido do c\u00e9u\u201d<\/strong><\/p>\n<p>&nbsp;<\/p>\n<p>Naquele tempo: <sup>41<\/sup>Os judeus come\u00e7aram a murmurar a respeito de Jesus, porque havia dito: \u2018Eu sou o p\u00e3o que desceu do c\u00e9u\u2019. <sup>42<\/sup>Eles comentavam: \u2018N\u00e3o \u00e9 este Jesus, o filho de Jos\u00e9? N\u00e3o conhecemos seu pai e sua m\u00e3e? Como ent\u00e3o pode dizer que desceu do c\u00e9u?\u2019 <sup>43<\/sup>Jesus respondeu: \u2018N\u00e3o murmureis entre v\u00f3s. <sup>44<\/sup>Ningu\u00e9m pode vir a mim, se o Pai que me enviou n\u00e3o o atrai. E eu o ressuscitarei no \u00faltimo dia. <sup>45<\/sup>Est\u00e1 escrito nos Profetas: `Todos ser\u00e3o disc\u00edpulos de Deus.\u2019 Ora, todo aquele que escutou o Pai e por ele foi instru\u00eddo, vem a mim. <sup>46<\/sup>N\u00e3o que algu\u00e9m j\u00e1 tenha visto o Pai. S\u00f3 aquele que vem de junto de Deus viu o Pai. <sup>47<\/sup>Em verdade, em verdade vos digo, quem cr\u00ea, possui a vida eterna. <sup>48<\/sup>Eu sou o p\u00e3o da vida. <sup>49<\/sup>Os vossos pais comeram o man\u00e1 no deserto e, no entanto, morreram. <sup>50<\/sup>Eis aqui o p\u00e3o que desce do c\u00e9u: quem dele comer, nunca morrer\u00e1. <sup>51<\/sup>Eu sou o p\u00e3o vivo descido do c\u00e9u. Quem comer deste p\u00e3o viver\u00e1 eternamente. E o p\u00e3o que eu darei \u00e9 a minha carne dada para a vida do mundo\u2019.<\/p>\n<p>&nbsp;<\/p>\n<p><strong>Reflex\u00e3o<\/strong><\/p>\n<p>&nbsp;<\/p>\n<p>No domingo passado nossa reflex\u00e3o foi sobre a multiplica\u00e7\u00e3o milagrosa que Jesus realizou. Com cinco p\u00e3es e dois peixes Ele saciou uma multid\u00e3o. Mas Jesus se dirige aos que foram saciados pedindo-lhes que se esfor\u00e7assem em busca de um alimento que permanece para a vida eterna. Jesus sacia a fome f\u00edsica da multid\u00e3o, mas ao mesmo tempo os prepara para aceitar o an\u00fancio segundo o qual Ele \u00e9 o P\u00e3o que desceu do C\u00e9u e que sacia de modo definitivo. E Ele n\u00e3o \u00e9 como o man\u00e1 descido do c\u00e9u para saciar a fome daqueles que atravessavam o deserto em busca da terra prometida. Jesus anuncia a si mesmo como o verdadeiro P\u00e3o descido do c\u00e9u, capaz de saciar n\u00e3o por apenas um momento, n\u00e3o apenas um trecho do caminho, mas \u00e9 capaz de saciar para sempre. Ele \u00e9 o Alimento que d\u00e1 a vida eterna, por que \u00e9 o Filho Unig\u00eanito de Deus que veio para fazer com que o homem tenha vida em plenitude. Manifestando-se como o P\u00e3o do C\u00e9u, Jesus d\u00e1 testemunho de ser a Palavra de Deus encarnada, atrav\u00e9s da qual o homem pode fazer da vontade de Deus o seu alimento, que orienta e sustenta a sua exist\u00eancia. No evangelho de hoje tamb\u00e9m nos deparamos com a rejei\u00e7\u00e3o dos judeus com rela\u00e7\u00e3o a Jesus, eles o conhecem, sabem que Ele \u00e9 o filho de Jos\u00e9. Eles n\u00e3o s\u00e3o capazes de ir al\u00e9m das suas origens terrestres e por isso o rejeitam. Somente quem \u00e9 atra\u00eddo por Deus Pai e se deixa instruir por Ele pode acreditar em Jesus, pode encontra-lo e alimentar-se dele para ter a vida eterna, a vida em plenitude (Bento XVI). Quando nos detemos ao que \u00e9 material, n\u00e3o conseguimos fazer a experi\u00eancia profunda de Deus, que deveria ser a meta da nossa caminhada. Mas quem acolhe Jesus tem a possibilidade de conhecer a Deus e de conseguir a vida eterna.<\/p>\n","protected":false},"excerpt":{"rendered":"<p>XVI Domingo do Tempo Comum \u2013 08.08.21 &nbsp; Evangelho (Jo 6,41-51) &nbsp; \u201cEu sou o P\u00e3o Vivo descido do c\u00e9u\u201d &nbsp; Naquele tempo: 41Os judeus&#8230;<\/p>\n","protected":false},"author":1,"featured_media":2547,"comment_status":"closed","ping_status":"closed","sticky":false,"template":"","format":"standard","meta":{"_acf_changed":false,"footnotes":""},"categories":[13],"tags":[],"class_list":["post-2580","post","type-post","status-publish","format-standard","has-post-thumbnail","hentry","category-reflexaodoevagelho"],"acf":[],"yoast_head":"<!-- This site is optimized with the Yoast SEO plugin v27.3 - https:\/\/yoast.com\/product\/yoast-seo-wordpress\/ -->\n<title>08\/08 - Eu sou o P\u00e3o Vivo descido do c\u00e9u - Pastoral Universit\u00e1ria UniSALESIANO<\/title>\n<meta name=\"robots\" content=\"index, follow, max-snippet:-1, max-image-preview:large, max-video-preview:-1\" \/>\n<link rel=\"canonical\" href=\"https:\/\/unisale.com.br\/novo\/eu-sou-o-pao-vivo-descido-do-ceu\/\" \/>\n<meta property=\"og:locale\" content=\"pt_BR\" \/>\n<meta property=\"og:type\" content=\"article\" \/>\n<meta property=\"og:title\" content=\"08\/08 - Eu sou o P\u00e3o Vivo descido do c\u00e9u - Pastoral Universit\u00e1ria UniSALESIANO\" \/>\n<meta property=\"og:description\" content=\"XVI Domingo do Tempo Comum \u2013 08.08.21 &nbsp; Evangelho (Jo 6,41-51) &nbsp; \u201cEu sou o P\u00e3o Vivo descido do c\u00e9u\u201d &nbsp; Naquele tempo: 41Os judeus...\" \/>\n<meta property=\"og:url\" content=\"https:\/\/unisale.com.br\/novo\/eu-sou-o-pao-vivo-descido-do-ceu\/\" \/>\n<meta property=\"og:site_name\" content=\"Pastoral Universit\u00e1ria UniSALESIANO\" \/>\n<meta property=\"article:published_time\" content=\"2021-07-30T13:32:32+00:00\" \/>\n<meta property=\"article:modified_time\" content=\"2021-07-30T13:33:18+00:00\" \/>\n<meta property=\"og:image\" content=\"https:\/\/unisale.com.br\/novo\/wp-content\/uploads\/2021\/07\/08-08.png\" \/>\n\t<meta property=\"og:image:width\" content=\"1920\" \/>\n\t<meta property=\"og:image:height\" content=\"1080\" \/>\n\t<meta property=\"og:image:type\" content=\"image\/png\" \/>\n<meta name=\"author\" content=\"pastoral\" \/>\n<meta name=\"twitter:card\" content=\"summary_large_image\" \/>\n<meta name=\"twitter:label1\" content=\"Escrito por\" \/>\n\t<meta name=\"twitter:data1\" content=\"pastoral\" \/>\n\t<meta name=\"twitter:label2\" content=\"Est. tempo de leitura\" \/>\n\t<meta name=\"twitter:data2\" content=\"3 minutos\" \/>\n<script type=\"application\/ld+json\" class=\"yoast-schema-graph\">{\"@context\":\"https:\\\/\\\/schema.org\",\"@graph\":[{\"@type\":\"Article\",\"@id\":\"https:\\\/\\\/unisale.com.br\\\/novo\\\/eu-sou-o-pao-vivo-descido-do-ceu\\\/#article\",\"isPartOf\":{\"@id\":\"https:\\\/\\\/unisale.com.br\\\/novo\\\/eu-sou-o-pao-vivo-descido-do-ceu\\\/\"},\"author\":{\"name\":\"pastoral\",\"@id\":\"https:\\\/\\\/unisale.com.br\\\/pastoral\\\/#\\\/schema\\\/person\\\/a16ba711a0f7dec9cb6b44563144d5a3\"},\"headline\":\"08\\\/08 &#8211; Eu sou o P\u00e3o Vivo descido do c\u00e9u\",\"datePublished\":\"2021-07-30T13:32:32+00:00\",\"dateModified\":\"2021-07-30T13:33:18+00:00\",\"mainEntityOfPage\":{\"@id\":\"https:\\\/\\\/unisale.com.br\\\/novo\\\/eu-sou-o-pao-vivo-descido-do-ceu\\\/\"},\"wordCount\":589,\"image\":{\"@id\":\"https:\\\/\\\/unisale.com.br\\\/novo\\\/eu-sou-o-pao-vivo-descido-do-ceu\\\/#primaryimage\"},\"thumbnailUrl\":\"https:\\\/\\\/unisale.com.br\\\/pastoral\\\/wp-content\\\/uploads\\\/2021\\\/07\\\/08-08.png\",\"articleSection\":[\"Reflex\u00e3o do Evangelho\"],\"inLanguage\":\"pt-BR\"},{\"@type\":\"WebPage\",\"@id\":\"https:\\\/\\\/unisale.com.br\\\/novo\\\/eu-sou-o-pao-vivo-descido-do-ceu\\\/\",\"url\":\"https:\\\/\\\/unisale.com.br\\\/novo\\\/eu-sou-o-pao-vivo-descido-do-ceu\\\/\",\"name\":\"08\\\/08 - Eu sou o P\u00e3o Vivo descido do c\u00e9u - Pastoral Universit\u00e1ria UniSALESIANO\",\"isPartOf\":{\"@id\":\"https:\\\/\\\/unisale.com.br\\\/pastoral\\\/#website\"},\"primaryImageOfPage\":{\"@id\":\"https:\\\/\\\/unisale.com.br\\\/novo\\\/eu-sou-o-pao-vivo-descido-do-ceu\\\/#primaryimage\"},\"image\":{\"@id\":\"https:\\\/\\\/unisale.com.br\\\/novo\\\/eu-sou-o-pao-vivo-descido-do-ceu\\\/#primaryimage\"},\"thumbnailUrl\":\"https:\\\/\\\/unisale.com.br\\\/pastoral\\\/wp-content\\\/uploads\\\/2021\\\/07\\\/08-08.png\",\"datePublished\":\"2021-07-30T13:32:32+00:00\",\"dateModified\":\"2021-07-30T13:33:18+00:00\",\"author\":{\"@id\":\"https:\\\/\\\/unisale.com.br\\\/pastoral\\\/#\\\/schema\\\/person\\\/a16ba711a0f7dec9cb6b44563144d5a3\"},\"inLanguage\":\"pt-BR\",\"potentialAction\":[{\"@type\":\"ReadAction\",\"target\":[\"https:\\\/\\\/unisale.com.br\\\/novo\\\/eu-sou-o-pao-vivo-descido-do-ceu\\\/\"]}]},{\"@type\":\"ImageObject\",\"inLanguage\":\"pt-BR\",\"@id\":\"https:\\\/\\\/unisale.com.br\\\/novo\\\/eu-sou-o-pao-vivo-descido-do-ceu\\\/#primaryimage\",\"url\":\"https:\\\/\\\/unisale.com.br\\\/pastoral\\\/wp-content\\\/uploads\\\/2021\\\/07\\\/08-08.png\",\"contentUrl\":\"https:\\\/\\\/unisale.com.br\\\/pastoral\\\/wp-content\\\/uploads\\\/2021\\\/07\\\/08-08.png\",\"width\":889,\"height\":500},{\"@type\":\"WebSite\",\"@id\":\"https:\\\/\\\/unisale.com.br\\\/pastoral\\\/#website\",\"url\":\"https:\\\/\\\/unisale.com.br\\\/pastoral\\\/\",\"name\":\"Pastoral Universit\u00e1ria UniSALESIANO\",\"description\":\"Site da Pastoral Universit\u00e1ria do UniSALESIANO\",\"potentialAction\":[{\"@type\":\"SearchAction\",\"target\":{\"@type\":\"EntryPoint\",\"urlTemplate\":\"https:\\\/\\\/unisale.com.br\\\/pastoral\\\/?s={search_term_string}\"},\"query-input\":{\"@type\":\"PropertyValueSpecification\",\"valueRequired\":true,\"valueName\":\"search_term_string\"}}],\"inLanguage\":\"pt-BR\"},{\"@type\":\"Person\",\"@id\":\"https:\\\/\\\/unisale.com.br\\\/pastoral\\\/#\\\/schema\\\/person\\\/a16ba711a0f7dec9cb6b44563144d5a3\",\"name\":\"pastoral\",\"url\":\"https:\\\/\\\/unisale.com.br\\\/pastoral\\\/author\\\/pastoral\\\/\"}]}<\/script>\n<!-- \/ Yoast SEO plugin. -->","yoast_head_json":{"title":"08\/08 - Eu sou o P\u00e3o Vivo descido do c\u00e9u - Pastoral Universit\u00e1ria UniSALESIANO","robots":{"index":"index","follow":"follow","max-snippet":"max-snippet:-1","max-image-preview":"max-image-preview:large","max-video-preview":"max-video-preview:-1"},"canonical":"https:\/\/unisale.com.br\/novo\/eu-sou-o-pao-vivo-descido-do-ceu\/","og_locale":"pt_BR","og_type":"article","og_title":"08\/08 - Eu sou o P\u00e3o Vivo descido do c\u00e9u - Pastoral Universit\u00e1ria UniSALESIANO","og_description":"XVI Domingo do Tempo Comum \u2013 08.08.21 &nbsp; Evangelho (Jo 6,41-51) &nbsp; \u201cEu sou o P\u00e3o Vivo descido do c\u00e9u\u201d &nbsp; Naquele tempo: 41Os judeus...","og_url":"https:\/\/unisale.com.br\/novo\/eu-sou-o-pao-vivo-descido-do-ceu\/","og_site_name":"Pastoral Universit\u00e1ria UniSALESIANO","article_published_time":"2021-07-30T13:32:32+00:00","article_modified_time":"2021-07-30T13:33:18+00:00","og_image":[{"width":1920,"height":1080,"url":"https:\/\/unisale.com.br\/novo\/wp-content\/uploads\/2021\/07\/08-08.png","type":"image\/png"}],"author":"pastoral","twitter_card":"summary_large_image","twitter_misc":{"Escrito por":"pastoral","Est. tempo de leitura":"3 minutos"},"schema":{"@context":"https:\/\/schema.org","@graph":[{"@type":"Article","@id":"https:\/\/unisale.com.br\/novo\/eu-sou-o-pao-vivo-descido-do-ceu\/#article","isPartOf":{"@id":"https:\/\/unisale.com.br\/novo\/eu-sou-o-pao-vivo-descido-do-ceu\/"},"author":{"name":"pastoral","@id":"https:\/\/unisale.com.br\/pastoral\/#\/schema\/person\/a16ba711a0f7dec9cb6b44563144d5a3"},"headline":"08\/08 &#8211; Eu sou o P\u00e3o Vivo descido do c\u00e9u","datePublished":"2021-07-30T13:32:32+00:00","dateModified":"2021-07-30T13:33:18+00:00","mainEntityOfPage":{"@id":"https:\/\/unisale.com.br\/novo\/eu-sou-o-pao-vivo-descido-do-ceu\/"},"wordCount":589,"image":{"@id":"https:\/\/unisale.com.br\/novo\/eu-sou-o-pao-vivo-descido-do-ceu\/#primaryimage"},"thumbnailUrl":"https:\/\/unisale.com.br\/pastoral\/wp-content\/uploads\/2021\/07\/08-08.png","articleSection":["Reflex\u00e3o do Evangelho"],"inLanguage":"pt-BR"},{"@type":"WebPage","@id":"https:\/\/unisale.com.br\/novo\/eu-sou-o-pao-vivo-descido-do-ceu\/","url":"https:\/\/unisale.com.br\/novo\/eu-sou-o-pao-vivo-descido-do-ceu\/","name":"08\/08 - Eu sou o P\u00e3o Vivo descido do c\u00e9u - Pastoral Universit\u00e1ria UniSALESIANO","isPartOf":{"@id":"https:\/\/unisale.com.br\/pastoral\/#website"},"primaryImageOfPage":{"@id":"https:\/\/unisale.com.br\/novo\/eu-sou-o-pao-vivo-descido-do-ceu\/#primaryimage"},"image":{"@id":"https:\/\/unisale.com.br\/novo\/eu-sou-o-pao-vivo-descido-do-ceu\/#primaryimage"},"thumbnailUrl":"https:\/\/unisale.com.br\/pastoral\/wp-content\/uploads\/2021\/07\/08-08.png","datePublished":"2021-07-30T13:32:32+00:00","dateModified":"2021-07-30T13:33:18+00:00","author":{"@id":"https:\/\/unisale.com.br\/pastoral\/#\/schema\/person\/a16ba711a0f7dec9cb6b44563144d5a3"},"inLanguage":"pt-BR","potentialAction":[{"@type":"ReadAction","target":["https:\/\/unisale.com.br\/novo\/eu-sou-o-pao-vivo-descido-do-ceu\/"]}]},{"@type":"ImageObject","inLanguage":"pt-BR","@id":"https:\/\/unisale.com.br\/novo\/eu-sou-o-pao-vivo-descido-do-ceu\/#primaryimage","url":"https:\/\/unisale.com.br\/pastoral\/wp-content\/uploads\/2021\/07\/08-08.png","contentUrl":"https:\/\/unisale.com.br\/pastoral\/wp-content\/uploads\/2021\/07\/08-08.png","width":889,"height":500},{"@type":"WebSite","@id":"https:\/\/unisale.com.br\/pastoral\/#website","url":"https:\/\/unisale.com.br\/pastoral\/","name":"Pastoral Universit\u00e1ria UniSALESIANO","description":"Site da Pastoral Universit\u00e1ria do UniSALESIANO","potentialAction":[{"@type":"SearchAction","target":{"@type":"EntryPoint","urlTemplate":"https:\/\/unisale.com.br\/pastoral\/?s={search_term_string}"},"query-input":{"@type":"PropertyValueSpecification","valueRequired":true,"valueName":"search_term_string"}}],"inLanguage":"pt-BR"},{"@type":"Person","@id":"https:\/\/unisale.com.br\/pastoral\/#\/schema\/person\/a16ba711a0f7dec9cb6b44563144d5a3","name":"pastoral","url":"https:\/\/unisale.com.br\/pastoral\/author\/pastoral\/"}]}},"_links":{"self":[{"href":"https:\/\/unisale.com.br\/pastoral\/wp-json\/wp\/v2\/posts\/2580","targetHints":{"allow":["GET"]}}],"collection":[{"href":"https:\/\/unisale.com.br\/pastoral\/wp-json\/wp\/v2\/posts"}],"about":[{"href":"https:\/\/unisale.com.br\/pastoral\/wp-json\/wp\/v2\/types\/post"}],"author":[{"embeddable":true,"href":"https:\/\/unisale.com.br\/pastoral\/wp-json\/wp\/v2\/users\/1"}],"replies":[{"embeddable":true,"href":"https:\/\/unisale.com.br\/pastoral\/wp-json\/wp\/v2\/comments?post=2580"}],"version-history":[{"count":0,"href":"https:\/\/unisale.com.br\/pastoral\/wp-json\/wp\/v2\/posts\/2580\/revisions"}],"wp:featuredmedia":[{"embeddable":true,"href":"https:\/\/unisale.com.br\/pastoral\/wp-json\/wp\/v2\/media\/2547"}],"wp:attachment":[{"href":"https:\/\/unisale.com.br\/pastoral\/wp-json\/wp\/v2\/media?parent=2580"}],"wp:term":[{"taxonomy":"category","embeddable":true,"href":"https:\/\/unisale.com.br\/pastoral\/wp-json\/wp\/v2\/categories?post=2580"},{"taxonomy":"post_tag","embeddable":true,"href":"https:\/\/unisale.com.br\/pastoral\/wp-json\/wp\/v2\/tags?post=2580"}],"curies":[{"name":"wp","href":"https:\/\/api.w.org\/{rel}","templated":true}]}}