{"id":2597,"date":"2021-08-03T12:54:03","date_gmt":"2021-08-03T12:54:03","guid":{"rendered":"https:\/\/unisale.com.br\/pastoral\/?p=2597"},"modified":"2021-08-03T12:55:12","modified_gmt":"2021-08-03T12:55:12","slug":"mes-vocacional-mes-de-agosto","status":"publish","type":"post","link":"https:\/\/unisale.com.br\/pastoral\/mes-vocacional-mes-de-agosto\/","title":{"rendered":"UniSALESIANO promove a\u00e7\u00f5es ligadas ao m\u00eas vocacional, m\u00eas de agosto"},"content":{"rendered":"<p>Todo ano, sempre no m\u00eas de agosto, a Igreja Cat\u00f3lica celebra no Brasil o m\u00eas vocacional. No UniSALESIANO, as a\u00e7\u00f5es ser\u00e3o promovidas pela Pastoral Universit\u00e1ria por meio das redes sociais devido \u00e0 pandemia do coronav\u00edrus.<\/p>\n<p>O\u00a0<strong>Pr\u00f3-Reitor de Pastoral, Pe. Paulo J\u00e1como<\/strong>, disse que os interessados poder\u00e3o acessar os v\u00eddeos sobre as voca\u00e7\u00f5es nos sites do UniSALESIANO (unisalesiano.com.br) e da Pastoral (unisalesiano.com.br\/pastoral). \u201cOs Coordenadores mostrar\u00e3o um pouco sobre cada curso oferecido pelo UniSALESIANO e tamb\u00e9m tem v\u00eddeos sobre diversas voca\u00e7\u00f5es, como a religiosa, do minist\u00e9rio, entre outras\u201d, completou.<\/p>\n<p>Haver\u00e1 tamb\u00e9m, em ambos os sites, o Retiro Espiritual com o tema das voca\u00e7\u00f5es. \u201cNesse caso, o jovem poder\u00e1 rezar, fazer o retiro e refletir sobre sua voca\u00e7\u00e3o\u201d, afirmou o padre.<\/p>\n<p>De acordo com o Pr\u00f3-Reitor de Pastoral, a primeira voca\u00e7\u00e3o do homem \u00e9 a vida, o sopro de Deus, seguida da santidade. \u201cTodos n\u00f3s somos chamados \u00e0 santidade e, \u00e9 claro que, ao longo da vida, a gente tamb\u00e9m escolhe outras voca\u00e7\u00f5es, como a do matrim\u00f4nio, sacerdotal, vida religiosa, a dos leigos engajados para os minist\u00e9rios\u201d, contou.<\/p>\n<p>E, no mundo universit\u00e1rio, Pe. Paulo afirma que o espa\u00e7o educa o jovem e o capacita para uma profiss\u00e3o. Ou seja, a profiss\u00e3o, segundo ele, est\u00e1 ligada \u00e0 voca\u00e7\u00e3o. \u201cQuando o jovem escolhe uma profiss\u00e3o, tem que estar atento ao dom que ele tem. Esse dom faz com que ele responda \u00e0 uma voca\u00e7\u00e3o e a escolha de uma maneira prazerosa\u201d, aconselhou.<\/p>\n<p>Disse ainda que a voca\u00e7\u00e3o de cada um est\u00e1 ligada \u00e0 realiza\u00e7\u00e3o pessoal. Se a pessoa n\u00e3o se dedica com amor naquilo que faz, n\u00e3o far\u00e1 bem feito. \u201cTem que ter uma sintonia. Eu digo que, quando o jovem escolhe uma profiss\u00e3o, tamb\u00e9m est\u00e1 respondendo ao chamado de Deus\u201d, afirmou, ao convidar todos os acad\u00eamicos para um m\u00eas de ora\u00e7\u00e3o pela voca\u00e7\u00e3o, miss\u00e3o e felicidade.<\/p>\n","protected":false},"excerpt":{"rendered":"<p>Todo ano, sempre no m\u00eas de agosto, a Igreja Cat\u00f3lica celebra no Brasil o m\u00eas vocacional. No UniSALESIANO, as a\u00e7\u00f5es ser\u00e3o promovidas pela Pastoral Universit\u00e1ria&#8230;<\/p>\n","protected":false},"author":1,"featured_media":2598,"comment_status":"closed","ping_status":"closed","sticky":false,"template":"","format":"standard","meta":{"_acf_changed":false,"footnotes":""},"categories":[3],"tags":[],"class_list":["post-2597","post","type-post","status-publish","format-standard","has-post-thumbnail","hentry","category-not"],"acf":[],"yoast_head":"<!-- This site is optimized with the Yoast SEO plugin v27.3 - https:\/\/yoast.com\/product\/yoast-seo-wordpress\/ -->\n<title>UniSALESIANO promove a\u00e7\u00f5es ligadas ao m\u00eas vocacional, m\u00eas de agosto - Pastoral Universit\u00e1ria UniSALESIANO<\/title>\n<meta name=\"robots\" content=\"index, follow, max-snippet:-1, max-image-preview:large, max-video-preview:-1\" \/>\n<link rel=\"canonical\" href=\"https:\/\/unisale.com.br\/novo\/mes-vocacional-mes-de-agosto\/\" \/>\n<meta property=\"og:locale\" content=\"pt_BR\" \/>\n<meta property=\"og:type\" content=\"article\" \/>\n<meta property=\"og:title\" content=\"UniSALESIANO promove a\u00e7\u00f5es ligadas ao m\u00eas vocacional, m\u00eas de agosto - Pastoral Universit\u00e1ria UniSALESIANO\" \/>\n<meta property=\"og:description\" content=\"Todo ano, sempre no m\u00eas de agosto, a Igreja Cat\u00f3lica celebra no Brasil o m\u00eas vocacional. No UniSALESIANO, as a\u00e7\u00f5es ser\u00e3o promovidas pela Pastoral Universit\u00e1ria...\" \/>\n<meta property=\"og:url\" content=\"https:\/\/unisale.com.br\/novo\/mes-vocacional-mes-de-agosto\/\" \/>\n<meta property=\"og:site_name\" content=\"Pastoral Universit\u00e1ria UniSALESIANO\" \/>\n<meta property=\"article:published_time\" content=\"2021-08-03T12:54:03+00:00\" \/>\n<meta property=\"article:modified_time\" content=\"2021-08-03T12:55:12+00:00\" \/>\n<meta property=\"og:image\" content=\"https:\/\/unisale.com.br\/novo\/wp-content\/uploads\/2021\/08\/Sem-Titulo-2.jpg\" \/>\n\t<meta property=\"og:image:width\" content=\"1080\" \/>\n\t<meta property=\"og:image:height\" content=\"1080\" \/>\n\t<meta property=\"og:image:type\" content=\"image\/jpeg\" \/>\n<meta name=\"author\" content=\"pastoral\" \/>\n<meta name=\"twitter:card\" content=\"summary_large_image\" \/>\n<meta name=\"twitter:label1\" content=\"Escrito por\" \/>\n\t<meta name=\"twitter:data1\" content=\"pastoral\" \/>\n\t<meta name=\"twitter:label2\" content=\"Est. tempo de leitura\" \/>\n\t<meta name=\"twitter:data2\" content=\"2 minutos\" \/>\n<script type=\"application\/ld+json\" class=\"yoast-schema-graph\">{\"@context\":\"https:\\\/\\\/schema.org\",\"@graph\":[{\"@type\":\"Article\",\"@id\":\"https:\\\/\\\/unisale.com.br\\\/novo\\\/mes-vocacional-mes-de-agosto\\\/#article\",\"isPartOf\":{\"@id\":\"https:\\\/\\\/unisale.com.br\\\/novo\\\/mes-vocacional-mes-de-agosto\\\/\"},\"author\":{\"name\":\"pastoral\",\"@id\":\"https:\\\/\\\/unisale.com.br\\\/pastoral\\\/#\\\/schema\\\/person\\\/a16ba711a0f7dec9cb6b44563144d5a3\"},\"headline\":\"UniSALESIANO promove a\u00e7\u00f5es ligadas ao m\u00eas vocacional, m\u00eas de agosto\",\"datePublished\":\"2021-08-03T12:54:03+00:00\",\"dateModified\":\"2021-08-03T12:55:12+00:00\",\"mainEntityOfPage\":{\"@id\":\"https:\\\/\\\/unisale.com.br\\\/novo\\\/mes-vocacional-mes-de-agosto\\\/\"},\"wordCount\":359,\"image\":{\"@id\":\"https:\\\/\\\/unisale.com.br\\\/novo\\\/mes-vocacional-mes-de-agosto\\\/#primaryimage\"},\"thumbnailUrl\":\"https:\\\/\\\/unisale.com.br\\\/pastoral\\\/wp-content\\\/uploads\\\/2021\\\/08\\\/Sem-Titulo-2.jpg\",\"articleSection\":[\"Not\u00edcias\"],\"inLanguage\":\"pt-BR\"},{\"@type\":\"WebPage\",\"@id\":\"https:\\\/\\\/unisale.com.br\\\/novo\\\/mes-vocacional-mes-de-agosto\\\/\",\"url\":\"https:\\\/\\\/unisale.com.br\\\/novo\\\/mes-vocacional-mes-de-agosto\\\/\",\"name\":\"UniSALESIANO promove a\u00e7\u00f5es ligadas ao m\u00eas vocacional, m\u00eas de agosto - Pastoral Universit\u00e1ria UniSALESIANO\",\"isPartOf\":{\"@id\":\"https:\\\/\\\/unisale.com.br\\\/pastoral\\\/#website\"},\"primaryImageOfPage\":{\"@id\":\"https:\\\/\\\/unisale.com.br\\\/novo\\\/mes-vocacional-mes-de-agosto\\\/#primaryimage\"},\"image\":{\"@id\":\"https:\\\/\\\/unisale.com.br\\\/novo\\\/mes-vocacional-mes-de-agosto\\\/#primaryimage\"},\"thumbnailUrl\":\"https:\\\/\\\/unisale.com.br\\\/pastoral\\\/wp-content\\\/uploads\\\/2021\\\/08\\\/Sem-Titulo-2.jpg\",\"datePublished\":\"2021-08-03T12:54:03+00:00\",\"dateModified\":\"2021-08-03T12:55:12+00:00\",\"author\":{\"@id\":\"https:\\\/\\\/unisale.com.br\\\/pastoral\\\/#\\\/schema\\\/person\\\/a16ba711a0f7dec9cb6b44563144d5a3\"},\"inLanguage\":\"pt-BR\",\"potentialAction\":[{\"@type\":\"ReadAction\",\"target\":[\"https:\\\/\\\/unisale.com.br\\\/novo\\\/mes-vocacional-mes-de-agosto\\\/\"]}]},{\"@type\":\"ImageObject\",\"inLanguage\":\"pt-BR\",\"@id\":\"https:\\\/\\\/unisale.com.br\\\/novo\\\/mes-vocacional-mes-de-agosto\\\/#primaryimage\",\"url\":\"https:\\\/\\\/unisale.com.br\\\/pastoral\\\/wp-content\\\/uploads\\\/2021\\\/08\\\/Sem-Titulo-2.jpg\",\"contentUrl\":\"https:\\\/\\\/unisale.com.br\\\/pastoral\\\/wp-content\\\/uploads\\\/2021\\\/08\\\/Sem-Titulo-2.jpg\",\"width\":500,\"height\":500},{\"@type\":\"WebSite\",\"@id\":\"https:\\\/\\\/unisale.com.br\\\/pastoral\\\/#website\",\"url\":\"https:\\\/\\\/unisale.com.br\\\/pastoral\\\/\",\"name\":\"Pastoral Universit\u00e1ria UniSALESIANO\",\"description\":\"Site da Pastoral Universit\u00e1ria do UniSALESIANO\",\"potentialAction\":[{\"@type\":\"SearchAction\",\"target\":{\"@type\":\"EntryPoint\",\"urlTemplate\":\"https:\\\/\\\/unisale.com.br\\\/pastoral\\\/?s={search_term_string}\"},\"query-input\":{\"@type\":\"PropertyValueSpecification\",\"valueRequired\":true,\"valueName\":\"search_term_string\"}}],\"inLanguage\":\"pt-BR\"},{\"@type\":\"Person\",\"@id\":\"https:\\\/\\\/unisale.com.br\\\/pastoral\\\/#\\\/schema\\\/person\\\/a16ba711a0f7dec9cb6b44563144d5a3\",\"name\":\"pastoral\",\"url\":\"https:\\\/\\\/unisale.com.br\\\/pastoral\\\/author\\\/pastoral\\\/\"}]}<\/script>\n<!-- \/ Yoast SEO plugin. -->","yoast_head_json":{"title":"UniSALESIANO promove a\u00e7\u00f5es ligadas ao m\u00eas vocacional, m\u00eas de agosto - Pastoral Universit\u00e1ria UniSALESIANO","robots":{"index":"index","follow":"follow","max-snippet":"max-snippet:-1","max-image-preview":"max-image-preview:large","max-video-preview":"max-video-preview:-1"},"canonical":"https:\/\/unisale.com.br\/novo\/mes-vocacional-mes-de-agosto\/","og_locale":"pt_BR","og_type":"article","og_title":"UniSALESIANO promove a\u00e7\u00f5es ligadas ao m\u00eas vocacional, m\u00eas de agosto - Pastoral Universit\u00e1ria UniSALESIANO","og_description":"Todo ano, sempre no m\u00eas de agosto, a Igreja Cat\u00f3lica celebra no Brasil o m\u00eas vocacional. No UniSALESIANO, as a\u00e7\u00f5es ser\u00e3o promovidas pela Pastoral Universit\u00e1ria...","og_url":"https:\/\/unisale.com.br\/novo\/mes-vocacional-mes-de-agosto\/","og_site_name":"Pastoral Universit\u00e1ria UniSALESIANO","article_published_time":"2021-08-03T12:54:03+00:00","article_modified_time":"2021-08-03T12:55:12+00:00","og_image":[{"width":1080,"height":1080,"url":"https:\/\/unisale.com.br\/novo\/wp-content\/uploads\/2021\/08\/Sem-Titulo-2.jpg","type":"image\/jpeg"}],"author":"pastoral","twitter_card":"summary_large_image","twitter_misc":{"Escrito por":"pastoral","Est. tempo de leitura":"2 minutos"},"schema":{"@context":"https:\/\/schema.org","@graph":[{"@type":"Article","@id":"https:\/\/unisale.com.br\/novo\/mes-vocacional-mes-de-agosto\/#article","isPartOf":{"@id":"https:\/\/unisale.com.br\/novo\/mes-vocacional-mes-de-agosto\/"},"author":{"name":"pastoral","@id":"https:\/\/unisale.com.br\/pastoral\/#\/schema\/person\/a16ba711a0f7dec9cb6b44563144d5a3"},"headline":"UniSALESIANO promove a\u00e7\u00f5es ligadas ao m\u00eas vocacional, m\u00eas de agosto","datePublished":"2021-08-03T12:54:03+00:00","dateModified":"2021-08-03T12:55:12+00:00","mainEntityOfPage":{"@id":"https:\/\/unisale.com.br\/novo\/mes-vocacional-mes-de-agosto\/"},"wordCount":359,"image":{"@id":"https:\/\/unisale.com.br\/novo\/mes-vocacional-mes-de-agosto\/#primaryimage"},"thumbnailUrl":"https:\/\/unisale.com.br\/pastoral\/wp-content\/uploads\/2021\/08\/Sem-Titulo-2.jpg","articleSection":["Not\u00edcias"],"inLanguage":"pt-BR"},{"@type":"WebPage","@id":"https:\/\/unisale.com.br\/novo\/mes-vocacional-mes-de-agosto\/","url":"https:\/\/unisale.com.br\/novo\/mes-vocacional-mes-de-agosto\/","name":"UniSALESIANO promove a\u00e7\u00f5es ligadas ao m\u00eas vocacional, m\u00eas de agosto - Pastoral Universit\u00e1ria UniSALESIANO","isPartOf":{"@id":"https:\/\/unisale.com.br\/pastoral\/#website"},"primaryImageOfPage":{"@id":"https:\/\/unisale.com.br\/novo\/mes-vocacional-mes-de-agosto\/#primaryimage"},"image":{"@id":"https:\/\/unisale.com.br\/novo\/mes-vocacional-mes-de-agosto\/#primaryimage"},"thumbnailUrl":"https:\/\/unisale.com.br\/pastoral\/wp-content\/uploads\/2021\/08\/Sem-Titulo-2.jpg","datePublished":"2021-08-03T12:54:03+00:00","dateModified":"2021-08-03T12:55:12+00:00","author":{"@id":"https:\/\/unisale.com.br\/pastoral\/#\/schema\/person\/a16ba711a0f7dec9cb6b44563144d5a3"},"inLanguage":"pt-BR","potentialAction":[{"@type":"ReadAction","target":["https:\/\/unisale.com.br\/novo\/mes-vocacional-mes-de-agosto\/"]}]},{"@type":"ImageObject","inLanguage":"pt-BR","@id":"https:\/\/unisale.com.br\/novo\/mes-vocacional-mes-de-agosto\/#primaryimage","url":"https:\/\/unisale.com.br\/pastoral\/wp-content\/uploads\/2021\/08\/Sem-Titulo-2.jpg","contentUrl":"https:\/\/unisale.com.br\/pastoral\/wp-content\/uploads\/2021\/08\/Sem-Titulo-2.jpg","width":500,"height":500},{"@type":"WebSite","@id":"https:\/\/unisale.com.br\/pastoral\/#website","url":"https:\/\/unisale.com.br\/pastoral\/","name":"Pastoral Universit\u00e1ria UniSALESIANO","description":"Site da Pastoral Universit\u00e1ria do UniSALESIANO","potentialAction":[{"@type":"SearchAction","target":{"@type":"EntryPoint","urlTemplate":"https:\/\/unisale.com.br\/pastoral\/?s={search_term_string}"},"query-input":{"@type":"PropertyValueSpecification","valueRequired":true,"valueName":"search_term_string"}}],"inLanguage":"pt-BR"},{"@type":"Person","@id":"https:\/\/unisale.com.br\/pastoral\/#\/schema\/person\/a16ba711a0f7dec9cb6b44563144d5a3","name":"pastoral","url":"https:\/\/unisale.com.br\/pastoral\/author\/pastoral\/"}]}},"_links":{"self":[{"href":"https:\/\/unisale.com.br\/pastoral\/wp-json\/wp\/v2\/posts\/2597","targetHints":{"allow":["GET"]}}],"collection":[{"href":"https:\/\/unisale.com.br\/pastoral\/wp-json\/wp\/v2\/posts"}],"about":[{"href":"https:\/\/unisale.com.br\/pastoral\/wp-json\/wp\/v2\/types\/post"}],"author":[{"embeddable":true,"href":"https:\/\/unisale.com.br\/pastoral\/wp-json\/wp\/v2\/users\/1"}],"replies":[{"embeddable":true,"href":"https:\/\/unisale.com.br\/pastoral\/wp-json\/wp\/v2\/comments?post=2597"}],"version-history":[{"count":0,"href":"https:\/\/unisale.com.br\/pastoral\/wp-json\/wp\/v2\/posts\/2597\/revisions"}],"wp:featuredmedia":[{"embeddable":true,"href":"https:\/\/unisale.com.br\/pastoral\/wp-json\/wp\/v2\/media\/2598"}],"wp:attachment":[{"href":"https:\/\/unisale.com.br\/pastoral\/wp-json\/wp\/v2\/media?parent=2597"}],"wp:term":[{"taxonomy":"category","embeddable":true,"href":"https:\/\/unisale.com.br\/pastoral\/wp-json\/wp\/v2\/categories?post=2597"},{"taxonomy":"post_tag","embeddable":true,"href":"https:\/\/unisale.com.br\/pastoral\/wp-json\/wp\/v2\/tags?post=2597"}],"curies":[{"name":"wp","href":"https:\/\/api.w.org\/{rel}","templated":true}]}}