{"id":2614,"date":"2021-08-06T10:43:52","date_gmt":"2021-08-06T10:43:52","guid":{"rendered":"https:\/\/unisale.com.br\/pastoral\/?p=2614"},"modified":"2021-08-06T10:44:18","modified_gmt":"2021-08-06T10:44:18","slug":"o-filho-do-homem-vai-ser","status":"publish","type":"post","link":"https:\/\/unisale.com.br\/pastoral\/o-filho-do-homem-vai-ser\/","title":{"rendered":"09\/08 &#8211; O Filho do Homem vai ser entregue nas m\u00e3os dos homens"},"content":{"rendered":"<p>Segunda-feira, 09 de agosto de 2021.<\/p>\n<p>&nbsp;<\/p>\n<p>Evangelho (Mt 17,22-27)<\/p>\n<p>&nbsp;<\/p>\n<p><strong>\u201cO Filho do Homem vai ser entregue nas m\u00e3os dos homens\u201d<\/strong><\/p>\n<p>&nbsp;<\/p>\n<p>Naquele tempo, <sup>22<\/sup>quando Jesus e os seus disc\u00edpulos estavam reunidos na Galileia, ele lhes disse: \u201cO Filho do Homem vai ser entregue nas m\u00e3os dos homens. <sup>23<\/sup>Eles o matar\u00e3o, mas no terceiro dia, ele ressuscitar\u00e1\u201d. E os disc\u00edpulos ficaram muito tristes. <sup>24<\/sup>Quando chegaram a Cafarnaum, os cobradores do imposto do Templo aproximaram-se de Pedro e perguntaram: \u201cO vosso mestre n\u00e3o paga o imposto do Templo?\u201d <sup>25<\/sup>Pedro respondeu; \u201cSim, paga\u201d. Ao entrar em casa, Jesus adiantou-se, e perguntou: \u201cSim\u00e3o, que te parece: Os reis da terra cobram impostos ou taxas de quem: dos filhos ou dos estranhos?\u201d <sup>26<\/sup>Pedro respondeu: \u201cDos estranhos!\u201d Ent\u00e3o, Jesus disse: \u201cLogo os filhos s\u00e3o livres. <sup>27<\/sup>Mas, para n\u00e3o escandalizar essa gente, vai ao mar, lan\u00e7a o anzol, e abre a boca do primeiro peixe que pescares. Ali encontrar\u00e1s uma moeda; pega ent\u00e3o a moeda e vai entreg\u00e1-la a eles, por mim e por ti\u201d.<\/p>\n<p><strong>\u00a0<\/strong><\/p>\n<p><strong>Reflex\u00e3o<\/strong><\/p>\n<p>&nbsp;<\/p>\n<p>Enquanto os Ap\u00f3stolos pensam, em seu cora\u00e7\u00e3o, que est\u00e1 pr\u00f3ximo o momento em que Cristo vai instaurar o Reino de Davi, colocando para fora os opressores; o Mestre, ao inv\u00e9s disso, anuncia a sua pr\u00f3pria destrui\u00e7\u00e3o com a sua morte. Um contraste muito grande entre a l\u00f3gica dos homens e a l\u00f3gica de Deus. Uma desilus\u00e3o para os Ap\u00f3stolos, que percebem que v\u00e3o para o nada os pr\u00f3prios sonhos e se veem obrigados a mergulhar no mist\u00e9rio da cruz. Esc\u00e2ndalo e desilus\u00e3o para todos aqueles que vivem a pr\u00f3pria religiosidade como uma garantia de imunidade e grandeza. Para todos aqueles que rejeitam a cruz e n\u00e3o conseguem vislumbrar o imenso valor que o mesmo Senhor lhe conferiu. Para todos aqueles que leem a hist\u00f3ria somente com a l\u00f3gica humana e n\u00e3o sabem cruzar os limites \u00e0 luz da f\u00e9. Motivo de tristeza e de des\u00e2nimo para quem v\u00ea a morte somente como o fim da vida. Aquele \u201cno terceiro dia ressuscitar\u00e1\u201d deve ser impresso como um selo e garantia de imortalidade em cada mente humana, deve se tornar o motivo da vida e do conforto da morte esperada como uma alegre passagem em dire\u00e7\u00e3o ao pr\u00eamio e \u00e0 eternidade. Neste sentido, as leis humanas s\u00e3o vistas em outra perspectiva, como, por exemplo, pagar as taxas para o templo, tamb\u00e9m o Senhor, que justamente se professa com \u201cfilho do Pai\u201d, para evitar falsas interpreta\u00e7\u00f5es e f\u00e1ceis acusa\u00e7\u00f5es, assume \u00e0 sua maneira o d\u00e9bito. A moeda extra\u00edda da boca do peixe nos faz pensar a incessante provid\u00eancia divina que brota do cora\u00e7\u00e3o de Deus para com os seus filhos. Nos faz pensar ainda em Jesus, que n\u00e3o desdenha da sua condi\u00e7\u00e3o de homem, que se submete, humildemente, \u00e0s exig\u00eancia humanas.<\/p>\n","protected":false},"excerpt":{"rendered":"<p>Segunda-feira, 09 de agosto de 2021. &nbsp; Evangelho (Mt 17,22-27) &nbsp; \u201cO Filho do Homem vai ser entregue nas m\u00e3os dos homens\u201d &nbsp; Naquele tempo,&#8230;<\/p>\n","protected":false},"author":1,"featured_media":2607,"comment_status":"closed","ping_status":"closed","sticky":false,"template":"","format":"standard","meta":{"_acf_changed":false,"footnotes":""},"categories":[13],"tags":[],"class_list":["post-2614","post","type-post","status-publish","format-standard","has-post-thumbnail","hentry","category-reflexaodoevagelho"],"acf":[],"yoast_head":"<!-- This site is optimized with the Yoast SEO plugin v27.3 - https:\/\/yoast.com\/product\/yoast-seo-wordpress\/ -->\n<title>09\/08 - O Filho do Homem vai ser entregue nas m\u00e3os dos homens - Pastoral Universit\u00e1ria UniSALESIANO<\/title>\n<meta name=\"robots\" content=\"index, follow, max-snippet:-1, max-image-preview:large, max-video-preview:-1\" \/>\n<link rel=\"canonical\" href=\"https:\/\/unisale.com.br\/novo\/o-filho-do-homem-vai-ser\/\" \/>\n<meta property=\"og:locale\" content=\"pt_BR\" \/>\n<meta property=\"og:type\" content=\"article\" \/>\n<meta property=\"og:title\" content=\"09\/08 - O Filho do Homem vai ser entregue nas m\u00e3os dos homens - Pastoral Universit\u00e1ria UniSALESIANO\" \/>\n<meta property=\"og:description\" content=\"Segunda-feira, 09 de agosto de 2021. &nbsp; Evangelho (Mt 17,22-27) &nbsp; \u201cO Filho do Homem vai ser entregue nas m\u00e3os dos homens\u201d &nbsp; Naquele tempo,...\" \/>\n<meta property=\"og:url\" content=\"https:\/\/unisale.com.br\/novo\/o-filho-do-homem-vai-ser\/\" \/>\n<meta property=\"og:site_name\" content=\"Pastoral Universit\u00e1ria UniSALESIANO\" \/>\n<meta property=\"article:published_time\" content=\"2021-08-06T10:43:52+00:00\" \/>\n<meta property=\"article:modified_time\" content=\"2021-08-06T10:44:18+00:00\" \/>\n<meta property=\"og:image\" content=\"https:\/\/unisale.com.br\/novo\/wp-content\/uploads\/2021\/08\/09-08.png\" \/>\n\t<meta property=\"og:image:width\" content=\"1920\" \/>\n\t<meta property=\"og:image:height\" content=\"1080\" \/>\n\t<meta property=\"og:image:type\" content=\"image\/png\" \/>\n<meta name=\"author\" content=\"pastoral\" \/>\n<meta name=\"twitter:card\" content=\"summary_large_image\" \/>\n<meta name=\"twitter:label1\" content=\"Escrito por\" \/>\n\t<meta name=\"twitter:data1\" content=\"pastoral\" \/>\n\t<meta name=\"twitter:label2\" content=\"Est. tempo de leitura\" \/>\n\t<meta name=\"twitter:data2\" content=\"3 minutos\" \/>\n<script type=\"application\/ld+json\" class=\"yoast-schema-graph\">{\"@context\":\"https:\\\/\\\/schema.org\",\"@graph\":[{\"@type\":\"Article\",\"@id\":\"https:\\\/\\\/unisale.com.br\\\/novo\\\/o-filho-do-homem-vai-ser\\\/#article\",\"isPartOf\":{\"@id\":\"https:\\\/\\\/unisale.com.br\\\/novo\\\/o-filho-do-homem-vai-ser\\\/\"},\"author\":{\"name\":\"pastoral\",\"@id\":\"https:\\\/\\\/unisale.com.br\\\/pastoral\\\/#\\\/schema\\\/person\\\/a16ba711a0f7dec9cb6b44563144d5a3\"},\"headline\":\"09\\\/08 &#8211; O Filho do Homem vai ser entregue nas m\u00e3os dos homens\",\"datePublished\":\"2021-08-06T10:43:52+00:00\",\"dateModified\":\"2021-08-06T10:44:18+00:00\",\"mainEntityOfPage\":{\"@id\":\"https:\\\/\\\/unisale.com.br\\\/novo\\\/o-filho-do-homem-vai-ser\\\/\"},\"wordCount\":518,\"image\":{\"@id\":\"https:\\\/\\\/unisale.com.br\\\/novo\\\/o-filho-do-homem-vai-ser\\\/#primaryimage\"},\"thumbnailUrl\":\"https:\\\/\\\/unisale.com.br\\\/pastoral\\\/wp-content\\\/uploads\\\/2021\\\/08\\\/09-08.png\",\"articleSection\":[\"Reflex\u00e3o do Evangelho\"],\"inLanguage\":\"pt-BR\"},{\"@type\":\"WebPage\",\"@id\":\"https:\\\/\\\/unisale.com.br\\\/novo\\\/o-filho-do-homem-vai-ser\\\/\",\"url\":\"https:\\\/\\\/unisale.com.br\\\/novo\\\/o-filho-do-homem-vai-ser\\\/\",\"name\":\"09\\\/08 - O Filho do Homem vai ser entregue nas m\u00e3os dos homens - Pastoral Universit\u00e1ria UniSALESIANO\",\"isPartOf\":{\"@id\":\"https:\\\/\\\/unisale.com.br\\\/pastoral\\\/#website\"},\"primaryImageOfPage\":{\"@id\":\"https:\\\/\\\/unisale.com.br\\\/novo\\\/o-filho-do-homem-vai-ser\\\/#primaryimage\"},\"image\":{\"@id\":\"https:\\\/\\\/unisale.com.br\\\/novo\\\/o-filho-do-homem-vai-ser\\\/#primaryimage\"},\"thumbnailUrl\":\"https:\\\/\\\/unisale.com.br\\\/pastoral\\\/wp-content\\\/uploads\\\/2021\\\/08\\\/09-08.png\",\"datePublished\":\"2021-08-06T10:43:52+00:00\",\"dateModified\":\"2021-08-06T10:44:18+00:00\",\"author\":{\"@id\":\"https:\\\/\\\/unisale.com.br\\\/pastoral\\\/#\\\/schema\\\/person\\\/a16ba711a0f7dec9cb6b44563144d5a3\"},\"inLanguage\":\"pt-BR\",\"potentialAction\":[{\"@type\":\"ReadAction\",\"target\":[\"https:\\\/\\\/unisale.com.br\\\/novo\\\/o-filho-do-homem-vai-ser\\\/\"]}]},{\"@type\":\"ImageObject\",\"inLanguage\":\"pt-BR\",\"@id\":\"https:\\\/\\\/unisale.com.br\\\/novo\\\/o-filho-do-homem-vai-ser\\\/#primaryimage\",\"url\":\"https:\\\/\\\/unisale.com.br\\\/pastoral\\\/wp-content\\\/uploads\\\/2021\\\/08\\\/09-08.png\",\"contentUrl\":\"https:\\\/\\\/unisale.com.br\\\/pastoral\\\/wp-content\\\/uploads\\\/2021\\\/08\\\/09-08.png\",\"width\":889,\"height\":500},{\"@type\":\"WebSite\",\"@id\":\"https:\\\/\\\/unisale.com.br\\\/pastoral\\\/#website\",\"url\":\"https:\\\/\\\/unisale.com.br\\\/pastoral\\\/\",\"name\":\"Pastoral Universit\u00e1ria UniSALESIANO\",\"description\":\"Site da Pastoral Universit\u00e1ria do UniSALESIANO\",\"potentialAction\":[{\"@type\":\"SearchAction\",\"target\":{\"@type\":\"EntryPoint\",\"urlTemplate\":\"https:\\\/\\\/unisale.com.br\\\/pastoral\\\/?s={search_term_string}\"},\"query-input\":{\"@type\":\"PropertyValueSpecification\",\"valueRequired\":true,\"valueName\":\"search_term_string\"}}],\"inLanguage\":\"pt-BR\"},{\"@type\":\"Person\",\"@id\":\"https:\\\/\\\/unisale.com.br\\\/pastoral\\\/#\\\/schema\\\/person\\\/a16ba711a0f7dec9cb6b44563144d5a3\",\"name\":\"pastoral\",\"url\":\"https:\\\/\\\/unisale.com.br\\\/pastoral\\\/author\\\/pastoral\\\/\"}]}<\/script>\n<!-- \/ Yoast SEO plugin. -->","yoast_head_json":{"title":"09\/08 - O Filho do Homem vai ser entregue nas m\u00e3os dos homens - Pastoral Universit\u00e1ria UniSALESIANO","robots":{"index":"index","follow":"follow","max-snippet":"max-snippet:-1","max-image-preview":"max-image-preview:large","max-video-preview":"max-video-preview:-1"},"canonical":"https:\/\/unisale.com.br\/novo\/o-filho-do-homem-vai-ser\/","og_locale":"pt_BR","og_type":"article","og_title":"09\/08 - O Filho do Homem vai ser entregue nas m\u00e3os dos homens - Pastoral Universit\u00e1ria UniSALESIANO","og_description":"Segunda-feira, 09 de agosto de 2021. &nbsp; Evangelho (Mt 17,22-27) &nbsp; \u201cO Filho do Homem vai ser entregue nas m\u00e3os dos homens\u201d &nbsp; Naquele tempo,...","og_url":"https:\/\/unisale.com.br\/novo\/o-filho-do-homem-vai-ser\/","og_site_name":"Pastoral Universit\u00e1ria UniSALESIANO","article_published_time":"2021-08-06T10:43:52+00:00","article_modified_time":"2021-08-06T10:44:18+00:00","og_image":[{"width":1920,"height":1080,"url":"https:\/\/unisale.com.br\/novo\/wp-content\/uploads\/2021\/08\/09-08.png","type":"image\/png"}],"author":"pastoral","twitter_card":"summary_large_image","twitter_misc":{"Escrito por":"pastoral","Est. tempo de leitura":"3 minutos"},"schema":{"@context":"https:\/\/schema.org","@graph":[{"@type":"Article","@id":"https:\/\/unisale.com.br\/novo\/o-filho-do-homem-vai-ser\/#article","isPartOf":{"@id":"https:\/\/unisale.com.br\/novo\/o-filho-do-homem-vai-ser\/"},"author":{"name":"pastoral","@id":"https:\/\/unisale.com.br\/pastoral\/#\/schema\/person\/a16ba711a0f7dec9cb6b44563144d5a3"},"headline":"09\/08 &#8211; O Filho do Homem vai ser entregue nas m\u00e3os dos homens","datePublished":"2021-08-06T10:43:52+00:00","dateModified":"2021-08-06T10:44:18+00:00","mainEntityOfPage":{"@id":"https:\/\/unisale.com.br\/novo\/o-filho-do-homem-vai-ser\/"},"wordCount":518,"image":{"@id":"https:\/\/unisale.com.br\/novo\/o-filho-do-homem-vai-ser\/#primaryimage"},"thumbnailUrl":"https:\/\/unisale.com.br\/pastoral\/wp-content\/uploads\/2021\/08\/09-08.png","articleSection":["Reflex\u00e3o do Evangelho"],"inLanguage":"pt-BR"},{"@type":"WebPage","@id":"https:\/\/unisale.com.br\/novo\/o-filho-do-homem-vai-ser\/","url":"https:\/\/unisale.com.br\/novo\/o-filho-do-homem-vai-ser\/","name":"09\/08 - O Filho do Homem vai ser entregue nas m\u00e3os dos homens - Pastoral Universit\u00e1ria UniSALESIANO","isPartOf":{"@id":"https:\/\/unisale.com.br\/pastoral\/#website"},"primaryImageOfPage":{"@id":"https:\/\/unisale.com.br\/novo\/o-filho-do-homem-vai-ser\/#primaryimage"},"image":{"@id":"https:\/\/unisale.com.br\/novo\/o-filho-do-homem-vai-ser\/#primaryimage"},"thumbnailUrl":"https:\/\/unisale.com.br\/pastoral\/wp-content\/uploads\/2021\/08\/09-08.png","datePublished":"2021-08-06T10:43:52+00:00","dateModified":"2021-08-06T10:44:18+00:00","author":{"@id":"https:\/\/unisale.com.br\/pastoral\/#\/schema\/person\/a16ba711a0f7dec9cb6b44563144d5a3"},"inLanguage":"pt-BR","potentialAction":[{"@type":"ReadAction","target":["https:\/\/unisale.com.br\/novo\/o-filho-do-homem-vai-ser\/"]}]},{"@type":"ImageObject","inLanguage":"pt-BR","@id":"https:\/\/unisale.com.br\/novo\/o-filho-do-homem-vai-ser\/#primaryimage","url":"https:\/\/unisale.com.br\/pastoral\/wp-content\/uploads\/2021\/08\/09-08.png","contentUrl":"https:\/\/unisale.com.br\/pastoral\/wp-content\/uploads\/2021\/08\/09-08.png","width":889,"height":500},{"@type":"WebSite","@id":"https:\/\/unisale.com.br\/pastoral\/#website","url":"https:\/\/unisale.com.br\/pastoral\/","name":"Pastoral Universit\u00e1ria UniSALESIANO","description":"Site da Pastoral Universit\u00e1ria do UniSALESIANO","potentialAction":[{"@type":"SearchAction","target":{"@type":"EntryPoint","urlTemplate":"https:\/\/unisale.com.br\/pastoral\/?s={search_term_string}"},"query-input":{"@type":"PropertyValueSpecification","valueRequired":true,"valueName":"search_term_string"}}],"inLanguage":"pt-BR"},{"@type":"Person","@id":"https:\/\/unisale.com.br\/pastoral\/#\/schema\/person\/a16ba711a0f7dec9cb6b44563144d5a3","name":"pastoral","url":"https:\/\/unisale.com.br\/pastoral\/author\/pastoral\/"}]}},"_links":{"self":[{"href":"https:\/\/unisale.com.br\/pastoral\/wp-json\/wp\/v2\/posts\/2614","targetHints":{"allow":["GET"]}}],"collection":[{"href":"https:\/\/unisale.com.br\/pastoral\/wp-json\/wp\/v2\/posts"}],"about":[{"href":"https:\/\/unisale.com.br\/pastoral\/wp-json\/wp\/v2\/types\/post"}],"author":[{"embeddable":true,"href":"https:\/\/unisale.com.br\/pastoral\/wp-json\/wp\/v2\/users\/1"}],"replies":[{"embeddable":true,"href":"https:\/\/unisale.com.br\/pastoral\/wp-json\/wp\/v2\/comments?post=2614"}],"version-history":[{"count":0,"href":"https:\/\/unisale.com.br\/pastoral\/wp-json\/wp\/v2\/posts\/2614\/revisions"}],"wp:featuredmedia":[{"embeddable":true,"href":"https:\/\/unisale.com.br\/pastoral\/wp-json\/wp\/v2\/media\/2607"}],"wp:attachment":[{"href":"https:\/\/unisale.com.br\/pastoral\/wp-json\/wp\/v2\/media?parent=2614"}],"wp:term":[{"taxonomy":"category","embeddable":true,"href":"https:\/\/unisale.com.br\/pastoral\/wp-json\/wp\/v2\/categories?post=2614"},{"taxonomy":"post_tag","embeddable":true,"href":"https:\/\/unisale.com.br\/pastoral\/wp-json\/wp\/v2\/tags?post=2614"}],"curies":[{"name":"wp","href":"https:\/\/api.w.org\/{rel}","templated":true}]}}