{"id":2616,"date":"2021-08-06T10:46:59","date_gmt":"2021-08-06T10:46:59","guid":{"rendered":"https:\/\/unisale.com.br\/pastoral\/?p=2616"},"modified":"2021-08-06T10:46:59","modified_gmt":"2021-08-06T10:46:59","slug":"se-alguem-me-quer-servir","status":"publish","type":"post","link":"https:\/\/unisale.com.br\/pastoral\/se-alguem-me-quer-servir\/","title":{"rendered":"10\/08 &#8211; Se algu\u00e9m me quer servir, siga-me, e onde eu estou estar\u00e1 tamb\u00e9m o meu servo"},"content":{"rendered":"<p>Ter\u00e7a-feira, 10 de agosto de 2021.<\/p>\n<p>&nbsp;<\/p>\n<p>Evangelho (Jo 12,24-26)<\/p>\n<p>&nbsp;<\/p>\n<p><strong>\u201cSe algu\u00e9m me quer servir, siga-me, e onde eu estou estar\u00e1 tamb\u00e9m o meu servo\u201d<\/strong><\/p>\n<p>&nbsp;<\/p>\n<p>Naquele tempo, disse Jesus a seus disc\u00edpulos: <sup>24<\/sup>\u201cEm verdade, em verdade vos digo: Se o gr\u00e3o de trigo que cai na terra n\u00e3o morre, ele continua s\u00f3 um gr\u00e3o de trigo; mas se morre, ent\u00e3o produz muito fruto. <sup>25<\/sup>Quem se apega \u00e0 sua vida, perde-a; mas quem faz pouca conta de sua vida neste mundo, conserv\u00e1-la-\u00e1 para a vida eterna. <sup>26<\/sup>Se algu\u00e9m me quer servir, siga-me, e onde eu estou estar\u00e1 tamb\u00e9m o meu servo. Se algu\u00e9m me serve, meu Pai o honrar\u00e1\u201d.<\/p>\n<p>&nbsp;<\/p>\n<p><strong>Reflex\u00e3o<\/strong><\/p>\n<p>&nbsp;<\/p>\n<p>Possu\u00edmos uma grande vontade de viver. Por amor a n\u00f3s mesmos, estamos dispostos a sacrificar tudo. Mas, n\u00e3o tomamos consci\u00eancia de que quando vivemos presos a n\u00f3s mesmos, estamos condenados a uma morte pior que a mesma morte: somos condenados a morrer sozinhos.<\/p>\n<p>Grande parte da nossa vida, n\u00f3s a passamos tentando nos defender. Temos medo de arriscar, procuramos evitar discuss\u00f5es, de perder as certezas que temos em mente. Mas \u00e9 somente a partir da \u201cperda\u201d que poderemos ver nascer em n\u00f3s algo novo. Jesus nos convida, continuamente, a morrer para n\u00f3s mesmos, mas n\u00e3o porque a morte seja uma coisa bela, simplesmente porque \u00e9 o \u00fanico modo de nos tornarmos n\u00f3s mesmos. Uma semente \u00e9 somente uma semente enquanto n\u00e3o morrer para se tornar uma espiga. Cada um de n\u00f3s \u00e9 potencialmente feliz, e somente quando aceita fazer morrer a si mesmo \u00e9 que realmente poderemos nos tornar felizes. Quem tem o olhar somente sobre si mesmo n\u00e3o enxergar\u00e1 jamais a estrada e vai perder-se, mas quem sabe olhar a estrada chega sempre a um lugar. No fundo n\u00e3o \u00e9 dif\u00edcil aquilo que doa Jesus, afinal, n\u00e3o buscamos quem nos indica a estrada? N\u00e3o precisamos seguir algu\u00e9m? Sozinhos vamos vagar sem destino. Eis porque Jesus nos pede para segui-lo: n\u00e3o para nos tirar a liberdade, mas para torn\u00e1-la poss\u00edvel. A verdadeira liberdade n\u00e3o \u00e9 n\u00e3o depender de ningu\u00e9m, mas \u00e9 sempre depender de quem nos indique o caminho.<\/p>\n","protected":false},"excerpt":{"rendered":"<p>Ter\u00e7a-feira, 10 de agosto de 2021. &nbsp; Evangelho (Jo 12,24-26) &nbsp; \u201cSe algu\u00e9m me quer servir, siga-me, e onde eu estou estar\u00e1 tamb\u00e9m o meu&#8230;<\/p>\n","protected":false},"author":1,"featured_media":2608,"comment_status":"closed","ping_status":"closed","sticky":false,"template":"","format":"standard","meta":{"_acf_changed":false,"footnotes":""},"categories":[13],"tags":[],"class_list":["post-2616","post","type-post","status-publish","format-standard","has-post-thumbnail","hentry","category-reflexaodoevagelho"],"acf":[],"yoast_head":"<!-- This site is optimized with the Yoast SEO plugin v27.3 - https:\/\/yoast.com\/product\/yoast-seo-wordpress\/ -->\n<title>10\/08 - Se algu\u00e9m me quer servir, siga-me, e onde eu estou estar\u00e1 tamb\u00e9m o meu servo - Pastoral Universit\u00e1ria UniSALESIANO<\/title>\n<meta name=\"robots\" content=\"index, follow, max-snippet:-1, max-image-preview:large, max-video-preview:-1\" \/>\n<link rel=\"canonical\" href=\"https:\/\/unisale.com.br\/novo\/se-alguem-me-quer-servir\/\" \/>\n<meta property=\"og:locale\" content=\"pt_BR\" \/>\n<meta property=\"og:type\" content=\"article\" \/>\n<meta property=\"og:title\" content=\"10\/08 - Se algu\u00e9m me quer servir, siga-me, e onde eu estou estar\u00e1 tamb\u00e9m o meu servo - Pastoral Universit\u00e1ria UniSALESIANO\" \/>\n<meta property=\"og:description\" content=\"Ter\u00e7a-feira, 10 de agosto de 2021. &nbsp; Evangelho (Jo 12,24-26) &nbsp; \u201cSe algu\u00e9m me quer servir, siga-me, e onde eu estou estar\u00e1 tamb\u00e9m o meu...\" \/>\n<meta property=\"og:url\" content=\"https:\/\/unisale.com.br\/novo\/se-alguem-me-quer-servir\/\" \/>\n<meta property=\"og:site_name\" content=\"Pastoral Universit\u00e1ria UniSALESIANO\" \/>\n<meta property=\"article:published_time\" content=\"2021-08-06T10:46:59+00:00\" \/>\n<meta property=\"og:image\" content=\"https:\/\/unisale.com.br\/novo\/wp-content\/uploads\/2021\/08\/10-08.png\" \/>\n\t<meta property=\"og:image:width\" content=\"1920\" \/>\n\t<meta property=\"og:image:height\" content=\"1080\" \/>\n\t<meta property=\"og:image:type\" content=\"image\/png\" \/>\n<meta name=\"author\" content=\"pastoral\" \/>\n<meta name=\"twitter:card\" content=\"summary_large_image\" \/>\n<meta name=\"twitter:label1\" content=\"Escrito por\" \/>\n\t<meta name=\"twitter:data1\" content=\"pastoral\" \/>\n\t<meta name=\"twitter:label2\" content=\"Est. tempo de leitura\" \/>\n\t<meta name=\"twitter:data2\" content=\"2 minutos\" \/>\n<script type=\"application\/ld+json\" class=\"yoast-schema-graph\">{\"@context\":\"https:\\\/\\\/schema.org\",\"@graph\":[{\"@type\":\"Article\",\"@id\":\"https:\\\/\\\/unisale.com.br\\\/novo\\\/se-alguem-me-quer-servir\\\/#article\",\"isPartOf\":{\"@id\":\"https:\\\/\\\/unisale.com.br\\\/novo\\\/se-alguem-me-quer-servir\\\/\"},\"author\":{\"name\":\"pastoral\",\"@id\":\"https:\\\/\\\/unisale.com.br\\\/pastoral\\\/#\\\/schema\\\/person\\\/a16ba711a0f7dec9cb6b44563144d5a3\"},\"headline\":\"10\\\/08 &#8211; Se algu\u00e9m me quer servir, siga-me, e onde eu estou estar\u00e1 tamb\u00e9m o meu servo\",\"datePublished\":\"2021-08-06T10:46:59+00:00\",\"mainEntityOfPage\":{\"@id\":\"https:\\\/\\\/unisale.com.br\\\/novo\\\/se-alguem-me-quer-servir\\\/\"},\"wordCount\":397,\"image\":{\"@id\":\"https:\\\/\\\/unisale.com.br\\\/novo\\\/se-alguem-me-quer-servir\\\/#primaryimage\"},\"thumbnailUrl\":\"https:\\\/\\\/unisale.com.br\\\/pastoral\\\/wp-content\\\/uploads\\\/2021\\\/08\\\/10-08.png\",\"articleSection\":[\"Reflex\u00e3o do Evangelho\"],\"inLanguage\":\"pt-BR\"},{\"@type\":\"WebPage\",\"@id\":\"https:\\\/\\\/unisale.com.br\\\/novo\\\/se-alguem-me-quer-servir\\\/\",\"url\":\"https:\\\/\\\/unisale.com.br\\\/novo\\\/se-alguem-me-quer-servir\\\/\",\"name\":\"10\\\/08 - Se algu\u00e9m me quer servir, siga-me, e onde eu estou estar\u00e1 tamb\u00e9m o meu servo - Pastoral Universit\u00e1ria UniSALESIANO\",\"isPartOf\":{\"@id\":\"https:\\\/\\\/unisale.com.br\\\/pastoral\\\/#website\"},\"primaryImageOfPage\":{\"@id\":\"https:\\\/\\\/unisale.com.br\\\/novo\\\/se-alguem-me-quer-servir\\\/#primaryimage\"},\"image\":{\"@id\":\"https:\\\/\\\/unisale.com.br\\\/novo\\\/se-alguem-me-quer-servir\\\/#primaryimage\"},\"thumbnailUrl\":\"https:\\\/\\\/unisale.com.br\\\/pastoral\\\/wp-content\\\/uploads\\\/2021\\\/08\\\/10-08.png\",\"datePublished\":\"2021-08-06T10:46:59+00:00\",\"author\":{\"@id\":\"https:\\\/\\\/unisale.com.br\\\/pastoral\\\/#\\\/schema\\\/person\\\/a16ba711a0f7dec9cb6b44563144d5a3\"},\"inLanguage\":\"pt-BR\",\"potentialAction\":[{\"@type\":\"ReadAction\",\"target\":[\"https:\\\/\\\/unisale.com.br\\\/novo\\\/se-alguem-me-quer-servir\\\/\"]}]},{\"@type\":\"ImageObject\",\"inLanguage\":\"pt-BR\",\"@id\":\"https:\\\/\\\/unisale.com.br\\\/novo\\\/se-alguem-me-quer-servir\\\/#primaryimage\",\"url\":\"https:\\\/\\\/unisale.com.br\\\/pastoral\\\/wp-content\\\/uploads\\\/2021\\\/08\\\/10-08.png\",\"contentUrl\":\"https:\\\/\\\/unisale.com.br\\\/pastoral\\\/wp-content\\\/uploads\\\/2021\\\/08\\\/10-08.png\",\"width\":889,\"height\":500},{\"@type\":\"WebSite\",\"@id\":\"https:\\\/\\\/unisale.com.br\\\/pastoral\\\/#website\",\"url\":\"https:\\\/\\\/unisale.com.br\\\/pastoral\\\/\",\"name\":\"Pastoral Universit\u00e1ria UniSALESIANO\",\"description\":\"Site da Pastoral Universit\u00e1ria do UniSALESIANO\",\"potentialAction\":[{\"@type\":\"SearchAction\",\"target\":{\"@type\":\"EntryPoint\",\"urlTemplate\":\"https:\\\/\\\/unisale.com.br\\\/pastoral\\\/?s={search_term_string}\"},\"query-input\":{\"@type\":\"PropertyValueSpecification\",\"valueRequired\":true,\"valueName\":\"search_term_string\"}}],\"inLanguage\":\"pt-BR\"},{\"@type\":\"Person\",\"@id\":\"https:\\\/\\\/unisale.com.br\\\/pastoral\\\/#\\\/schema\\\/person\\\/a16ba711a0f7dec9cb6b44563144d5a3\",\"name\":\"pastoral\",\"url\":\"https:\\\/\\\/unisale.com.br\\\/pastoral\\\/author\\\/pastoral\\\/\"}]}<\/script>\n<!-- \/ Yoast SEO plugin. -->","yoast_head_json":{"title":"10\/08 - Se algu\u00e9m me quer servir, siga-me, e onde eu estou estar\u00e1 tamb\u00e9m o meu servo - Pastoral Universit\u00e1ria UniSALESIANO","robots":{"index":"index","follow":"follow","max-snippet":"max-snippet:-1","max-image-preview":"max-image-preview:large","max-video-preview":"max-video-preview:-1"},"canonical":"https:\/\/unisale.com.br\/novo\/se-alguem-me-quer-servir\/","og_locale":"pt_BR","og_type":"article","og_title":"10\/08 - Se algu\u00e9m me quer servir, siga-me, e onde eu estou estar\u00e1 tamb\u00e9m o meu servo - Pastoral Universit\u00e1ria UniSALESIANO","og_description":"Ter\u00e7a-feira, 10 de agosto de 2021. &nbsp; Evangelho (Jo 12,24-26) &nbsp; \u201cSe algu\u00e9m me quer servir, siga-me, e onde eu estou estar\u00e1 tamb\u00e9m o meu...","og_url":"https:\/\/unisale.com.br\/novo\/se-alguem-me-quer-servir\/","og_site_name":"Pastoral Universit\u00e1ria UniSALESIANO","article_published_time":"2021-08-06T10:46:59+00:00","og_image":[{"width":1920,"height":1080,"url":"https:\/\/unisale.com.br\/novo\/wp-content\/uploads\/2021\/08\/10-08.png","type":"image\/png"}],"author":"pastoral","twitter_card":"summary_large_image","twitter_misc":{"Escrito por":"pastoral","Est. tempo de leitura":"2 minutos"},"schema":{"@context":"https:\/\/schema.org","@graph":[{"@type":"Article","@id":"https:\/\/unisale.com.br\/novo\/se-alguem-me-quer-servir\/#article","isPartOf":{"@id":"https:\/\/unisale.com.br\/novo\/se-alguem-me-quer-servir\/"},"author":{"name":"pastoral","@id":"https:\/\/unisale.com.br\/pastoral\/#\/schema\/person\/a16ba711a0f7dec9cb6b44563144d5a3"},"headline":"10\/08 &#8211; Se algu\u00e9m me quer servir, siga-me, e onde eu estou estar\u00e1 tamb\u00e9m o meu servo","datePublished":"2021-08-06T10:46:59+00:00","mainEntityOfPage":{"@id":"https:\/\/unisale.com.br\/novo\/se-alguem-me-quer-servir\/"},"wordCount":397,"image":{"@id":"https:\/\/unisale.com.br\/novo\/se-alguem-me-quer-servir\/#primaryimage"},"thumbnailUrl":"https:\/\/unisale.com.br\/pastoral\/wp-content\/uploads\/2021\/08\/10-08.png","articleSection":["Reflex\u00e3o do Evangelho"],"inLanguage":"pt-BR"},{"@type":"WebPage","@id":"https:\/\/unisale.com.br\/novo\/se-alguem-me-quer-servir\/","url":"https:\/\/unisale.com.br\/novo\/se-alguem-me-quer-servir\/","name":"10\/08 - Se algu\u00e9m me quer servir, siga-me, e onde eu estou estar\u00e1 tamb\u00e9m o meu servo - Pastoral Universit\u00e1ria UniSALESIANO","isPartOf":{"@id":"https:\/\/unisale.com.br\/pastoral\/#website"},"primaryImageOfPage":{"@id":"https:\/\/unisale.com.br\/novo\/se-alguem-me-quer-servir\/#primaryimage"},"image":{"@id":"https:\/\/unisale.com.br\/novo\/se-alguem-me-quer-servir\/#primaryimage"},"thumbnailUrl":"https:\/\/unisale.com.br\/pastoral\/wp-content\/uploads\/2021\/08\/10-08.png","datePublished":"2021-08-06T10:46:59+00:00","author":{"@id":"https:\/\/unisale.com.br\/pastoral\/#\/schema\/person\/a16ba711a0f7dec9cb6b44563144d5a3"},"inLanguage":"pt-BR","potentialAction":[{"@type":"ReadAction","target":["https:\/\/unisale.com.br\/novo\/se-alguem-me-quer-servir\/"]}]},{"@type":"ImageObject","inLanguage":"pt-BR","@id":"https:\/\/unisale.com.br\/novo\/se-alguem-me-quer-servir\/#primaryimage","url":"https:\/\/unisale.com.br\/pastoral\/wp-content\/uploads\/2021\/08\/10-08.png","contentUrl":"https:\/\/unisale.com.br\/pastoral\/wp-content\/uploads\/2021\/08\/10-08.png","width":889,"height":500},{"@type":"WebSite","@id":"https:\/\/unisale.com.br\/pastoral\/#website","url":"https:\/\/unisale.com.br\/pastoral\/","name":"Pastoral Universit\u00e1ria UniSALESIANO","description":"Site da Pastoral Universit\u00e1ria do UniSALESIANO","potentialAction":[{"@type":"SearchAction","target":{"@type":"EntryPoint","urlTemplate":"https:\/\/unisale.com.br\/pastoral\/?s={search_term_string}"},"query-input":{"@type":"PropertyValueSpecification","valueRequired":true,"valueName":"search_term_string"}}],"inLanguage":"pt-BR"},{"@type":"Person","@id":"https:\/\/unisale.com.br\/pastoral\/#\/schema\/person\/a16ba711a0f7dec9cb6b44563144d5a3","name":"pastoral","url":"https:\/\/unisale.com.br\/pastoral\/author\/pastoral\/"}]}},"_links":{"self":[{"href":"https:\/\/unisale.com.br\/pastoral\/wp-json\/wp\/v2\/posts\/2616","targetHints":{"allow":["GET"]}}],"collection":[{"href":"https:\/\/unisale.com.br\/pastoral\/wp-json\/wp\/v2\/posts"}],"about":[{"href":"https:\/\/unisale.com.br\/pastoral\/wp-json\/wp\/v2\/types\/post"}],"author":[{"embeddable":true,"href":"https:\/\/unisale.com.br\/pastoral\/wp-json\/wp\/v2\/users\/1"}],"replies":[{"embeddable":true,"href":"https:\/\/unisale.com.br\/pastoral\/wp-json\/wp\/v2\/comments?post=2616"}],"version-history":[{"count":0,"href":"https:\/\/unisale.com.br\/pastoral\/wp-json\/wp\/v2\/posts\/2616\/revisions"}],"wp:featuredmedia":[{"embeddable":true,"href":"https:\/\/unisale.com.br\/pastoral\/wp-json\/wp\/v2\/media\/2608"}],"wp:attachment":[{"href":"https:\/\/unisale.com.br\/pastoral\/wp-json\/wp\/v2\/media?parent=2616"}],"wp:term":[{"taxonomy":"category","embeddable":true,"href":"https:\/\/unisale.com.br\/pastoral\/wp-json\/wp\/v2\/categories?post=2616"},{"taxonomy":"post_tag","embeddable":true,"href":"https:\/\/unisale.com.br\/pastoral\/wp-json\/wp\/v2\/tags?post=2616"}],"curies":[{"name":"wp","href":"https:\/\/api.w.org\/{rel}","templated":true}]}}