{"id":2620,"date":"2021-08-06T11:15:20","date_gmt":"2021-08-06T11:15:20","guid":{"rendered":"https:\/\/unisale.com.br\/pastoral\/?p=2620"},"modified":"2021-08-06T11:17:46","modified_gmt":"2021-08-06T11:17:46","slug":"nao-te-digo-ate-sete","status":"publish","type":"post","link":"https:\/\/unisale.com.br\/pastoral\/nao-te-digo-ate-sete\/","title":{"rendered":"12\/08 &#8211; N\u00e3o te digo at\u00e9 sete vezes, mas at\u00e9 setenta vezes sete"},"content":{"rendered":"<p>Quinta-feira, 12 de agosto de 2021.<\/p>\n<p>&nbsp;<\/p>\n<p>Evangelho (Mt 18,21-19,1)<\/p>\n<p>&nbsp;<\/p>\n<p><strong>\u201cN\u00e3o te digo at\u00e9 sete vezes, mas at\u00e9 setenta vezes sete\u201d<\/strong><\/p>\n<p>&nbsp;<\/p>\n<p>Naquele tempo, <sup>18,21<\/sup>Pedro aproximou-se de Jesus e perguntou: \u201cSenhor, quantas vezes devo perdoar, se meu irm\u00e3o pecar contra mim? At\u00e9 sete vezes?\u201d <sup>22<\/sup>Jesus respondeu: \u201cN\u00e3o te digo at\u00e9 sete vezes, mas at\u00e9 setenta vezes sete. <sup>23<\/sup>Porque o Reino dos C\u00e9us \u00e9 como um rei que resolveu acertar as contas com seus empregados. <sup>24<\/sup>Quando come\u00e7ou o acerto, trouxeram-lhe um que lhe devia uma enorme fortuna. <sup>25<\/sup>Como o empregado n\u00e3o tivesse com que pagar, o patr\u00e3o mandou que fosse vendido como escravo, junto com a mulher e os filhos e tudo o que possu\u00eda, para que pagasse a d\u00edvida. <sup>26<\/sup>O empregado, por\u00e9m, caiu aos p\u00e9s do patr\u00e3o, e, prostrado, suplicava: \u2018D\u00e1-me um prazo! e eu te pagarei tudo\u2019. <sup>27<\/sup>Diante disso, o patr\u00e3o teve compaix\u00e3o, soltou o empregado e perdoou-lhe a d\u00edvida. <sup>28<\/sup>Ao sair dali aquele empregado encontrou um dos seus companheiros que lhe devia apenas cem moedas. Ele o agarrou e come\u00e7ou a sufoc\u00e1-lo, dizendo: \u2018Paga o que me deves\u2019. <sup>29<\/sup>O companheiro, caindo aos seus p\u00e9s, suplicava: \u2018D\u00e1-me um prazo! e eu te pagarei\u2019. <sup>30<\/sup>Mas o empregado n\u00e3o quis saber disso. Saiu e mandou jog\u00e1-lo na pris\u00e3o, at\u00e9 que pagasse o que devia. <sup>31<\/sup>Vendo o que havia acontecido, os outros empregados ficaram muito tristes, procuraram o patr\u00e3o e lhe contaram tudo. <sup>32<\/sup>Ent\u00e3o, o patr\u00e3o mandou cham\u00e1-lo e lhe disse: \u2018Empregado perverso, eu te perdoei toda a tua d\u00edvida, porque tu me suplicaste. <sup>33<\/sup>N\u00e3o devias, tu tamb\u00e9m, ter compaix\u00e3o do teu companheiro, como eu tive compaix\u00e3o de ti?\u2019 <sup>34<\/sup>O patr\u00e3o indignou-se e mandou entregar aquele empregado aos torturadores, at\u00e9 que pagasse toda a sua d\u00edvida. <sup>35<\/sup>\u00c9 assim que o meu Pai que est\u00e1 nos c\u00e9us far\u00e1 convosco, se cada um n\u00e3o perdoar de cora\u00e7\u00e3o ao seu irm\u00e3o\u201d. <sup>19,1<\/sup>Ao terminar estes discursos, Jesus deixou a Galileia e veio para o territ\u00f3rio da Judeia al\u00e9m do Jord\u00e3o.<\/p>\n<p>&nbsp;<\/p>\n<p><strong>Reflex\u00e3o<\/strong><\/p>\n<p>&nbsp;<\/p>\n<p>A pergunta de Pedro parece j\u00e1 haver uma resposta, mas Jesus sabe desembara\u00e7ar uma resposta evidente. Para n\u00f3s, n\u00e3o basta saber que Jesus nos diz que devemos perdoar infinitamente, o problema \u00e9 a sensa\u00e7\u00e3o que temos de n\u00e3o controlar as sensa\u00e7\u00f5es do perd\u00e3o dado. Existem situa\u00e7\u00f5es que n\u00f3s desejamos perdoar, mas a dor, a raiva que n\u00f3s sentimos parecem mais fortes do que a nossa vontade e o nosso desejo de perdoar. Perdoar significa parar de sentir dor e sofrimento pelo mal recebido? Aquilo que diz respeito ao nosso sentimento n\u00e3o diz respeito \u00e0 nossa vontade. N\u00e3o podemos comandar a n\u00f3s mesmos no sentir ou n\u00e3o sentir alguma coisa. A raiva, como o rancor, o amor e a alegria, n\u00e3o s\u00e3o coisas que podemos controlar. S\u00e3o coisas que acontecem e que n\u00e3o podemos controlar. Mas, a nossa vontade pode decidir sobre o que fazer ou n\u00e3o fazer com a raiva, com a dor, com o amor e com a alegria que sentimos. Perdoar significa n\u00e3o deixar que a raiva e o sofrimento decidam no nosso lugar. Perdoar \u00e9 desobedecer a dor que clama vingan\u00e7a. Precisa raciocinar como uma crian\u00e7a que chora porque algu\u00e9m a empurrou, aquilo que o acalma \u00e9 ser tomado nos bra\u00e7os da m\u00e3e, e \u00e9 \u00e0 m\u00e3e que ele conta o que aconteceu e pede justi\u00e7a. N\u00f3s seremos capazes de perdoar somente se nos deixarmos tomar pelos bra\u00e7os do amor de Deus. S\u00f3 Deus pode fazer justi\u00e7a, e pode faz\u00ea-lo de um modo inesperado e que n\u00e3o tem nada a haver com a l\u00f3gica do mal.<\/p>\n","protected":false},"excerpt":{"rendered":"<p>Quinta-feira, 12 de agosto de 2021. &nbsp; Evangelho (Mt 18,21-19,1) &nbsp; \u201cN\u00e3o te digo at\u00e9 sete vezes, mas at\u00e9 setenta vezes sete\u201d &nbsp; Naquele tempo,&#8230;<\/p>\n","protected":false},"author":1,"featured_media":2610,"comment_status":"closed","ping_status":"closed","sticky":false,"template":"","format":"standard","meta":{"_acf_changed":false,"footnotes":""},"categories":[13],"tags":[],"class_list":["post-2620","post","type-post","status-publish","format-standard","has-post-thumbnail","hentry","category-reflexaodoevagelho"],"acf":[],"yoast_head":"<!-- This site is optimized with the Yoast SEO plugin v27.3 - https:\/\/yoast.com\/product\/yoast-seo-wordpress\/ -->\n<title>12\/08 - N\u00e3o te digo at\u00e9 sete vezes, mas at\u00e9 setenta vezes sete - Pastoral Universit\u00e1ria UniSALESIANO<\/title>\n<meta name=\"robots\" content=\"index, follow, max-snippet:-1, max-image-preview:large, max-video-preview:-1\" \/>\n<link rel=\"canonical\" href=\"https:\/\/unisale.com.br\/novo\/nao-te-digo-ate-sete\/\" \/>\n<meta property=\"og:locale\" content=\"pt_BR\" \/>\n<meta property=\"og:type\" content=\"article\" \/>\n<meta property=\"og:title\" content=\"12\/08 - N\u00e3o te digo at\u00e9 sete vezes, mas at\u00e9 setenta vezes sete - Pastoral Universit\u00e1ria UniSALESIANO\" \/>\n<meta property=\"og:description\" content=\"Quinta-feira, 12 de agosto de 2021. &nbsp; Evangelho (Mt 18,21-19,1) &nbsp; \u201cN\u00e3o te digo at\u00e9 sete vezes, mas at\u00e9 setenta vezes sete\u201d &nbsp; Naquele tempo,...\" \/>\n<meta property=\"og:url\" content=\"https:\/\/unisale.com.br\/novo\/nao-te-digo-ate-sete\/\" \/>\n<meta property=\"og:site_name\" content=\"Pastoral Universit\u00e1ria UniSALESIANO\" \/>\n<meta property=\"article:published_time\" content=\"2021-08-06T11:15:20+00:00\" \/>\n<meta property=\"article:modified_time\" content=\"2021-08-06T11:17:46+00:00\" \/>\n<meta property=\"og:image\" content=\"https:\/\/unisale.com.br\/novo\/wp-content\/uploads\/2021\/08\/12-08.png\" \/>\n\t<meta property=\"og:image:width\" content=\"1920\" \/>\n\t<meta property=\"og:image:height\" content=\"1080\" \/>\n\t<meta property=\"og:image:type\" content=\"image\/png\" \/>\n<meta name=\"author\" content=\"pastoral\" \/>\n<meta name=\"twitter:card\" content=\"summary_large_image\" \/>\n<meta name=\"twitter:label1\" content=\"Escrito por\" \/>\n\t<meta name=\"twitter:data1\" content=\"pastoral\" \/>\n\t<meta name=\"twitter:label2\" content=\"Est. tempo de leitura\" \/>\n\t<meta name=\"twitter:data2\" content=\"3 minutos\" \/>\n<script type=\"application\/ld+json\" class=\"yoast-schema-graph\">{\"@context\":\"https:\\\/\\\/schema.org\",\"@graph\":[{\"@type\":\"Article\",\"@id\":\"https:\\\/\\\/unisale.com.br\\\/novo\\\/nao-te-digo-ate-sete\\\/#article\",\"isPartOf\":{\"@id\":\"https:\\\/\\\/unisale.com.br\\\/novo\\\/nao-te-digo-ate-sete\\\/\"},\"author\":{\"name\":\"pastoral\",\"@id\":\"https:\\\/\\\/unisale.com.br\\\/pastoral\\\/#\\\/schema\\\/person\\\/a16ba711a0f7dec9cb6b44563144d5a3\"},\"headline\":\"12\\\/08 &#8211; N\u00e3o te digo at\u00e9 sete vezes, mas at\u00e9 setenta vezes sete\",\"datePublished\":\"2021-08-06T11:15:20+00:00\",\"dateModified\":\"2021-08-06T11:17:46+00:00\",\"mainEntityOfPage\":{\"@id\":\"https:\\\/\\\/unisale.com.br\\\/novo\\\/nao-te-digo-ate-sete\\\/\"},\"wordCount\":665,\"image\":{\"@id\":\"https:\\\/\\\/unisale.com.br\\\/novo\\\/nao-te-digo-ate-sete\\\/#primaryimage\"},\"thumbnailUrl\":\"https:\\\/\\\/unisale.com.br\\\/pastoral\\\/wp-content\\\/uploads\\\/2021\\\/08\\\/12-08.png\",\"articleSection\":[\"Reflex\u00e3o do Evangelho\"],\"inLanguage\":\"pt-BR\"},{\"@type\":\"WebPage\",\"@id\":\"https:\\\/\\\/unisale.com.br\\\/novo\\\/nao-te-digo-ate-sete\\\/\",\"url\":\"https:\\\/\\\/unisale.com.br\\\/novo\\\/nao-te-digo-ate-sete\\\/\",\"name\":\"12\\\/08 - N\u00e3o te digo at\u00e9 sete vezes, mas at\u00e9 setenta vezes sete - Pastoral Universit\u00e1ria UniSALESIANO\",\"isPartOf\":{\"@id\":\"https:\\\/\\\/unisale.com.br\\\/pastoral\\\/#website\"},\"primaryImageOfPage\":{\"@id\":\"https:\\\/\\\/unisale.com.br\\\/novo\\\/nao-te-digo-ate-sete\\\/#primaryimage\"},\"image\":{\"@id\":\"https:\\\/\\\/unisale.com.br\\\/novo\\\/nao-te-digo-ate-sete\\\/#primaryimage\"},\"thumbnailUrl\":\"https:\\\/\\\/unisale.com.br\\\/pastoral\\\/wp-content\\\/uploads\\\/2021\\\/08\\\/12-08.png\",\"datePublished\":\"2021-08-06T11:15:20+00:00\",\"dateModified\":\"2021-08-06T11:17:46+00:00\",\"author\":{\"@id\":\"https:\\\/\\\/unisale.com.br\\\/pastoral\\\/#\\\/schema\\\/person\\\/a16ba711a0f7dec9cb6b44563144d5a3\"},\"inLanguage\":\"pt-BR\",\"potentialAction\":[{\"@type\":\"ReadAction\",\"target\":[\"https:\\\/\\\/unisale.com.br\\\/novo\\\/nao-te-digo-ate-sete\\\/\"]}]},{\"@type\":\"ImageObject\",\"inLanguage\":\"pt-BR\",\"@id\":\"https:\\\/\\\/unisale.com.br\\\/novo\\\/nao-te-digo-ate-sete\\\/#primaryimage\",\"url\":\"https:\\\/\\\/unisale.com.br\\\/pastoral\\\/wp-content\\\/uploads\\\/2021\\\/08\\\/12-08.png\",\"contentUrl\":\"https:\\\/\\\/unisale.com.br\\\/pastoral\\\/wp-content\\\/uploads\\\/2021\\\/08\\\/12-08.png\",\"width\":889,\"height\":500},{\"@type\":\"WebSite\",\"@id\":\"https:\\\/\\\/unisale.com.br\\\/pastoral\\\/#website\",\"url\":\"https:\\\/\\\/unisale.com.br\\\/pastoral\\\/\",\"name\":\"Pastoral Universit\u00e1ria UniSALESIANO\",\"description\":\"Site da Pastoral Universit\u00e1ria do UniSALESIANO\",\"potentialAction\":[{\"@type\":\"SearchAction\",\"target\":{\"@type\":\"EntryPoint\",\"urlTemplate\":\"https:\\\/\\\/unisale.com.br\\\/pastoral\\\/?s={search_term_string}\"},\"query-input\":{\"@type\":\"PropertyValueSpecification\",\"valueRequired\":true,\"valueName\":\"search_term_string\"}}],\"inLanguage\":\"pt-BR\"},{\"@type\":\"Person\",\"@id\":\"https:\\\/\\\/unisale.com.br\\\/pastoral\\\/#\\\/schema\\\/person\\\/a16ba711a0f7dec9cb6b44563144d5a3\",\"name\":\"pastoral\",\"url\":\"https:\\\/\\\/unisale.com.br\\\/pastoral\\\/author\\\/pastoral\\\/\"}]}<\/script>\n<!-- \/ Yoast SEO plugin. -->","yoast_head_json":{"title":"12\/08 - N\u00e3o te digo at\u00e9 sete vezes, mas at\u00e9 setenta vezes sete - Pastoral Universit\u00e1ria UniSALESIANO","robots":{"index":"index","follow":"follow","max-snippet":"max-snippet:-1","max-image-preview":"max-image-preview:large","max-video-preview":"max-video-preview:-1"},"canonical":"https:\/\/unisale.com.br\/novo\/nao-te-digo-ate-sete\/","og_locale":"pt_BR","og_type":"article","og_title":"12\/08 - N\u00e3o te digo at\u00e9 sete vezes, mas at\u00e9 setenta vezes sete - Pastoral Universit\u00e1ria UniSALESIANO","og_description":"Quinta-feira, 12 de agosto de 2021. &nbsp; Evangelho (Mt 18,21-19,1) &nbsp; \u201cN\u00e3o te digo at\u00e9 sete vezes, mas at\u00e9 setenta vezes sete\u201d &nbsp; Naquele tempo,...","og_url":"https:\/\/unisale.com.br\/novo\/nao-te-digo-ate-sete\/","og_site_name":"Pastoral Universit\u00e1ria UniSALESIANO","article_published_time":"2021-08-06T11:15:20+00:00","article_modified_time":"2021-08-06T11:17:46+00:00","og_image":[{"width":1920,"height":1080,"url":"https:\/\/unisale.com.br\/novo\/wp-content\/uploads\/2021\/08\/12-08.png","type":"image\/png"}],"author":"pastoral","twitter_card":"summary_large_image","twitter_misc":{"Escrito por":"pastoral","Est. tempo de leitura":"3 minutos"},"schema":{"@context":"https:\/\/schema.org","@graph":[{"@type":"Article","@id":"https:\/\/unisale.com.br\/novo\/nao-te-digo-ate-sete\/#article","isPartOf":{"@id":"https:\/\/unisale.com.br\/novo\/nao-te-digo-ate-sete\/"},"author":{"name":"pastoral","@id":"https:\/\/unisale.com.br\/pastoral\/#\/schema\/person\/a16ba711a0f7dec9cb6b44563144d5a3"},"headline":"12\/08 &#8211; N\u00e3o te digo at\u00e9 sete vezes, mas at\u00e9 setenta vezes sete","datePublished":"2021-08-06T11:15:20+00:00","dateModified":"2021-08-06T11:17:46+00:00","mainEntityOfPage":{"@id":"https:\/\/unisale.com.br\/novo\/nao-te-digo-ate-sete\/"},"wordCount":665,"image":{"@id":"https:\/\/unisale.com.br\/novo\/nao-te-digo-ate-sete\/#primaryimage"},"thumbnailUrl":"https:\/\/unisale.com.br\/pastoral\/wp-content\/uploads\/2021\/08\/12-08.png","articleSection":["Reflex\u00e3o do Evangelho"],"inLanguage":"pt-BR"},{"@type":"WebPage","@id":"https:\/\/unisale.com.br\/novo\/nao-te-digo-ate-sete\/","url":"https:\/\/unisale.com.br\/novo\/nao-te-digo-ate-sete\/","name":"12\/08 - N\u00e3o te digo at\u00e9 sete vezes, mas at\u00e9 setenta vezes sete - Pastoral Universit\u00e1ria UniSALESIANO","isPartOf":{"@id":"https:\/\/unisale.com.br\/pastoral\/#website"},"primaryImageOfPage":{"@id":"https:\/\/unisale.com.br\/novo\/nao-te-digo-ate-sete\/#primaryimage"},"image":{"@id":"https:\/\/unisale.com.br\/novo\/nao-te-digo-ate-sete\/#primaryimage"},"thumbnailUrl":"https:\/\/unisale.com.br\/pastoral\/wp-content\/uploads\/2021\/08\/12-08.png","datePublished":"2021-08-06T11:15:20+00:00","dateModified":"2021-08-06T11:17:46+00:00","author":{"@id":"https:\/\/unisale.com.br\/pastoral\/#\/schema\/person\/a16ba711a0f7dec9cb6b44563144d5a3"},"inLanguage":"pt-BR","potentialAction":[{"@type":"ReadAction","target":["https:\/\/unisale.com.br\/novo\/nao-te-digo-ate-sete\/"]}]},{"@type":"ImageObject","inLanguage":"pt-BR","@id":"https:\/\/unisale.com.br\/novo\/nao-te-digo-ate-sete\/#primaryimage","url":"https:\/\/unisale.com.br\/pastoral\/wp-content\/uploads\/2021\/08\/12-08.png","contentUrl":"https:\/\/unisale.com.br\/pastoral\/wp-content\/uploads\/2021\/08\/12-08.png","width":889,"height":500},{"@type":"WebSite","@id":"https:\/\/unisale.com.br\/pastoral\/#website","url":"https:\/\/unisale.com.br\/pastoral\/","name":"Pastoral Universit\u00e1ria UniSALESIANO","description":"Site da Pastoral Universit\u00e1ria do UniSALESIANO","potentialAction":[{"@type":"SearchAction","target":{"@type":"EntryPoint","urlTemplate":"https:\/\/unisale.com.br\/pastoral\/?s={search_term_string}"},"query-input":{"@type":"PropertyValueSpecification","valueRequired":true,"valueName":"search_term_string"}}],"inLanguage":"pt-BR"},{"@type":"Person","@id":"https:\/\/unisale.com.br\/pastoral\/#\/schema\/person\/a16ba711a0f7dec9cb6b44563144d5a3","name":"pastoral","url":"https:\/\/unisale.com.br\/pastoral\/author\/pastoral\/"}]}},"_links":{"self":[{"href":"https:\/\/unisale.com.br\/pastoral\/wp-json\/wp\/v2\/posts\/2620","targetHints":{"allow":["GET"]}}],"collection":[{"href":"https:\/\/unisale.com.br\/pastoral\/wp-json\/wp\/v2\/posts"}],"about":[{"href":"https:\/\/unisale.com.br\/pastoral\/wp-json\/wp\/v2\/types\/post"}],"author":[{"embeddable":true,"href":"https:\/\/unisale.com.br\/pastoral\/wp-json\/wp\/v2\/users\/1"}],"replies":[{"embeddable":true,"href":"https:\/\/unisale.com.br\/pastoral\/wp-json\/wp\/v2\/comments?post=2620"}],"version-history":[{"count":0,"href":"https:\/\/unisale.com.br\/pastoral\/wp-json\/wp\/v2\/posts\/2620\/revisions"}],"wp:featuredmedia":[{"embeddable":true,"href":"https:\/\/unisale.com.br\/pastoral\/wp-json\/wp\/v2\/media\/2610"}],"wp:attachment":[{"href":"https:\/\/unisale.com.br\/pastoral\/wp-json\/wp\/v2\/media?parent=2620"}],"wp:term":[{"taxonomy":"category","embeddable":true,"href":"https:\/\/unisale.com.br\/pastoral\/wp-json\/wp\/v2\/categories?post=2620"},{"taxonomy":"post_tag","embeddable":true,"href":"https:\/\/unisale.com.br\/pastoral\/wp-json\/wp\/v2\/tags?post=2620"}],"curies":[{"name":"wp","href":"https:\/\/api.w.org\/{rel}","templated":true}]}}