{"id":2662,"date":"2021-08-13T19:43:10","date_gmt":"2021-08-13T19:43:10","guid":{"rendered":"https:\/\/unisale.com.br\/pastoral\/?p=2662"},"modified":"2021-08-13T19:43:10","modified_gmt":"2021-08-13T19:43:10","slug":"22-08-a-quem-iremos-senhor-tu-tens-palavras-de-vida-eterna","status":"publish","type":"post","link":"https:\/\/unisale.com.br\/pastoral\/22-08-a-quem-iremos-senhor-tu-tens-palavras-de-vida-eterna\/","title":{"rendered":"22\/08 &#8211; A quem iremos, Senhor? Tu tens palavras de vida eterna"},"content":{"rendered":"<p>Domingo, 22 de agosto de 2021 \u2013 XXI Domingo do Tempo Comum<\/p>\n<p>&nbsp;<\/p>\n<p>Evangelho (Jo 6, 60-69)<\/p>\n<p>&nbsp;<\/p>\n<p><strong>\u201cA quem iremos, Senhor? Tu tens palavras de vida eterna\u201d<\/strong><\/p>\n<p>&nbsp;<\/p>\n<p>Naquele tempo, <sup>60<\/sup>muitos dos disc\u00edpulos de Jesus que o escutaram, disseram: \u201cEsta palavra \u00e9 dura. Quem consegue escut\u00e1-la?\u201d <sup>61<\/sup>Sabendo que seus disc\u00edpulos estavam murmurando por causa disso mesmo, Jesus perguntou: \u201cIsto vos escandaliza? <sup>62<\/sup>E quando virdes o Filho do Homem subindo para onde estava antes? <sup>63<\/sup>O Esp\u00edrito \u00e9 que d\u00e1 vida, a carne n\u00e3o adianta nada. As palavras que vos falei s\u00e3o esp\u00edrito e vida. <sup>64<\/sup>Mas entre v\u00f3s h\u00e1 alguns que n\u00e3o creem\u201d. Jesus sabia, desde o in\u00edcio, quem eram os que n\u00e3o tinham f\u00e9 e quem havia de entreg\u00e1-lo. <sup>65<\/sup>E acrescentou: \u201c\u00c9 por isso que vos disse: ningu\u00e9m pode vir a mim, a n\u00e3o ser que lhe seja concedido pelo Pai\u201d. <sup>66<\/sup>A partir daquele momento, muitos disc\u00edpulos voltaram atr\u00e1s e n\u00e3o andavam mais com ele. <sup>67<\/sup>Ent\u00e3o, Jesus disse aos doze: \u201cV\u00f3s tamb\u00e9m vos quereis ir embora?\u201d <sup>68<\/sup>Sim\u00e3o Pedro respondeu: \u201cA quem iremos, Senhor? Tu tens palavras de vida eterna. <sup>69<\/sup>N\u00f3s cremos firmemente e reconhecemos que tu \u00e9s o Santo de Deus\u201d.<\/p>\n<p>&nbsp;<\/p>\n<p><strong>Reflex\u00e3o<\/strong><\/p>\n<p>&nbsp;<\/p>\n<p>N\u00f3s ouvimos, nos domingos anteriores, ainda no cap\u00edtulo 6 do evangelho de S\u00e3o Jo\u00e3o, o discurso de Jesus onde Ele se declara o \u201cP\u00e3o Vivo descido do C\u00e9u\u201d. No Evangelho de hoje, n\u00f3s temos a discri\u00e7\u00e3o da rea\u00e7\u00e3o do povo e dos pr\u00f3prios disc\u00edpulos, escandalizados com as palavras de Jesus. Muitos que o seguiam, disseram: \u201cesta palavra \u00e9 dura. Quem consegue escut\u00e1-la?\u201d. Da\u00ed ent\u00e3o, muitos dos que O seguiam, O deixaram e n\u00e3o andavam mais com Ele. Podemos dizer que isso acontece sempre. Ainda hoje, muitos n\u00e3o conseguem vivem as Palavras duras de Jesus. Com certeza, Jesus n\u00e3o abranda o que tem que dizer. Dirige-se, diretamente, aos Doze para dizer: \u201cV\u00f3s tamb\u00e9m vos quereis ir embora?\u201d. Esta pergunta n\u00e3o foi feita somente para os doze, mas \u00e9 feita tamb\u00e9m a n\u00f3s hoje. Muitos, hoje, se escandalizam diante do paradoxo da f\u00e9 crist\u00e3. Os ensinamentos de Jesus continuam sendo duros de se praticar, por isso, muitos que se dizem crist\u00e3os, preferem ignor\u00e1-los. Existe sim, quem abandona e rejeita Cristo. Existem aqueles que tentam \u201cadaptar\u201d a sua Palavra \u00e0s modas dos tempos, desvirtuando o seu sentido e valor. V\u00f3s tamb\u00e9m vos quereis ir embora? Esta provoca\u00e7\u00e3o de Jesus pode ressoar em nosso cora\u00e7\u00e3o e Ele espera de n\u00f3s uma resposta pessoal. Jesus n\u00e3o se contenta com uma ades\u00e3o. \u00c9 preciso assumir o Seu \u201cpensar e o seu agir\u201d em nossa vida. Seguir Jesus traz alegria verdadeira e d\u00e1 sentido \u00e0 vida. Mas, isso n\u00e3o quer dizer que n\u00e3o existir\u00e3o dificuldades e ren\u00fancias, pois \u00e9 muitas vezes remar contra a corrente. \u201cV\u00f3s tamb\u00e9m vos quereis ir embora?\u201d. A esta pergunta \u00e9 Pedro mais uma vez quem responde em nome dos doze: \u201cA quem iremos, Senhor? Tu tens palavras de vida eterna. N\u00f3s cremos firmemente e reconhecemos que Tu \u00e9s o santo de Deus\u201d. Penso que tamb\u00e9m n\u00f3s queremos e podemos responder como Pedro. Temos nossas fragilidades, nossos problemas e dificuldades, mas somos confiantes no poder do Esp\u00edrito Santo que nos guia e nos recorda as coisas de Jesus. A f\u00e9 \u00e9 dom de Deus ao homem, mas entregar-se a Deus tamb\u00e9m \u00e9 uma escolha pessoal de cada um. A f\u00e9 \u00e9 escuta d\u00f3cil da Palavra do Senhor e \u00e9 farol para os nossos passos e luz para o nosso caminho. \u00c9 preciso abrir com confian\u00e7a o nosso cora\u00e7\u00e3o a Cristo e nos deixarmos conquistar por Ele. \u00c9 preciso amar a Deus e saber que Ele nos ama. Eis aqui a fonte de nossa for\u00e7a.<\/p>\n<p>&nbsp;<\/p>\n<p><strong>Pe. Paulo Eduardo J\u00e1como, sdb.<\/strong><\/p>\n","protected":false},"excerpt":{"rendered":"<p>Domingo, 22 de agosto de 2021 \u2013 XXI Domingo do Tempo Comum &nbsp; Evangelho (Jo 6, 60-69) &nbsp; \u201cA quem iremos, Senhor? Tu tens palavras&#8230;<\/p>\n","protected":false},"author":6,"featured_media":2642,"comment_status":"closed","ping_status":"closed","sticky":false,"template":"","format":"standard","meta":{"_acf_changed":false,"footnotes":""},"categories":[13],"tags":[],"class_list":["post-2662","post","type-post","status-publish","format-standard","has-post-thumbnail","hentry","category-reflexaodoevagelho"],"acf":[],"yoast_head":"<!-- This site is optimized with the Yoast SEO plugin v27.3 - https:\/\/yoast.com\/product\/yoast-seo-wordpress\/ -->\n<title>22\/08 - A quem iremos, Senhor? Tu tens palavras de vida eterna - Pastoral Universit\u00e1ria UniSALESIANO<\/title>\n<meta name=\"robots\" content=\"index, follow, max-snippet:-1, max-image-preview:large, max-video-preview:-1\" \/>\n<link rel=\"canonical\" href=\"https:\/\/unisale.com.br\/novo\/22-08-a-quem-iremos-senhor-tu-tens-palavras-de-vida-eterna\/\" \/>\n<meta property=\"og:locale\" content=\"pt_BR\" \/>\n<meta property=\"og:type\" content=\"article\" \/>\n<meta property=\"og:title\" content=\"22\/08 - A quem iremos, Senhor? Tu tens palavras de vida eterna - Pastoral Universit\u00e1ria UniSALESIANO\" \/>\n<meta property=\"og:description\" content=\"Domingo, 22 de agosto de 2021 \u2013 XXI Domingo do Tempo Comum &nbsp; Evangelho (Jo 6, 60-69) &nbsp; \u201cA quem iremos, Senhor? Tu tens palavras...\" \/>\n<meta property=\"og:url\" content=\"https:\/\/unisale.com.br\/novo\/22-08-a-quem-iremos-senhor-tu-tens-palavras-de-vida-eterna\/\" \/>\n<meta property=\"og:site_name\" content=\"Pastoral Universit\u00e1ria UniSALESIANO\" \/>\n<meta property=\"article:published_time\" content=\"2021-08-13T19:43:10+00:00\" \/>\n<meta property=\"og:image\" content=\"https:\/\/unisale.com.br\/novo\/wp-content\/uploads\/2021\/08\/Ev-dia-22.08.21.jpg\" \/>\n\t<meta property=\"og:image:width\" content=\"770\" \/>\n\t<meta property=\"og:image:height\" content=\"513\" \/>\n\t<meta property=\"og:image:type\" content=\"image\/jpeg\" \/>\n<meta name=\"author\" content=\"Luiz Alexandre Marinho Lanzoni\" \/>\n<meta name=\"twitter:card\" content=\"summary_large_image\" \/>\n<meta name=\"twitter:label1\" content=\"Escrito por\" \/>\n\t<meta name=\"twitter:data1\" content=\"Luiz Alexandre Marinho Lanzoni\" \/>\n\t<meta name=\"twitter:label2\" content=\"Est. tempo de leitura\" \/>\n\t<meta name=\"twitter:data2\" content=\"3 minutos\" \/>\n<script type=\"application\/ld+json\" class=\"yoast-schema-graph\">{\"@context\":\"https:\\\/\\\/schema.org\",\"@graph\":[{\"@type\":\"Article\",\"@id\":\"https:\\\/\\\/unisale.com.br\\\/novo\\\/22-08-a-quem-iremos-senhor-tu-tens-palavras-de-vida-eterna\\\/#article\",\"isPartOf\":{\"@id\":\"https:\\\/\\\/unisale.com.br\\\/novo\\\/22-08-a-quem-iremos-senhor-tu-tens-palavras-de-vida-eterna\\\/\"},\"author\":{\"name\":\"Luiz Alexandre Marinho Lanzoni\",\"@id\":\"https:\\\/\\\/unisale.com.br\\\/pastoral\\\/#\\\/schema\\\/person\\\/492d3d7bfe53a8302576d39485aff2c4\"},\"headline\":\"22\\\/08 &#8211; A quem iremos, Senhor? Tu tens palavras de vida eterna\",\"datePublished\":\"2021-08-13T19:43:10+00:00\",\"mainEntityOfPage\":{\"@id\":\"https:\\\/\\\/unisale.com.br\\\/novo\\\/22-08-a-quem-iremos-senhor-tu-tens-palavras-de-vida-eterna\\\/\"},\"wordCount\":671,\"image\":{\"@id\":\"https:\\\/\\\/unisale.com.br\\\/novo\\\/22-08-a-quem-iremos-senhor-tu-tens-palavras-de-vida-eterna\\\/#primaryimage\"},\"thumbnailUrl\":\"https:\\\/\\\/unisale.com.br\\\/pastoral\\\/wp-content\\\/uploads\\\/2021\\\/08\\\/Ev-dia-22.08.21.jpg\",\"articleSection\":[\"Reflex\u00e3o do Evangelho\"],\"inLanguage\":\"pt-BR\"},{\"@type\":\"WebPage\",\"@id\":\"https:\\\/\\\/unisale.com.br\\\/novo\\\/22-08-a-quem-iremos-senhor-tu-tens-palavras-de-vida-eterna\\\/\",\"url\":\"https:\\\/\\\/unisale.com.br\\\/novo\\\/22-08-a-quem-iremos-senhor-tu-tens-palavras-de-vida-eterna\\\/\",\"name\":\"22\\\/08 - A quem iremos, Senhor? Tu tens palavras de vida eterna - Pastoral Universit\u00e1ria UniSALESIANO\",\"isPartOf\":{\"@id\":\"https:\\\/\\\/unisale.com.br\\\/pastoral\\\/#website\"},\"primaryImageOfPage\":{\"@id\":\"https:\\\/\\\/unisale.com.br\\\/novo\\\/22-08-a-quem-iremos-senhor-tu-tens-palavras-de-vida-eterna\\\/#primaryimage\"},\"image\":{\"@id\":\"https:\\\/\\\/unisale.com.br\\\/novo\\\/22-08-a-quem-iremos-senhor-tu-tens-palavras-de-vida-eterna\\\/#primaryimage\"},\"thumbnailUrl\":\"https:\\\/\\\/unisale.com.br\\\/pastoral\\\/wp-content\\\/uploads\\\/2021\\\/08\\\/Ev-dia-22.08.21.jpg\",\"datePublished\":\"2021-08-13T19:43:10+00:00\",\"author\":{\"@id\":\"https:\\\/\\\/unisale.com.br\\\/pastoral\\\/#\\\/schema\\\/person\\\/492d3d7bfe53a8302576d39485aff2c4\"},\"inLanguage\":\"pt-BR\",\"potentialAction\":[{\"@type\":\"ReadAction\",\"target\":[\"https:\\\/\\\/unisale.com.br\\\/novo\\\/22-08-a-quem-iremos-senhor-tu-tens-palavras-de-vida-eterna\\\/\"]}]},{\"@type\":\"ImageObject\",\"inLanguage\":\"pt-BR\",\"@id\":\"https:\\\/\\\/unisale.com.br\\\/novo\\\/22-08-a-quem-iremos-senhor-tu-tens-palavras-de-vida-eterna\\\/#primaryimage\",\"url\":\"https:\\\/\\\/unisale.com.br\\\/pastoral\\\/wp-content\\\/uploads\\\/2021\\\/08\\\/Ev-dia-22.08.21.jpg\",\"contentUrl\":\"https:\\\/\\\/unisale.com.br\\\/pastoral\\\/wp-content\\\/uploads\\\/2021\\\/08\\\/Ev-dia-22.08.21.jpg\",\"width\":750,\"height\":500},{\"@type\":\"WebSite\",\"@id\":\"https:\\\/\\\/unisale.com.br\\\/pastoral\\\/#website\",\"url\":\"https:\\\/\\\/unisale.com.br\\\/pastoral\\\/\",\"name\":\"Pastoral Universit\u00e1ria UniSALESIANO\",\"description\":\"Site da Pastoral Universit\u00e1ria do UniSALESIANO\",\"potentialAction\":[{\"@type\":\"SearchAction\",\"target\":{\"@type\":\"EntryPoint\",\"urlTemplate\":\"https:\\\/\\\/unisale.com.br\\\/pastoral\\\/?s={search_term_string}\"},\"query-input\":{\"@type\":\"PropertyValueSpecification\",\"valueRequired\":true,\"valueName\":\"search_term_string\"}}],\"inLanguage\":\"pt-BR\"},{\"@type\":\"Person\",\"@id\":\"https:\\\/\\\/unisale.com.br\\\/pastoral\\\/#\\\/schema\\\/person\\\/492d3d7bfe53a8302576d39485aff2c4\",\"name\":\"Luiz Alexandre Marinho Lanzoni\",\"url\":\"https:\\\/\\\/unisale.com.br\\\/pastoral\\\/author\\\/luiz\\\/\"}]}<\/script>\n<!-- \/ Yoast SEO plugin. -->","yoast_head_json":{"title":"22\/08 - A quem iremos, Senhor? Tu tens palavras de vida eterna - Pastoral Universit\u00e1ria UniSALESIANO","robots":{"index":"index","follow":"follow","max-snippet":"max-snippet:-1","max-image-preview":"max-image-preview:large","max-video-preview":"max-video-preview:-1"},"canonical":"https:\/\/unisale.com.br\/novo\/22-08-a-quem-iremos-senhor-tu-tens-palavras-de-vida-eterna\/","og_locale":"pt_BR","og_type":"article","og_title":"22\/08 - A quem iremos, Senhor? Tu tens palavras de vida eterna - Pastoral Universit\u00e1ria UniSALESIANO","og_description":"Domingo, 22 de agosto de 2021 \u2013 XXI Domingo do Tempo Comum &nbsp; Evangelho (Jo 6, 60-69) &nbsp; \u201cA quem iremos, Senhor? Tu tens palavras...","og_url":"https:\/\/unisale.com.br\/novo\/22-08-a-quem-iremos-senhor-tu-tens-palavras-de-vida-eterna\/","og_site_name":"Pastoral Universit\u00e1ria UniSALESIANO","article_published_time":"2021-08-13T19:43:10+00:00","og_image":[{"width":770,"height":513,"url":"https:\/\/unisale.com.br\/novo\/wp-content\/uploads\/2021\/08\/Ev-dia-22.08.21.jpg","type":"image\/jpeg"}],"author":"Luiz Alexandre Marinho Lanzoni","twitter_card":"summary_large_image","twitter_misc":{"Escrito por":"Luiz Alexandre Marinho Lanzoni","Est. tempo de leitura":"3 minutos"},"schema":{"@context":"https:\/\/schema.org","@graph":[{"@type":"Article","@id":"https:\/\/unisale.com.br\/novo\/22-08-a-quem-iremos-senhor-tu-tens-palavras-de-vida-eterna\/#article","isPartOf":{"@id":"https:\/\/unisale.com.br\/novo\/22-08-a-quem-iremos-senhor-tu-tens-palavras-de-vida-eterna\/"},"author":{"name":"Luiz Alexandre Marinho Lanzoni","@id":"https:\/\/unisale.com.br\/pastoral\/#\/schema\/person\/492d3d7bfe53a8302576d39485aff2c4"},"headline":"22\/08 &#8211; A quem iremos, Senhor? Tu tens palavras de vida eterna","datePublished":"2021-08-13T19:43:10+00:00","mainEntityOfPage":{"@id":"https:\/\/unisale.com.br\/novo\/22-08-a-quem-iremos-senhor-tu-tens-palavras-de-vida-eterna\/"},"wordCount":671,"image":{"@id":"https:\/\/unisale.com.br\/novo\/22-08-a-quem-iremos-senhor-tu-tens-palavras-de-vida-eterna\/#primaryimage"},"thumbnailUrl":"https:\/\/unisale.com.br\/pastoral\/wp-content\/uploads\/2021\/08\/Ev-dia-22.08.21.jpg","articleSection":["Reflex\u00e3o do Evangelho"],"inLanguage":"pt-BR"},{"@type":"WebPage","@id":"https:\/\/unisale.com.br\/novo\/22-08-a-quem-iremos-senhor-tu-tens-palavras-de-vida-eterna\/","url":"https:\/\/unisale.com.br\/novo\/22-08-a-quem-iremos-senhor-tu-tens-palavras-de-vida-eterna\/","name":"22\/08 - A quem iremos, Senhor? Tu tens palavras de vida eterna - Pastoral Universit\u00e1ria UniSALESIANO","isPartOf":{"@id":"https:\/\/unisale.com.br\/pastoral\/#website"},"primaryImageOfPage":{"@id":"https:\/\/unisale.com.br\/novo\/22-08-a-quem-iremos-senhor-tu-tens-palavras-de-vida-eterna\/#primaryimage"},"image":{"@id":"https:\/\/unisale.com.br\/novo\/22-08-a-quem-iremos-senhor-tu-tens-palavras-de-vida-eterna\/#primaryimage"},"thumbnailUrl":"https:\/\/unisale.com.br\/pastoral\/wp-content\/uploads\/2021\/08\/Ev-dia-22.08.21.jpg","datePublished":"2021-08-13T19:43:10+00:00","author":{"@id":"https:\/\/unisale.com.br\/pastoral\/#\/schema\/person\/492d3d7bfe53a8302576d39485aff2c4"},"inLanguage":"pt-BR","potentialAction":[{"@type":"ReadAction","target":["https:\/\/unisale.com.br\/novo\/22-08-a-quem-iremos-senhor-tu-tens-palavras-de-vida-eterna\/"]}]},{"@type":"ImageObject","inLanguage":"pt-BR","@id":"https:\/\/unisale.com.br\/novo\/22-08-a-quem-iremos-senhor-tu-tens-palavras-de-vida-eterna\/#primaryimage","url":"https:\/\/unisale.com.br\/pastoral\/wp-content\/uploads\/2021\/08\/Ev-dia-22.08.21.jpg","contentUrl":"https:\/\/unisale.com.br\/pastoral\/wp-content\/uploads\/2021\/08\/Ev-dia-22.08.21.jpg","width":750,"height":500},{"@type":"WebSite","@id":"https:\/\/unisale.com.br\/pastoral\/#website","url":"https:\/\/unisale.com.br\/pastoral\/","name":"Pastoral Universit\u00e1ria UniSALESIANO","description":"Site da Pastoral Universit\u00e1ria do UniSALESIANO","potentialAction":[{"@type":"SearchAction","target":{"@type":"EntryPoint","urlTemplate":"https:\/\/unisale.com.br\/pastoral\/?s={search_term_string}"},"query-input":{"@type":"PropertyValueSpecification","valueRequired":true,"valueName":"search_term_string"}}],"inLanguage":"pt-BR"},{"@type":"Person","@id":"https:\/\/unisale.com.br\/pastoral\/#\/schema\/person\/492d3d7bfe53a8302576d39485aff2c4","name":"Luiz Alexandre Marinho Lanzoni","url":"https:\/\/unisale.com.br\/pastoral\/author\/luiz\/"}]}},"_links":{"self":[{"href":"https:\/\/unisale.com.br\/pastoral\/wp-json\/wp\/v2\/posts\/2662","targetHints":{"allow":["GET"]}}],"collection":[{"href":"https:\/\/unisale.com.br\/pastoral\/wp-json\/wp\/v2\/posts"}],"about":[{"href":"https:\/\/unisale.com.br\/pastoral\/wp-json\/wp\/v2\/types\/post"}],"author":[{"embeddable":true,"href":"https:\/\/unisale.com.br\/pastoral\/wp-json\/wp\/v2\/users\/6"}],"replies":[{"embeddable":true,"href":"https:\/\/unisale.com.br\/pastoral\/wp-json\/wp\/v2\/comments?post=2662"}],"version-history":[{"count":0,"href":"https:\/\/unisale.com.br\/pastoral\/wp-json\/wp\/v2\/posts\/2662\/revisions"}],"wp:featuredmedia":[{"embeddable":true,"href":"https:\/\/unisale.com.br\/pastoral\/wp-json\/wp\/v2\/media\/2642"}],"wp:attachment":[{"href":"https:\/\/unisale.com.br\/pastoral\/wp-json\/wp\/v2\/media?parent=2662"}],"wp:term":[{"taxonomy":"category","embeddable":true,"href":"https:\/\/unisale.com.br\/pastoral\/wp-json\/wp\/v2\/categories?post=2662"},{"taxonomy":"post_tag","embeddable":true,"href":"https:\/\/unisale.com.br\/pastoral\/wp-json\/wp\/v2\/tags?post=2662"}],"curies":[{"name":"wp","href":"https:\/\/api.w.org\/{rel}","templated":true}]}}