{"id":2681,"date":"2021-08-20T17:20:45","date_gmt":"2021-08-20T17:20:45","guid":{"rendered":"https:\/\/unisale.com.br\/pastoral\/?p=2681"},"modified":"2021-08-20T17:20:45","modified_gmt":"2021-08-20T17:20:45","slug":"ficai-atentos","status":"publish","type":"post","link":"https:\/\/unisale.com.br\/pastoral\/ficai-atentos\/","title":{"rendered":"26\/08 &#8211; Ficai atentos, porque n\u00e3o sabeis em que dia vir\u00e1 o Senhor"},"content":{"rendered":"<p>Quinta-feira, 26 de agosto de 2021.<\/p>\n<p>&nbsp;<\/p>\n<p>Evangelho (Mt 24,42-51)<\/p>\n<p>&nbsp;<\/p>\n<p><strong>\u201cFicai atentos, porque n\u00e3o sabeis em que dia vir\u00e1 o Senhor\u201d<\/strong><\/p>\n<p>&nbsp;<\/p>\n<p>Naquele tempo disse Jesus aos seus disc\u00edpulos: <sup>42<\/sup>\u201cFicai atentos, porque n\u00e3o sabeis em que dia vir\u00e1 o Senhor! <sup>43<\/sup>Compreendei bem isso: se o dono da casa soubesse a que horas viria o ladr\u00e3o, certamente vigiaria e n\u00e3o deixaria que a sua casa fosse arrombada. <sup>44<\/sup>Por isso, tamb\u00e9m v\u00f3s ficai preparados! Porque na hora em que menos pensais, o Filho do Homem vir\u00e1. <sup>45<\/sup>Qual \u00e9 o empregado fiel e prudente, que o senhor colocou como respons\u00e1vel pelos demais empregados, para lhes dar alimento na hora certa? <sup>46<\/sup>Feliz o empregado, cujo senhor encontrar agindo assim, quando voltar. <sup>47<\/sup>Em verdade vos digo, ele lhe confiar\u00e1 a administra\u00e7\u00e3o de todos os seus bens. <sup>48<\/sup>Mas, se o empregado mau pensar: \u2018Meu Senhor est\u00e1 demorando\u2019, <sup>49<\/sup>e come\u00e7ar a bater nos companheiros, a comer e a beber com os b\u00eabados; <sup>50<\/sup>ent\u00e3o o senhor desse empregado vir\u00e1 no dia em que ele n\u00e3o espera, e na hora que ele n\u00e3o sabe. <sup>51<\/sup>Ele o partir\u00e1 ao meio e lhe impor\u00e1 a sorte dos hip\u00f3critas. Ali haver\u00e1 choro e ranger de dentes\u201d.<\/p>\n<p>&nbsp;<\/p>\n<p><strong>Reflex\u00e3o<\/strong><\/p>\n<p>&nbsp;<\/p>\n<p>A morte nunca foi algo muito f\u00e1cil de digerir, afinal, n\u00f3s fomos feitos para a vida. Como diz o evangelho de hoje, a morte \u00e9 como um ladr\u00e3o, n\u00e3o sabemos a hora que vai chegar. Mas apesar de tudo, n\u00f3s n\u00e3o podemos nos entregar \u00e0 l\u00f3gica da morte, pois ela jamais \u00e9 a solu\u00e7\u00e3o. Podemos e devemos aceita-la, mas n\u00e3o busca-la como se ela fosse a solu\u00e7\u00e3o para a nossa vida. Podemos nos preparar para a morte, mas jamais ser c\u00famplices dela. O que Jesus nos pede no Evangelho? Pede que combatamos as injusti\u00e7as que levam \u00e0 morte. O que \u00e9 certo \u00e9 que quando nos encontramos diante da morte n\u00f3s encontramos o medo, a ang\u00fastia, a solid\u00e3o. Tamb\u00e9m Jesus experimentou o medo diante da morte e tamb\u00e9m a tenta\u00e7\u00e3o. E Ele superou tudo com a \u00fanica maneira que existe para se superar: abra\u00e7ando a vontade do Pai: \u201cPai, se queres, afasta de mim este c\u00e1lice. Mas n\u00e3o se fa\u00e7a a minha vontade, e sim a tua\u201d (Lc 22,42). Foi o que Jesus fez naquela noite no Horto das Oliveiras e nos ensinou como afastar de n\u00f3s o medo e a tristeza. Somente nos abandonando com confian\u00e7a \u00e9 que nos vem a ajuda para encontrarmos a justa dimens\u00e3o diante da despropor\u00e7\u00e3o do trauma da morte. Somente nos lan\u00e7ando nos bra\u00e7os de Deus \u00e9 que conseguimos atravessar este momento decisivo da nossa vida. \u00c9 isso mesmo, a morte \u00e9 um momento da vida, mas n\u00e3o \u00e9 o fim. Jesus transformou este momento em P\u00e1scoa, isto \u00e9, numa passagem. E \u00e9 assim que devemos viver a morte; como uma \u201cpassagem\u201d.<\/p>\n<p>&nbsp;<\/p>\n<p><strong>Pe. Paulo Eduardo J\u00e1como, sdb.<\/strong><\/p>\n","protected":false},"excerpt":{"rendered":"<p>Quinta-feira, 26 de agosto de 2021. &nbsp; Evangelho (Mt 24,42-51) &nbsp; \u201cFicai atentos, porque n\u00e3o sabeis em que dia vir\u00e1 o Senhor\u201d &nbsp; Naquele tempo&#8230;<\/p>\n","protected":false},"author":6,"featured_media":2674,"comment_status":"closed","ping_status":"closed","sticky":false,"template":"","format":"standard","meta":{"_acf_changed":false,"footnotes":""},"categories":[13],"tags":[],"class_list":["post-2681","post","type-post","status-publish","format-standard","has-post-thumbnail","hentry","category-reflexaodoevagelho"],"acf":[],"yoast_head":"<!-- This site is optimized with the Yoast SEO plugin v27.3 - https:\/\/yoast.com\/product\/yoast-seo-wordpress\/ -->\n<title>26\/08 - Ficai atentos, porque n\u00e3o sabeis em que dia vir\u00e1 o Senhor - Pastoral Universit\u00e1ria UniSALESIANO<\/title>\n<meta name=\"robots\" content=\"index, follow, max-snippet:-1, max-image-preview:large, max-video-preview:-1\" \/>\n<link rel=\"canonical\" href=\"https:\/\/unisale.com.br\/novo\/ficai-atentos\/\" \/>\n<meta property=\"og:locale\" content=\"pt_BR\" \/>\n<meta property=\"og:type\" content=\"article\" \/>\n<meta property=\"og:title\" content=\"26\/08 - Ficai atentos, porque n\u00e3o sabeis em que dia vir\u00e1 o Senhor - Pastoral Universit\u00e1ria UniSALESIANO\" \/>\n<meta property=\"og:description\" content=\"Quinta-feira, 26 de agosto de 2021. &nbsp; Evangelho (Mt 24,42-51) &nbsp; \u201cFicai atentos, porque n\u00e3o sabeis em que dia vir\u00e1 o Senhor\u201d &nbsp; Naquele tempo...\" \/>\n<meta property=\"og:url\" content=\"https:\/\/unisale.com.br\/novo\/ficai-atentos\/\" \/>\n<meta property=\"og:site_name\" content=\"Pastoral Universit\u00e1ria UniSALESIANO\" \/>\n<meta property=\"article:published_time\" content=\"2021-08-20T17:20:45+00:00\" \/>\n<meta property=\"og:image\" content=\"https:\/\/unisale.com.br\/novo\/wp-content\/uploads\/2021\/08\/Ev-dia-26.08.21.jpg\" \/>\n\t<meta property=\"og:image:width\" content=\"800\" \/>\n\t<meta property=\"og:image:height\" content=\"533\" \/>\n\t<meta property=\"og:image:type\" content=\"image\/jpeg\" \/>\n<meta name=\"author\" content=\"Luiz Alexandre Marinho Lanzoni\" \/>\n<meta name=\"twitter:card\" content=\"summary_large_image\" \/>\n<meta name=\"twitter:label1\" content=\"Escrito por\" \/>\n\t<meta name=\"twitter:data1\" content=\"Luiz Alexandre Marinho Lanzoni\" \/>\n\t<meta name=\"twitter:label2\" content=\"Est. tempo de leitura\" \/>\n\t<meta name=\"twitter:data2\" content=\"3 minutos\" \/>\n<script type=\"application\/ld+json\" class=\"yoast-schema-graph\">{\"@context\":\"https:\\\/\\\/schema.org\",\"@graph\":[{\"@type\":\"Article\",\"@id\":\"https:\\\/\\\/unisale.com.br\\\/novo\\\/ficai-atentos\\\/#article\",\"isPartOf\":{\"@id\":\"https:\\\/\\\/unisale.com.br\\\/novo\\\/ficai-atentos\\\/\"},\"author\":{\"name\":\"Luiz Alexandre Marinho Lanzoni\",\"@id\":\"https:\\\/\\\/unisale.com.br\\\/pastoral\\\/#\\\/schema\\\/person\\\/492d3d7bfe53a8302576d39485aff2c4\"},\"headline\":\"26\\\/08 &#8211; Ficai atentos, porque n\u00e3o sabeis em que dia vir\u00e1 o Senhor\",\"datePublished\":\"2021-08-20T17:20:45+00:00\",\"mainEntityOfPage\":{\"@id\":\"https:\\\/\\\/unisale.com.br\\\/novo\\\/ficai-atentos\\\/\"},\"wordCount\":515,\"image\":{\"@id\":\"https:\\\/\\\/unisale.com.br\\\/novo\\\/ficai-atentos\\\/#primaryimage\"},\"thumbnailUrl\":\"https:\\\/\\\/unisale.com.br\\\/pastoral\\\/wp-content\\\/uploads\\\/2021\\\/08\\\/Ev-dia-26.08.21.jpg\",\"articleSection\":[\"Reflex\u00e3o do Evangelho\"],\"inLanguage\":\"pt-BR\"},{\"@type\":\"WebPage\",\"@id\":\"https:\\\/\\\/unisale.com.br\\\/novo\\\/ficai-atentos\\\/\",\"url\":\"https:\\\/\\\/unisale.com.br\\\/novo\\\/ficai-atentos\\\/\",\"name\":\"26\\\/08 - Ficai atentos, porque n\u00e3o sabeis em que dia vir\u00e1 o Senhor - Pastoral Universit\u00e1ria UniSALESIANO\",\"isPartOf\":{\"@id\":\"https:\\\/\\\/unisale.com.br\\\/pastoral\\\/#website\"},\"primaryImageOfPage\":{\"@id\":\"https:\\\/\\\/unisale.com.br\\\/novo\\\/ficai-atentos\\\/#primaryimage\"},\"image\":{\"@id\":\"https:\\\/\\\/unisale.com.br\\\/novo\\\/ficai-atentos\\\/#primaryimage\"},\"thumbnailUrl\":\"https:\\\/\\\/unisale.com.br\\\/pastoral\\\/wp-content\\\/uploads\\\/2021\\\/08\\\/Ev-dia-26.08.21.jpg\",\"datePublished\":\"2021-08-20T17:20:45+00:00\",\"author\":{\"@id\":\"https:\\\/\\\/unisale.com.br\\\/pastoral\\\/#\\\/schema\\\/person\\\/492d3d7bfe53a8302576d39485aff2c4\"},\"inLanguage\":\"pt-BR\",\"potentialAction\":[{\"@type\":\"ReadAction\",\"target\":[\"https:\\\/\\\/unisale.com.br\\\/novo\\\/ficai-atentos\\\/\"]}]},{\"@type\":\"ImageObject\",\"inLanguage\":\"pt-BR\",\"@id\":\"https:\\\/\\\/unisale.com.br\\\/novo\\\/ficai-atentos\\\/#primaryimage\",\"url\":\"https:\\\/\\\/unisale.com.br\\\/pastoral\\\/wp-content\\\/uploads\\\/2021\\\/08\\\/Ev-dia-26.08.21.jpg\",\"contentUrl\":\"https:\\\/\\\/unisale.com.br\\\/pastoral\\\/wp-content\\\/uploads\\\/2021\\\/08\\\/Ev-dia-26.08.21.jpg\",\"width\":750,\"height\":500},{\"@type\":\"WebSite\",\"@id\":\"https:\\\/\\\/unisale.com.br\\\/pastoral\\\/#website\",\"url\":\"https:\\\/\\\/unisale.com.br\\\/pastoral\\\/\",\"name\":\"Pastoral Universit\u00e1ria UniSALESIANO\",\"description\":\"Site da Pastoral Universit\u00e1ria do UniSALESIANO\",\"potentialAction\":[{\"@type\":\"SearchAction\",\"target\":{\"@type\":\"EntryPoint\",\"urlTemplate\":\"https:\\\/\\\/unisale.com.br\\\/pastoral\\\/?s={search_term_string}\"},\"query-input\":{\"@type\":\"PropertyValueSpecification\",\"valueRequired\":true,\"valueName\":\"search_term_string\"}}],\"inLanguage\":\"pt-BR\"},{\"@type\":\"Person\",\"@id\":\"https:\\\/\\\/unisale.com.br\\\/pastoral\\\/#\\\/schema\\\/person\\\/492d3d7bfe53a8302576d39485aff2c4\",\"name\":\"Luiz Alexandre Marinho Lanzoni\",\"url\":\"https:\\\/\\\/unisale.com.br\\\/pastoral\\\/author\\\/luiz\\\/\"}]}<\/script>\n<!-- \/ Yoast SEO plugin. -->","yoast_head_json":{"title":"26\/08 - Ficai atentos, porque n\u00e3o sabeis em que dia vir\u00e1 o Senhor - Pastoral Universit\u00e1ria UniSALESIANO","robots":{"index":"index","follow":"follow","max-snippet":"max-snippet:-1","max-image-preview":"max-image-preview:large","max-video-preview":"max-video-preview:-1"},"canonical":"https:\/\/unisale.com.br\/novo\/ficai-atentos\/","og_locale":"pt_BR","og_type":"article","og_title":"26\/08 - Ficai atentos, porque n\u00e3o sabeis em que dia vir\u00e1 o Senhor - Pastoral Universit\u00e1ria UniSALESIANO","og_description":"Quinta-feira, 26 de agosto de 2021. &nbsp; Evangelho (Mt 24,42-51) &nbsp; \u201cFicai atentos, porque n\u00e3o sabeis em que dia vir\u00e1 o Senhor\u201d &nbsp; Naquele tempo...","og_url":"https:\/\/unisale.com.br\/novo\/ficai-atentos\/","og_site_name":"Pastoral Universit\u00e1ria UniSALESIANO","article_published_time":"2021-08-20T17:20:45+00:00","og_image":[{"width":800,"height":533,"url":"https:\/\/unisale.com.br\/novo\/wp-content\/uploads\/2021\/08\/Ev-dia-26.08.21.jpg","type":"image\/jpeg"}],"author":"Luiz Alexandre Marinho Lanzoni","twitter_card":"summary_large_image","twitter_misc":{"Escrito por":"Luiz Alexandre Marinho Lanzoni","Est. tempo de leitura":"3 minutos"},"schema":{"@context":"https:\/\/schema.org","@graph":[{"@type":"Article","@id":"https:\/\/unisale.com.br\/novo\/ficai-atentos\/#article","isPartOf":{"@id":"https:\/\/unisale.com.br\/novo\/ficai-atentos\/"},"author":{"name":"Luiz Alexandre Marinho Lanzoni","@id":"https:\/\/unisale.com.br\/pastoral\/#\/schema\/person\/492d3d7bfe53a8302576d39485aff2c4"},"headline":"26\/08 &#8211; Ficai atentos, porque n\u00e3o sabeis em que dia vir\u00e1 o Senhor","datePublished":"2021-08-20T17:20:45+00:00","mainEntityOfPage":{"@id":"https:\/\/unisale.com.br\/novo\/ficai-atentos\/"},"wordCount":515,"image":{"@id":"https:\/\/unisale.com.br\/novo\/ficai-atentos\/#primaryimage"},"thumbnailUrl":"https:\/\/unisale.com.br\/pastoral\/wp-content\/uploads\/2021\/08\/Ev-dia-26.08.21.jpg","articleSection":["Reflex\u00e3o do Evangelho"],"inLanguage":"pt-BR"},{"@type":"WebPage","@id":"https:\/\/unisale.com.br\/novo\/ficai-atentos\/","url":"https:\/\/unisale.com.br\/novo\/ficai-atentos\/","name":"26\/08 - Ficai atentos, porque n\u00e3o sabeis em que dia vir\u00e1 o Senhor - Pastoral Universit\u00e1ria UniSALESIANO","isPartOf":{"@id":"https:\/\/unisale.com.br\/pastoral\/#website"},"primaryImageOfPage":{"@id":"https:\/\/unisale.com.br\/novo\/ficai-atentos\/#primaryimage"},"image":{"@id":"https:\/\/unisale.com.br\/novo\/ficai-atentos\/#primaryimage"},"thumbnailUrl":"https:\/\/unisale.com.br\/pastoral\/wp-content\/uploads\/2021\/08\/Ev-dia-26.08.21.jpg","datePublished":"2021-08-20T17:20:45+00:00","author":{"@id":"https:\/\/unisale.com.br\/pastoral\/#\/schema\/person\/492d3d7bfe53a8302576d39485aff2c4"},"inLanguage":"pt-BR","potentialAction":[{"@type":"ReadAction","target":["https:\/\/unisale.com.br\/novo\/ficai-atentos\/"]}]},{"@type":"ImageObject","inLanguage":"pt-BR","@id":"https:\/\/unisale.com.br\/novo\/ficai-atentos\/#primaryimage","url":"https:\/\/unisale.com.br\/pastoral\/wp-content\/uploads\/2021\/08\/Ev-dia-26.08.21.jpg","contentUrl":"https:\/\/unisale.com.br\/pastoral\/wp-content\/uploads\/2021\/08\/Ev-dia-26.08.21.jpg","width":750,"height":500},{"@type":"WebSite","@id":"https:\/\/unisale.com.br\/pastoral\/#website","url":"https:\/\/unisale.com.br\/pastoral\/","name":"Pastoral Universit\u00e1ria UniSALESIANO","description":"Site da Pastoral Universit\u00e1ria do UniSALESIANO","potentialAction":[{"@type":"SearchAction","target":{"@type":"EntryPoint","urlTemplate":"https:\/\/unisale.com.br\/pastoral\/?s={search_term_string}"},"query-input":{"@type":"PropertyValueSpecification","valueRequired":true,"valueName":"search_term_string"}}],"inLanguage":"pt-BR"},{"@type":"Person","@id":"https:\/\/unisale.com.br\/pastoral\/#\/schema\/person\/492d3d7bfe53a8302576d39485aff2c4","name":"Luiz Alexandre Marinho Lanzoni","url":"https:\/\/unisale.com.br\/pastoral\/author\/luiz\/"}]}},"_links":{"self":[{"href":"https:\/\/unisale.com.br\/pastoral\/wp-json\/wp\/v2\/posts\/2681","targetHints":{"allow":["GET"]}}],"collection":[{"href":"https:\/\/unisale.com.br\/pastoral\/wp-json\/wp\/v2\/posts"}],"about":[{"href":"https:\/\/unisale.com.br\/pastoral\/wp-json\/wp\/v2\/types\/post"}],"author":[{"embeddable":true,"href":"https:\/\/unisale.com.br\/pastoral\/wp-json\/wp\/v2\/users\/6"}],"replies":[{"embeddable":true,"href":"https:\/\/unisale.com.br\/pastoral\/wp-json\/wp\/v2\/comments?post=2681"}],"version-history":[{"count":0,"href":"https:\/\/unisale.com.br\/pastoral\/wp-json\/wp\/v2\/posts\/2681\/revisions"}],"wp:featuredmedia":[{"embeddable":true,"href":"https:\/\/unisale.com.br\/pastoral\/wp-json\/wp\/v2\/media\/2674"}],"wp:attachment":[{"href":"https:\/\/unisale.com.br\/pastoral\/wp-json\/wp\/v2\/media?parent=2681"}],"wp:term":[{"taxonomy":"category","embeddable":true,"href":"https:\/\/unisale.com.br\/pastoral\/wp-json\/wp\/v2\/categories?post=2681"},{"taxonomy":"post_tag","embeddable":true,"href":"https:\/\/unisale.com.br\/pastoral\/wp-json\/wp\/v2\/tags?post=2681"}],"curies":[{"name":"wp","href":"https:\/\/api.w.org\/{rel}","templated":true}]}}