{"id":2713,"date":"2021-08-30T10:42:03","date_gmt":"2021-08-30T10:42:03","guid":{"rendered":"https:\/\/unisale.com.br\/pastoral\/?p=2713"},"modified":"2021-08-30T10:42:03","modified_gmt":"2021-08-30T10:42:03","slug":"02-09-mas-em-atencao-a-tua-palavra-vou-lancar-as-redes","status":"publish","type":"post","link":"https:\/\/unisale.com.br\/pastoral\/02-09-mas-em-atencao-a-tua-palavra-vou-lancar-as-redes\/","title":{"rendered":"02\/09 &#8211; Mas, em aten\u00e7\u00e3o \u00e0 tua palavra, vou lan\u00e7ar as redes"},"content":{"rendered":"<p>Quinta-feira, 02 de setembro de 2021.<\/p>\n<p>&nbsp;<\/p>\n<p>Evangelho (Lc 5,1-11)<\/p>\n<p>&nbsp;<\/p>\n<p><strong>\u201cMas, em aten\u00e7\u00e3o \u00e0 tua palavra, vou lan\u00e7ar as redes\u201d<\/strong><\/p>\n<p>&nbsp;<\/p>\n<p>Naquele tempo, <sup>1<\/sup>Jesus estava na margem do lago de Genesar\u00e9, e a multid\u00e3o apertava-se a seu redor para ouvir a palavra de Deus. <sup>2<\/sup>Jesus viu duas barcas paradas na margem do lago. Os pescadores haviam desembarcado e lavavam as redes. <sup>3<\/sup>Subindo numa das barcas, que era de Sim\u00e3o, pediu que se afastasse um pouco da margem. Depois sentou-se e, da barca, ensinava as multid\u00f5es. <sup>4<\/sup>Quando acabou de falar, disse a Sim\u00e3o: \u201cAvan\u00e7a para \u00e1guas mais profundas, e lan\u00e7ai vossas redes para a pesca\u201d. <sup>5<\/sup>Sim\u00e3o respondeu: \u201cMestre, n\u00f3s trabalhamos a noite inteira e nada pescamos. Mas, em aten\u00e7\u00e3o \u00e0 tua palavra, vou lan\u00e7ar as redes\u201d. <sup>6<\/sup>Assim fizeram, e apanharam tamanha quantidade de peixes que as redes se rompiam. <sup>7<\/sup>Ent\u00e3o fizeram sinal aos companheiros da outra barca, para que viessem ajud\u00e1-los. Eles vieram, e encheram as duas barcas, a ponto de quase afundarem. <sup>8<\/sup>Ao ver aquilo, Sim\u00e3o Pedro atirou-se aos p\u00e9s de Jesus, dizendo: \u201cSenhor, afasta-te de mim, porque sou um pecador!\u201d <sup>9<\/sup>\u00c9 que o espanto se apoderara de Sim\u00e3o e de todos os seus companheiros, por causa da pesca que acabavam de fazer. <sup>10<\/sup>Tiago e Jo\u00e3o, filhos de Zebedeu, que eram s\u00f3cios de Sim\u00e3o, tamb\u00e9m ficaram espantados. Jesus, por\u00e9m, disse a Sim\u00e3o: \u201cN\u00e3o tenhas medo! De hoje em diante tu ser\u00e1s pescador de homens\u201d. <sup>11<\/sup>Ent\u00e3o levaram as barcas para a margem, deixaram tudo e seguiram a Jesus.<\/p>\n<p>&nbsp;<\/p>\n<p><strong>Reflex\u00e3o<\/strong><\/p>\n<p>&nbsp;<\/p>\n<p>Jesus e encontra pela primeira vez com os seus disc\u00edpulos. Este encontro serve para nos fazer pensar que todas as vezes que perdemos a dire\u00e7\u00e3o justa da nossa estrada devemos recordar como n\u00f3s iniciamos a nossa viagem. Tamb\u00e9m numa hist\u00f3ria de amor \u00e9 preciso recordar sempre como tudo come\u00e7ou. Tamb\u00e9m uma amizade, ou um acontecimento decisivo da nossa vida, \u00e9 sempre bom \u201cvoltar ao primeiro amor\u201d, isto \u00e9, voltar onde tudo teve in\u00edcio. No evangelho de hoje Jesus se aproxima daqueles pescadores vendo neles o des\u00e2nimo pelas redes vazias. Estando pr\u00f3ximo pede-lhes que fa\u00e7am diferente: \u201cAvancem para \u00e1guas mais profundas\u201d. Ao que Sim\u00e3o responde: \u201cMestre, n\u00f3s trabalhamos a noite inteira e nada pescamos. Mas, em aten\u00e7\u00e3o \u00e0 tua palavra, vou lan\u00e7ar as redes\u201d. \u00c9 assim, Cristo n\u00e3o nos culpa pela \u201crede vazia\u201d, mas tamb\u00e9m nos pede de confiar em suas instru\u00e7\u00f5es. Muitas vezes n\u00f3s perdemos muito tempo em encontrar culpados pelas nossas faltas e esquecemos de escutar a Sua voz que nos pede de \u201cir para \u00e1guas mais profundas\u201d. Precisamos de menos culpa e mais humildade e praticidade. Somos muitas vezes hipnotizados pelos nossos falimentos. Por\u00e9m, mais fixamos nossa aten\u00e7\u00e3o no vazio que existe em n\u00f3s e mais vazios ficamos. Jesus fez com que Pedro e seu irm\u00e3o levantassem a cabe\u00e7a e os fez voltar \u00e0 realidade. \u00c9 preciso come\u00e7ar a acreditar e isso significa em acreditar menos em nossas paranoias e ter a coragem de \u201cavan\u00e7ar, ir mais profundo\u201d. Acreditar e ter os p\u00e9s no ch\u00e3o \u00e9 conscientizar-se de que se si permanece aberto, tamb\u00e9m em uma noite escura pode esconder-se uma ocasi\u00e3o para o bem inesperado acontecer.<\/p>\n<p>&nbsp;<\/p>\n<p><strong>Pe. Paulo Eduardo J\u00e1como, sdb.<\/strong><\/p>\n","protected":false},"excerpt":{"rendered":"<p>Quinta-feira, 02 de setembro de 2021. &nbsp; Evangelho (Lc 5,1-11) &nbsp; \u201cMas, em aten\u00e7\u00e3o \u00e0 tua palavra, vou lan\u00e7ar as redes\u201d &nbsp; Naquele tempo, 1Jesus&#8230;<\/p>\n","protected":false},"author":6,"featured_media":2702,"comment_status":"closed","ping_status":"closed","sticky":false,"template":"","format":"standard","meta":{"_acf_changed":false,"footnotes":""},"categories":[13],"tags":[],"class_list":["post-2713","post","type-post","status-publish","format-standard","has-post-thumbnail","hentry","category-reflexaodoevagelho"],"acf":[],"yoast_head":"<!-- This site is optimized with the Yoast SEO plugin v27.3 - https:\/\/yoast.com\/product\/yoast-seo-wordpress\/ -->\n<title>02\/09 - Mas, em aten\u00e7\u00e3o \u00e0 tua palavra, vou lan\u00e7ar as redes - Pastoral Universit\u00e1ria UniSALESIANO<\/title>\n<meta name=\"robots\" content=\"index, follow, max-snippet:-1, max-image-preview:large, max-video-preview:-1\" \/>\n<link rel=\"canonical\" href=\"https:\/\/unisale.com.br\/novo\/02-09-mas-em-atencao-a-tua-palavra-vou-lancar-as-redes\/\" \/>\n<meta property=\"og:locale\" content=\"pt_BR\" \/>\n<meta property=\"og:type\" content=\"article\" \/>\n<meta property=\"og:title\" content=\"02\/09 - Mas, em aten\u00e7\u00e3o \u00e0 tua palavra, vou lan\u00e7ar as redes - Pastoral Universit\u00e1ria UniSALESIANO\" \/>\n<meta property=\"og:description\" content=\"Quinta-feira, 02 de setembro de 2021. &nbsp; Evangelho (Lc 5,1-11) &nbsp; \u201cMas, em aten\u00e7\u00e3o \u00e0 tua palavra, vou lan\u00e7ar as redes\u201d &nbsp; Naquele tempo, 1Jesus...\" \/>\n<meta property=\"og:url\" content=\"https:\/\/unisale.com.br\/novo\/02-09-mas-em-atencao-a-tua-palavra-vou-lancar-as-redes\/\" \/>\n<meta property=\"og:site_name\" content=\"Pastoral Universit\u00e1ria UniSALESIANO\" \/>\n<meta property=\"article:published_time\" content=\"2021-08-30T10:42:03+00:00\" \/>\n<meta property=\"og:image\" content=\"https:\/\/unisale.com.br\/novo\/wp-content\/uploads\/2021\/08\/Ev-dia-02.09.jpg\" \/>\n\t<meta property=\"og:image:width\" content=\"512\" \/>\n\t<meta property=\"og:image:height\" content=\"337\" \/>\n\t<meta property=\"og:image:type\" content=\"image\/jpeg\" \/>\n<meta name=\"author\" content=\"Luiz Alexandre Marinho Lanzoni\" \/>\n<meta name=\"twitter:card\" content=\"summary_large_image\" \/>\n<meta name=\"twitter:label1\" content=\"Escrito por\" \/>\n\t<meta name=\"twitter:data1\" content=\"Luiz Alexandre Marinho Lanzoni\" \/>\n\t<meta name=\"twitter:label2\" content=\"Est. tempo de leitura\" \/>\n\t<meta name=\"twitter:data2\" content=\"3 minutos\" \/>\n<script type=\"application\/ld+json\" class=\"yoast-schema-graph\">{\"@context\":\"https:\\\/\\\/schema.org\",\"@graph\":[{\"@type\":\"Article\",\"@id\":\"https:\\\/\\\/unisale.com.br\\\/novo\\\/02-09-mas-em-atencao-a-tua-palavra-vou-lancar-as-redes\\\/#article\",\"isPartOf\":{\"@id\":\"https:\\\/\\\/unisale.com.br\\\/novo\\\/02-09-mas-em-atencao-a-tua-palavra-vou-lancar-as-redes\\\/\"},\"author\":{\"name\":\"Luiz Alexandre Marinho Lanzoni\",\"@id\":\"https:\\\/\\\/unisale.com.br\\\/pastoral\\\/#\\\/schema\\\/person\\\/492d3d7bfe53a8302576d39485aff2c4\"},\"headline\":\"02\\\/09 &#8211; Mas, em aten\u00e7\u00e3o \u00e0 tua palavra, vou lan\u00e7ar as redes\",\"datePublished\":\"2021-08-30T10:42:03+00:00\",\"mainEntityOfPage\":{\"@id\":\"https:\\\/\\\/unisale.com.br\\\/novo\\\/02-09-mas-em-atencao-a-tua-palavra-vou-lancar-as-redes\\\/\"},\"wordCount\":583,\"image\":{\"@id\":\"https:\\\/\\\/unisale.com.br\\\/novo\\\/02-09-mas-em-atencao-a-tua-palavra-vou-lancar-as-redes\\\/#primaryimage\"},\"thumbnailUrl\":\"https:\\\/\\\/unisale.com.br\\\/pastoral\\\/wp-content\\\/uploads\\\/2021\\\/08\\\/Ev-dia-02.09.jpg\",\"articleSection\":[\"Reflex\u00e3o do Evangelho\"],\"inLanguage\":\"pt-BR\"},{\"@type\":\"WebPage\",\"@id\":\"https:\\\/\\\/unisale.com.br\\\/novo\\\/02-09-mas-em-atencao-a-tua-palavra-vou-lancar-as-redes\\\/\",\"url\":\"https:\\\/\\\/unisale.com.br\\\/novo\\\/02-09-mas-em-atencao-a-tua-palavra-vou-lancar-as-redes\\\/\",\"name\":\"02\\\/09 - Mas, em aten\u00e7\u00e3o \u00e0 tua palavra, vou lan\u00e7ar as redes - Pastoral Universit\u00e1ria UniSALESIANO\",\"isPartOf\":{\"@id\":\"https:\\\/\\\/unisale.com.br\\\/pastoral\\\/#website\"},\"primaryImageOfPage\":{\"@id\":\"https:\\\/\\\/unisale.com.br\\\/novo\\\/02-09-mas-em-atencao-a-tua-palavra-vou-lancar-as-redes\\\/#primaryimage\"},\"image\":{\"@id\":\"https:\\\/\\\/unisale.com.br\\\/novo\\\/02-09-mas-em-atencao-a-tua-palavra-vou-lancar-as-redes\\\/#primaryimage\"},\"thumbnailUrl\":\"https:\\\/\\\/unisale.com.br\\\/pastoral\\\/wp-content\\\/uploads\\\/2021\\\/08\\\/Ev-dia-02.09.jpg\",\"datePublished\":\"2021-08-30T10:42:03+00:00\",\"author\":{\"@id\":\"https:\\\/\\\/unisale.com.br\\\/pastoral\\\/#\\\/schema\\\/person\\\/492d3d7bfe53a8302576d39485aff2c4\"},\"inLanguage\":\"pt-BR\",\"potentialAction\":[{\"@type\":\"ReadAction\",\"target\":[\"https:\\\/\\\/unisale.com.br\\\/novo\\\/02-09-mas-em-atencao-a-tua-palavra-vou-lancar-as-redes\\\/\"]}]},{\"@type\":\"ImageObject\",\"inLanguage\":\"pt-BR\",\"@id\":\"https:\\\/\\\/unisale.com.br\\\/novo\\\/02-09-mas-em-atencao-a-tua-palavra-vou-lancar-as-redes\\\/#primaryimage\",\"url\":\"https:\\\/\\\/unisale.com.br\\\/pastoral\\\/wp-content\\\/uploads\\\/2021\\\/08\\\/Ev-dia-02.09.jpg\",\"contentUrl\":\"https:\\\/\\\/unisale.com.br\\\/pastoral\\\/wp-content\\\/uploads\\\/2021\\\/08\\\/Ev-dia-02.09.jpg\",\"width\":512,\"height\":337},{\"@type\":\"WebSite\",\"@id\":\"https:\\\/\\\/unisale.com.br\\\/pastoral\\\/#website\",\"url\":\"https:\\\/\\\/unisale.com.br\\\/pastoral\\\/\",\"name\":\"Pastoral Universit\u00e1ria UniSALESIANO\",\"description\":\"Site da Pastoral Universit\u00e1ria do UniSALESIANO\",\"potentialAction\":[{\"@type\":\"SearchAction\",\"target\":{\"@type\":\"EntryPoint\",\"urlTemplate\":\"https:\\\/\\\/unisale.com.br\\\/pastoral\\\/?s={search_term_string}\"},\"query-input\":{\"@type\":\"PropertyValueSpecification\",\"valueRequired\":true,\"valueName\":\"search_term_string\"}}],\"inLanguage\":\"pt-BR\"},{\"@type\":\"Person\",\"@id\":\"https:\\\/\\\/unisale.com.br\\\/pastoral\\\/#\\\/schema\\\/person\\\/492d3d7bfe53a8302576d39485aff2c4\",\"name\":\"Luiz Alexandre Marinho Lanzoni\",\"url\":\"https:\\\/\\\/unisale.com.br\\\/pastoral\\\/author\\\/luiz\\\/\"}]}<\/script>\n<!-- \/ Yoast SEO plugin. -->","yoast_head_json":{"title":"02\/09 - Mas, em aten\u00e7\u00e3o \u00e0 tua palavra, vou lan\u00e7ar as redes - Pastoral Universit\u00e1ria UniSALESIANO","robots":{"index":"index","follow":"follow","max-snippet":"max-snippet:-1","max-image-preview":"max-image-preview:large","max-video-preview":"max-video-preview:-1"},"canonical":"https:\/\/unisale.com.br\/novo\/02-09-mas-em-atencao-a-tua-palavra-vou-lancar-as-redes\/","og_locale":"pt_BR","og_type":"article","og_title":"02\/09 - Mas, em aten\u00e7\u00e3o \u00e0 tua palavra, vou lan\u00e7ar as redes - Pastoral Universit\u00e1ria UniSALESIANO","og_description":"Quinta-feira, 02 de setembro de 2021. &nbsp; Evangelho (Lc 5,1-11) &nbsp; \u201cMas, em aten\u00e7\u00e3o \u00e0 tua palavra, vou lan\u00e7ar as redes\u201d &nbsp; Naquele tempo, 1Jesus...","og_url":"https:\/\/unisale.com.br\/novo\/02-09-mas-em-atencao-a-tua-palavra-vou-lancar-as-redes\/","og_site_name":"Pastoral Universit\u00e1ria UniSALESIANO","article_published_time":"2021-08-30T10:42:03+00:00","og_image":[{"width":512,"height":337,"url":"https:\/\/unisale.com.br\/novo\/wp-content\/uploads\/2021\/08\/Ev-dia-02.09.jpg","type":"image\/jpeg"}],"author":"Luiz Alexandre Marinho Lanzoni","twitter_card":"summary_large_image","twitter_misc":{"Escrito por":"Luiz Alexandre Marinho Lanzoni","Est. tempo de leitura":"3 minutos"},"schema":{"@context":"https:\/\/schema.org","@graph":[{"@type":"Article","@id":"https:\/\/unisale.com.br\/novo\/02-09-mas-em-atencao-a-tua-palavra-vou-lancar-as-redes\/#article","isPartOf":{"@id":"https:\/\/unisale.com.br\/novo\/02-09-mas-em-atencao-a-tua-palavra-vou-lancar-as-redes\/"},"author":{"name":"Luiz Alexandre Marinho Lanzoni","@id":"https:\/\/unisale.com.br\/pastoral\/#\/schema\/person\/492d3d7bfe53a8302576d39485aff2c4"},"headline":"02\/09 &#8211; Mas, em aten\u00e7\u00e3o \u00e0 tua palavra, vou lan\u00e7ar as redes","datePublished":"2021-08-30T10:42:03+00:00","mainEntityOfPage":{"@id":"https:\/\/unisale.com.br\/novo\/02-09-mas-em-atencao-a-tua-palavra-vou-lancar-as-redes\/"},"wordCount":583,"image":{"@id":"https:\/\/unisale.com.br\/novo\/02-09-mas-em-atencao-a-tua-palavra-vou-lancar-as-redes\/#primaryimage"},"thumbnailUrl":"https:\/\/unisale.com.br\/pastoral\/wp-content\/uploads\/2021\/08\/Ev-dia-02.09.jpg","articleSection":["Reflex\u00e3o do Evangelho"],"inLanguage":"pt-BR"},{"@type":"WebPage","@id":"https:\/\/unisale.com.br\/novo\/02-09-mas-em-atencao-a-tua-palavra-vou-lancar-as-redes\/","url":"https:\/\/unisale.com.br\/novo\/02-09-mas-em-atencao-a-tua-palavra-vou-lancar-as-redes\/","name":"02\/09 - Mas, em aten\u00e7\u00e3o \u00e0 tua palavra, vou lan\u00e7ar as redes - Pastoral Universit\u00e1ria UniSALESIANO","isPartOf":{"@id":"https:\/\/unisale.com.br\/pastoral\/#website"},"primaryImageOfPage":{"@id":"https:\/\/unisale.com.br\/novo\/02-09-mas-em-atencao-a-tua-palavra-vou-lancar-as-redes\/#primaryimage"},"image":{"@id":"https:\/\/unisale.com.br\/novo\/02-09-mas-em-atencao-a-tua-palavra-vou-lancar-as-redes\/#primaryimage"},"thumbnailUrl":"https:\/\/unisale.com.br\/pastoral\/wp-content\/uploads\/2021\/08\/Ev-dia-02.09.jpg","datePublished":"2021-08-30T10:42:03+00:00","author":{"@id":"https:\/\/unisale.com.br\/pastoral\/#\/schema\/person\/492d3d7bfe53a8302576d39485aff2c4"},"inLanguage":"pt-BR","potentialAction":[{"@type":"ReadAction","target":["https:\/\/unisale.com.br\/novo\/02-09-mas-em-atencao-a-tua-palavra-vou-lancar-as-redes\/"]}]},{"@type":"ImageObject","inLanguage":"pt-BR","@id":"https:\/\/unisale.com.br\/novo\/02-09-mas-em-atencao-a-tua-palavra-vou-lancar-as-redes\/#primaryimage","url":"https:\/\/unisale.com.br\/pastoral\/wp-content\/uploads\/2021\/08\/Ev-dia-02.09.jpg","contentUrl":"https:\/\/unisale.com.br\/pastoral\/wp-content\/uploads\/2021\/08\/Ev-dia-02.09.jpg","width":512,"height":337},{"@type":"WebSite","@id":"https:\/\/unisale.com.br\/pastoral\/#website","url":"https:\/\/unisale.com.br\/pastoral\/","name":"Pastoral Universit\u00e1ria UniSALESIANO","description":"Site da Pastoral Universit\u00e1ria do UniSALESIANO","potentialAction":[{"@type":"SearchAction","target":{"@type":"EntryPoint","urlTemplate":"https:\/\/unisale.com.br\/pastoral\/?s={search_term_string}"},"query-input":{"@type":"PropertyValueSpecification","valueRequired":true,"valueName":"search_term_string"}}],"inLanguage":"pt-BR"},{"@type":"Person","@id":"https:\/\/unisale.com.br\/pastoral\/#\/schema\/person\/492d3d7bfe53a8302576d39485aff2c4","name":"Luiz Alexandre Marinho Lanzoni","url":"https:\/\/unisale.com.br\/pastoral\/author\/luiz\/"}]}},"_links":{"self":[{"href":"https:\/\/unisale.com.br\/pastoral\/wp-json\/wp\/v2\/posts\/2713","targetHints":{"allow":["GET"]}}],"collection":[{"href":"https:\/\/unisale.com.br\/pastoral\/wp-json\/wp\/v2\/posts"}],"about":[{"href":"https:\/\/unisale.com.br\/pastoral\/wp-json\/wp\/v2\/types\/post"}],"author":[{"embeddable":true,"href":"https:\/\/unisale.com.br\/pastoral\/wp-json\/wp\/v2\/users\/6"}],"replies":[{"embeddable":true,"href":"https:\/\/unisale.com.br\/pastoral\/wp-json\/wp\/v2\/comments?post=2713"}],"version-history":[{"count":0,"href":"https:\/\/unisale.com.br\/pastoral\/wp-json\/wp\/v2\/posts\/2713\/revisions"}],"wp:featuredmedia":[{"embeddable":true,"href":"https:\/\/unisale.com.br\/pastoral\/wp-json\/wp\/v2\/media\/2702"}],"wp:attachment":[{"href":"https:\/\/unisale.com.br\/pastoral\/wp-json\/wp\/v2\/media?parent=2713"}],"wp:term":[{"taxonomy":"category","embeddable":true,"href":"https:\/\/unisale.com.br\/pastoral\/wp-json\/wp\/v2\/categories?post=2713"},{"taxonomy":"post_tag","embeddable":true,"href":"https:\/\/unisale.com.br\/pastoral\/wp-json\/wp\/v2\/tags?post=2713"}],"curies":[{"name":"wp","href":"https:\/\/api.w.org\/{rel}","templated":true}]}}