{"id":2722,"date":"2021-09-01T11:18:34","date_gmt":"2021-09-01T11:18:34","guid":{"rendered":"https:\/\/unisale.com.br\/pastoral\/?p=2722"},"modified":"2021-09-01T11:32:55","modified_gmt":"2021-09-01T11:32:55","slug":"retiro-espiritual-setembro","status":"publish","type":"post","link":"https:\/\/unisale.com.br\/pastoral\/retiro-espiritual-setembro\/","title":{"rendered":"Retiro Espiritual &#8211; Setembro"},"content":{"rendered":"<p><img fetchpriority=\"high\" decoding=\"async\" class=\"alignnone wp-image-1109\" src=\"https:\/\/unisale.com.br\/pastoral\/wp-content\/uploads\/2021\/05\/COMO-FAZER-o-retiro-espiritual-1536x352-1-768x176-1.png\" alt=\"\" width=\"1052\" height=\"241\" srcset=\"https:\/\/unisale.com.br\/pastoral\/wp-content\/uploads\/2021\/05\/COMO-FAZER-o-retiro-espiritual-1536x352-1-768x176-1.png 768w, https:\/\/unisale.com.br\/pastoral\/wp-content\/uploads\/2021\/05\/COMO-FAZER-o-retiro-espiritual-1536x352-1-768x176-1-300x69.png 300w\" sizes=\"(max-width: 1052px) 100vw, 1052px\" \/><\/p>\n<p>&nbsp;<\/p>\n<p><strong>\u201cA Palavra de Deus \u00e9 luz e for\u00e7a\u201d<\/strong><\/p>\n<p>&nbsp;<\/p>\n<ol>\n<li><strong>Introdu\u00e7\u00e3o<\/strong><\/li>\n<\/ol>\n<p>&nbsp;<\/p>\n<p>No m\u00eas de setembro a Igreja celebra o m\u00eas da B\u00edblia. Nada mais oportuno do que no nosso Retiro Mensal refletirmos justamente sobre a Palavra de Deus na vida do crist\u00e3o. A pergunta que arde dentro de n\u00f3s \u00e9 justamente: Que tempo dedicamos \u00e0 leitura da B\u00edblia? Qual lugar ocupa a Palavra de Deus em nossa vida? Estas s\u00e3o quest\u00f5es que nos convidam a fazer um s\u00e9rio exame de consci\u00eancia e avaliamos a familiaridade que cultivamos com a Palavra de Deus. Precisamos entender que esta Palavra n\u00e3o deve ser vista por n\u00f3s somente como uma hist\u00f3ria do Povo de Deus e de Jesus. N\u00e3o. Ela \u00e9 para n\u00f3s um testamento deixado por Jesus. Um testamento que tem sentido de heran\u00e7a. E podemos nos perguntar o porqu\u00ea desta heran\u00e7a tendo j\u00e1 em mente a resposta: A Palavra de Deus \u00e9 luz para os nossos passos. Ou seja, Jesus com a sua Palavra nos prop\u00f5e um caminho que nos santifica e que nos ajuda a construir a felicidade nossa e a felicidade de todos. N\u00e3o podemos caminhar sem a luz da Palavra, que ilumina e orienta os nossos passos. A pr\u00f3pria Igreja nos prop\u00f5e um itiner\u00e1rio para termos contato com a Palavra, basta que todos os dias a gente leia ao menos as leituras propostas para a celebra\u00e7\u00e3o da Eucaristia de cada dia, ou seja, n\u00f3s temos que ler a Liturgia da Palavra diariamente. Isso n\u00e3o \u00e9 dif\u00edcil, visto que temos \u00e0 nossa disposi\u00e7\u00e3o os diversos canais de m\u00eddia que possibilitam com facilidade o contado com esta Palavra. Portanto, n\u00e3o temos desculpas, cada um precisa avaliar a pr\u00f3pria consci\u00eancia e dizer: que valor eu dou \u00e0 Palavra de Deus na minha vida? Ent\u00e3o, convido voc\u00ea a fazer este retiro, quem sabe voc\u00ea mude sua rela\u00e7\u00e3o com a Palavra e se voc\u00ea j\u00e1 tem uma rela\u00e7\u00e3o boa com a Palavra de Deus, \u00f3timo. Te convido a se enriquecer ainda mais.<\/p>\n<p>Bom Retiro!<\/p>\n<p>&nbsp;<\/p>\n<p>&nbsp;<\/p>\n<p>Rezemos:<\/p>\n<p><em>\u201cMeu Senhor e meu Pai!<\/em><\/p>\n<p><em>Envia o teu Esp\u00edrito Santo para que eu compreenda a tua Santa Palavra.<\/em><\/p>\n<p><em>Que eu Te conhe\u00e7a e Te fa\u00e7a conhecido,<\/em><\/p>\n<p><em>Te ame e Te fa\u00e7a amado,<\/em><\/p>\n<p><em>Te sirva e Te fa\u00e7a servido,<\/em><\/p>\n<p><em>Te louve e Te fa\u00e7a louvado por todas as criaturas.<\/em><\/p>\n<p><em>Faze, \u00f3 Pai, que pela leitura da Palavra <\/em><\/p>\n<p><em>os pecadores se convertam, <\/em><\/p>\n<p><em>os justos perseverem na gra\u00e7a e<\/em><\/p>\n<p><em>todos consigamos a vida eterna. Am\u00e9m\u201d.<\/em><\/p>\n<p>&nbsp;<\/p>\n<p>&nbsp;<\/p>\n<ol start=\"2\">\n<li><strong>Medita\u00e7\u00e3o I: \u201cA Palavra de Deus \u00e9 luz e for\u00e7a\u201d<\/strong><\/li>\n<\/ol>\n<p><strong>\u00a0<\/strong><\/p>\n<p>Gostaria de dizer que fazer somente um retiro espiritual com o tema \u201cPalavra de Deus\u201d \u00e9 muito pouco. Mas, olhando bem como esta Palavra est\u00e1 ao nosso alcance durante todo ano atrav\u00e9s das v\u00e1rias celebra\u00e7\u00f5es lit\u00fargicas que temos \u00e0 nossa disposi\u00e7\u00e3o, posso dizer que nos \u00e9 oferecida a oportunidade de fazer este retiro durante todo o ano. Cada contato que temos com a Palavra \u00e9 uma oportunidade para ler, meditar, se converter e se santificar. Ali\u00e1s, S\u00e3o Tiago nos diz que devemos \u201cser praticantes da Palavra e n\u00e3o meros ouvintes. Ent\u00e3o, a gente l\u00ea e medita a Palavra de Deus para \u201cser a Palavra\u201d. S\u00e3o Jer\u00f4nimo e Santa Teresa do Menino Jesus levavam sempre consigo o Evangelho junto ao cora\u00e7\u00e3o.<\/p>\n<p>Quando Jesus, no momento da Transfigura\u00e7\u00e3o, manifesta a sua gl\u00f3ria a Pedro, Tiago e Jo\u00e3o, da nuvem ouviu-se uma voz: \u201cEste \u00e9 o meu Filho, o Eleito; ouvi-o\u201d (Lc 9,35). Tenho certeza de que as palavra de Jesus n\u00e3o s\u00e3o como as palavras dos homens. E as primeiras pessoas que o escutaram disser isso: \u201cporque ele as ensinava com autoridade e n\u00e3o como os seus escribas\u201d (Mt 7,29). As palavras de Jesus possuem uma dimens\u00e3o e uma profundidade que as demais n\u00e3o t\u00eam, sejam elas de fil\u00f3sofos, de pol\u00edticos, de poetas&#8230; As palavras de Jesus s\u00e3o \u201cpalavras de vida\u201d. Elas comunicam a plenitude da vida. \u201cSenhor, a quem iremos? S\u00f3 tu tens palavras de vida eterna (Jo 6,67-68).<\/p>\n<p>A Palavra de Deus \u00e9 nosso alimento. A Igreja sempre venerou as divinas Escrituras, da mesma forma que o pr\u00f3prio Corpo do Senhor, j\u00e1 que, principalmente na sagrada liturgia, sem cessar toma da mesa tanto da Palavra de Deus quanto do Corpo de Cristo, o p\u00e3o da Vida, e o distribui aos fi\u00e9is (Dei Verbum, 21) Palavra e Eucaristia, alimentos para o crist\u00e3o. Or\u00edgenes dizia: \u201cN\u00f3s bebemos o sangue de Cristo n\u00e3o s\u00f3 quando o recebemos segundo o rito dos mist\u00e9rios, mas tamb\u00e9m quando recebemos as suas palavras nas quais reside a Vida<a href=\"#_ftn1\" name=\"_ftnref1\">[1]<\/a>. E S\u00e3o Jer\u00f4nimo afirma: \u201co conhecimento da Sagrada Escritura \u00e9 um verdadeiro alimento e uma verdadeira bebida que se adquirem da Palavra de Deus\u201d (Commentaris in Ecclesiastem, III, 8,12-13, CCL 72, 278). Este p\u00e3o da Palavra, ainda nos recorda a Dei Verbum 23, \u00e9 alimento que infunde vigor, ilumina a mente, fortalece a vontade, acende um ardor renovado, renova a vida.<\/p>\n<p>Mas \u00e9 certo que para a Palavra de Deus gerar vida e produzir todos os seus efeitos, \u00e9 necess\u00e1rio que a acolhamos e a vivenciemos. Diante de Jesus que fala e que se comunica, a principal atitude que nos \u00e9 pedida \u00e9 a de escutar e acolher. \u201cEscutai-o\u201d, esta \u00e9 a orienta\u00e7\u00e3o que Deus deu aos disc\u00edpulos no Monte Tabor e d\u00e1 tamb\u00e9m a n\u00f3s hoje. \u00c9 escutar com o cora\u00e7\u00e3o. A Palavra s\u00f3 d\u00e1 frutos quando encontra terreno f\u00e9rtil, ou seja, quando cai em um \u201ccora\u00e7\u00e3o bom e perfeito\u2019 (Lc 8,15). Mas n\u00e3o podemos nos servir desta Palavra somente para meditar, escutar significa aqui \u201cobedecer\u201d, isto \u00e9, fazer o que ela requer de n\u00f3s. \u00c9 necess\u00e1rio deixar-se trabalhar pela Palavra, at\u00e9 que ela cheque a impregnar toda a vida crist\u00e3. \u00c9 preciso aplica-la em nossa vida, em todas as circunst\u00e2ncias de nossa exist\u00eancia, transform\u00e1-la em vida.<\/p>\n<p>Esta \u00e9 uma regra importante a ser observada: O Evangelho. Ele \u00e9 a regra que o pr\u00f3prio Jesus nos deixou. Ela n\u00e3o \u00e9 complicada e nem legalista como outras regras. Ela \u00e9 gentil e estimulante para o esp\u00edrito. Quem quer se fazer santo, mas n\u00e3o se aproxima da Palavra de Deus, ser\u00e1 um falso santo.<\/p>\n<p>A Palavra contesta o nosso modo de pensar e agir e nos introduz num estilo de vida iniciado por Cristo. Quem vive do Evangelho adquire o mesmo olhar e o mesmo pensar de Jesus (1Cor 2,16), v\u00ea a vida com o olhar de Cristo. Enfim, a Palavra de Deus nos revela o sentido profundo de nossa vida, ela nos d\u00e1 esperan\u00e7a. O resultado \u00e9 que n\u00e3o somo mais n\u00f3s a viver, mas \u00e9 Cristo que vive em n\u00f3s. O verbo vem morar em n\u00f3s e nos transforma n\u2019Ele.<\/p>\n<p>&nbsp;<\/p>\n<p>&nbsp;<\/p>\n<ol start=\"3\">\n<li><strong>Medita\u00e7\u00e3o II: HOMILIA DO PAPA FRANCISCO, Bas\u00edlica de S\u00e3o Pedro,<br \/>\n<\/strong><\/li>\n<\/ol>\n<p><strong>III Domingo do Tempo Comum, 24 de janeiro de 2021<a href=\"#_ftn2\" name=\"_ftnref2\">[2]<\/a><\/strong><\/p>\n<p><strong>\u00a0<\/strong><\/p>\n<p>[Homilia preparada pelo Pont\u00edfice e lida pelo Arcebispo Dom Rino Fisichella]<\/p>\n<p>&nbsp;<\/p>\n<p>Neste Domingo da Palavra, ouvimos Jesus anunciar o Reino de Deus. Vejamos o que diz e a quem o diz.<\/p>\n<p>O que diz. Jesus come\u00e7a a pregar assim: \u00abCompletou-se o tempo e o Reino de Deus est\u00e1 pr\u00f3ximo\u00bb (Mc 1, 15). Deus est\u00e1 perto: \u00e9 a primeira mensagem. O seu Reino desceu \u00e0 terra. Deus n\u00e3o est\u00e1 \u2013 como frequentemente nos sentimos tentados a pensar \u2013 l\u00e1 em cima nos c\u00e9us, distante, separado da condi\u00e7\u00e3o humana, mas est\u00e1 conosco. O tempo da dist\u00e2ncia acabou, quando Se fez homem em Jesus. Desde ent\u00e3o, Deus est\u00e1 muito perto; nunca Se separar\u00e1 nem Se cansar\u00e1 da nossa humanidade. Esta proximidade \u00e9 o in\u00edcio do Evangelho, \u00e9 o que Jesus \u2013 sublinha o texto \u2013 \u00abdizia\u00bb (1, 15): n\u00e3o disse uma vez, e acabou; mas dizia, isto \u00e9, repetia-o continuamente. \u00abDeus est\u00e1 pr\u00f3ximo\u00bb: era o leitmotiv do seu an\u00fancio, o cora\u00e7\u00e3o da sua mensagem. E se este \u00e9 o in\u00edcio e o refr\u00e3o da prega\u00e7\u00e3o de Jesus, de igual modo deve constituir a constante da vida e do an\u00fancio crist\u00e3o. Antes de mais nada, h\u00e1 que acreditar e anunciar que Deus Se aproximou de n\u00f3s, que fomos perdoados, \u00abmisericordiados\u00bb. Antes de qualquer palavra nossa sobre Deus, est\u00e1 a sua Palavra para n\u00f3s, que continua a dizer-nos: \u00abN\u00e3o tenhas medo, estou contigo. Estou perto de ti e continuarei a estar\u00bb.<\/p>\n<p>A Palavra de Deus permite-nos tocar com a m\u00e3o esta proximidade, j\u00e1 que ela \u2013 como diz o Deuteron\u00f4mio \u2013 n\u00e3o est\u00e1 longe de n\u00f3s, antes est\u00e1 muito perto do nosso cora\u00e7\u00e3o (cf. 30, 14). \u00c9 o ant\u00eddoto contra o medo de enfrentar a vida sozinho. Com efeito o Senhor, atrav\u00e9s da sua Palavra, consola, isto \u00e9, permanece com quem est\u00e1 s\u00f3. Falando conosco, lembra-nos que estamos no seu cora\u00e7\u00e3o, somos preciosos a seus olhos, estamos guardados na palma das suas m\u00e3os. A Palavra de Deus infunde esta paz, mas n\u00e3o deixa em paz. \u00c9 Palavra de consola\u00e7\u00e3o, mas tamb\u00e9m de convers\u00e3o. \u00abConvertei-vos\u00bb: acrescenta Jesus imediatamente depois de ter proclamado a proximidade de Deus, porque com a sua proximidade acabou o tempo de deixarmos \u00e0 dist\u00e2ncia Deus e os outros, acabou o tempo em que cada um s\u00f3 pensa em si e avan\u00e7a por conta pr\u00f3pria. Isto n\u00e3o \u00e9 crist\u00e3o, porque a pessoa que experimenta a proximidade de Deus n\u00e3o pode colocar \u00e0 dist\u00e2ncia o pr\u00f3ximo, n\u00e3o pode deix\u00e1-lo distante na indiferen\u00e7a. Neste sentido, quem frequenta a Palavra de Deus, obt\u00e9m viragens salutares na sua exist\u00eancia: descobre que a vida n\u00e3o \u00e9 tempo para se guardar dos outros e proteger a si mesmo, mas ocasi\u00e3o para ir ao encontro dos outros em nome deste Deus pr\u00f3ximo. Assim a Palavra, semeada no terreno do nosso cora\u00e7\u00e3o, leva-nos a semear esperan\u00e7a atrav\u00e9s da proximidade. Precisamente como Deus faz conosco.<\/p>\n<p>Vejamos agora a quem fala Jesus. Dirige-Se, em primeiro lugar, a pescadores da Galileia. Eram pessoas simples, que viviam do trabalho das suas m\u00e3os labutando duramente noite e dia. N\u00e3o eram especialistas na Sagrada Escritura, nem se salientavam certamente por ci\u00eancia e cultura. Moravam numa regi\u00e3o heterog\u00e9nea, com v\u00e1rios povos, etnias e cultos: era o lugar mais afastado da pureza religiosa de Jerusal\u00e9m, o mais distante do cora\u00e7\u00e3o do pa\u00eds. Mas Jesus come\u00e7a de l\u00e1: n\u00e3o do centro, mas da periferia. E f\u00e1-lo tamb\u00e9m para nos dizer que ningu\u00e9m fica marginalizado no cora\u00e7\u00e3o de Deus. Todos podem receber a sua Palavra e encontr\u00e1-Lo pessoalmente. A prop\u00f3sito, h\u00e1 um significativo detalhe no Evangelho, quando se observa que a prega\u00e7\u00e3o de Jesus chega \u00abdepois\u00bb da de Jo\u00e3o (Mc 1, 14). Trata-se de um depois decisivo, que marca a diferen\u00e7a: Jo\u00e3o acolhia as pessoas no deserto, aonde iam s\u00f3 aqueles que podiam deixar os lugares da sua vida. Diversamente, Jesus fala de Deus no cora\u00e7\u00e3o da sociedade humana, a todos, onde quer que estejam. E n\u00e3o fala em hor\u00e1rios e tempos pr\u00e9-estabelecidos: \u00abpassando ao longo do mar\u00bb, fala a pescadores enquanto \u00ablan\u00e7avam as redes\u00bb (1, 16). Dirige-se \u00e0s pessoas nos lugares e momentos mais comuns. Tal \u00e9 a for\u00e7a universal da Palavra de Deus, que alcan\u00e7a a todos em cada uma das \u00e1reas da sua vida.<\/p>\n<p>Mas a Palavra tamb\u00e9m tem uma for\u00e7a individual, isto \u00e9, incide sobre cada um de maneira direta, pessoal. Os disc\u00edpulos nunca mais esquecer\u00e3o as palavras ouvidas naquele dia nas margens do lago, perto do barco, dos familiares e colegas; palavras que marcar\u00e3o para sempre a sua vida. Jesus diz-lhes: \u00abVinde comigo e farei de v\u00f3s pescadores de homens\u00bb (1, 17). N\u00e3o os atrai com discursos elevados e inacess\u00edveis, mas fala \u00e0s suas vidas: a pescadores de peixes diz que ser\u00e3o pescadores de homens. Se lhes tivesse dito \u00abvinde comigo, farei de v\u00f3s Ap\u00f3stolos; sereis enviados ao mundo e anunciareis o Evangelho com a for\u00e7a do Esp\u00edrito; sereis mortos, mas tornar-vos-eis santos\u00bb, podemos imaginar que Pedro e Andr\u00e9 Lhe teriam respondido: \u00abObrigado, mas preferimos as nossas redes e os nossos barcos\u00bb. Mas Jesus chama-os partindo da sua vida: \u00abSois pescadores, tornar-vos-eis pescadores de homens\u00bb. Conquistados por esta frase, ir\u00e3o descobrindo passo a passo que viver a pescar peixes era pouco; o segredo da alegria est\u00e1 em fazer-se ao largo obedecendo \u00e0 Palavra de Jesus. \u00c9 assim que o Senhor procede conosco: procura-nos onde estamos, ama-nos como somos e, pacientemente, acompanha os nossos passos. Como \u00e0queles pescadores, vai esperar-nos tamb\u00e9m aos locais da nossa vida. Com a sua Palavra, quer fazer-nos mudar de rumo, deixando de nos limitarmos a matar o tempo para nos fazermos ao largo com Ele.<\/p>\n<p>Por isso, queridos irm\u00e3os e irm\u00e3s, n\u00e3o renunciamos \u00e0 Palavra de Deus. \u00c9 a carta de amor escrita para n\u00f3s por Aquele que nos conhece como ningu\u00e9m: lendo-a, voltamos a ouvir a sua voz, vislumbramos o seu rosto, recebemos o seu Esp\u00edrito. A Palavra aproxima-nos de Deus: n\u00e3o a deixemos longe. Levemo-la sempre conosco, no bolso, no tele m\u00f3vel; reservemos-lhe um lugar digno nas nossas casas. Coloquemos o Evangelho num lugar onde nos lembremos de o abrir diariamente, talvez no come\u00e7o e no fim do dia, de tal modo que, no meio de tantas palavras que chegam aos nossos ouvidos, qualquer vers\u00edculo da Palavra de Deus chegue ao cora\u00e7\u00e3o. Para o conseguir, pe\u00e7amos ao Senhor a for\u00e7a de desligar a televis\u00e3o e abrir a B\u00edblia, de apagar o tele m\u00f3vel e abrir o Evangelho. Neste Ano Lit\u00fargico, estamos a ler o Evangelho de Marcos, o mais simples e curto. Por que n\u00e3o faz\u00ea-lo tamb\u00e9m em privado, meditando uma pequena passagem cada dia? Far-nos-\u00e1 sentir pr\u00f3ximo o Senhor e infundir\u00e1 coragem no caminho da vida.<\/p>\n<p>&nbsp;<\/p>\n<p>Bas\u00edlica de S\u00e3o Pedro, 24 de janeiro de 2021<\/p>\n<p>Francisco<\/p>\n<p><strong>\u00a0<\/strong><\/p>\n<p>&nbsp;<\/p>\n<ol start=\"4\">\n<li><strong>Para Recordar:<\/strong><\/li>\n<\/ol>\n<p><strong>\u00a0<\/strong><\/p>\n<p>1- \u201cEvangelho significa em latim boa not\u00edcia ou boa nova. Podemos empreg\u00e1-la sempre que se anuncia uma not\u00edcia feliz, mas reservou-se-lhe o uso para designar a mensagem divina, anunciada pelo Salvador\u201d (Santo Agostinho).<\/p>\n<p>&nbsp;<\/p>\n<p>2- \u201cAbrindo-nos \u00e0 palavra de Cristo, acolhendo-O e o seu Evangelho, cada membro da Igreja ser\u00e1 tamb\u00e9m fecundo na sua vida crist\u00e3\u201d (S\u00e3o Jo\u00e3o Paulo II).<\/p>\n<p>&nbsp;<\/p>\n<p>3- \u201cLer a Sagrada Escritura significa pedir o conselho de Cristo\u201d (S\u00e3o Francisco de Assis).<\/p>\n<p>&nbsp;<\/p>\n<p>4- \u201cDesconhecer a Escritura \u00e9 desconhecer Cristo\u201d (S\u00e3o Jer\u00f4nimo).<\/p>\n<p>&nbsp;<\/p>\n<p>5- \u201cPortanto a Palavra desceu, a fim de que a terra, que antes era um deserto, produzisse os seus frutos para n\u00f3s\u201d (Santo Ambr\u00f3sio).<\/p>\n<p>&nbsp;<\/p>\n<p>6- \u201cQuando rezamos, falamos com Deus. Quando lemos a Sagra Escritura, Deus fala conosco\u201d (Santo Isidoro).<\/p>\n<p>&nbsp;<\/p>\n<p>7- \u201cDo Evangelho fiz o meu tesouro mais precioso\u201d (Santa Teresinha do Menino Jesus).<\/p>\n<p>&nbsp;<\/p>\n<p>8- &#8220;&#8230;se tiv\u00e9ssemos a Palavra de Deus sempre no cora\u00e7\u00e3o, nenhuma tenta\u00e7\u00e3o poderia nos afastar de Deus e nenhum obst\u00e1culo poderia nos desviar no caminho do bem&#8221; (Papa Francisco).<\/p>\n<p>&nbsp;<\/p>\n<p>9- \u201cAlimento e sustento da nossa alma \u00e9 a Palavra de Deus, isto \u00e9, serm\u00f5es, a explica\u00e7\u00e3o do evangelho e o catecismo\u201d (S. Jo\u00e3o Bosco).<\/p>\n<p>&nbsp;<\/p>\n<p>10- \u201cA Palavra de Deus consegue criar uma unidade capaz de transcender as divis\u00f5es\u201d (Bento XVI).<\/p>\n<p><strong>\u00a0<\/strong><\/p>\n<p><strong>\u00a0<\/strong><\/p>\n<ol start=\"5\">\n<li><strong>Exame de Consci\u00eancia<\/strong><\/li>\n<\/ol>\n<p><strong>\u00a0<\/strong><\/p>\n<p>Aconselho a voc\u00ea que para se fazer um bom exame de consci\u00eancia, \u00e9 importante a um lugar tranquilo, preferivelmente diante do sacr\u00e1rio, para orar. \u00c9 Deus quem pode iluminar sobre nossa realidade e nos dar os meios para responder \u00e0 gra\u00e7a. N\u00e3o \u00e9 enumerar pecados, mas sim descobrir a atitude do cora\u00e7\u00e3o e com DOR POR NOSSOS PECADOS, FAZER O FIRME PROP\u00d3SITO DE N\u00c3O VOLTAR A COMET\u00ca-LOS.<\/p>\n<p>&nbsp;<\/p>\n<p>Sempre h\u00e1 \u00e1reas nas quais somos mais fracos e requerem aten\u00e7\u00e3o especial, mas se compreendermos que Cristo \u00e9 a medida, veremos que em tudo temos muito que crescer.<\/p>\n<p>&nbsp;<\/p>\n<p><strong>Examinando a consci\u00eancia:<\/strong><\/p>\n<p>&nbsp;<\/p>\n<ol>\n<li>Que tempo dedico \u00e0 leitura e \u00e0 medita\u00e7\u00e3o da B\u00edblia?<\/li>\n<\/ol>\n<p>&nbsp;<\/p>\n<ol start=\"2\">\n<li>Qual lugar ocupa a Palavra de Deus em minha vida?<\/li>\n<\/ol>\n<p>&nbsp;<\/p>\n<ol start=\"3\">\n<li>Aproveito com empenho dos momentos que a Igreja oferece para tomar contato com a Palavra, isto \u00e9, sou atento nas missas a proclama\u00e7\u00e3o da Palavra de Deus?<\/li>\n<\/ol>\n<p>&nbsp;<\/p>\n<ol start=\"4\">\n<li>Escutar, discernir e viver a Palavra de Deus. Tenho escutado, discernido e vivido a Palavra de Deus consciente de que ela me ajuda a ser santo?<\/li>\n<\/ol>\n<p>&nbsp;<\/p>\n<ol start=\"5\">\n<li>Leio todos os dias a Palavra de Deus segundo a orienta\u00e7\u00e3o dada pela Sagrada Liturgia?<\/li>\n<\/ol>\n<p>&nbsp;<\/p>\n<ol start=\"6\">\n<li>Sei que a Palavra de Deus \u00e9 uma orienta\u00e7\u00e3o para os meus passos, uma luz para o meu caminho?<\/li>\n<\/ol>\n<p>&nbsp;<\/p>\n<ol start=\"7\">\n<li>S\u00e3o Tiago ressalta a import\u00e2ncia da viv\u00eancia da Palavra: \u201cSede praticantes da Palavra e n\u00e3o meros ouvintes\u201d (Tg 1,22). Procuro fazer da Palavra de Deus um tesouro? Procuro colocar em pr\u00e1tica os ensinamentos de Jesus que est\u00e3o presentes nos evangelhos?<\/li>\n<\/ol>\n<p>&nbsp;<\/p>\n<p><strong>\u00a0<\/strong><\/p>\n<ol start=\"6\">\n<li><strong>Ato de Contri\u00e7\u00e3o<a href=\"#_ftn3\" name=\"_ftnref3\">[3]<\/a><\/strong><\/li>\n<\/ol>\n<p><strong>\u00a0<\/strong><\/p>\n<p>Senhor, eu me arrependo sinceramente de todo mal que pratiquei e do bem que deixei de fazer. Pecando, eu vos ofendi, meu Deus e meu sumo bem, digno de ser amado sobre todas as coisas. Prometo firmemente, ajudado com a vossa gra\u00e7a, fazer penit\u00eancia e fugir \u00e0s ocasi\u00f5es de pecado. Am\u00e9m!<a href=\"#_ftn4\" name=\"_ftnref4\">[4]<\/a><\/p>\n<p><strong>\u00a0<\/strong><\/p>\n<p>&nbsp;<\/p>\n<ol start=\"7\">\n<li><strong>Ora\u00e7\u00e3o Final<\/strong><\/li>\n<\/ol>\n<p><strong>\u00a0<\/strong><\/p>\n<p>Para terminar o nosso Retiro colhendo dele frutos que permane\u00e7am, rezemos:<\/p>\n<p><strong>\u00a0<\/strong><\/p>\n<p><em>Ora\u00e7\u00e3o A S\u00e3o Jer\u00f4nimo<\/em><\/p>\n<p><em>\u00a0<\/em><\/p>\n<p><em>S\u00e3o Jer\u00f4nimo, dai-me a gra\u00e7a de <\/em><\/p>\n<p><em>compreender com clareza <\/em><\/p>\n<p><em>a Palavra quando leio a B\u00edblia.<\/em><\/p>\n<p><em>Ajudai-me a considerar o ensinamento<\/em><\/p>\n<p><em>Que vem da b\u00edblia acima de qualquer outro,<\/em><\/p>\n<p><em>J\u00e1 que \u00e9 Palavra e Ensinamento do pr\u00f3prio Deus.<\/em><\/p>\n<p><em>Fazei com que todos os homens aceitem e<\/em><\/p>\n<p><em>Sigam as orienta\u00e7\u00f5es do Nosso Pai,<\/em><\/p>\n<p><em>Expressas nas Sagradas Escrituras.<\/em><\/p>\n<p><em>Assim seja!<\/em><\/p>\n<p>&nbsp;<\/p>\n<p>&nbsp;<\/p>\n<p><a href=\"#_ftnref1\" name=\"_ftn1\">[1]<\/a> Cf. Or\u00edgenes, 1980. In Numeros Homilia, 16,9. In PG 12,701.<\/p>\n<p><a href=\"#_ftnref2\" name=\"_ftn2\">[2]<\/a> In: <a href=\"https:\/\/www.vatican.va\/content\/francesco\/pt\/homilies\/2021\/documents\/papa-francesco_20210124_omelia-domenicadellaparoladidio.html\">https:\/\/www.vatican.va\/content\/francesco\/pt\/homilies\/2021\/documents\/papa-francesco_20210124_omelia-domenicadellaparoladidio.html<\/a>. Pesquisado em 04 de agosto de 2021.<\/p>\n<p><a href=\"#_ftnref3\" name=\"_ftn3\">[3]<\/a> Chama-se Ato de Contri\u00e7\u00e3o Perfeita a um recurso utilizado quando o penitente est\u00e1 impossibilitado de fazer a confiss\u00e3o sacramental e, para n\u00e3o descumprir o segundo mandamento da Igreja: \u201cconfessar-se ao menos uma vez por ano por ocasi\u00e3o da P\u00e1scoa\u201d, reza fervorosamente uma f\u00f3rmula de Ato de Contri\u00e7\u00e3o, com o firme prop\u00f3sito de receber o Sacramento da Reconcilia\u00e7\u00e3o t\u00e3o logo poss\u00edvel.<\/p>\n<p><a href=\"#_ftnref4\" name=\"_ftn4\">[4]<\/a> Retirado do livro \u2018Sou Cat\u00f3lico, vivo a minha f\u00e9, Edi\u00e7\u00f5es CNBB, 5\u00aa edi\u00e7\u00e3o 2019.<\/p>\n","protected":false},"excerpt":{"rendered":"<p>&nbsp; \u201cA Palavra de Deus \u00e9 luz e for\u00e7a\u201d &nbsp; Introdu\u00e7\u00e3o &nbsp; No m\u00eas de setembro a Igreja celebra o m\u00eas da B\u00edblia. Nada mais&#8230;<\/p>\n","protected":false},"author":1,"featured_media":2724,"comment_status":"closed","ping_status":"closed","sticky":false,"template":"","format":"standard","meta":{"_acf_changed":false,"footnotes":""},"categories":[15],"tags":[],"class_list":["post-2722","post","type-post","status-publish","format-standard","has-post-thumbnail","hentry","category-retiro-espiritual"],"acf":[],"yoast_head":"<!-- This site is optimized with the Yoast SEO plugin v27.3 - https:\/\/yoast.com\/product\/yoast-seo-wordpress\/ -->\n<title>Retiro Espiritual - Setembro - Pastoral Universit\u00e1ria UniSALESIANO<\/title>\n<meta name=\"robots\" content=\"index, follow, max-snippet:-1, max-image-preview:large, max-video-preview:-1\" \/>\n<link rel=\"canonical\" href=\"https:\/\/unisale.com.br\/novo\/retiro-espiritual-setembro\/\" \/>\n<meta property=\"og:locale\" content=\"pt_BR\" \/>\n<meta property=\"og:type\" content=\"article\" \/>\n<meta property=\"og:title\" content=\"Retiro Espiritual - Setembro - Pastoral Universit\u00e1ria UniSALESIANO\" \/>\n<meta property=\"og:description\" content=\"&nbsp; \u201cA Palavra de Deus \u00e9 luz e for\u00e7a\u201d &nbsp; Introdu\u00e7\u00e3o &nbsp; No m\u00eas de setembro a Igreja celebra o m\u00eas da B\u00edblia. Nada mais...\" \/>\n<meta property=\"og:url\" content=\"https:\/\/unisale.com.br\/novo\/retiro-espiritual-setembro\/\" \/>\n<meta property=\"og:site_name\" content=\"Pastoral Universit\u00e1ria UniSALESIANO\" \/>\n<meta property=\"article:published_time\" content=\"2021-09-01T11:18:34+00:00\" \/>\n<meta property=\"article:modified_time\" content=\"2021-09-01T11:32:55+00:00\" \/>\n<meta property=\"og:image\" content=\"https:\/\/unisale.com.br\/novo\/wp-content\/uploads\/2021\/09\/CAPA-VIDEO-retiro-setembro.png\" \/>\n\t<meta property=\"og:image:width\" content=\"1920\" \/>\n\t<meta property=\"og:image:height\" content=\"1080\" \/>\n\t<meta property=\"og:image:type\" content=\"image\/png\" \/>\n<meta name=\"author\" content=\"pastoral\" \/>\n<meta name=\"twitter:card\" content=\"summary_large_image\" \/>\n<meta name=\"twitter:label1\" content=\"Escrito por\" \/>\n\t<meta name=\"twitter:data1\" content=\"pastoral\" \/>\n\t<meta name=\"twitter:label2\" content=\"Est. tempo de leitura\" \/>\n\t<meta name=\"twitter:data2\" content=\"16 minutos\" \/>\n<script type=\"application\/ld+json\" class=\"yoast-schema-graph\">{\"@context\":\"https:\\\/\\\/schema.org\",\"@graph\":[{\"@type\":\"Article\",\"@id\":\"https:\\\/\\\/unisale.com.br\\\/novo\\\/retiro-espiritual-setembro\\\/#article\",\"isPartOf\":{\"@id\":\"https:\\\/\\\/unisale.com.br\\\/novo\\\/retiro-espiritual-setembro\\\/\"},\"author\":{\"name\":\"pastoral\",\"@id\":\"https:\\\/\\\/unisale.com.br\\\/pastoral\\\/#\\\/schema\\\/person\\\/a16ba711a0f7dec9cb6b44563144d5a3\"},\"headline\":\"Retiro Espiritual &#8211; Setembro\",\"datePublished\":\"2021-09-01T11:18:34+00:00\",\"dateModified\":\"2021-09-01T11:32:55+00:00\",\"mainEntityOfPage\":{\"@id\":\"https:\\\/\\\/unisale.com.br\\\/novo\\\/retiro-espiritual-setembro\\\/\"},\"wordCount\":3144,\"image\":{\"@id\":\"https:\\\/\\\/unisale.com.br\\\/novo\\\/retiro-espiritual-setembro\\\/#primaryimage\"},\"thumbnailUrl\":\"https:\\\/\\\/unisale.com.br\\\/pastoral\\\/wp-content\\\/uploads\\\/2021\\\/09\\\/CAPA-VIDEO-retiro-setembro.png\",\"articleSection\":[\"Retiro Espiritual\"],\"inLanguage\":\"pt-BR\"},{\"@type\":\"WebPage\",\"@id\":\"https:\\\/\\\/unisale.com.br\\\/novo\\\/retiro-espiritual-setembro\\\/\",\"url\":\"https:\\\/\\\/unisale.com.br\\\/novo\\\/retiro-espiritual-setembro\\\/\",\"name\":\"Retiro Espiritual - Setembro - Pastoral Universit\u00e1ria UniSALESIANO\",\"isPartOf\":{\"@id\":\"https:\\\/\\\/unisale.com.br\\\/pastoral\\\/#website\"},\"primaryImageOfPage\":{\"@id\":\"https:\\\/\\\/unisale.com.br\\\/novo\\\/retiro-espiritual-setembro\\\/#primaryimage\"},\"image\":{\"@id\":\"https:\\\/\\\/unisale.com.br\\\/novo\\\/retiro-espiritual-setembro\\\/#primaryimage\"},\"thumbnailUrl\":\"https:\\\/\\\/unisale.com.br\\\/pastoral\\\/wp-content\\\/uploads\\\/2021\\\/09\\\/CAPA-VIDEO-retiro-setembro.png\",\"datePublished\":\"2021-09-01T11:18:34+00:00\",\"dateModified\":\"2021-09-01T11:32:55+00:00\",\"author\":{\"@id\":\"https:\\\/\\\/unisale.com.br\\\/pastoral\\\/#\\\/schema\\\/person\\\/a16ba711a0f7dec9cb6b44563144d5a3\"},\"inLanguage\":\"pt-BR\",\"potentialAction\":[{\"@type\":\"ReadAction\",\"target\":[\"https:\\\/\\\/unisale.com.br\\\/novo\\\/retiro-espiritual-setembro\\\/\"]}]},{\"@type\":\"ImageObject\",\"inLanguage\":\"pt-BR\",\"@id\":\"https:\\\/\\\/unisale.com.br\\\/novo\\\/retiro-espiritual-setembro\\\/#primaryimage\",\"url\":\"https:\\\/\\\/unisale.com.br\\\/pastoral\\\/wp-content\\\/uploads\\\/2021\\\/09\\\/CAPA-VIDEO-retiro-setembro.png\",\"contentUrl\":\"https:\\\/\\\/unisale.com.br\\\/pastoral\\\/wp-content\\\/uploads\\\/2021\\\/09\\\/CAPA-VIDEO-retiro-setembro.png\",\"width\":889,\"height\":500},{\"@type\":\"WebSite\",\"@id\":\"https:\\\/\\\/unisale.com.br\\\/pastoral\\\/#website\",\"url\":\"https:\\\/\\\/unisale.com.br\\\/pastoral\\\/\",\"name\":\"Pastoral Universit\u00e1ria UniSALESIANO\",\"description\":\"Site da Pastoral Universit\u00e1ria do UniSALESIANO\",\"potentialAction\":[{\"@type\":\"SearchAction\",\"target\":{\"@type\":\"EntryPoint\",\"urlTemplate\":\"https:\\\/\\\/unisale.com.br\\\/pastoral\\\/?s={search_term_string}\"},\"query-input\":{\"@type\":\"PropertyValueSpecification\",\"valueRequired\":true,\"valueName\":\"search_term_string\"}}],\"inLanguage\":\"pt-BR\"},{\"@type\":\"Person\",\"@id\":\"https:\\\/\\\/unisale.com.br\\\/pastoral\\\/#\\\/schema\\\/person\\\/a16ba711a0f7dec9cb6b44563144d5a3\",\"name\":\"pastoral\",\"url\":\"https:\\\/\\\/unisale.com.br\\\/pastoral\\\/author\\\/pastoral\\\/\"}]}<\/script>\n<!-- \/ Yoast SEO plugin. -->","yoast_head_json":{"title":"Retiro Espiritual - Setembro - Pastoral Universit\u00e1ria UniSALESIANO","robots":{"index":"index","follow":"follow","max-snippet":"max-snippet:-1","max-image-preview":"max-image-preview:large","max-video-preview":"max-video-preview:-1"},"canonical":"https:\/\/unisale.com.br\/novo\/retiro-espiritual-setembro\/","og_locale":"pt_BR","og_type":"article","og_title":"Retiro Espiritual - Setembro - Pastoral Universit\u00e1ria UniSALESIANO","og_description":"&nbsp; \u201cA Palavra de Deus \u00e9 luz e for\u00e7a\u201d &nbsp; Introdu\u00e7\u00e3o &nbsp; No m\u00eas de setembro a Igreja celebra o m\u00eas da B\u00edblia. Nada mais...","og_url":"https:\/\/unisale.com.br\/novo\/retiro-espiritual-setembro\/","og_site_name":"Pastoral Universit\u00e1ria UniSALESIANO","article_published_time":"2021-09-01T11:18:34+00:00","article_modified_time":"2021-09-01T11:32:55+00:00","og_image":[{"width":1920,"height":1080,"url":"https:\/\/unisale.com.br\/novo\/wp-content\/uploads\/2021\/09\/CAPA-VIDEO-retiro-setembro.png","type":"image\/png"}],"author":"pastoral","twitter_card":"summary_large_image","twitter_misc":{"Escrito por":"pastoral","Est. tempo de leitura":"16 minutos"},"schema":{"@context":"https:\/\/schema.org","@graph":[{"@type":"Article","@id":"https:\/\/unisale.com.br\/novo\/retiro-espiritual-setembro\/#article","isPartOf":{"@id":"https:\/\/unisale.com.br\/novo\/retiro-espiritual-setembro\/"},"author":{"name":"pastoral","@id":"https:\/\/unisale.com.br\/pastoral\/#\/schema\/person\/a16ba711a0f7dec9cb6b44563144d5a3"},"headline":"Retiro Espiritual &#8211; Setembro","datePublished":"2021-09-01T11:18:34+00:00","dateModified":"2021-09-01T11:32:55+00:00","mainEntityOfPage":{"@id":"https:\/\/unisale.com.br\/novo\/retiro-espiritual-setembro\/"},"wordCount":3144,"image":{"@id":"https:\/\/unisale.com.br\/novo\/retiro-espiritual-setembro\/#primaryimage"},"thumbnailUrl":"https:\/\/unisale.com.br\/pastoral\/wp-content\/uploads\/2021\/09\/CAPA-VIDEO-retiro-setembro.png","articleSection":["Retiro Espiritual"],"inLanguage":"pt-BR"},{"@type":"WebPage","@id":"https:\/\/unisale.com.br\/novo\/retiro-espiritual-setembro\/","url":"https:\/\/unisale.com.br\/novo\/retiro-espiritual-setembro\/","name":"Retiro Espiritual - Setembro - Pastoral Universit\u00e1ria UniSALESIANO","isPartOf":{"@id":"https:\/\/unisale.com.br\/pastoral\/#website"},"primaryImageOfPage":{"@id":"https:\/\/unisale.com.br\/novo\/retiro-espiritual-setembro\/#primaryimage"},"image":{"@id":"https:\/\/unisale.com.br\/novo\/retiro-espiritual-setembro\/#primaryimage"},"thumbnailUrl":"https:\/\/unisale.com.br\/pastoral\/wp-content\/uploads\/2021\/09\/CAPA-VIDEO-retiro-setembro.png","datePublished":"2021-09-01T11:18:34+00:00","dateModified":"2021-09-01T11:32:55+00:00","author":{"@id":"https:\/\/unisale.com.br\/pastoral\/#\/schema\/person\/a16ba711a0f7dec9cb6b44563144d5a3"},"inLanguage":"pt-BR","potentialAction":[{"@type":"ReadAction","target":["https:\/\/unisale.com.br\/novo\/retiro-espiritual-setembro\/"]}]},{"@type":"ImageObject","inLanguage":"pt-BR","@id":"https:\/\/unisale.com.br\/novo\/retiro-espiritual-setembro\/#primaryimage","url":"https:\/\/unisale.com.br\/pastoral\/wp-content\/uploads\/2021\/09\/CAPA-VIDEO-retiro-setembro.png","contentUrl":"https:\/\/unisale.com.br\/pastoral\/wp-content\/uploads\/2021\/09\/CAPA-VIDEO-retiro-setembro.png","width":889,"height":500},{"@type":"WebSite","@id":"https:\/\/unisale.com.br\/pastoral\/#website","url":"https:\/\/unisale.com.br\/pastoral\/","name":"Pastoral Universit\u00e1ria UniSALESIANO","description":"Site da Pastoral Universit\u00e1ria do UniSALESIANO","potentialAction":[{"@type":"SearchAction","target":{"@type":"EntryPoint","urlTemplate":"https:\/\/unisale.com.br\/pastoral\/?s={search_term_string}"},"query-input":{"@type":"PropertyValueSpecification","valueRequired":true,"valueName":"search_term_string"}}],"inLanguage":"pt-BR"},{"@type":"Person","@id":"https:\/\/unisale.com.br\/pastoral\/#\/schema\/person\/a16ba711a0f7dec9cb6b44563144d5a3","name":"pastoral","url":"https:\/\/unisale.com.br\/pastoral\/author\/pastoral\/"}]}},"_links":{"self":[{"href":"https:\/\/unisale.com.br\/pastoral\/wp-json\/wp\/v2\/posts\/2722","targetHints":{"allow":["GET"]}}],"collection":[{"href":"https:\/\/unisale.com.br\/pastoral\/wp-json\/wp\/v2\/posts"}],"about":[{"href":"https:\/\/unisale.com.br\/pastoral\/wp-json\/wp\/v2\/types\/post"}],"author":[{"embeddable":true,"href":"https:\/\/unisale.com.br\/pastoral\/wp-json\/wp\/v2\/users\/1"}],"replies":[{"embeddable":true,"href":"https:\/\/unisale.com.br\/pastoral\/wp-json\/wp\/v2\/comments?post=2722"}],"version-history":[{"count":0,"href":"https:\/\/unisale.com.br\/pastoral\/wp-json\/wp\/v2\/posts\/2722\/revisions"}],"wp:featuredmedia":[{"embeddable":true,"href":"https:\/\/unisale.com.br\/pastoral\/wp-json\/wp\/v2\/media\/2724"}],"wp:attachment":[{"href":"https:\/\/unisale.com.br\/pastoral\/wp-json\/wp\/v2\/media?parent=2722"}],"wp:term":[{"taxonomy":"category","embeddable":true,"href":"https:\/\/unisale.com.br\/pastoral\/wp-json\/wp\/v2\/categories?post=2722"},{"taxonomy":"post_tag","embeddable":true,"href":"https:\/\/unisale.com.br\/pastoral\/wp-json\/wp\/v2\/tags?post=2722"}],"curies":[{"name":"wp","href":"https:\/\/api.w.org\/{rel}","templated":true}]}}