{"id":2770,"date":"2021-09-03T13:31:39","date_gmt":"2021-09-03T13:31:39","guid":{"rendered":"https:\/\/unisale.com.br\/pastoral\/?p=2770"},"modified":"2021-09-03T13:31:39","modified_gmt":"2021-09-03T13:31:39","slug":"ele-tem-feito","status":"publish","type":"post","link":"https:\/\/unisale.com.br\/pastoral\/ele-tem-feito\/","title":{"rendered":"05\/09 &#8211; Ele tem feito bem todas as coisas: aos surdos faz ouvir e aos mudos falar"},"content":{"rendered":"<p>Domingo, 05 de setembro de 2021 \u2013 XXIII Tempo Comum<\/p>\n<p>&nbsp;<\/p>\n<p>Evangelho (Mc 7,31-37)<\/p>\n<p>&nbsp;<\/p>\n<p><strong>\u201cEle tem feito bem todas as coisas: aos surdos faz ouvir e aos mudos falar\u201d<\/strong><\/p>\n<p>&nbsp;<\/p>\n<p>Naquele tempo, <sup>31<\/sup>Jesus saiu de novo da regi\u00e3o de Tiro, passou por Sid\u00f4nia e continuou at\u00e9 o mar da Galileia, atravessando a regi\u00e3o da Dec\u00e1pole. <sup>32<\/sup>Trouxeram ent\u00e3o um homem surdo, que falava com dificuldade, e pediram que Jesus lhe impusesse a m\u00e3o. <sup>33<\/sup>Jesus afastou-se com o homem, para fora da multid\u00e3o; em seguida, colocou os dedos nos seus ouvidos, cuspiu e com a saliva tocou a l\u00edngua dele. <sup>34<\/sup>Olhando para o c\u00e9u, suspirou e disse: \u201cEfat\u00e1!\u201d, que quer dizer: \u201cAbre-te!\u201d <sup>35<\/sup>Imediatamente seus ouvidos se abriram, sua l\u00edngua se soltou e ele come\u00e7ou a falar sem dificuldade. <sup>36<\/sup>Jesus recomendou com insist\u00eancia que n\u00e3o contassem a ningu\u00e9m. Mas, quanto mais ele recomendava, mais eles divulgavam. <sup>37<\/sup>Muito impressionados, diziam: \u201cEle tem feito bem todas as coisas: Aos surdos faz ouvir e aos mudos falar\u201d.<\/p>\n<p>&nbsp;<\/p>\n<p><strong>Reflex\u00e3o<\/strong><\/p>\n<p>&nbsp;<\/p>\n<p>O Evangelho de hoje narra a cura realizada por Jesus de um surdo-mudo. Mais uma vez o Evangelho nos aponta a escolha de Jesus: Os sofredores. Ele se dedica a quantos s\u00e3o colocados \u00e0 margem da sociedade. Cura-os, possibilitando-os de serem reintegrados \u00e0 sociedade. Jesus nos indica tamb\u00e9m como deve ser o nosso agir. Mas n\u00e3o devemos entender que n\u00e3o existe somente a surdez f\u00edsica em nossa sociedade. Existe tamb\u00e9m a debilidade do ser humano de escutar a Deus. Principalmente nos dias de hoje, devido \u00e0s v\u00e1rias interfer\u00eancias, n\u00f3s n\u00e3o escutamos a Deus. Com esta surdez em rela\u00e7\u00e3o a Deus, n\u00f3s tamb\u00e9m perdemos a capacidade a capacidade de falar com Ele ou d\u2019Ele. Falta-nos uma percep\u00e7\u00e3o decisiva. Os nossos mais agu\u00e7ados sentidos, os sentidos do cora\u00e7\u00e3o e da alma podem se apagar. Os nossos sentidos interiores podem se apagar e ent\u00e3o, ser\u00e1 limitada de maneira dr\u00e1stica e perigosa o alcance da nossa rela\u00e7\u00e3o com a realidade. O horizonte da vida se torna limitado.<\/p>\n<p>Pelo Batismo tamb\u00e9m Jesus disse a cada um de n\u00f3s o \u201cEffath\u00e1\u201d, isto \u00e9, o \u2018Abre-te\u2019. Ele nos tornou capazes de ouvir a Deus e nos deu a possibilidade de falar com Ele. Mas o Batismo n\u00e3o \u00e9 algo m\u00e1gico, ele abre o caminho. Ele nos introduz na comunidade dos que s\u00e3o capazes de ouvir e falar com Deus. Mas o caminho do batizado \u00e9 um processo progressivo. O Evangelho de hoje nos quer chamar a aten\u00e7\u00e3o de que em n\u00f3s existe uma defici\u00eancia em rela\u00e7\u00e3o \u00e0 nossa capacidade de percep\u00e7\u00e3o. Alguns chegam a pensar que tudo procede de maneira normal sem Deus. Mas ser \u00e1 que isso \u00e9 mesmo verdade? Ser\u00e1 que tudo procede normalmente quando Deus vem a faltar em nossa vida e em nosso mundo? O mundo precisa de Deus. N\u00f3s precisamos de Deus.<\/p>\n<p>&nbsp;<\/p>\n<p><strong>Pe. Paulo Eduardo J\u00e1como, sdb.<\/strong><\/p>\n","protected":false},"excerpt":{"rendered":"<p>Domingo, 05 de setembro de 2021 \u2013 XXIII Tempo Comum &nbsp; Evangelho (Mc 7,31-37) &nbsp; \u201cEle tem feito bem todas as coisas: aos surdos faz&#8230;<\/p>\n","protected":false},"author":6,"featured_media":2705,"comment_status":"closed","ping_status":"closed","sticky":false,"template":"","format":"standard","meta":{"_acf_changed":false,"footnotes":""},"categories":[13],"tags":[],"class_list":["post-2770","post","type-post","status-publish","format-standard","has-post-thumbnail","hentry","category-reflexaodoevagelho"],"acf":[],"yoast_head":"<!-- This site is optimized with the Yoast SEO plugin v27.3 - https:\/\/yoast.com\/product\/yoast-seo-wordpress\/ -->\n<title>05\/09 - Ele tem feito bem todas as coisas: aos surdos faz ouvir e aos mudos falar - Pastoral Universit\u00e1ria UniSALESIANO<\/title>\n<meta name=\"robots\" content=\"index, follow, max-snippet:-1, max-image-preview:large, max-video-preview:-1\" \/>\n<link rel=\"canonical\" href=\"https:\/\/unisale.com.br\/novo\/ele-tem-feito\/\" \/>\n<meta property=\"og:locale\" content=\"pt_BR\" \/>\n<meta property=\"og:type\" content=\"article\" \/>\n<meta property=\"og:title\" content=\"05\/09 - Ele tem feito bem todas as coisas: aos surdos faz ouvir e aos mudos falar - Pastoral Universit\u00e1ria UniSALESIANO\" \/>\n<meta property=\"og:description\" content=\"Domingo, 05 de setembro de 2021 \u2013 XXIII Tempo Comum &nbsp; Evangelho (Mc 7,31-37) &nbsp; \u201cEle tem feito bem todas as coisas: aos surdos faz...\" \/>\n<meta property=\"og:url\" content=\"https:\/\/unisale.com.br\/novo\/ele-tem-feito\/\" \/>\n<meta property=\"og:site_name\" content=\"Pastoral Universit\u00e1ria UniSALESIANO\" \/>\n<meta property=\"article:published_time\" content=\"2021-09-03T13:31:39+00:00\" \/>\n<meta property=\"og:image\" content=\"https:\/\/unisale.com.br\/novo\/wp-content\/uploads\/2021\/08\/Ev-dia-05.09.21.jpg\" \/>\n\t<meta property=\"og:image:width\" content=\"512\" \/>\n\t<meta property=\"og:image:height\" content=\"262\" \/>\n\t<meta property=\"og:image:type\" content=\"image\/jpeg\" \/>\n<meta name=\"author\" content=\"Luiz Alexandre Marinho Lanzoni\" \/>\n<meta name=\"twitter:card\" content=\"summary_large_image\" \/>\n<meta name=\"twitter:label1\" content=\"Escrito por\" \/>\n\t<meta name=\"twitter:data1\" content=\"Luiz Alexandre Marinho Lanzoni\" \/>\n\t<meta name=\"twitter:label2\" content=\"Est. tempo de leitura\" \/>\n\t<meta name=\"twitter:data2\" content=\"3 minutos\" \/>\n<script type=\"application\/ld+json\" class=\"yoast-schema-graph\">{\"@context\":\"https:\\\/\\\/schema.org\",\"@graph\":[{\"@type\":\"Article\",\"@id\":\"https:\\\/\\\/unisale.com.br\\\/novo\\\/ele-tem-feito\\\/#article\",\"isPartOf\":{\"@id\":\"https:\\\/\\\/unisale.com.br\\\/novo\\\/ele-tem-feito\\\/\"},\"author\":{\"name\":\"Luiz Alexandre Marinho Lanzoni\",\"@id\":\"https:\\\/\\\/unisale.com.br\\\/pastoral\\\/#\\\/schema\\\/person\\\/492d3d7bfe53a8302576d39485aff2c4\"},\"headline\":\"05\\\/09 &#8211; Ele tem feito bem todas as coisas: aos surdos faz ouvir e aos mudos falar\",\"datePublished\":\"2021-09-03T13:31:39+00:00\",\"mainEntityOfPage\":{\"@id\":\"https:\\\/\\\/unisale.com.br\\\/novo\\\/ele-tem-feito\\\/\"},\"wordCount\":523,\"image\":{\"@id\":\"https:\\\/\\\/unisale.com.br\\\/novo\\\/ele-tem-feito\\\/#primaryimage\"},\"thumbnailUrl\":\"https:\\\/\\\/unisale.com.br\\\/pastoral\\\/wp-content\\\/uploads\\\/2021\\\/08\\\/Ev-dia-05.09.21.jpg\",\"articleSection\":[\"Reflex\u00e3o do Evangelho\"],\"inLanguage\":\"pt-BR\"},{\"@type\":\"WebPage\",\"@id\":\"https:\\\/\\\/unisale.com.br\\\/novo\\\/ele-tem-feito\\\/\",\"url\":\"https:\\\/\\\/unisale.com.br\\\/novo\\\/ele-tem-feito\\\/\",\"name\":\"05\\\/09 - Ele tem feito bem todas as coisas: aos surdos faz ouvir e aos mudos falar - Pastoral Universit\u00e1ria UniSALESIANO\",\"isPartOf\":{\"@id\":\"https:\\\/\\\/unisale.com.br\\\/pastoral\\\/#website\"},\"primaryImageOfPage\":{\"@id\":\"https:\\\/\\\/unisale.com.br\\\/novo\\\/ele-tem-feito\\\/#primaryimage\"},\"image\":{\"@id\":\"https:\\\/\\\/unisale.com.br\\\/novo\\\/ele-tem-feito\\\/#primaryimage\"},\"thumbnailUrl\":\"https:\\\/\\\/unisale.com.br\\\/pastoral\\\/wp-content\\\/uploads\\\/2021\\\/08\\\/Ev-dia-05.09.21.jpg\",\"datePublished\":\"2021-09-03T13:31:39+00:00\",\"author\":{\"@id\":\"https:\\\/\\\/unisale.com.br\\\/pastoral\\\/#\\\/schema\\\/person\\\/492d3d7bfe53a8302576d39485aff2c4\"},\"inLanguage\":\"pt-BR\",\"potentialAction\":[{\"@type\":\"ReadAction\",\"target\":[\"https:\\\/\\\/unisale.com.br\\\/novo\\\/ele-tem-feito\\\/\"]}]},{\"@type\":\"ImageObject\",\"inLanguage\":\"pt-BR\",\"@id\":\"https:\\\/\\\/unisale.com.br\\\/novo\\\/ele-tem-feito\\\/#primaryimage\",\"url\":\"https:\\\/\\\/unisale.com.br\\\/pastoral\\\/wp-content\\\/uploads\\\/2021\\\/08\\\/Ev-dia-05.09.21.jpg\",\"contentUrl\":\"https:\\\/\\\/unisale.com.br\\\/pastoral\\\/wp-content\\\/uploads\\\/2021\\\/08\\\/Ev-dia-05.09.21.jpg\",\"width\":512,\"height\":262},{\"@type\":\"WebSite\",\"@id\":\"https:\\\/\\\/unisale.com.br\\\/pastoral\\\/#website\",\"url\":\"https:\\\/\\\/unisale.com.br\\\/pastoral\\\/\",\"name\":\"Pastoral Universit\u00e1ria UniSALESIANO\",\"description\":\"Site da Pastoral Universit\u00e1ria do UniSALESIANO\",\"potentialAction\":[{\"@type\":\"SearchAction\",\"target\":{\"@type\":\"EntryPoint\",\"urlTemplate\":\"https:\\\/\\\/unisale.com.br\\\/pastoral\\\/?s={search_term_string}\"},\"query-input\":{\"@type\":\"PropertyValueSpecification\",\"valueRequired\":true,\"valueName\":\"search_term_string\"}}],\"inLanguage\":\"pt-BR\"},{\"@type\":\"Person\",\"@id\":\"https:\\\/\\\/unisale.com.br\\\/pastoral\\\/#\\\/schema\\\/person\\\/492d3d7bfe53a8302576d39485aff2c4\",\"name\":\"Luiz Alexandre Marinho Lanzoni\",\"url\":\"https:\\\/\\\/unisale.com.br\\\/pastoral\\\/author\\\/luiz\\\/\"}]}<\/script>\n<!-- \/ Yoast SEO plugin. -->","yoast_head_json":{"title":"05\/09 - Ele tem feito bem todas as coisas: aos surdos faz ouvir e aos mudos falar - Pastoral Universit\u00e1ria UniSALESIANO","robots":{"index":"index","follow":"follow","max-snippet":"max-snippet:-1","max-image-preview":"max-image-preview:large","max-video-preview":"max-video-preview:-1"},"canonical":"https:\/\/unisale.com.br\/novo\/ele-tem-feito\/","og_locale":"pt_BR","og_type":"article","og_title":"05\/09 - Ele tem feito bem todas as coisas: aos surdos faz ouvir e aos mudos falar - Pastoral Universit\u00e1ria UniSALESIANO","og_description":"Domingo, 05 de setembro de 2021 \u2013 XXIII Tempo Comum &nbsp; Evangelho (Mc 7,31-37) &nbsp; \u201cEle tem feito bem todas as coisas: aos surdos faz...","og_url":"https:\/\/unisale.com.br\/novo\/ele-tem-feito\/","og_site_name":"Pastoral Universit\u00e1ria UniSALESIANO","article_published_time":"2021-09-03T13:31:39+00:00","og_image":[{"width":512,"height":262,"url":"https:\/\/unisale.com.br\/novo\/wp-content\/uploads\/2021\/08\/Ev-dia-05.09.21.jpg","type":"image\/jpeg"}],"author":"Luiz Alexandre Marinho Lanzoni","twitter_card":"summary_large_image","twitter_misc":{"Escrito por":"Luiz Alexandre Marinho Lanzoni","Est. tempo de leitura":"3 minutos"},"schema":{"@context":"https:\/\/schema.org","@graph":[{"@type":"Article","@id":"https:\/\/unisale.com.br\/novo\/ele-tem-feito\/#article","isPartOf":{"@id":"https:\/\/unisale.com.br\/novo\/ele-tem-feito\/"},"author":{"name":"Luiz Alexandre Marinho Lanzoni","@id":"https:\/\/unisale.com.br\/pastoral\/#\/schema\/person\/492d3d7bfe53a8302576d39485aff2c4"},"headline":"05\/09 &#8211; Ele tem feito bem todas as coisas: aos surdos faz ouvir e aos mudos falar","datePublished":"2021-09-03T13:31:39+00:00","mainEntityOfPage":{"@id":"https:\/\/unisale.com.br\/novo\/ele-tem-feito\/"},"wordCount":523,"image":{"@id":"https:\/\/unisale.com.br\/novo\/ele-tem-feito\/#primaryimage"},"thumbnailUrl":"https:\/\/unisale.com.br\/pastoral\/wp-content\/uploads\/2021\/08\/Ev-dia-05.09.21.jpg","articleSection":["Reflex\u00e3o do Evangelho"],"inLanguage":"pt-BR"},{"@type":"WebPage","@id":"https:\/\/unisale.com.br\/novo\/ele-tem-feito\/","url":"https:\/\/unisale.com.br\/novo\/ele-tem-feito\/","name":"05\/09 - Ele tem feito bem todas as coisas: aos surdos faz ouvir e aos mudos falar - Pastoral Universit\u00e1ria UniSALESIANO","isPartOf":{"@id":"https:\/\/unisale.com.br\/pastoral\/#website"},"primaryImageOfPage":{"@id":"https:\/\/unisale.com.br\/novo\/ele-tem-feito\/#primaryimage"},"image":{"@id":"https:\/\/unisale.com.br\/novo\/ele-tem-feito\/#primaryimage"},"thumbnailUrl":"https:\/\/unisale.com.br\/pastoral\/wp-content\/uploads\/2021\/08\/Ev-dia-05.09.21.jpg","datePublished":"2021-09-03T13:31:39+00:00","author":{"@id":"https:\/\/unisale.com.br\/pastoral\/#\/schema\/person\/492d3d7bfe53a8302576d39485aff2c4"},"inLanguage":"pt-BR","potentialAction":[{"@type":"ReadAction","target":["https:\/\/unisale.com.br\/novo\/ele-tem-feito\/"]}]},{"@type":"ImageObject","inLanguage":"pt-BR","@id":"https:\/\/unisale.com.br\/novo\/ele-tem-feito\/#primaryimage","url":"https:\/\/unisale.com.br\/pastoral\/wp-content\/uploads\/2021\/08\/Ev-dia-05.09.21.jpg","contentUrl":"https:\/\/unisale.com.br\/pastoral\/wp-content\/uploads\/2021\/08\/Ev-dia-05.09.21.jpg","width":512,"height":262},{"@type":"WebSite","@id":"https:\/\/unisale.com.br\/pastoral\/#website","url":"https:\/\/unisale.com.br\/pastoral\/","name":"Pastoral Universit\u00e1ria UniSALESIANO","description":"Site da Pastoral Universit\u00e1ria do UniSALESIANO","potentialAction":[{"@type":"SearchAction","target":{"@type":"EntryPoint","urlTemplate":"https:\/\/unisale.com.br\/pastoral\/?s={search_term_string}"},"query-input":{"@type":"PropertyValueSpecification","valueRequired":true,"valueName":"search_term_string"}}],"inLanguage":"pt-BR"},{"@type":"Person","@id":"https:\/\/unisale.com.br\/pastoral\/#\/schema\/person\/492d3d7bfe53a8302576d39485aff2c4","name":"Luiz Alexandre Marinho Lanzoni","url":"https:\/\/unisale.com.br\/pastoral\/author\/luiz\/"}]}},"_links":{"self":[{"href":"https:\/\/unisale.com.br\/pastoral\/wp-json\/wp\/v2\/posts\/2770","targetHints":{"allow":["GET"]}}],"collection":[{"href":"https:\/\/unisale.com.br\/pastoral\/wp-json\/wp\/v2\/posts"}],"about":[{"href":"https:\/\/unisale.com.br\/pastoral\/wp-json\/wp\/v2\/types\/post"}],"author":[{"embeddable":true,"href":"https:\/\/unisale.com.br\/pastoral\/wp-json\/wp\/v2\/users\/6"}],"replies":[{"embeddable":true,"href":"https:\/\/unisale.com.br\/pastoral\/wp-json\/wp\/v2\/comments?post=2770"}],"version-history":[{"count":0,"href":"https:\/\/unisale.com.br\/pastoral\/wp-json\/wp\/v2\/posts\/2770\/revisions"}],"wp:featuredmedia":[{"embeddable":true,"href":"https:\/\/unisale.com.br\/pastoral\/wp-json\/wp\/v2\/media\/2705"}],"wp:attachment":[{"href":"https:\/\/unisale.com.br\/pastoral\/wp-json\/wp\/v2\/media?parent=2770"}],"wp:term":[{"taxonomy":"category","embeddable":true,"href":"https:\/\/unisale.com.br\/pastoral\/wp-json\/wp\/v2\/categories?post=2770"},{"taxonomy":"post_tag","embeddable":true,"href":"https:\/\/unisale.com.br\/pastoral\/wp-json\/wp\/v2\/tags?post=2770"}],"curies":[{"name":"wp","href":"https:\/\/api.w.org\/{rel}","templated":true}]}}