{"id":2787,"date":"2021-09-03T19:07:29","date_gmt":"2021-09-03T19:07:29","guid":{"rendered":"https:\/\/unisale.com.br\/pastoral\/?p=2787"},"modified":"2021-09-03T19:07:29","modified_gmt":"2021-09-03T19:07:29","slug":"a-multidao-toda","status":"publish","type":"post","link":"https:\/\/unisale.com.br\/pastoral\/a-multidao-toda\/","title":{"rendered":"07\/09 &#8211; A multid\u00e3o toda procurava tocar em Jesus, porque uma for\u00e7a sa\u00eda dele e curava a todos"},"content":{"rendered":"<p>Ter\u00e7a-feira, 07 de setembro de 2021.<\/p>\n<p>&nbsp;<\/p>\n<p><strong>Evangelho (Lc 6,12-19)<\/strong><\/p>\n<p><strong>\u00a0<\/strong><\/p>\n<p><strong>\u201cA multid\u00e3o toda procurava tocar em Jesus, porque uma for\u00e7a sa\u00eda dele e curava a todos\u201d.<\/strong><\/p>\n<p><strong>\u00a0<\/strong><\/p>\n<p><sup>12<\/sup>Naqueles dias, Jesus foi \u00e0 montanha para rezar. E passou a noite toda em ora\u00e7\u00e3o a Deus. <sup>13<\/sup>Ao amanhecer, chamou seus disc\u00edpulos e escolheu doze dentre eles, aos quais deu o nome de ap\u00f3stolos: <sup>14<\/sup>Sim\u00e3o, a quem imp\u00f4s o nome de Pedro, e seu irm\u00e3o Andr\u00e9; Tiago e Jo\u00e3o; Filipe e Bartolomeu; <sup>15<\/sup>Mateus e Tom\u00e9; Tiago, filho de Alfeu, e Sim\u00e3o, chamado Zelota; <sup>16<\/sup>Judas, filho de Tiago, e Judas Iscariotes, aquele que se tornou traidor.<sup>17<\/sup>Jesus desceu da montanha com eles e parou num lugar plano. Ali estavam muitos dos seus disc\u00edpulos e grande multid\u00e3o de gente de toda a Judeia e de Jerusal\u00e9m, do litoral de Tiro e Sid\u00f4nia. <sup>18<\/sup>Vieram para ouvir Jesus e ser curados de suas doen\u00e7as. E aqueles que estavam atormentados por esp\u00edritos maus tamb\u00e9m foram curados. <sup>19<\/sup>A multid\u00e3o toda procurava tocar em Jesus, porque uma for\u00e7a sa\u00eda dele, e curava a todos.<\/p>\n<p>&nbsp;<\/p>\n<p><strong>Reflex\u00e3o<\/strong><\/p>\n<p><strong>\u00a0<\/strong><\/p>\n<p>O evangelho de hoje nos mostra que a escolha dos doze foi resultado de uma noite inteira de ora\u00e7\u00e3o de Jesus. Certamente, Jesus levou em conta muitos aspectos de cada um: car\u00e1ter, sensibilidade, mentalidade, relacionamento, modos de vida muito diferentes entre eles. Jesus n\u00e3o escolheu um grupo uniforme, mas muito diferente entre eles. Mesmo escolhidos, cada um deles permaneceu livre, e tamb\u00e9m para fazer o contr\u00e1rio, de pensar e de escolher diversamente. N\u00f3s encontramos em Pedro e Judas a prova desta liberdade. Um haver\u00e1 a liberdade de neg\u00e1-lo e o outro de tra\u00ed-lo. O comportamento dos dois \u00e9 prova de que Deus provoca, mas n\u00e3o for\u00e7a ningu\u00e9m, mesmo quando seria necess\u00e1rio for\u00e7ar. Porque Deus deseja n\u00e3o escravos, mas \u201camigos\u201d. N\u00e3o quer \u201csantinhos\u201d, mas Santos, verdadeiro santos. E s\u00f3 se pode ser santo quando, livremente, se escolhe de amar ou n\u00e3o amar. \u00c9 a ess\u00eancia da liberdade a coisa mais dif\u00edcil de se aceitar. \u00c9 sempre melhor pensar que n\u00e3o somos livres e que todos os condicionamentos n\u00e3o fazem parte da liberdade? Livre n\u00e3o \u00e9 quem n\u00e3o tem condicionamentos, mas quem se recorda de ser livre n\u00e3o obstante os condicionamentos. A vida espiritual tem este objetivo: fazer nascer a liberdade onde as circunst\u00e2ncias desejam decidir em nosso lugar.<\/p>\n<p>&nbsp;<\/p>\n<p><strong>Pe. Paulo Eduardo J\u00e1como, sdb.<\/strong><\/p>\n","protected":false},"excerpt":{"rendered":"<p>Ter\u00e7a-feira, 07 de setembro de 2021. &nbsp; Evangelho (Lc 6,12-19) \u00a0 \u201cA multid\u00e3o toda procurava tocar em Jesus, porque uma for\u00e7a sa\u00eda dele e curava&#8230;<\/p>\n","protected":false},"author":6,"featured_media":2782,"comment_status":"closed","ping_status":"closed","sticky":false,"template":"","format":"standard","meta":{"_acf_changed":false,"footnotes":""},"categories":[13],"tags":[],"class_list":["post-2787","post","type-post","status-publish","format-standard","has-post-thumbnail","hentry","category-reflexaodoevagelho"],"acf":[],"yoast_head":"<!-- This site is optimized with the Yoast SEO plugin v27.3 - https:\/\/yoast.com\/product\/yoast-seo-wordpress\/ -->\n<title>07\/09 - A multid\u00e3o toda procurava tocar em Jesus, porque uma for\u00e7a sa\u00eda dele e curava a todos - Pastoral Universit\u00e1ria UniSALESIANO<\/title>\n<meta name=\"robots\" content=\"index, follow, max-snippet:-1, max-image-preview:large, max-video-preview:-1\" \/>\n<link rel=\"canonical\" href=\"https:\/\/unisale.com.br\/novo\/a-multidao-toda\/\" \/>\n<meta property=\"og:locale\" content=\"pt_BR\" \/>\n<meta property=\"og:type\" content=\"article\" \/>\n<meta property=\"og:title\" content=\"07\/09 - A multid\u00e3o toda procurava tocar em Jesus, porque uma for\u00e7a sa\u00eda dele e curava a todos - Pastoral Universit\u00e1ria UniSALESIANO\" \/>\n<meta property=\"og:description\" content=\"Ter\u00e7a-feira, 07 de setembro de 2021. &nbsp; Evangelho (Lc 6,12-19) \u00a0 \u201cA multid\u00e3o toda procurava tocar em Jesus, porque uma for\u00e7a sa\u00eda dele e curava...\" \/>\n<meta property=\"og:url\" content=\"https:\/\/unisale.com.br\/novo\/a-multidao-toda\/\" \/>\n<meta property=\"og:site_name\" content=\"Pastoral Universit\u00e1ria UniSALESIANO\" \/>\n<meta property=\"article:published_time\" content=\"2021-09-03T19:07:29+00:00\" \/>\n<meta property=\"og:image\" content=\"https:\/\/unisale.com.br\/novo\/wp-content\/uploads\/2021\/09\/Ev-dia-07.09.21.jpg\" \/>\n\t<meta property=\"og:image:width\" content=\"830\" \/>\n\t<meta property=\"og:image:height\" content=\"467\" \/>\n\t<meta property=\"og:image:type\" content=\"image\/jpeg\" \/>\n<meta name=\"author\" content=\"Luiz Alexandre Marinho Lanzoni\" \/>\n<meta name=\"twitter:card\" content=\"summary_large_image\" \/>\n<meta name=\"twitter:label1\" content=\"Escrito por\" \/>\n\t<meta name=\"twitter:data1\" content=\"Luiz Alexandre Marinho Lanzoni\" \/>\n\t<meta name=\"twitter:label2\" content=\"Est. tempo de leitura\" \/>\n\t<meta name=\"twitter:data2\" content=\"2 minutos\" \/>\n<script type=\"application\/ld+json\" class=\"yoast-schema-graph\">{\"@context\":\"https:\\\/\\\/schema.org\",\"@graph\":[{\"@type\":\"Article\",\"@id\":\"https:\\\/\\\/unisale.com.br\\\/novo\\\/a-multidao-toda\\\/#article\",\"isPartOf\":{\"@id\":\"https:\\\/\\\/unisale.com.br\\\/novo\\\/a-multidao-toda\\\/\"},\"author\":{\"name\":\"Luiz Alexandre Marinho Lanzoni\",\"@id\":\"https:\\\/\\\/unisale.com.br\\\/pastoral\\\/#\\\/schema\\\/person\\\/492d3d7bfe53a8302576d39485aff2c4\"},\"headline\":\"07\\\/09 &#8211; A multid\u00e3o toda procurava tocar em Jesus, porque uma for\u00e7a sa\u00eda dele e curava a todos\",\"datePublished\":\"2021-09-03T19:07:29+00:00\",\"mainEntityOfPage\":{\"@id\":\"https:\\\/\\\/unisale.com.br\\\/novo\\\/a-multidao-toda\\\/\"},\"wordCount\":449,\"image\":{\"@id\":\"https:\\\/\\\/unisale.com.br\\\/novo\\\/a-multidao-toda\\\/#primaryimage\"},\"thumbnailUrl\":\"https:\\\/\\\/unisale.com.br\\\/pastoral\\\/wp-content\\\/uploads\\\/2021\\\/09\\\/Ev-dia-07.09.21.jpg\",\"articleSection\":[\"Reflex\u00e3o do Evangelho\"],\"inLanguage\":\"pt-BR\"},{\"@type\":\"WebPage\",\"@id\":\"https:\\\/\\\/unisale.com.br\\\/novo\\\/a-multidao-toda\\\/\",\"url\":\"https:\\\/\\\/unisale.com.br\\\/novo\\\/a-multidao-toda\\\/\",\"name\":\"07\\\/09 - A multid\u00e3o toda procurava tocar em Jesus, porque uma for\u00e7a sa\u00eda dele e curava a todos - Pastoral Universit\u00e1ria UniSALESIANO\",\"isPartOf\":{\"@id\":\"https:\\\/\\\/unisale.com.br\\\/pastoral\\\/#website\"},\"primaryImageOfPage\":{\"@id\":\"https:\\\/\\\/unisale.com.br\\\/novo\\\/a-multidao-toda\\\/#primaryimage\"},\"image\":{\"@id\":\"https:\\\/\\\/unisale.com.br\\\/novo\\\/a-multidao-toda\\\/#primaryimage\"},\"thumbnailUrl\":\"https:\\\/\\\/unisale.com.br\\\/pastoral\\\/wp-content\\\/uploads\\\/2021\\\/09\\\/Ev-dia-07.09.21.jpg\",\"datePublished\":\"2021-09-03T19:07:29+00:00\",\"author\":{\"@id\":\"https:\\\/\\\/unisale.com.br\\\/pastoral\\\/#\\\/schema\\\/person\\\/492d3d7bfe53a8302576d39485aff2c4\"},\"inLanguage\":\"pt-BR\",\"potentialAction\":[{\"@type\":\"ReadAction\",\"target\":[\"https:\\\/\\\/unisale.com.br\\\/novo\\\/a-multidao-toda\\\/\"]}]},{\"@type\":\"ImageObject\",\"inLanguage\":\"pt-BR\",\"@id\":\"https:\\\/\\\/unisale.com.br\\\/novo\\\/a-multidao-toda\\\/#primaryimage\",\"url\":\"https:\\\/\\\/unisale.com.br\\\/pastoral\\\/wp-content\\\/uploads\\\/2021\\\/09\\\/Ev-dia-07.09.21.jpg\",\"contentUrl\":\"https:\\\/\\\/unisale.com.br\\\/pastoral\\\/wp-content\\\/uploads\\\/2021\\\/09\\\/Ev-dia-07.09.21.jpg\",\"width\":830,\"height\":467},{\"@type\":\"WebSite\",\"@id\":\"https:\\\/\\\/unisale.com.br\\\/pastoral\\\/#website\",\"url\":\"https:\\\/\\\/unisale.com.br\\\/pastoral\\\/\",\"name\":\"Pastoral Universit\u00e1ria UniSALESIANO\",\"description\":\"Site da Pastoral Universit\u00e1ria do UniSALESIANO\",\"potentialAction\":[{\"@type\":\"SearchAction\",\"target\":{\"@type\":\"EntryPoint\",\"urlTemplate\":\"https:\\\/\\\/unisale.com.br\\\/pastoral\\\/?s={search_term_string}\"},\"query-input\":{\"@type\":\"PropertyValueSpecification\",\"valueRequired\":true,\"valueName\":\"search_term_string\"}}],\"inLanguage\":\"pt-BR\"},{\"@type\":\"Person\",\"@id\":\"https:\\\/\\\/unisale.com.br\\\/pastoral\\\/#\\\/schema\\\/person\\\/492d3d7bfe53a8302576d39485aff2c4\",\"name\":\"Luiz Alexandre Marinho Lanzoni\",\"url\":\"https:\\\/\\\/unisale.com.br\\\/pastoral\\\/author\\\/luiz\\\/\"}]}<\/script>\n<!-- \/ Yoast SEO plugin. -->","yoast_head_json":{"title":"07\/09 - A multid\u00e3o toda procurava tocar em Jesus, porque uma for\u00e7a sa\u00eda dele e curava a todos - Pastoral Universit\u00e1ria UniSALESIANO","robots":{"index":"index","follow":"follow","max-snippet":"max-snippet:-1","max-image-preview":"max-image-preview:large","max-video-preview":"max-video-preview:-1"},"canonical":"https:\/\/unisale.com.br\/novo\/a-multidao-toda\/","og_locale":"pt_BR","og_type":"article","og_title":"07\/09 - A multid\u00e3o toda procurava tocar em Jesus, porque uma for\u00e7a sa\u00eda dele e curava a todos - Pastoral Universit\u00e1ria UniSALESIANO","og_description":"Ter\u00e7a-feira, 07 de setembro de 2021. &nbsp; Evangelho (Lc 6,12-19) \u00a0 \u201cA multid\u00e3o toda procurava tocar em Jesus, porque uma for\u00e7a sa\u00eda dele e curava...","og_url":"https:\/\/unisale.com.br\/novo\/a-multidao-toda\/","og_site_name":"Pastoral Universit\u00e1ria UniSALESIANO","article_published_time":"2021-09-03T19:07:29+00:00","og_image":[{"width":830,"height":467,"url":"https:\/\/unisale.com.br\/novo\/wp-content\/uploads\/2021\/09\/Ev-dia-07.09.21.jpg","type":"image\/jpeg"}],"author":"Luiz Alexandre Marinho Lanzoni","twitter_card":"summary_large_image","twitter_misc":{"Escrito por":"Luiz Alexandre Marinho Lanzoni","Est. tempo de leitura":"2 minutos"},"schema":{"@context":"https:\/\/schema.org","@graph":[{"@type":"Article","@id":"https:\/\/unisale.com.br\/novo\/a-multidao-toda\/#article","isPartOf":{"@id":"https:\/\/unisale.com.br\/novo\/a-multidao-toda\/"},"author":{"name":"Luiz Alexandre Marinho Lanzoni","@id":"https:\/\/unisale.com.br\/pastoral\/#\/schema\/person\/492d3d7bfe53a8302576d39485aff2c4"},"headline":"07\/09 &#8211; A multid\u00e3o toda procurava tocar em Jesus, porque uma for\u00e7a sa\u00eda dele e curava a todos","datePublished":"2021-09-03T19:07:29+00:00","mainEntityOfPage":{"@id":"https:\/\/unisale.com.br\/novo\/a-multidao-toda\/"},"wordCount":449,"image":{"@id":"https:\/\/unisale.com.br\/novo\/a-multidao-toda\/#primaryimage"},"thumbnailUrl":"https:\/\/unisale.com.br\/pastoral\/wp-content\/uploads\/2021\/09\/Ev-dia-07.09.21.jpg","articleSection":["Reflex\u00e3o do Evangelho"],"inLanguage":"pt-BR"},{"@type":"WebPage","@id":"https:\/\/unisale.com.br\/novo\/a-multidao-toda\/","url":"https:\/\/unisale.com.br\/novo\/a-multidao-toda\/","name":"07\/09 - A multid\u00e3o toda procurava tocar em Jesus, porque uma for\u00e7a sa\u00eda dele e curava a todos - Pastoral Universit\u00e1ria UniSALESIANO","isPartOf":{"@id":"https:\/\/unisale.com.br\/pastoral\/#website"},"primaryImageOfPage":{"@id":"https:\/\/unisale.com.br\/novo\/a-multidao-toda\/#primaryimage"},"image":{"@id":"https:\/\/unisale.com.br\/novo\/a-multidao-toda\/#primaryimage"},"thumbnailUrl":"https:\/\/unisale.com.br\/pastoral\/wp-content\/uploads\/2021\/09\/Ev-dia-07.09.21.jpg","datePublished":"2021-09-03T19:07:29+00:00","author":{"@id":"https:\/\/unisale.com.br\/pastoral\/#\/schema\/person\/492d3d7bfe53a8302576d39485aff2c4"},"inLanguage":"pt-BR","potentialAction":[{"@type":"ReadAction","target":["https:\/\/unisale.com.br\/novo\/a-multidao-toda\/"]}]},{"@type":"ImageObject","inLanguage":"pt-BR","@id":"https:\/\/unisale.com.br\/novo\/a-multidao-toda\/#primaryimage","url":"https:\/\/unisale.com.br\/pastoral\/wp-content\/uploads\/2021\/09\/Ev-dia-07.09.21.jpg","contentUrl":"https:\/\/unisale.com.br\/pastoral\/wp-content\/uploads\/2021\/09\/Ev-dia-07.09.21.jpg","width":830,"height":467},{"@type":"WebSite","@id":"https:\/\/unisale.com.br\/pastoral\/#website","url":"https:\/\/unisale.com.br\/pastoral\/","name":"Pastoral Universit\u00e1ria UniSALESIANO","description":"Site da Pastoral Universit\u00e1ria do UniSALESIANO","potentialAction":[{"@type":"SearchAction","target":{"@type":"EntryPoint","urlTemplate":"https:\/\/unisale.com.br\/pastoral\/?s={search_term_string}"},"query-input":{"@type":"PropertyValueSpecification","valueRequired":true,"valueName":"search_term_string"}}],"inLanguage":"pt-BR"},{"@type":"Person","@id":"https:\/\/unisale.com.br\/pastoral\/#\/schema\/person\/492d3d7bfe53a8302576d39485aff2c4","name":"Luiz Alexandre Marinho Lanzoni","url":"https:\/\/unisale.com.br\/pastoral\/author\/luiz\/"}]}},"_links":{"self":[{"href":"https:\/\/unisale.com.br\/pastoral\/wp-json\/wp\/v2\/posts\/2787","targetHints":{"allow":["GET"]}}],"collection":[{"href":"https:\/\/unisale.com.br\/pastoral\/wp-json\/wp\/v2\/posts"}],"about":[{"href":"https:\/\/unisale.com.br\/pastoral\/wp-json\/wp\/v2\/types\/post"}],"author":[{"embeddable":true,"href":"https:\/\/unisale.com.br\/pastoral\/wp-json\/wp\/v2\/users\/6"}],"replies":[{"embeddable":true,"href":"https:\/\/unisale.com.br\/pastoral\/wp-json\/wp\/v2\/comments?post=2787"}],"version-history":[{"count":0,"href":"https:\/\/unisale.com.br\/pastoral\/wp-json\/wp\/v2\/posts\/2787\/revisions"}],"wp:featuredmedia":[{"embeddable":true,"href":"https:\/\/unisale.com.br\/pastoral\/wp-json\/wp\/v2\/media\/2782"}],"wp:attachment":[{"href":"https:\/\/unisale.com.br\/pastoral\/wp-json\/wp\/v2\/media?parent=2787"}],"wp:term":[{"taxonomy":"category","embeddable":true,"href":"https:\/\/unisale.com.br\/pastoral\/wp-json\/wp\/v2\/categories?post=2787"},{"taxonomy":"post_tag","embeddable":true,"href":"https:\/\/unisale.com.br\/pastoral\/wp-json\/wp\/v2\/tags?post=2787"}],"curies":[{"name":"wp","href":"https:\/\/api.w.org\/{rel}","templated":true}]}}