{"id":2789,"date":"2021-09-03T19:26:16","date_gmt":"2021-09-03T19:26:16","guid":{"rendered":"https:\/\/unisale.com.br\/pastoral\/?p=2789"},"modified":"2021-09-03T19:26:16","modified_gmt":"2021-09-03T19:26:16","slug":"eis-que-a-virgem","status":"publish","type":"post","link":"https:\/\/unisale.com.br\/pastoral\/eis-que-a-virgem\/","title":{"rendered":"08\/09 &#8211; Eis que a virgem conceber\u00e1 e dar\u00e1 \u00e0 luz um filho"},"content":{"rendered":"<p>Quarta-feira, 08 de setembro de 2021.<\/p>\n<p>&nbsp;<\/p>\n<p><strong>Evangelho<\/strong><strong>\u00a0<\/strong><strong>(Mt 1,18-23<\/strong>)<\/p>\n<p>&nbsp;<\/p>\n<p>&nbsp;<\/p>\n<p><strong>\u201cEis que a virgem conceber\u00e1 e dar\u00e1 \u00e0 luz um filho\u201d<\/strong><\/p>\n<p><strong>\u00a0<\/strong><\/p>\n<p><sup>18<\/sup>A origem de Jesus Cristo foi assim: Maria, sua m\u00e3e, estava prometida em casamento a Jos\u00e9 e, antes de viverem juntos, ela ficou gr\u00e1vida pela a\u00e7\u00e3o do Esp\u00edrito Santo.<sup>19<\/sup>Jos\u00e9, seu marido, era justo e, n\u00e3o querendo denunci\u00e1-la, resolveu abandonar Maria, em segredo. <sup>20<\/sup>Enquanto Jos\u00e9 pensava nisso, eis que o anjo do Senhor lhe apareceu, em sonho, e lhe disse: \u201cJos\u00e9, Filho de Davi, n\u00e3o tenhas medo de receber Maria como tua esposa, porque ela concebeu pela a\u00e7\u00e3o do Esp\u00edrito Santo. <sup>21<\/sup>Ela dar\u00e1 \u00e0 luz um filho, e tu lhe dar\u00e1s o nome de Jesus, pois ele vai salvar o seu povo dos seus pecados\u201d. <sup>22<\/sup>Tudo isso aconteceu para se cumprir o que o Senhor havia dito pelo profeta: <sup>23<\/sup>\u201cEis que a virgem conceber\u00e1 e dar\u00e1 \u00e0 luz um filho. Ele ser\u00e1 chamado pelo nome de Emanuel, que significa: Deus est\u00e1 conosco\u201d.<\/p>\n<p>&nbsp;<\/p>\n<p><strong>Reflex\u00e3o<\/strong><\/p>\n<p><strong>\u00a0<\/strong><\/p>\n<p>Hoje, a Igreja celebra a natividade da Virgem Maria. Existe um canto na Igreja que diz: \u201cMaria tu \u00e9s a aurora, Jesus \u00e9 o sol, o calor&#8230;\u201d. Maria \u00e9 justamente a aurora de um dia sem acaso que se chama Jesus, o Emanuel, o Deus conosco. Com o nascimento de Maria, tem in\u00edcio o que o evangelho chama de \u201cplenitude dos tempos\u201d. A hist\u00f3ria da nossa salva\u00e7\u00e3o n\u00e3o come\u00e7a do nada, ela atravessa s\u00e9culos. Por isso, o evangelho nos apresenta a genealogia da estirpe de Davi. No final do elenco, temos Jos\u00e9, que \u00e9 aquele que amando, acolhendo e cuidando de Maria, tornar\u00e1 poss\u00edvel a realiza\u00e7\u00e3o da espera de Israel, o nascimento do Salvador.<\/p>\n<p>Desde o come\u00e7o dos tempos, Deus pensou nesta mulher, nesta hist\u00f3ria, nesta fam\u00edlia, neste amor para dar vida ao seu Filho, para tornar Ele presente em nosso meio. Mas, cada uma das pessoas deste evangelho participa deste sonho de Deus com plena liberdade. Ningu\u00e9m obrigou Maria ou Jos\u00e9 a abra\u00e7ar cada um a sua miss\u00e3o. \u00c9 importante ressaltar esta liberdade de ambos, pois a efic\u00e1cia de tudo est\u00e1 no fato de que, quando a gra\u00e7a de Deus se alia com a nossa liberdade, participa da onipot\u00eancia de Deus. S\u00e3o Bernardo dir\u00e1, justamente, isso: que Maria \u00e9 \u201conipotente pela Gra\u00e7a\u201d. Maria pode tudo porque a sua liberdade se aliou completamente com Deus. Hoje \u00e9 a festa daquela que, sendo a mais livre de todas, disse o sim \u00e0 obra de Deus e se tornou a \u201ccheia de Gra\u00e7a\u201d, a \u201cM\u00e3e de Jesus e nossa M\u00e3e\u201d.<\/p>\n<p>&nbsp;<\/p>\n<p><strong>Pe. Paulo Eduardo J\u00e1como, sdb.<\/strong><\/p>\n","protected":false},"excerpt":{"rendered":"<p>Quarta-feira, 08 de setembro de 2021. &nbsp; Evangelho\u00a0(Mt 1,18-23) &nbsp; &nbsp; \u201cEis que a virgem conceber\u00e1 e dar\u00e1 \u00e0 luz um filho\u201d \u00a0 18A origem&#8230;<\/p>\n","protected":false},"author":6,"featured_media":2781,"comment_status":"closed","ping_status":"closed","sticky":false,"template":"","format":"standard","meta":{"_acf_changed":false,"footnotes":""},"categories":[13],"tags":[],"class_list":["post-2789","post","type-post","status-publish","format-standard","has-post-thumbnail","hentry","category-reflexaodoevagelho"],"acf":[],"yoast_head":"<!-- This site is optimized with the Yoast SEO plugin v27.3 - https:\/\/yoast.com\/product\/yoast-seo-wordpress\/ -->\n<title>08\/09 - Eis que a virgem conceber\u00e1 e dar\u00e1 \u00e0 luz um filho - Pastoral Universit\u00e1ria UniSALESIANO<\/title>\n<meta name=\"robots\" content=\"index, follow, max-snippet:-1, max-image-preview:large, max-video-preview:-1\" \/>\n<link rel=\"canonical\" href=\"https:\/\/unisale.com.br\/novo\/eis-que-a-virgem\/\" \/>\n<meta property=\"og:locale\" content=\"pt_BR\" \/>\n<meta property=\"og:type\" content=\"article\" \/>\n<meta property=\"og:title\" content=\"08\/09 - Eis que a virgem conceber\u00e1 e dar\u00e1 \u00e0 luz um filho - Pastoral Universit\u00e1ria UniSALESIANO\" \/>\n<meta property=\"og:description\" content=\"Quarta-feira, 08 de setembro de 2021. &nbsp; Evangelho\u00a0(Mt 1,18-23) &nbsp; &nbsp; \u201cEis que a virgem conceber\u00e1 e dar\u00e1 \u00e0 luz um filho\u201d \u00a0 18A origem...\" \/>\n<meta property=\"og:url\" content=\"https:\/\/unisale.com.br\/novo\/eis-que-a-virgem\/\" \/>\n<meta property=\"og:site_name\" content=\"Pastoral Universit\u00e1ria UniSALESIANO\" \/>\n<meta property=\"article:published_time\" content=\"2021-09-03T19:26:16+00:00\" \/>\n<meta property=\"og:image\" content=\"https:\/\/unisale.com.br\/novo\/wp-content\/uploads\/2021\/09\/Ev-dia-08.09.21.jpg\" \/>\n\t<meta property=\"og:image:width\" content=\"1280\" \/>\n\t<meta property=\"og:image:height\" content=\"720\" \/>\n\t<meta property=\"og:image:type\" content=\"image\/jpeg\" \/>\n<meta name=\"author\" content=\"Luiz Alexandre Marinho Lanzoni\" \/>\n<meta name=\"twitter:card\" content=\"summary_large_image\" \/>\n<meta name=\"twitter:label1\" content=\"Escrito por\" \/>\n\t<meta name=\"twitter:data1\" content=\"Luiz Alexandre Marinho Lanzoni\" \/>\n\t<meta name=\"twitter:label2\" content=\"Est. tempo de leitura\" \/>\n\t<meta name=\"twitter:data2\" content=\"2 minutos\" \/>\n<script type=\"application\/ld+json\" class=\"yoast-schema-graph\">{\"@context\":\"https:\\\/\\\/schema.org\",\"@graph\":[{\"@type\":\"Article\",\"@id\":\"https:\\\/\\\/unisale.com.br\\\/novo\\\/eis-que-a-virgem\\\/#article\",\"isPartOf\":{\"@id\":\"https:\\\/\\\/unisale.com.br\\\/novo\\\/eis-que-a-virgem\\\/\"},\"author\":{\"name\":\"Luiz Alexandre Marinho Lanzoni\",\"@id\":\"https:\\\/\\\/unisale.com.br\\\/pastoral\\\/#\\\/schema\\\/person\\\/492d3d7bfe53a8302576d39485aff2c4\"},\"headline\":\"08\\\/09 &#8211; Eis que a virgem conceber\u00e1 e dar\u00e1 \u00e0 luz um filho\",\"datePublished\":\"2021-09-03T19:26:16+00:00\",\"mainEntityOfPage\":{\"@id\":\"https:\\\/\\\/unisale.com.br\\\/novo\\\/eis-que-a-virgem\\\/\"},\"wordCount\":464,\"image\":{\"@id\":\"https:\\\/\\\/unisale.com.br\\\/novo\\\/eis-que-a-virgem\\\/#primaryimage\"},\"thumbnailUrl\":\"https:\\\/\\\/unisale.com.br\\\/pastoral\\\/wp-content\\\/uploads\\\/2021\\\/09\\\/Ev-dia-08.09.21.jpg\",\"articleSection\":[\"Reflex\u00e3o do Evangelho\"],\"inLanguage\":\"pt-BR\"},{\"@type\":\"WebPage\",\"@id\":\"https:\\\/\\\/unisale.com.br\\\/novo\\\/eis-que-a-virgem\\\/\",\"url\":\"https:\\\/\\\/unisale.com.br\\\/novo\\\/eis-que-a-virgem\\\/\",\"name\":\"08\\\/09 - Eis que a virgem conceber\u00e1 e dar\u00e1 \u00e0 luz um filho - Pastoral Universit\u00e1ria UniSALESIANO\",\"isPartOf\":{\"@id\":\"https:\\\/\\\/unisale.com.br\\\/pastoral\\\/#website\"},\"primaryImageOfPage\":{\"@id\":\"https:\\\/\\\/unisale.com.br\\\/novo\\\/eis-que-a-virgem\\\/#primaryimage\"},\"image\":{\"@id\":\"https:\\\/\\\/unisale.com.br\\\/novo\\\/eis-que-a-virgem\\\/#primaryimage\"},\"thumbnailUrl\":\"https:\\\/\\\/unisale.com.br\\\/pastoral\\\/wp-content\\\/uploads\\\/2021\\\/09\\\/Ev-dia-08.09.21.jpg\",\"datePublished\":\"2021-09-03T19:26:16+00:00\",\"author\":{\"@id\":\"https:\\\/\\\/unisale.com.br\\\/pastoral\\\/#\\\/schema\\\/person\\\/492d3d7bfe53a8302576d39485aff2c4\"},\"inLanguage\":\"pt-BR\",\"potentialAction\":[{\"@type\":\"ReadAction\",\"target\":[\"https:\\\/\\\/unisale.com.br\\\/novo\\\/eis-que-a-virgem\\\/\"]}]},{\"@type\":\"ImageObject\",\"inLanguage\":\"pt-BR\",\"@id\":\"https:\\\/\\\/unisale.com.br\\\/novo\\\/eis-que-a-virgem\\\/#primaryimage\",\"url\":\"https:\\\/\\\/unisale.com.br\\\/pastoral\\\/wp-content\\\/uploads\\\/2021\\\/09\\\/Ev-dia-08.09.21.jpg\",\"contentUrl\":\"https:\\\/\\\/unisale.com.br\\\/pastoral\\\/wp-content\\\/uploads\\\/2021\\\/09\\\/Ev-dia-08.09.21.jpg\",\"width\":889,\"height\":500},{\"@type\":\"WebSite\",\"@id\":\"https:\\\/\\\/unisale.com.br\\\/pastoral\\\/#website\",\"url\":\"https:\\\/\\\/unisale.com.br\\\/pastoral\\\/\",\"name\":\"Pastoral Universit\u00e1ria UniSALESIANO\",\"description\":\"Site da Pastoral Universit\u00e1ria do UniSALESIANO\",\"potentialAction\":[{\"@type\":\"SearchAction\",\"target\":{\"@type\":\"EntryPoint\",\"urlTemplate\":\"https:\\\/\\\/unisale.com.br\\\/pastoral\\\/?s={search_term_string}\"},\"query-input\":{\"@type\":\"PropertyValueSpecification\",\"valueRequired\":true,\"valueName\":\"search_term_string\"}}],\"inLanguage\":\"pt-BR\"},{\"@type\":\"Person\",\"@id\":\"https:\\\/\\\/unisale.com.br\\\/pastoral\\\/#\\\/schema\\\/person\\\/492d3d7bfe53a8302576d39485aff2c4\",\"name\":\"Luiz Alexandre Marinho Lanzoni\",\"url\":\"https:\\\/\\\/unisale.com.br\\\/pastoral\\\/author\\\/luiz\\\/\"}]}<\/script>\n<!-- \/ Yoast SEO plugin. -->","yoast_head_json":{"title":"08\/09 - Eis que a virgem conceber\u00e1 e dar\u00e1 \u00e0 luz um filho - Pastoral Universit\u00e1ria UniSALESIANO","robots":{"index":"index","follow":"follow","max-snippet":"max-snippet:-1","max-image-preview":"max-image-preview:large","max-video-preview":"max-video-preview:-1"},"canonical":"https:\/\/unisale.com.br\/novo\/eis-que-a-virgem\/","og_locale":"pt_BR","og_type":"article","og_title":"08\/09 - Eis que a virgem conceber\u00e1 e dar\u00e1 \u00e0 luz um filho - Pastoral Universit\u00e1ria UniSALESIANO","og_description":"Quarta-feira, 08 de setembro de 2021. &nbsp; Evangelho\u00a0(Mt 1,18-23) &nbsp; &nbsp; \u201cEis que a virgem conceber\u00e1 e dar\u00e1 \u00e0 luz um filho\u201d \u00a0 18A origem...","og_url":"https:\/\/unisale.com.br\/novo\/eis-que-a-virgem\/","og_site_name":"Pastoral Universit\u00e1ria UniSALESIANO","article_published_time":"2021-09-03T19:26:16+00:00","og_image":[{"width":1280,"height":720,"url":"https:\/\/unisale.com.br\/novo\/wp-content\/uploads\/2021\/09\/Ev-dia-08.09.21.jpg","type":"image\/jpeg"}],"author":"Luiz Alexandre Marinho Lanzoni","twitter_card":"summary_large_image","twitter_misc":{"Escrito por":"Luiz Alexandre Marinho Lanzoni","Est. tempo de leitura":"2 minutos"},"schema":{"@context":"https:\/\/schema.org","@graph":[{"@type":"Article","@id":"https:\/\/unisale.com.br\/novo\/eis-que-a-virgem\/#article","isPartOf":{"@id":"https:\/\/unisale.com.br\/novo\/eis-que-a-virgem\/"},"author":{"name":"Luiz Alexandre Marinho Lanzoni","@id":"https:\/\/unisale.com.br\/pastoral\/#\/schema\/person\/492d3d7bfe53a8302576d39485aff2c4"},"headline":"08\/09 &#8211; Eis que a virgem conceber\u00e1 e dar\u00e1 \u00e0 luz um filho","datePublished":"2021-09-03T19:26:16+00:00","mainEntityOfPage":{"@id":"https:\/\/unisale.com.br\/novo\/eis-que-a-virgem\/"},"wordCount":464,"image":{"@id":"https:\/\/unisale.com.br\/novo\/eis-que-a-virgem\/#primaryimage"},"thumbnailUrl":"https:\/\/unisale.com.br\/pastoral\/wp-content\/uploads\/2021\/09\/Ev-dia-08.09.21.jpg","articleSection":["Reflex\u00e3o do Evangelho"],"inLanguage":"pt-BR"},{"@type":"WebPage","@id":"https:\/\/unisale.com.br\/novo\/eis-que-a-virgem\/","url":"https:\/\/unisale.com.br\/novo\/eis-que-a-virgem\/","name":"08\/09 - Eis que a virgem conceber\u00e1 e dar\u00e1 \u00e0 luz um filho - Pastoral Universit\u00e1ria UniSALESIANO","isPartOf":{"@id":"https:\/\/unisale.com.br\/pastoral\/#website"},"primaryImageOfPage":{"@id":"https:\/\/unisale.com.br\/novo\/eis-que-a-virgem\/#primaryimage"},"image":{"@id":"https:\/\/unisale.com.br\/novo\/eis-que-a-virgem\/#primaryimage"},"thumbnailUrl":"https:\/\/unisale.com.br\/pastoral\/wp-content\/uploads\/2021\/09\/Ev-dia-08.09.21.jpg","datePublished":"2021-09-03T19:26:16+00:00","author":{"@id":"https:\/\/unisale.com.br\/pastoral\/#\/schema\/person\/492d3d7bfe53a8302576d39485aff2c4"},"inLanguage":"pt-BR","potentialAction":[{"@type":"ReadAction","target":["https:\/\/unisale.com.br\/novo\/eis-que-a-virgem\/"]}]},{"@type":"ImageObject","inLanguage":"pt-BR","@id":"https:\/\/unisale.com.br\/novo\/eis-que-a-virgem\/#primaryimage","url":"https:\/\/unisale.com.br\/pastoral\/wp-content\/uploads\/2021\/09\/Ev-dia-08.09.21.jpg","contentUrl":"https:\/\/unisale.com.br\/pastoral\/wp-content\/uploads\/2021\/09\/Ev-dia-08.09.21.jpg","width":889,"height":500},{"@type":"WebSite","@id":"https:\/\/unisale.com.br\/pastoral\/#website","url":"https:\/\/unisale.com.br\/pastoral\/","name":"Pastoral Universit\u00e1ria UniSALESIANO","description":"Site da Pastoral Universit\u00e1ria do UniSALESIANO","potentialAction":[{"@type":"SearchAction","target":{"@type":"EntryPoint","urlTemplate":"https:\/\/unisale.com.br\/pastoral\/?s={search_term_string}"},"query-input":{"@type":"PropertyValueSpecification","valueRequired":true,"valueName":"search_term_string"}}],"inLanguage":"pt-BR"},{"@type":"Person","@id":"https:\/\/unisale.com.br\/pastoral\/#\/schema\/person\/492d3d7bfe53a8302576d39485aff2c4","name":"Luiz Alexandre Marinho Lanzoni","url":"https:\/\/unisale.com.br\/pastoral\/author\/luiz\/"}]}},"_links":{"self":[{"href":"https:\/\/unisale.com.br\/pastoral\/wp-json\/wp\/v2\/posts\/2789","targetHints":{"allow":["GET"]}}],"collection":[{"href":"https:\/\/unisale.com.br\/pastoral\/wp-json\/wp\/v2\/posts"}],"about":[{"href":"https:\/\/unisale.com.br\/pastoral\/wp-json\/wp\/v2\/types\/post"}],"author":[{"embeddable":true,"href":"https:\/\/unisale.com.br\/pastoral\/wp-json\/wp\/v2\/users\/6"}],"replies":[{"embeddable":true,"href":"https:\/\/unisale.com.br\/pastoral\/wp-json\/wp\/v2\/comments?post=2789"}],"version-history":[{"count":0,"href":"https:\/\/unisale.com.br\/pastoral\/wp-json\/wp\/v2\/posts\/2789\/revisions"}],"wp:featuredmedia":[{"embeddable":true,"href":"https:\/\/unisale.com.br\/pastoral\/wp-json\/wp\/v2\/media\/2781"}],"wp:attachment":[{"href":"https:\/\/unisale.com.br\/pastoral\/wp-json\/wp\/v2\/media?parent=2789"}],"wp:term":[{"taxonomy":"category","embeddable":true,"href":"https:\/\/unisale.com.br\/pastoral\/wp-json\/wp\/v2\/categories?post=2789"},{"taxonomy":"post_tag","embeddable":true,"href":"https:\/\/unisale.com.br\/pastoral\/wp-json\/wp\/v2\/tags?post=2789"}],"curies":[{"name":"wp","href":"https:\/\/api.w.org\/{rel}","templated":true}]}}