{"id":2803,"date":"2021-09-10T11:43:00","date_gmt":"2021-09-10T11:43:00","guid":{"rendered":"https:\/\/unisale.com.br\/pastoral\/?p=2803"},"modified":"2021-09-10T11:43:00","modified_gmt":"2021-09-10T11:43:00","slug":"eu-vos-digo","status":"publish","type":"post","link":"https:\/\/unisale.com.br\/pastoral\/eu-vos-digo\/","title":{"rendered":"13\/09 &#8211; Eu vos digo que nem mesmo em Israel encontrei tamanha f\u00e9"},"content":{"rendered":"<p>Segunda-feira, 13 de setembro de 2021.<\/p>\n<p>&nbsp;<\/p>\n<p>Evangelho (Lc 7,1-10)<\/p>\n<p>&nbsp;<\/p>\n<p><strong>\u201cEu vos digo que nem mesmo em Israel encontrei tamanha f\u00e9\u201d<\/strong><\/p>\n<p>&nbsp;<\/p>\n<p>Naquele tempo: <sup>1<\/sup>Quando acabou de falar ao povo que o escutava, Jesus entrou em Cafarnaum. <sup>2<\/sup>Havia l\u00e1 um oficial romano que tinha um empregado a quem estimava muito, e que estava doente, \u00e0 beira da morte. <sup>3<\/sup>O oficial ouviu falar de Jesus e enviou alguns anci\u00e3os dos judeus para pedirem que Jesus viesse salvar seu empregado. <sup>4<\/sup>Chegando onde Jesus estava, pediram-lhe com insist\u00eancia: &#8216;O oficial merece que lhe fa\u00e7as este favor, <sup>5<\/sup>porque ele estima o nosso povo. Ele at\u00e9 nos construiu uma sinagoga.&#8217; <sup>6<\/sup>Ent\u00e3o, Jesus p\u00f4s-se a caminho com eles. Por\u00e9m, quando j\u00e1 estava perto da casa, o oficial mandou alguns amigos dizerem a Jesus: &#8216;Senhor, n\u00e3o te incomodes, pois n\u00e3o sou digno de que entres em minha casa. <sup>7<\/sup>Nem mesmo me achei digno de ir pessoalmente ao teu encontro. Mas ordena com a tua palavra, e o meu empregado ficar\u00e1 curado. <sup>8<\/sup>Eu tamb\u00e9m estou debaixo de autoridade, mas tenho soldados que obedecem \u00e0s minhas ordens. Se ordeno a um: &#8216;Vai!&#8217;, ele vai; e a outro: &#8216;Vem!&#8217;, ele vem; e ao meu empregado &#8216;Faze isto!&#8217;, e ele o faz&#8217;.&#8217; <sup>9<\/sup>Ouvindo isso, Jesus ficou admirado. Virou-se para a multid\u00e3o que o seguia, e disse: &#8216;Eu vos declaro que nem mesmo em Israel encontrei tamanha f\u00e9.&#8217; <sup>10<\/sup>Os mensageiros voltaram para a casa do oficial e encontraram o empregado em perfeita sa\u00fade.<\/p>\n<p>&nbsp;<\/p>\n<p><strong>Reflex\u00e3o<\/strong><\/p>\n<p>&nbsp;<\/p>\n<p>Um bom centuri\u00e3o, conquistado pela f\u00e9 monote\u00edsta de Israel, que contribu\u00eda para a constru\u00e7\u00e3o da sinagoga, favorecendo a f\u00e9 do povo eleito, recorre a Jesus. O centuri\u00e3o ultrapassa os pr\u00f3prios hebreus; ele aceita a plenitude do dom de Deus revelado em Jesus Cristo, reconhece que Jesus \u00e9 a salva\u00e7\u00e3o para todos. E Jesus fica cheio de admira\u00e7\u00e3o com este pag\u00e3o, que n\u00e3o precisa de um sinal tang\u00edvel, n\u00e3o pretende que Jesus v\u00e1 at\u00e9 a sua casa, mas acredita, imediatamente, na bondade e no poder da Palavra do Senhor. Humanamente, este centuri\u00e3o \u00e9 grande, ajuda os judeus, preocupa-se com o seu servo. Mas, ele n\u00e3o \u00e9 somente de grande humanidade, ele tamb\u00e9m \u00e9 humilde e tem muita f\u00e9. Sua humildade \u00e9 tanta que ele \u00e9 capaz de reconhecer a dist\u00e2ncia que existe entre ele e Jesus. Ele n\u00e3o vai pessoalmente at\u00e9 Jesus, mas pede o aux\u00edlio dos anci\u00e3os judeus e quando Jesus dizer querer ir at\u00e9 a sua casa, ele se manifesta indigno em hosped\u00e1-lo: \u201cSenhor, n\u00e3o te incomodes, pois n\u00e3o sou digno de que entres em minha casa\u201d. Mas, ele tem uma f\u00e9 grande na efic\u00e1cia da Palavra de Jesus que opera o poder de Deus. E este centuri\u00e3o ganha a admira\u00e7\u00e3o de Jesus. N\u00f3s, ao contr\u00e1rio do centuri\u00e3o, corremos o risco de possuir uma f\u00e9 que busca, constantemente, sinais. Mas, a exemplo do centuri\u00e3o, n\u00f3s temos que entender que a f\u00e9 n\u00e3o \u00e9 a soma de sinais extraordin\u00e1rios, mas uma confian\u00e7a em algu\u00e9m que nos pede somente de confiarmos n\u2019Ele. Crer \u00e9 ter f\u00e9 mesmo quando n\u00e3o existem \u2018sinais\u2019 e provas. \u201cEu vos digo que nem mesmo em Israel encontrei tamanha f\u00e9\u201d.<\/p>\n<p>&nbsp;<\/p>\n<p><strong>Pe. Paulo Eduardo J\u00e1como, sdb.<\/strong><\/p>\n","protected":false},"excerpt":{"rendered":"<p>Segunda-feira, 13 de setembro de 2021. &nbsp; Evangelho (Lc 7,1-10) &nbsp; \u201cEu vos digo que nem mesmo em Israel encontrei tamanha f\u00e9\u201d &nbsp; Naquele tempo:&#8230;<\/p>\n","protected":false},"author":6,"featured_media":2810,"comment_status":"closed","ping_status":"closed","sticky":false,"template":"","format":"standard","meta":{"_acf_changed":false,"footnotes":""},"categories":[13],"tags":[],"class_list":["post-2803","post","type-post","status-publish","format-standard","has-post-thumbnail","hentry","category-reflexaodoevagelho"],"acf":[],"yoast_head":"<!-- This site is optimized with the Yoast SEO plugin v27.3 - https:\/\/yoast.com\/product\/yoast-seo-wordpress\/ -->\n<title>13\/09 - Eu vos digo que nem mesmo em Israel encontrei tamanha f\u00e9 - Pastoral Universit\u00e1ria UniSALESIANO<\/title>\n<meta name=\"robots\" content=\"index, follow, max-snippet:-1, max-image-preview:large, max-video-preview:-1\" \/>\n<link rel=\"canonical\" href=\"https:\/\/unisale.com.br\/novo\/eu-vos-digo\/\" \/>\n<meta property=\"og:locale\" content=\"pt_BR\" \/>\n<meta property=\"og:type\" content=\"article\" \/>\n<meta property=\"og:title\" content=\"13\/09 - Eu vos digo que nem mesmo em Israel encontrei tamanha f\u00e9 - Pastoral Universit\u00e1ria UniSALESIANO\" \/>\n<meta property=\"og:description\" content=\"Segunda-feira, 13 de setembro de 2021. &nbsp; Evangelho (Lc 7,1-10) &nbsp; \u201cEu vos digo que nem mesmo em Israel encontrei tamanha f\u00e9\u201d &nbsp; Naquele tempo:...\" \/>\n<meta property=\"og:url\" content=\"https:\/\/unisale.com.br\/novo\/eu-vos-digo\/\" \/>\n<meta property=\"og:site_name\" content=\"Pastoral Universit\u00e1ria UniSALESIANO\" \/>\n<meta property=\"article:published_time\" content=\"2021-09-10T11:43:00+00:00\" \/>\n<meta property=\"og:image\" content=\"https:\/\/unisale.com.br\/novo\/wp-content\/uploads\/2021\/09\/Ev-dia-13.09.21.jpg\" \/>\n\t<meta property=\"og:image:width\" content=\"742\" \/>\n\t<meta property=\"og:image:height\" content=\"360\" \/>\n\t<meta property=\"og:image:type\" content=\"image\/jpeg\" \/>\n<meta name=\"author\" content=\"Luiz Alexandre Marinho Lanzoni\" \/>\n<meta name=\"twitter:card\" content=\"summary_large_image\" \/>\n<meta name=\"twitter:label1\" content=\"Escrito por\" \/>\n\t<meta name=\"twitter:data1\" content=\"Luiz Alexandre Marinho Lanzoni\" \/>\n\t<meta name=\"twitter:label2\" content=\"Est. tempo de leitura\" \/>\n\t<meta name=\"twitter:data2\" content=\"3 minutos\" \/>\n<script type=\"application\/ld+json\" class=\"yoast-schema-graph\">{\"@context\":\"https:\\\/\\\/schema.org\",\"@graph\":[{\"@type\":\"Article\",\"@id\":\"https:\\\/\\\/unisale.com.br\\\/novo\\\/eu-vos-digo\\\/#article\",\"isPartOf\":{\"@id\":\"https:\\\/\\\/unisale.com.br\\\/novo\\\/eu-vos-digo\\\/\"},\"author\":{\"name\":\"Luiz Alexandre Marinho Lanzoni\",\"@id\":\"https:\\\/\\\/unisale.com.br\\\/pastoral\\\/#\\\/schema\\\/person\\\/492d3d7bfe53a8302576d39485aff2c4\"},\"headline\":\"13\\\/09 &#8211; Eu vos digo que nem mesmo em Israel encontrei tamanha f\u00e9\",\"datePublished\":\"2021-09-10T11:43:00+00:00\",\"mainEntityOfPage\":{\"@id\":\"https:\\\/\\\/unisale.com.br\\\/novo\\\/eu-vos-digo\\\/\"},\"wordCount\":574,\"image\":{\"@id\":\"https:\\\/\\\/unisale.com.br\\\/novo\\\/eu-vos-digo\\\/#primaryimage\"},\"thumbnailUrl\":\"https:\\\/\\\/unisale.com.br\\\/pastoral\\\/wp-content\\\/uploads\\\/2021\\\/09\\\/Ev-dia-13.09.21.jpg\",\"articleSection\":[\"Reflex\u00e3o do Evangelho\"],\"inLanguage\":\"pt-BR\"},{\"@type\":\"WebPage\",\"@id\":\"https:\\\/\\\/unisale.com.br\\\/novo\\\/eu-vos-digo\\\/\",\"url\":\"https:\\\/\\\/unisale.com.br\\\/novo\\\/eu-vos-digo\\\/\",\"name\":\"13\\\/09 - Eu vos digo que nem mesmo em Israel encontrei tamanha f\u00e9 - Pastoral Universit\u00e1ria UniSALESIANO\",\"isPartOf\":{\"@id\":\"https:\\\/\\\/unisale.com.br\\\/pastoral\\\/#website\"},\"primaryImageOfPage\":{\"@id\":\"https:\\\/\\\/unisale.com.br\\\/novo\\\/eu-vos-digo\\\/#primaryimage\"},\"image\":{\"@id\":\"https:\\\/\\\/unisale.com.br\\\/novo\\\/eu-vos-digo\\\/#primaryimage\"},\"thumbnailUrl\":\"https:\\\/\\\/unisale.com.br\\\/pastoral\\\/wp-content\\\/uploads\\\/2021\\\/09\\\/Ev-dia-13.09.21.jpg\",\"datePublished\":\"2021-09-10T11:43:00+00:00\",\"author\":{\"@id\":\"https:\\\/\\\/unisale.com.br\\\/pastoral\\\/#\\\/schema\\\/person\\\/492d3d7bfe53a8302576d39485aff2c4\"},\"inLanguage\":\"pt-BR\",\"potentialAction\":[{\"@type\":\"ReadAction\",\"target\":[\"https:\\\/\\\/unisale.com.br\\\/novo\\\/eu-vos-digo\\\/\"]}]},{\"@type\":\"ImageObject\",\"inLanguage\":\"pt-BR\",\"@id\":\"https:\\\/\\\/unisale.com.br\\\/novo\\\/eu-vos-digo\\\/#primaryimage\",\"url\":\"https:\\\/\\\/unisale.com.br\\\/pastoral\\\/wp-content\\\/uploads\\\/2021\\\/09\\\/Ev-dia-13.09.21.jpg\",\"contentUrl\":\"https:\\\/\\\/unisale.com.br\\\/pastoral\\\/wp-content\\\/uploads\\\/2021\\\/09\\\/Ev-dia-13.09.21.jpg\",\"width\":742,\"height\":360},{\"@type\":\"WebSite\",\"@id\":\"https:\\\/\\\/unisale.com.br\\\/pastoral\\\/#website\",\"url\":\"https:\\\/\\\/unisale.com.br\\\/pastoral\\\/\",\"name\":\"Pastoral Universit\u00e1ria UniSALESIANO\",\"description\":\"Site da Pastoral Universit\u00e1ria do UniSALESIANO\",\"potentialAction\":[{\"@type\":\"SearchAction\",\"target\":{\"@type\":\"EntryPoint\",\"urlTemplate\":\"https:\\\/\\\/unisale.com.br\\\/pastoral\\\/?s={search_term_string}\"},\"query-input\":{\"@type\":\"PropertyValueSpecification\",\"valueRequired\":true,\"valueName\":\"search_term_string\"}}],\"inLanguage\":\"pt-BR\"},{\"@type\":\"Person\",\"@id\":\"https:\\\/\\\/unisale.com.br\\\/pastoral\\\/#\\\/schema\\\/person\\\/492d3d7bfe53a8302576d39485aff2c4\",\"name\":\"Luiz Alexandre Marinho Lanzoni\",\"url\":\"https:\\\/\\\/unisale.com.br\\\/pastoral\\\/author\\\/luiz\\\/\"}]}<\/script>\n<!-- \/ Yoast SEO plugin. -->","yoast_head_json":{"title":"13\/09 - Eu vos digo que nem mesmo em Israel encontrei tamanha f\u00e9 - Pastoral Universit\u00e1ria UniSALESIANO","robots":{"index":"index","follow":"follow","max-snippet":"max-snippet:-1","max-image-preview":"max-image-preview:large","max-video-preview":"max-video-preview:-1"},"canonical":"https:\/\/unisale.com.br\/novo\/eu-vos-digo\/","og_locale":"pt_BR","og_type":"article","og_title":"13\/09 - Eu vos digo que nem mesmo em Israel encontrei tamanha f\u00e9 - Pastoral Universit\u00e1ria UniSALESIANO","og_description":"Segunda-feira, 13 de setembro de 2021. &nbsp; Evangelho (Lc 7,1-10) &nbsp; \u201cEu vos digo que nem mesmo em Israel encontrei tamanha f\u00e9\u201d &nbsp; Naquele tempo:...","og_url":"https:\/\/unisale.com.br\/novo\/eu-vos-digo\/","og_site_name":"Pastoral Universit\u00e1ria UniSALESIANO","article_published_time":"2021-09-10T11:43:00+00:00","og_image":[{"width":742,"height":360,"url":"https:\/\/unisale.com.br\/novo\/wp-content\/uploads\/2021\/09\/Ev-dia-13.09.21.jpg","type":"image\/jpeg"}],"author":"Luiz Alexandre Marinho Lanzoni","twitter_card":"summary_large_image","twitter_misc":{"Escrito por":"Luiz Alexandre Marinho Lanzoni","Est. tempo de leitura":"3 minutos"},"schema":{"@context":"https:\/\/schema.org","@graph":[{"@type":"Article","@id":"https:\/\/unisale.com.br\/novo\/eu-vos-digo\/#article","isPartOf":{"@id":"https:\/\/unisale.com.br\/novo\/eu-vos-digo\/"},"author":{"name":"Luiz Alexandre Marinho Lanzoni","@id":"https:\/\/unisale.com.br\/pastoral\/#\/schema\/person\/492d3d7bfe53a8302576d39485aff2c4"},"headline":"13\/09 &#8211; Eu vos digo que nem mesmo em Israel encontrei tamanha f\u00e9","datePublished":"2021-09-10T11:43:00+00:00","mainEntityOfPage":{"@id":"https:\/\/unisale.com.br\/novo\/eu-vos-digo\/"},"wordCount":574,"image":{"@id":"https:\/\/unisale.com.br\/novo\/eu-vos-digo\/#primaryimage"},"thumbnailUrl":"https:\/\/unisale.com.br\/pastoral\/wp-content\/uploads\/2021\/09\/Ev-dia-13.09.21.jpg","articleSection":["Reflex\u00e3o do Evangelho"],"inLanguage":"pt-BR"},{"@type":"WebPage","@id":"https:\/\/unisale.com.br\/novo\/eu-vos-digo\/","url":"https:\/\/unisale.com.br\/novo\/eu-vos-digo\/","name":"13\/09 - Eu vos digo que nem mesmo em Israel encontrei tamanha f\u00e9 - Pastoral Universit\u00e1ria UniSALESIANO","isPartOf":{"@id":"https:\/\/unisale.com.br\/pastoral\/#website"},"primaryImageOfPage":{"@id":"https:\/\/unisale.com.br\/novo\/eu-vos-digo\/#primaryimage"},"image":{"@id":"https:\/\/unisale.com.br\/novo\/eu-vos-digo\/#primaryimage"},"thumbnailUrl":"https:\/\/unisale.com.br\/pastoral\/wp-content\/uploads\/2021\/09\/Ev-dia-13.09.21.jpg","datePublished":"2021-09-10T11:43:00+00:00","author":{"@id":"https:\/\/unisale.com.br\/pastoral\/#\/schema\/person\/492d3d7bfe53a8302576d39485aff2c4"},"inLanguage":"pt-BR","potentialAction":[{"@type":"ReadAction","target":["https:\/\/unisale.com.br\/novo\/eu-vos-digo\/"]}]},{"@type":"ImageObject","inLanguage":"pt-BR","@id":"https:\/\/unisale.com.br\/novo\/eu-vos-digo\/#primaryimage","url":"https:\/\/unisale.com.br\/pastoral\/wp-content\/uploads\/2021\/09\/Ev-dia-13.09.21.jpg","contentUrl":"https:\/\/unisale.com.br\/pastoral\/wp-content\/uploads\/2021\/09\/Ev-dia-13.09.21.jpg","width":742,"height":360},{"@type":"WebSite","@id":"https:\/\/unisale.com.br\/pastoral\/#website","url":"https:\/\/unisale.com.br\/pastoral\/","name":"Pastoral Universit\u00e1ria UniSALESIANO","description":"Site da Pastoral Universit\u00e1ria do UniSALESIANO","potentialAction":[{"@type":"SearchAction","target":{"@type":"EntryPoint","urlTemplate":"https:\/\/unisale.com.br\/pastoral\/?s={search_term_string}"},"query-input":{"@type":"PropertyValueSpecification","valueRequired":true,"valueName":"search_term_string"}}],"inLanguage":"pt-BR"},{"@type":"Person","@id":"https:\/\/unisale.com.br\/pastoral\/#\/schema\/person\/492d3d7bfe53a8302576d39485aff2c4","name":"Luiz Alexandre Marinho Lanzoni","url":"https:\/\/unisale.com.br\/pastoral\/author\/luiz\/"}]}},"_links":{"self":[{"href":"https:\/\/unisale.com.br\/pastoral\/wp-json\/wp\/v2\/posts\/2803","targetHints":{"allow":["GET"]}}],"collection":[{"href":"https:\/\/unisale.com.br\/pastoral\/wp-json\/wp\/v2\/posts"}],"about":[{"href":"https:\/\/unisale.com.br\/pastoral\/wp-json\/wp\/v2\/types\/post"}],"author":[{"embeddable":true,"href":"https:\/\/unisale.com.br\/pastoral\/wp-json\/wp\/v2\/users\/6"}],"replies":[{"embeddable":true,"href":"https:\/\/unisale.com.br\/pastoral\/wp-json\/wp\/v2\/comments?post=2803"}],"version-history":[{"count":0,"href":"https:\/\/unisale.com.br\/pastoral\/wp-json\/wp\/v2\/posts\/2803\/revisions"}],"wp:featuredmedia":[{"embeddable":true,"href":"https:\/\/unisale.com.br\/pastoral\/wp-json\/wp\/v2\/media\/2810"}],"wp:attachment":[{"href":"https:\/\/unisale.com.br\/pastoral\/wp-json\/wp\/v2\/media?parent=2803"}],"wp:term":[{"taxonomy":"category","embeddable":true,"href":"https:\/\/unisale.com.br\/pastoral\/wp-json\/wp\/v2\/categories?post=2803"},{"taxonomy":"post_tag","embeddable":true,"href":"https:\/\/unisale.com.br\/pastoral\/wp-json\/wp\/v2\/tags?post=2803"}],"curies":[{"name":"wp","href":"https:\/\/api.w.org\/{rel}","templated":true}]}}