{"id":2812,"date":"2021-09-10T11:49:59","date_gmt":"2021-09-10T11:49:59","guid":{"rendered":"https:\/\/unisale.com.br\/pastoral\/?p=2812"},"modified":"2021-09-10T11:49:59","modified_gmt":"2021-09-10T11:49:59","slug":"deus-nao-enviou","status":"publish","type":"post","link":"https:\/\/unisale.com.br\/pastoral\/deus-nao-enviou\/","title":{"rendered":"14\/09 &#8211; Deus n\u00e3o enviou seu Filho ao mundo para condenar o mundo, mas para que o mundo seja salvo por ele"},"content":{"rendered":"<p>Ter\u00e7a-feira, 14 de setembro de 2021.<\/p>\n<p>&nbsp;<\/p>\n<p>Evangelho (Jo 3,13-17)<\/p>\n<p>&nbsp;<\/p>\n<p><strong>\u201cDeus n\u00e3o enviou seu Filho ao mundo para condenar o mundo, mas para que o mundo seja salvo por ele\u201d<\/strong><\/p>\n<p>&nbsp;<\/p>\n<p>Naquele tempo, disse Jesus a Nicodemos: <sup>13<\/sup>\u201cNingu\u00e9m subiu ao c\u00e9u, a n\u00e3o ser aquele que desceu do c\u00e9u, o Filho do Homem. <sup>14<\/sup>Do mesmo modo como Mois\u00e9s levantou a serpente no deserto, assim \u00e9 necess\u00e1rio que o Filho do Homem seja levantado, <sup>15<\/sup>para que todos os que nele crerem tenham a vida eterna. <sup>16<\/sup>Pois Deus amou tanto o mundo, que deu o seu Filho unig\u00eanito, para que n\u00e3o morra todo o que nele crer, mas tenha a vida eterna. <sup>17<\/sup>De fato, Deus n\u00e3o enviou o seu Filho ao mundo para condenar o mundo, mas para que o mundo seja salvo por ele\u201d.<\/p>\n<p>&nbsp;<\/p>\n<p><strong>Reflex\u00e3o<\/strong><\/p>\n<p>&nbsp;<\/p>\n<p>Hoje, celebramos a Festa da Exalta\u00e7\u00e3o da Santa Cruz. Parece uma contradi\u00e7\u00e3o celebrar a Cruz, mas o mist\u00e9rio da cruz \u00e9 um mist\u00e9rio de Amor, um Amor que deu a vida por cada um de n\u00f3s. At\u00e9 que n\u00e3o sejamos contaminados pelo amor do Crucificado, a nossa vida n\u00e3o ser\u00e1, verdadeiramente, salva. S\u00f3 se sentindo amado por um amor total, gratuito e que se doa totalmente por inteiro, \u00e9 que poderemos dizer que fomos salvos. A cruz n\u00e3o \u00e9 a pris\u00e3o de Cristo, n\u00e3o pode ser t\u00e3o pouco um sentimento de culpa. Deus nos ama sem pedir nada em troca. Ele ama e basta. Viver a vida transformada, que \u00e9 fruto deste amor que se doa, s\u00f3 pode acontecer por nossa livre decis\u00e3o. Porque a Cruz \u00e9 Amor e s\u00f3 o amor nos torna pessoas livres. Por isso, Deus nos amou por primeiro e nos chamou para sermos livres. Fazer acontecer o Amor de Cristo Crucificado em nossa vida significa que, para al\u00e9m do que j\u00e1 vivemos e do que vamos viver, n\u00f3s permaneceremos livres. \u00c9 na Cruz que Jesus cumpre a obra de salva\u00e7\u00e3o, d\u00e1 aos homens a vida eterna. Portanto, a Cruz de Cristo n\u00e3o foi sua pris\u00e3o, como j\u00e1 afirmado, anteriormente, mas \u00e9 s\u00edmbolo de vit\u00f3ria e de triunfo. N\u00e3o podemos esquecer que Cristo crucificado entra no mais profundo da nossa vida mediante os sacramentos, principalmente, nos Sacramentos do Batismo e da Eucaristia. S\u00e3o Paulo testemunha sua experi\u00eancia pessoal em termos profundos e tocantes com o Crucificado: \u201cFui morto na cruz com Cristo. Eu vivo, mas j\u00e1 n\u00e3o sou eu que vivo, pois \u00e9 Cristo que vive em mim (Gl 2,19-20)\u201d.<\/p>\n<p>&nbsp;<\/p>\n<p><strong>Pe. Paulo Eduardo J\u00e1como, sdb.<\/strong><\/p>\n","protected":false},"excerpt":{"rendered":"<p>Ter\u00e7a-feira, 14 de setembro de 2021. &nbsp; Evangelho (Jo 3,13-17) &nbsp; \u201cDeus n\u00e3o enviou seu Filho ao mundo para condenar o mundo, mas para que&#8230;<\/p>\n","protected":false},"author":6,"featured_media":2806,"comment_status":"closed","ping_status":"closed","sticky":false,"template":"","format":"standard","meta":{"_acf_changed":false,"footnotes":""},"categories":[13],"tags":[],"class_list":["post-2812","post","type-post","status-publish","format-standard","has-post-thumbnail","hentry","category-reflexaodoevagelho"],"acf":[],"yoast_head":"<!-- This site is optimized with the Yoast SEO plugin v27.3 - https:\/\/yoast.com\/product\/yoast-seo-wordpress\/ -->\n<title>14\/09 - Deus n\u00e3o enviou seu Filho ao mundo para condenar o mundo, mas para que o mundo seja salvo por ele - Pastoral Universit\u00e1ria UniSALESIANO<\/title>\n<meta name=\"robots\" content=\"index, follow, max-snippet:-1, max-image-preview:large, max-video-preview:-1\" \/>\n<link rel=\"canonical\" href=\"https:\/\/unisale.com.br\/novo\/deus-nao-enviou\/\" \/>\n<meta property=\"og:locale\" content=\"pt_BR\" \/>\n<meta property=\"og:type\" content=\"article\" \/>\n<meta property=\"og:title\" content=\"14\/09 - Deus n\u00e3o enviou seu Filho ao mundo para condenar o mundo, mas para que o mundo seja salvo por ele - Pastoral Universit\u00e1ria UniSALESIANO\" \/>\n<meta property=\"og:description\" content=\"Ter\u00e7a-feira, 14 de setembro de 2021. &nbsp; Evangelho (Jo 3,13-17) &nbsp; \u201cDeus n\u00e3o enviou seu Filho ao mundo para condenar o mundo, mas para que...\" \/>\n<meta property=\"og:url\" content=\"https:\/\/unisale.com.br\/novo\/deus-nao-enviou\/\" \/>\n<meta property=\"og:site_name\" content=\"Pastoral Universit\u00e1ria UniSALESIANO\" \/>\n<meta property=\"article:published_time\" content=\"2021-09-10T11:49:59+00:00\" \/>\n<meta property=\"og:image\" content=\"https:\/\/unisale.com.br\/novo\/wp-content\/uploads\/2021\/09\/Ev-dia-14.09.21.jpg\" \/>\n\t<meta property=\"og:image:width\" content=\"1200\" \/>\n\t<meta property=\"og:image:height\" content=\"565\" \/>\n\t<meta property=\"og:image:type\" content=\"image\/jpeg\" \/>\n<meta name=\"author\" content=\"Luiz Alexandre Marinho Lanzoni\" \/>\n<meta name=\"twitter:card\" content=\"summary_large_image\" \/>\n<meta name=\"twitter:label1\" content=\"Escrito por\" \/>\n\t<meta name=\"twitter:data1\" content=\"Luiz Alexandre Marinho Lanzoni\" \/>\n\t<meta name=\"twitter:label2\" content=\"Est. tempo de leitura\" \/>\n\t<meta name=\"twitter:data2\" content=\"2 minutos\" \/>\n<script type=\"application\/ld+json\" class=\"yoast-schema-graph\">{\"@context\":\"https:\\\/\\\/schema.org\",\"@graph\":[{\"@type\":\"Article\",\"@id\":\"https:\\\/\\\/unisale.com.br\\\/novo\\\/deus-nao-enviou\\\/#article\",\"isPartOf\":{\"@id\":\"https:\\\/\\\/unisale.com.br\\\/novo\\\/deus-nao-enviou\\\/\"},\"author\":{\"name\":\"Luiz Alexandre Marinho Lanzoni\",\"@id\":\"https:\\\/\\\/unisale.com.br\\\/pastoral\\\/#\\\/schema\\\/person\\\/492d3d7bfe53a8302576d39485aff2c4\"},\"headline\":\"14\\\/09 &#8211; Deus n\u00e3o enviou seu Filho ao mundo para condenar o mundo, mas para que o mundo seja salvo por ele\",\"datePublished\":\"2021-09-10T11:49:59+00:00\",\"mainEntityOfPage\":{\"@id\":\"https:\\\/\\\/unisale.com.br\\\/novo\\\/deus-nao-enviou\\\/\"},\"wordCount\":464,\"image\":{\"@id\":\"https:\\\/\\\/unisale.com.br\\\/novo\\\/deus-nao-enviou\\\/#primaryimage\"},\"thumbnailUrl\":\"https:\\\/\\\/unisale.com.br\\\/pastoral\\\/wp-content\\\/uploads\\\/2021\\\/09\\\/Ev-dia-14.09.21.jpg\",\"articleSection\":[\"Reflex\u00e3o do Evangelho\"],\"inLanguage\":\"pt-BR\"},{\"@type\":\"WebPage\",\"@id\":\"https:\\\/\\\/unisale.com.br\\\/novo\\\/deus-nao-enviou\\\/\",\"url\":\"https:\\\/\\\/unisale.com.br\\\/novo\\\/deus-nao-enviou\\\/\",\"name\":\"14\\\/09 - Deus n\u00e3o enviou seu Filho ao mundo para condenar o mundo, mas para que o mundo seja salvo por ele - Pastoral Universit\u00e1ria UniSALESIANO\",\"isPartOf\":{\"@id\":\"https:\\\/\\\/unisale.com.br\\\/pastoral\\\/#website\"},\"primaryImageOfPage\":{\"@id\":\"https:\\\/\\\/unisale.com.br\\\/novo\\\/deus-nao-enviou\\\/#primaryimage\"},\"image\":{\"@id\":\"https:\\\/\\\/unisale.com.br\\\/novo\\\/deus-nao-enviou\\\/#primaryimage\"},\"thumbnailUrl\":\"https:\\\/\\\/unisale.com.br\\\/pastoral\\\/wp-content\\\/uploads\\\/2021\\\/09\\\/Ev-dia-14.09.21.jpg\",\"datePublished\":\"2021-09-10T11:49:59+00:00\",\"author\":{\"@id\":\"https:\\\/\\\/unisale.com.br\\\/pastoral\\\/#\\\/schema\\\/person\\\/492d3d7bfe53a8302576d39485aff2c4\"},\"inLanguage\":\"pt-BR\",\"potentialAction\":[{\"@type\":\"ReadAction\",\"target\":[\"https:\\\/\\\/unisale.com.br\\\/novo\\\/deus-nao-enviou\\\/\"]}]},{\"@type\":\"ImageObject\",\"inLanguage\":\"pt-BR\",\"@id\":\"https:\\\/\\\/unisale.com.br\\\/novo\\\/deus-nao-enviou\\\/#primaryimage\",\"url\":\"https:\\\/\\\/unisale.com.br\\\/pastoral\\\/wp-content\\\/uploads\\\/2021\\\/09\\\/Ev-dia-14.09.21.jpg\",\"contentUrl\":\"https:\\\/\\\/unisale.com.br\\\/pastoral\\\/wp-content\\\/uploads\\\/2021\\\/09\\\/Ev-dia-14.09.21.jpg\",\"width\":1000,\"height\":471},{\"@type\":\"WebSite\",\"@id\":\"https:\\\/\\\/unisale.com.br\\\/pastoral\\\/#website\",\"url\":\"https:\\\/\\\/unisale.com.br\\\/pastoral\\\/\",\"name\":\"Pastoral Universit\u00e1ria UniSALESIANO\",\"description\":\"Site da Pastoral Universit\u00e1ria do UniSALESIANO\",\"potentialAction\":[{\"@type\":\"SearchAction\",\"target\":{\"@type\":\"EntryPoint\",\"urlTemplate\":\"https:\\\/\\\/unisale.com.br\\\/pastoral\\\/?s={search_term_string}\"},\"query-input\":{\"@type\":\"PropertyValueSpecification\",\"valueRequired\":true,\"valueName\":\"search_term_string\"}}],\"inLanguage\":\"pt-BR\"},{\"@type\":\"Person\",\"@id\":\"https:\\\/\\\/unisale.com.br\\\/pastoral\\\/#\\\/schema\\\/person\\\/492d3d7bfe53a8302576d39485aff2c4\",\"name\":\"Luiz Alexandre Marinho Lanzoni\",\"url\":\"https:\\\/\\\/unisale.com.br\\\/pastoral\\\/author\\\/luiz\\\/\"}]}<\/script>\n<!-- \/ Yoast SEO plugin. -->","yoast_head_json":{"title":"14\/09 - Deus n\u00e3o enviou seu Filho ao mundo para condenar o mundo, mas para que o mundo seja salvo por ele - Pastoral Universit\u00e1ria UniSALESIANO","robots":{"index":"index","follow":"follow","max-snippet":"max-snippet:-1","max-image-preview":"max-image-preview:large","max-video-preview":"max-video-preview:-1"},"canonical":"https:\/\/unisale.com.br\/novo\/deus-nao-enviou\/","og_locale":"pt_BR","og_type":"article","og_title":"14\/09 - Deus n\u00e3o enviou seu Filho ao mundo para condenar o mundo, mas para que o mundo seja salvo por ele - Pastoral Universit\u00e1ria UniSALESIANO","og_description":"Ter\u00e7a-feira, 14 de setembro de 2021. &nbsp; Evangelho (Jo 3,13-17) &nbsp; \u201cDeus n\u00e3o enviou seu Filho ao mundo para condenar o mundo, mas para que...","og_url":"https:\/\/unisale.com.br\/novo\/deus-nao-enviou\/","og_site_name":"Pastoral Universit\u00e1ria UniSALESIANO","article_published_time":"2021-09-10T11:49:59+00:00","og_image":[{"width":1200,"height":565,"url":"https:\/\/unisale.com.br\/novo\/wp-content\/uploads\/2021\/09\/Ev-dia-14.09.21.jpg","type":"image\/jpeg"}],"author":"Luiz Alexandre Marinho Lanzoni","twitter_card":"summary_large_image","twitter_misc":{"Escrito por":"Luiz Alexandre Marinho Lanzoni","Est. tempo de leitura":"2 minutos"},"schema":{"@context":"https:\/\/schema.org","@graph":[{"@type":"Article","@id":"https:\/\/unisale.com.br\/novo\/deus-nao-enviou\/#article","isPartOf":{"@id":"https:\/\/unisale.com.br\/novo\/deus-nao-enviou\/"},"author":{"name":"Luiz Alexandre Marinho Lanzoni","@id":"https:\/\/unisale.com.br\/pastoral\/#\/schema\/person\/492d3d7bfe53a8302576d39485aff2c4"},"headline":"14\/09 &#8211; Deus n\u00e3o enviou seu Filho ao mundo para condenar o mundo, mas para que o mundo seja salvo por ele","datePublished":"2021-09-10T11:49:59+00:00","mainEntityOfPage":{"@id":"https:\/\/unisale.com.br\/novo\/deus-nao-enviou\/"},"wordCount":464,"image":{"@id":"https:\/\/unisale.com.br\/novo\/deus-nao-enviou\/#primaryimage"},"thumbnailUrl":"https:\/\/unisale.com.br\/pastoral\/wp-content\/uploads\/2021\/09\/Ev-dia-14.09.21.jpg","articleSection":["Reflex\u00e3o do Evangelho"],"inLanguage":"pt-BR"},{"@type":"WebPage","@id":"https:\/\/unisale.com.br\/novo\/deus-nao-enviou\/","url":"https:\/\/unisale.com.br\/novo\/deus-nao-enviou\/","name":"14\/09 - Deus n\u00e3o enviou seu Filho ao mundo para condenar o mundo, mas para que o mundo seja salvo por ele - Pastoral Universit\u00e1ria UniSALESIANO","isPartOf":{"@id":"https:\/\/unisale.com.br\/pastoral\/#website"},"primaryImageOfPage":{"@id":"https:\/\/unisale.com.br\/novo\/deus-nao-enviou\/#primaryimage"},"image":{"@id":"https:\/\/unisale.com.br\/novo\/deus-nao-enviou\/#primaryimage"},"thumbnailUrl":"https:\/\/unisale.com.br\/pastoral\/wp-content\/uploads\/2021\/09\/Ev-dia-14.09.21.jpg","datePublished":"2021-09-10T11:49:59+00:00","author":{"@id":"https:\/\/unisale.com.br\/pastoral\/#\/schema\/person\/492d3d7bfe53a8302576d39485aff2c4"},"inLanguage":"pt-BR","potentialAction":[{"@type":"ReadAction","target":["https:\/\/unisale.com.br\/novo\/deus-nao-enviou\/"]}]},{"@type":"ImageObject","inLanguage":"pt-BR","@id":"https:\/\/unisale.com.br\/novo\/deus-nao-enviou\/#primaryimage","url":"https:\/\/unisale.com.br\/pastoral\/wp-content\/uploads\/2021\/09\/Ev-dia-14.09.21.jpg","contentUrl":"https:\/\/unisale.com.br\/pastoral\/wp-content\/uploads\/2021\/09\/Ev-dia-14.09.21.jpg","width":1000,"height":471},{"@type":"WebSite","@id":"https:\/\/unisale.com.br\/pastoral\/#website","url":"https:\/\/unisale.com.br\/pastoral\/","name":"Pastoral Universit\u00e1ria UniSALESIANO","description":"Site da Pastoral Universit\u00e1ria do UniSALESIANO","potentialAction":[{"@type":"SearchAction","target":{"@type":"EntryPoint","urlTemplate":"https:\/\/unisale.com.br\/pastoral\/?s={search_term_string}"},"query-input":{"@type":"PropertyValueSpecification","valueRequired":true,"valueName":"search_term_string"}}],"inLanguage":"pt-BR"},{"@type":"Person","@id":"https:\/\/unisale.com.br\/pastoral\/#\/schema\/person\/492d3d7bfe53a8302576d39485aff2c4","name":"Luiz Alexandre Marinho Lanzoni","url":"https:\/\/unisale.com.br\/pastoral\/author\/luiz\/"}]}},"_links":{"self":[{"href":"https:\/\/unisale.com.br\/pastoral\/wp-json\/wp\/v2\/posts\/2812","targetHints":{"allow":["GET"]}}],"collection":[{"href":"https:\/\/unisale.com.br\/pastoral\/wp-json\/wp\/v2\/posts"}],"about":[{"href":"https:\/\/unisale.com.br\/pastoral\/wp-json\/wp\/v2\/types\/post"}],"author":[{"embeddable":true,"href":"https:\/\/unisale.com.br\/pastoral\/wp-json\/wp\/v2\/users\/6"}],"replies":[{"embeddable":true,"href":"https:\/\/unisale.com.br\/pastoral\/wp-json\/wp\/v2\/comments?post=2812"}],"version-history":[{"count":0,"href":"https:\/\/unisale.com.br\/pastoral\/wp-json\/wp\/v2\/posts\/2812\/revisions"}],"wp:featuredmedia":[{"embeddable":true,"href":"https:\/\/unisale.com.br\/pastoral\/wp-json\/wp\/v2\/media\/2806"}],"wp:attachment":[{"href":"https:\/\/unisale.com.br\/pastoral\/wp-json\/wp\/v2\/media?parent=2812"}],"wp:term":[{"taxonomy":"category","embeddable":true,"href":"https:\/\/unisale.com.br\/pastoral\/wp-json\/wp\/v2\/categories?post=2812"},{"taxonomy":"post_tag","embeddable":true,"href":"https:\/\/unisale.com.br\/pastoral\/wp-json\/wp\/v2\/tags?post=2812"}],"curies":[{"name":"wp","href":"https:\/\/api.w.org\/{rel}","templated":true}]}}