{"id":2814,"date":"2021-09-10T11:51:55","date_gmt":"2021-09-10T11:51:55","guid":{"rendered":"https:\/\/unisale.com.br\/pastoral\/?p=2814"},"modified":"2021-09-10T11:51:55","modified_gmt":"2021-09-10T11:51:55","slug":"mulher-este-e-o-teu-filho","status":"publish","type":"post","link":"https:\/\/unisale.com.br\/pastoral\/mulher-este-e-o-teu-filho\/","title":{"rendered":"15\/09 &#8211; Mulher, este \u00e9 o teu filho&#8230; Esta \u00e9 a tua m\u00e3e"},"content":{"rendered":"<p>Quarta-feira, 15 de setembro de 2021.<\/p>\n<p>&nbsp;<\/p>\n<p>Evangelho (Jo 19,25-27)<\/p>\n<p>&nbsp;<\/p>\n<p><strong>\u201cMulher, este \u00e9 o teu filho&#8230; Esta \u00e9 a tua m\u00e3e\u201d<\/strong><\/p>\n<p>&nbsp;<\/p>\n<p>Naquele tempo, <sup>25<\/sup>perto da cruz de Jesus, estavam de p\u00e9 a sua m\u00e3e, a irm\u00e3 da sua m\u00e3e, Maria de Cl\u00e9ofas, e Maria Madalena. <sup>26<\/sup>Jesus, ao ver sua m\u00e3e e, ao lado dela, o disc\u00edpulo que ele amava, disse \u00e0 m\u00e3e: \u201cMulher, este \u00e9 o teu filho\u201d. <sup>27<\/sup>Depois disse ao disc\u00edpulo: \u201cEsta \u00e9 a tua m\u00e3e\u201d. Daquela hora em diante, o disc\u00edpulo a acolheu consigo.<\/p>\n<p>&nbsp;<\/p>\n<p><strong>Reflex\u00e3o<\/strong><\/p>\n<p>&nbsp;<\/p>\n<p>Ontem, celebramos a Festa da Exalta\u00e7\u00e3o da Santa Cruz. Hoje, N. Senhora das Dores. Sobre a cena que o Evangelho de hoje nos apresenta, n\u00e3o temos muito a acrescentar. O Evangelho \u00e9 de Jo\u00e3o, e \u00e9 ele, justamente, o personagem a quem Jesus escolhe como herdeiro do Seu maior tesouro: Maria, Sua M\u00e3e. Das m\u00e3os de Jo\u00e3o, de m\u00e3o em m\u00e3o, esta M\u00e3e atravessou toda a hist\u00f3ria e toda a Igreja. Onde estiver um disc\u00edpulo de Jesus, ali tamb\u00e9m estar\u00e1 a M\u00e3e, pois \u00e9 a vontade de Cristo que Sua M\u00e3e seja nossa m\u00e3e. E uma m\u00e3e sabe ser m\u00e3e, principalmente, na hora das provas e da escurid\u00e3o. \u00c9 o que rezamos na Ave Maria: \u2018Rogai por n\u00f3s, pecadores, agora e na hora da nossa morte\u2019. N\u00f3s nos espelhamos na M\u00e3e, a Igreja n\u00e3o precisa pensar em quem se assemelhar, Jesus j\u00e1 nos indicou, a Igreja precisa ser M\u00e3e. A Igreja precisa ser semelhante \u00e0 Maria, na sua capacidade de acolher, ser e cuidar; \u00e9 isto que a Igreja deveria realizar sempre, em todo tempo e lugar. E a Igreja n\u00e3o \u00e9 algo abstrato, somos n\u00f3s. Temos todos a voca\u00e7\u00e3o de sermos como Maria. Ela \u00e9 o nosso modelo de Igreja, que devemos seguir e viver. Ela \u00e9 Disc\u00edpula, \u00e9 toda de Cristo. O seu centro \u00e9 o Filho. Sua vida gira em torno a Jesus. Eis, porque hoje, n\u00f3s a recordamos como M\u00e3e das Dores. \u00c9 sua a dor de todas as m\u00e3es que vivem a vulnerabilidade de amar os pr\u00f3prios filhos. Precisamos sempre recordar que, se \u201cestamos na cruz\u201d, aos nossos p\u00e9s, estar\u00e1 sempre Ela. Deus escolheu Maria para n\u00e3o nos deixar sozinhos. Da sua presen\u00e7a sob a Cruz do Filho em diante Sua maternidade se estendeu sobre cada um de n\u00f3s at\u00e9 o fim.<\/p>\n<p>&nbsp;<\/p>\n<p><strong>Pe. Paulo Eduardo J\u00e1como, sdb.<\/strong><\/p>\n","protected":false},"excerpt":{"rendered":"<p>Quarta-feira, 15 de setembro de 2021. &nbsp; Evangelho (Jo 19,25-27) &nbsp; \u201cMulher, este \u00e9 o teu filho&#8230; Esta \u00e9 a tua m\u00e3e\u201d &nbsp; Naquele tempo,&#8230;<\/p>\n","protected":false},"author":6,"featured_media":2808,"comment_status":"closed","ping_status":"closed","sticky":false,"template":"","format":"standard","meta":{"_acf_changed":false,"footnotes":""},"categories":[13],"tags":[],"class_list":["post-2814","post","type-post","status-publish","format-standard","has-post-thumbnail","hentry","category-reflexaodoevagelho"],"acf":[],"yoast_head":"<!-- This site is optimized with the Yoast SEO plugin v27.3 - https:\/\/yoast.com\/product\/yoast-seo-wordpress\/ -->\n<title>15\/09 - Mulher, este \u00e9 o teu filho... Esta \u00e9 a tua m\u00e3e - Pastoral Universit\u00e1ria UniSALESIANO<\/title>\n<meta name=\"robots\" content=\"index, follow, max-snippet:-1, max-image-preview:large, max-video-preview:-1\" \/>\n<link rel=\"canonical\" href=\"https:\/\/unisale.com.br\/novo\/mulher-este-e-o-teu-filho\/\" \/>\n<meta property=\"og:locale\" content=\"pt_BR\" \/>\n<meta property=\"og:type\" content=\"article\" \/>\n<meta property=\"og:title\" content=\"15\/09 - Mulher, este \u00e9 o teu filho... Esta \u00e9 a tua m\u00e3e - Pastoral Universit\u00e1ria UniSALESIANO\" \/>\n<meta property=\"og:description\" content=\"Quarta-feira, 15 de setembro de 2021. &nbsp; Evangelho (Jo 19,25-27) &nbsp; \u201cMulher, este \u00e9 o teu filho&#8230; Esta \u00e9 a tua m\u00e3e\u201d &nbsp; Naquele tempo,...\" \/>\n<meta property=\"og:url\" content=\"https:\/\/unisale.com.br\/novo\/mulher-este-e-o-teu-filho\/\" \/>\n<meta property=\"og:site_name\" content=\"Pastoral Universit\u00e1ria UniSALESIANO\" \/>\n<meta property=\"article:published_time\" content=\"2021-09-10T11:51:55+00:00\" \/>\n<meta property=\"og:image\" content=\"https:\/\/unisale.com.br\/novo\/wp-content\/uploads\/2021\/09\/Ev-dia-15.09.21.jpg\" \/>\n\t<meta property=\"og:image:width\" content=\"720\" \/>\n\t<meta property=\"og:image:height\" content=\"480\" \/>\n\t<meta property=\"og:image:type\" content=\"image\/jpeg\" \/>\n<meta name=\"author\" content=\"Luiz Alexandre Marinho Lanzoni\" \/>\n<meta name=\"twitter:card\" content=\"summary_large_image\" \/>\n<meta name=\"twitter:label1\" content=\"Escrito por\" \/>\n\t<meta name=\"twitter:data1\" content=\"Luiz Alexandre Marinho Lanzoni\" \/>\n\t<meta name=\"twitter:label2\" content=\"Est. tempo de leitura\" \/>\n\t<meta name=\"twitter:data2\" content=\"2 minutos\" \/>\n<script type=\"application\/ld+json\" class=\"yoast-schema-graph\">{\"@context\":\"https:\\\/\\\/schema.org\",\"@graph\":[{\"@type\":\"Article\",\"@id\":\"https:\\\/\\\/unisale.com.br\\\/novo\\\/mulher-este-e-o-teu-filho\\\/#article\",\"isPartOf\":{\"@id\":\"https:\\\/\\\/unisale.com.br\\\/novo\\\/mulher-este-e-o-teu-filho\\\/\"},\"author\":{\"name\":\"Luiz Alexandre Marinho Lanzoni\",\"@id\":\"https:\\\/\\\/unisale.com.br\\\/pastoral\\\/#\\\/schema\\\/person\\\/492d3d7bfe53a8302576d39485aff2c4\"},\"headline\":\"15\\\/09 &#8211; Mulher, este \u00e9 o teu filho&#8230; Esta \u00e9 a tua m\u00e3e\",\"datePublished\":\"2021-09-10T11:51:55+00:00\",\"mainEntityOfPage\":{\"@id\":\"https:\\\/\\\/unisale.com.br\\\/novo\\\/mulher-este-e-o-teu-filho\\\/\"},\"wordCount\":433,\"image\":{\"@id\":\"https:\\\/\\\/unisale.com.br\\\/novo\\\/mulher-este-e-o-teu-filho\\\/#primaryimage\"},\"thumbnailUrl\":\"https:\\\/\\\/unisale.com.br\\\/pastoral\\\/wp-content\\\/uploads\\\/2021\\\/09\\\/Ev-dia-15.09.21.jpg\",\"articleSection\":[\"Reflex\u00e3o do Evangelho\"],\"inLanguage\":\"pt-BR\"},{\"@type\":\"WebPage\",\"@id\":\"https:\\\/\\\/unisale.com.br\\\/novo\\\/mulher-este-e-o-teu-filho\\\/\",\"url\":\"https:\\\/\\\/unisale.com.br\\\/novo\\\/mulher-este-e-o-teu-filho\\\/\",\"name\":\"15\\\/09 - Mulher, este \u00e9 o teu filho... Esta \u00e9 a tua m\u00e3e - Pastoral Universit\u00e1ria UniSALESIANO\",\"isPartOf\":{\"@id\":\"https:\\\/\\\/unisale.com.br\\\/pastoral\\\/#website\"},\"primaryImageOfPage\":{\"@id\":\"https:\\\/\\\/unisale.com.br\\\/novo\\\/mulher-este-e-o-teu-filho\\\/#primaryimage\"},\"image\":{\"@id\":\"https:\\\/\\\/unisale.com.br\\\/novo\\\/mulher-este-e-o-teu-filho\\\/#primaryimage\"},\"thumbnailUrl\":\"https:\\\/\\\/unisale.com.br\\\/pastoral\\\/wp-content\\\/uploads\\\/2021\\\/09\\\/Ev-dia-15.09.21.jpg\",\"datePublished\":\"2021-09-10T11:51:55+00:00\",\"author\":{\"@id\":\"https:\\\/\\\/unisale.com.br\\\/pastoral\\\/#\\\/schema\\\/person\\\/492d3d7bfe53a8302576d39485aff2c4\"},\"inLanguage\":\"pt-BR\",\"potentialAction\":[{\"@type\":\"ReadAction\",\"target\":[\"https:\\\/\\\/unisale.com.br\\\/novo\\\/mulher-este-e-o-teu-filho\\\/\"]}]},{\"@type\":\"ImageObject\",\"inLanguage\":\"pt-BR\",\"@id\":\"https:\\\/\\\/unisale.com.br\\\/novo\\\/mulher-este-e-o-teu-filho\\\/#primaryimage\",\"url\":\"https:\\\/\\\/unisale.com.br\\\/pastoral\\\/wp-content\\\/uploads\\\/2021\\\/09\\\/Ev-dia-15.09.21.jpg\",\"contentUrl\":\"https:\\\/\\\/unisale.com.br\\\/pastoral\\\/wp-content\\\/uploads\\\/2021\\\/09\\\/Ev-dia-15.09.21.jpg\",\"width\":720,\"height\":480},{\"@type\":\"WebSite\",\"@id\":\"https:\\\/\\\/unisale.com.br\\\/pastoral\\\/#website\",\"url\":\"https:\\\/\\\/unisale.com.br\\\/pastoral\\\/\",\"name\":\"Pastoral Universit\u00e1ria UniSALESIANO\",\"description\":\"Site da Pastoral Universit\u00e1ria do UniSALESIANO\",\"potentialAction\":[{\"@type\":\"SearchAction\",\"target\":{\"@type\":\"EntryPoint\",\"urlTemplate\":\"https:\\\/\\\/unisale.com.br\\\/pastoral\\\/?s={search_term_string}\"},\"query-input\":{\"@type\":\"PropertyValueSpecification\",\"valueRequired\":true,\"valueName\":\"search_term_string\"}}],\"inLanguage\":\"pt-BR\"},{\"@type\":\"Person\",\"@id\":\"https:\\\/\\\/unisale.com.br\\\/pastoral\\\/#\\\/schema\\\/person\\\/492d3d7bfe53a8302576d39485aff2c4\",\"name\":\"Luiz Alexandre Marinho Lanzoni\",\"url\":\"https:\\\/\\\/unisale.com.br\\\/pastoral\\\/author\\\/luiz\\\/\"}]}<\/script>\n<!-- \/ Yoast SEO plugin. -->","yoast_head_json":{"title":"15\/09 - Mulher, este \u00e9 o teu filho... Esta \u00e9 a tua m\u00e3e - Pastoral Universit\u00e1ria UniSALESIANO","robots":{"index":"index","follow":"follow","max-snippet":"max-snippet:-1","max-image-preview":"max-image-preview:large","max-video-preview":"max-video-preview:-1"},"canonical":"https:\/\/unisale.com.br\/novo\/mulher-este-e-o-teu-filho\/","og_locale":"pt_BR","og_type":"article","og_title":"15\/09 - Mulher, este \u00e9 o teu filho... Esta \u00e9 a tua m\u00e3e - Pastoral Universit\u00e1ria UniSALESIANO","og_description":"Quarta-feira, 15 de setembro de 2021. &nbsp; Evangelho (Jo 19,25-27) &nbsp; \u201cMulher, este \u00e9 o teu filho&#8230; Esta \u00e9 a tua m\u00e3e\u201d &nbsp; Naquele tempo,...","og_url":"https:\/\/unisale.com.br\/novo\/mulher-este-e-o-teu-filho\/","og_site_name":"Pastoral Universit\u00e1ria UniSALESIANO","article_published_time":"2021-09-10T11:51:55+00:00","og_image":[{"width":720,"height":480,"url":"https:\/\/unisale.com.br\/novo\/wp-content\/uploads\/2021\/09\/Ev-dia-15.09.21.jpg","type":"image\/jpeg"}],"author":"Luiz Alexandre Marinho Lanzoni","twitter_card":"summary_large_image","twitter_misc":{"Escrito por":"Luiz Alexandre Marinho Lanzoni","Est. tempo de leitura":"2 minutos"},"schema":{"@context":"https:\/\/schema.org","@graph":[{"@type":"Article","@id":"https:\/\/unisale.com.br\/novo\/mulher-este-e-o-teu-filho\/#article","isPartOf":{"@id":"https:\/\/unisale.com.br\/novo\/mulher-este-e-o-teu-filho\/"},"author":{"name":"Luiz Alexandre Marinho Lanzoni","@id":"https:\/\/unisale.com.br\/pastoral\/#\/schema\/person\/492d3d7bfe53a8302576d39485aff2c4"},"headline":"15\/09 &#8211; Mulher, este \u00e9 o teu filho&#8230; Esta \u00e9 a tua m\u00e3e","datePublished":"2021-09-10T11:51:55+00:00","mainEntityOfPage":{"@id":"https:\/\/unisale.com.br\/novo\/mulher-este-e-o-teu-filho\/"},"wordCount":433,"image":{"@id":"https:\/\/unisale.com.br\/novo\/mulher-este-e-o-teu-filho\/#primaryimage"},"thumbnailUrl":"https:\/\/unisale.com.br\/pastoral\/wp-content\/uploads\/2021\/09\/Ev-dia-15.09.21.jpg","articleSection":["Reflex\u00e3o do Evangelho"],"inLanguage":"pt-BR"},{"@type":"WebPage","@id":"https:\/\/unisale.com.br\/novo\/mulher-este-e-o-teu-filho\/","url":"https:\/\/unisale.com.br\/novo\/mulher-este-e-o-teu-filho\/","name":"15\/09 - Mulher, este \u00e9 o teu filho... Esta \u00e9 a tua m\u00e3e - Pastoral Universit\u00e1ria UniSALESIANO","isPartOf":{"@id":"https:\/\/unisale.com.br\/pastoral\/#website"},"primaryImageOfPage":{"@id":"https:\/\/unisale.com.br\/novo\/mulher-este-e-o-teu-filho\/#primaryimage"},"image":{"@id":"https:\/\/unisale.com.br\/novo\/mulher-este-e-o-teu-filho\/#primaryimage"},"thumbnailUrl":"https:\/\/unisale.com.br\/pastoral\/wp-content\/uploads\/2021\/09\/Ev-dia-15.09.21.jpg","datePublished":"2021-09-10T11:51:55+00:00","author":{"@id":"https:\/\/unisale.com.br\/pastoral\/#\/schema\/person\/492d3d7bfe53a8302576d39485aff2c4"},"inLanguage":"pt-BR","potentialAction":[{"@type":"ReadAction","target":["https:\/\/unisale.com.br\/novo\/mulher-este-e-o-teu-filho\/"]}]},{"@type":"ImageObject","inLanguage":"pt-BR","@id":"https:\/\/unisale.com.br\/novo\/mulher-este-e-o-teu-filho\/#primaryimage","url":"https:\/\/unisale.com.br\/pastoral\/wp-content\/uploads\/2021\/09\/Ev-dia-15.09.21.jpg","contentUrl":"https:\/\/unisale.com.br\/pastoral\/wp-content\/uploads\/2021\/09\/Ev-dia-15.09.21.jpg","width":720,"height":480},{"@type":"WebSite","@id":"https:\/\/unisale.com.br\/pastoral\/#website","url":"https:\/\/unisale.com.br\/pastoral\/","name":"Pastoral Universit\u00e1ria UniSALESIANO","description":"Site da Pastoral Universit\u00e1ria do UniSALESIANO","potentialAction":[{"@type":"SearchAction","target":{"@type":"EntryPoint","urlTemplate":"https:\/\/unisale.com.br\/pastoral\/?s={search_term_string}"},"query-input":{"@type":"PropertyValueSpecification","valueRequired":true,"valueName":"search_term_string"}}],"inLanguage":"pt-BR"},{"@type":"Person","@id":"https:\/\/unisale.com.br\/pastoral\/#\/schema\/person\/492d3d7bfe53a8302576d39485aff2c4","name":"Luiz Alexandre Marinho Lanzoni","url":"https:\/\/unisale.com.br\/pastoral\/author\/luiz\/"}]}},"_links":{"self":[{"href":"https:\/\/unisale.com.br\/pastoral\/wp-json\/wp\/v2\/posts\/2814","targetHints":{"allow":["GET"]}}],"collection":[{"href":"https:\/\/unisale.com.br\/pastoral\/wp-json\/wp\/v2\/posts"}],"about":[{"href":"https:\/\/unisale.com.br\/pastoral\/wp-json\/wp\/v2\/types\/post"}],"author":[{"embeddable":true,"href":"https:\/\/unisale.com.br\/pastoral\/wp-json\/wp\/v2\/users\/6"}],"replies":[{"embeddable":true,"href":"https:\/\/unisale.com.br\/pastoral\/wp-json\/wp\/v2\/comments?post=2814"}],"version-history":[{"count":0,"href":"https:\/\/unisale.com.br\/pastoral\/wp-json\/wp\/v2\/posts\/2814\/revisions"}],"wp:featuredmedia":[{"embeddable":true,"href":"https:\/\/unisale.com.br\/pastoral\/wp-json\/wp\/v2\/media\/2808"}],"wp:attachment":[{"href":"https:\/\/unisale.com.br\/pastoral\/wp-json\/wp\/v2\/media?parent=2814"}],"wp:term":[{"taxonomy":"category","embeddable":true,"href":"https:\/\/unisale.com.br\/pastoral\/wp-json\/wp\/v2\/categories?post=2814"},{"taxonomy":"post_tag","embeddable":true,"href":"https:\/\/unisale.com.br\/pastoral\/wp-json\/wp\/v2\/tags?post=2814"}],"curies":[{"name":"wp","href":"https:\/\/api.w.org\/{rel}","templated":true}]}}