{"id":2859,"date":"2021-09-17T18:15:56","date_gmt":"2021-09-17T18:15:56","guid":{"rendered":"https:\/\/unisale.com.br\/pastoral\/?p=2859"},"modified":"2021-09-17T18:15:56","modified_gmt":"2021-09-17T18:15:56","slug":"quem-nao-e-contra","status":"publish","type":"post","link":"https:\/\/unisale.com.br\/pastoral\/quem-nao-e-contra\/","title":{"rendered":"26\/09 &#8211; Quem n\u00e3o \u00e9 contra n\u00f3s \u00e9 a nosso favor"},"content":{"rendered":"<p>Domingo, 26 de setembro de 2021. \u2013 XXVI TC<\/p>\n<p>&nbsp;<\/p>\n<p><strong>Evangelho (Mc 9, 38-43.45.47-48)<\/strong><\/p>\n<p><strong>\u00a0<\/strong><\/p>\n<p><strong>\u201cQuem n\u00e3o \u00e9 contra n\u00f3s \u00e9 a nosso favor\u201d.<\/strong><\/p>\n<p><strong>\u00a0<\/strong><\/p>\n<p>Naquele tempo, <sup>38<\/sup>Jo\u00e3o disse a Jesus: \u201cMestre, vimos um homem expulsar dem\u00f4nios em teu nome. Mas n\u00f3s o proibimos, porque ele n\u00e3o nos segue\u201d. <sup>39<\/sup>Jesus disse: \u201cN\u00e3o o proibais, pois ningu\u00e9m faz milagres em meu nome para depois falar mal de mim. <sup>40<\/sup>Quem n\u00e3o \u00e9 contra n\u00f3s \u00e9 a nosso favor.<sup>41<\/sup>Em verdade eu vos digo: quem vos der a beber um copo de \u00e1gua, porque sois de Cristo, n\u00e3o ficar\u00e1 sem receber a sua recompensa.<sup>42<\/sup>E, se algu\u00e9m escandalizar um destes pequeninos que creem, melhor seria que fosse jogado no mar com uma pedra de moinho amarrada ao pesco\u00e7o. <sup>43<\/sup>Se tua m\u00e3o te leva a pecar, corta-a! \u00c9 melhor entrar na Vida sem uma das m\u00e3os, do que, tendo as duas, ir para o inferno, para o fogo que nunca se apaga.<sup>45<\/sup>Se teu p\u00e9 te leva a pecar, corta-o! \u00c9 melhor entrar na Vida sem um dos p\u00e9s, do que, tendo os dois, ser jogado no inferno. <sup>47<\/sup>Se teu olho te leva a pecar, arranca-o! \u00c9 melhor entrar no Reino de Deus com um olho s\u00f3, do que, tendo os dois, ser jogado no inferno, <sup>48<\/sup>\u2018onde o verme deles n\u00e3o morre, e o fogo n\u00e3o se apaga\u2019\u201d.<\/p>\n<p>&nbsp;<\/p>\n<p><strong>Reflex\u00e3o<\/strong><\/p>\n<p><strong>\u00a0<\/strong><\/p>\n<p>O evangelho deste domingo apresenta mais um epis\u00f3dio da vida de Jesus que cont\u00e9m um significado profundo. Um fulano que n\u00e3o era do grupo dos seguidores de Jesus tinha expulsado dem\u00f4nios em seu nome. O apostolo Jo\u00e3o, jovem e zeloso como era, queria impedi-lo, mas Jesus n\u00e3o o deixou. Ali\u00e1s, ele aproveitou para mostrar aos disc\u00edpulos que Deus pode realizar coisas boas e prodigiosas, mesmo fora do seu c\u00edrculo. Ensina tamb\u00e9m que se pode colaborar para a causa do Reino de Deus de v\u00e1rios modos, tamb\u00e9m oferecendo um simples copo d\u2019agua a um mission\u00e1rio. Sobre este tema, Santo Agostinho escreve: \u201cComo na Cat\u00f3lica, ou seja, na Igreja, \u00e9 poss\u00edvel encontrar o que n\u00e3o \u00e9 cat\u00f3lico, assim fora da cat\u00f3lica pode existir algo de cat\u00f3lico\u201d. Por isso, n\u00f3s, que somos membros da Igreja, n\u00e3o podemos sentir ci\u00fames ou ter inveja, mas ficarmos felizes se algu\u00e9m realiza o bem em nome de Cristo. \u00c0s vezes, at\u00e9 no interior da pr\u00f3pria Igreja pode acontecer que haja dificuldade de valorizar e apreciar em esp\u00edrito de comunh\u00e3o, as coisas boas realizadas pelas v\u00e1rias realidades eclesiais. Mas, n\u00f3s devemos ser sempre capazes de nos valorizarmos, apreciarmos e estimarmos, reciprocamente, louvando o Senhor pela criatividade infinita com a qual Ele age na Igreja.<\/p>\n<p>Outro tema tratado neste evangelho \u00e9 sobre o \u201cesc\u00e2ndalo\u201d. A palavra esc\u00e2ndalo, na b\u00edblia, tem o significado de: trope\u00e7o e obst\u00e1culo. Trope\u00e7o indica algo que faz cair, que desvia do caminho, que leva ao pecado. J\u00e1 o obst\u00e1culo significa algo que impede e fecha o acesso. Para Jesus, significa o que impede a vinda da f\u00e9 e a entrada do Reino de Deus.<\/p>\n<p>\u201cEscandalizar um destes pequeninos\u201d significa p\u00f4r-lhes alguns trope\u00e7os, ser para eles ocasi\u00e3o de pecado. N\u00f3s, crist\u00e3os, somos muitas vezes de esc\u00e2ndalo, isto \u00e9, de obst\u00e1culo a quem est\u00e1 caminhando para a f\u00e9 e para Cristo. Quando n\u00e3o vivemos as exig\u00eancias da f\u00e9, podemos ser ocasi\u00e3o de esc\u00e2ndalo. Se n\u00f3s professamos seguir o evangelho e depois, na vida, somos injustos com o pr\u00f3ximo, insens\u00edveis diante das necessidades e da dor, c\u00ednicos e incoerentes, n\u00f3s impedimos que os homens tomem a s\u00e9rio a palavra de Jesus, que se convertam e creiam n\u2019Ele; ou seja, n\u00f3s somos esc\u00e2ndalo; n\u00e3o entramos e n\u00e3o deixamos entrar. Podemos dizer, hoje, como Jesus: \u201cAi dos maus crist\u00e3os pelos esc\u00e2ndalos\u201d.<\/p>\n<p>&nbsp;<\/p>\n<p><strong>Pe. Paulo Eduardo J\u00e1como, sdb.<\/strong><\/p>\n","protected":false},"excerpt":{"rendered":"<p>Domingo, 26 de setembro de 2021. \u2013 XXVI TC &nbsp; Evangelho (Mc 9, 38-43.45.47-48) \u00a0 \u201cQuem n\u00e3o \u00e9 contra n\u00f3s \u00e9 a nosso favor\u201d. \u00a0&#8230;<\/p>\n","protected":false},"author":6,"featured_media":2837,"comment_status":"closed","ping_status":"closed","sticky":false,"template":"","format":"standard","meta":{"_acf_changed":false,"footnotes":""},"categories":[13],"tags":[],"class_list":["post-2859","post","type-post","status-publish","format-standard","has-post-thumbnail","hentry","category-reflexaodoevagelho"],"acf":[],"yoast_head":"<!-- This site is optimized with the Yoast SEO plugin v27.3 - https:\/\/yoast.com\/product\/yoast-seo-wordpress\/ -->\n<title>26\/09 - Quem n\u00e3o \u00e9 contra n\u00f3s \u00e9 a nosso favor - Pastoral Universit\u00e1ria UniSALESIANO<\/title>\n<meta name=\"robots\" content=\"index, follow, max-snippet:-1, max-image-preview:large, max-video-preview:-1\" \/>\n<link rel=\"canonical\" href=\"https:\/\/unisale.com.br\/novo\/quem-nao-e-contra\/\" \/>\n<meta property=\"og:locale\" content=\"pt_BR\" \/>\n<meta property=\"og:type\" content=\"article\" \/>\n<meta property=\"og:title\" content=\"26\/09 - Quem n\u00e3o \u00e9 contra n\u00f3s \u00e9 a nosso favor - Pastoral Universit\u00e1ria UniSALESIANO\" \/>\n<meta property=\"og:description\" content=\"Domingo, 26 de setembro de 2021. \u2013 XXVI TC &nbsp; Evangelho (Mc 9, 38-43.45.47-48) \u00a0 \u201cQuem n\u00e3o \u00e9 contra n\u00f3s \u00e9 a nosso favor\u201d. \u00a0...\" \/>\n<meta property=\"og:url\" content=\"https:\/\/unisale.com.br\/novo\/quem-nao-e-contra\/\" \/>\n<meta property=\"og:site_name\" content=\"Pastoral Universit\u00e1ria UniSALESIANO\" \/>\n<meta property=\"article:published_time\" content=\"2021-09-17T18:15:56+00:00\" \/>\n<meta property=\"og:image\" content=\"https:\/\/unisale.com.br\/novo\/wp-content\/uploads\/2021\/09\/Ev-dia-26.jpg\" \/>\n\t<meta property=\"og:image:width\" content=\"1600\" \/>\n\t<meta property=\"og:image:height\" content=\"798\" \/>\n\t<meta property=\"og:image:type\" content=\"image\/jpeg\" \/>\n<meta name=\"author\" content=\"Luiz Alexandre Marinho Lanzoni\" \/>\n<meta name=\"twitter:card\" content=\"summary_large_image\" \/>\n<meta name=\"twitter:label1\" content=\"Escrito por\" \/>\n\t<meta name=\"twitter:data1\" content=\"Luiz Alexandre Marinho Lanzoni\" \/>\n\t<meta name=\"twitter:label2\" content=\"Est. tempo de leitura\" \/>\n\t<meta name=\"twitter:data2\" content=\"3 minutos\" \/>\n<script type=\"application\/ld+json\" class=\"yoast-schema-graph\">{\"@context\":\"https:\\\/\\\/schema.org\",\"@graph\":[{\"@type\":\"Article\",\"@id\":\"https:\\\/\\\/unisale.com.br\\\/novo\\\/quem-nao-e-contra\\\/#article\",\"isPartOf\":{\"@id\":\"https:\\\/\\\/unisale.com.br\\\/novo\\\/quem-nao-e-contra\\\/\"},\"author\":{\"name\":\"Luiz Alexandre Marinho Lanzoni\",\"@id\":\"https:\\\/\\\/unisale.com.br\\\/pastoral\\\/#\\\/schema\\\/person\\\/492d3d7bfe53a8302576d39485aff2c4\"},\"headline\":\"26\\\/09 &#8211; Quem n\u00e3o \u00e9 contra n\u00f3s \u00e9 a nosso favor\",\"datePublished\":\"2021-09-17T18:15:56+00:00\",\"mainEntityOfPage\":{\"@id\":\"https:\\\/\\\/unisale.com.br\\\/novo\\\/quem-nao-e-contra\\\/\"},\"wordCount\":687,\"image\":{\"@id\":\"https:\\\/\\\/unisale.com.br\\\/novo\\\/quem-nao-e-contra\\\/#primaryimage\"},\"thumbnailUrl\":\"https:\\\/\\\/unisale.com.br\\\/pastoral\\\/wp-content\\\/uploads\\\/2021\\\/09\\\/Ev-dia-26.jpg\",\"articleSection\":[\"Reflex\u00e3o do Evangelho\"],\"inLanguage\":\"pt-BR\"},{\"@type\":\"WebPage\",\"@id\":\"https:\\\/\\\/unisale.com.br\\\/novo\\\/quem-nao-e-contra\\\/\",\"url\":\"https:\\\/\\\/unisale.com.br\\\/novo\\\/quem-nao-e-contra\\\/\",\"name\":\"26\\\/09 - Quem n\u00e3o \u00e9 contra n\u00f3s \u00e9 a nosso favor - Pastoral Universit\u00e1ria UniSALESIANO\",\"isPartOf\":{\"@id\":\"https:\\\/\\\/unisale.com.br\\\/pastoral\\\/#website\"},\"primaryImageOfPage\":{\"@id\":\"https:\\\/\\\/unisale.com.br\\\/novo\\\/quem-nao-e-contra\\\/#primaryimage\"},\"image\":{\"@id\":\"https:\\\/\\\/unisale.com.br\\\/novo\\\/quem-nao-e-contra\\\/#primaryimage\"},\"thumbnailUrl\":\"https:\\\/\\\/unisale.com.br\\\/pastoral\\\/wp-content\\\/uploads\\\/2021\\\/09\\\/Ev-dia-26.jpg\",\"datePublished\":\"2021-09-17T18:15:56+00:00\",\"author\":{\"@id\":\"https:\\\/\\\/unisale.com.br\\\/pastoral\\\/#\\\/schema\\\/person\\\/492d3d7bfe53a8302576d39485aff2c4\"},\"inLanguage\":\"pt-BR\",\"potentialAction\":[{\"@type\":\"ReadAction\",\"target\":[\"https:\\\/\\\/unisale.com.br\\\/novo\\\/quem-nao-e-contra\\\/\"]}]},{\"@type\":\"ImageObject\",\"inLanguage\":\"pt-BR\",\"@id\":\"https:\\\/\\\/unisale.com.br\\\/novo\\\/quem-nao-e-contra\\\/#primaryimage\",\"url\":\"https:\\\/\\\/unisale.com.br\\\/pastoral\\\/wp-content\\\/uploads\\\/2021\\\/09\\\/Ev-dia-26.jpg\",\"contentUrl\":\"https:\\\/\\\/unisale.com.br\\\/pastoral\\\/wp-content\\\/uploads\\\/2021\\\/09\\\/Ev-dia-26.jpg\",\"width\":1000,\"height\":500},{\"@type\":\"WebSite\",\"@id\":\"https:\\\/\\\/unisale.com.br\\\/pastoral\\\/#website\",\"url\":\"https:\\\/\\\/unisale.com.br\\\/pastoral\\\/\",\"name\":\"Pastoral Universit\u00e1ria UniSALESIANO\",\"description\":\"Site da Pastoral Universit\u00e1ria do UniSALESIANO\",\"potentialAction\":[{\"@type\":\"SearchAction\",\"target\":{\"@type\":\"EntryPoint\",\"urlTemplate\":\"https:\\\/\\\/unisale.com.br\\\/pastoral\\\/?s={search_term_string}\"},\"query-input\":{\"@type\":\"PropertyValueSpecification\",\"valueRequired\":true,\"valueName\":\"search_term_string\"}}],\"inLanguage\":\"pt-BR\"},{\"@type\":\"Person\",\"@id\":\"https:\\\/\\\/unisale.com.br\\\/pastoral\\\/#\\\/schema\\\/person\\\/492d3d7bfe53a8302576d39485aff2c4\",\"name\":\"Luiz Alexandre Marinho Lanzoni\",\"url\":\"https:\\\/\\\/unisale.com.br\\\/pastoral\\\/author\\\/luiz\\\/\"}]}<\/script>\n<!-- \/ Yoast SEO plugin. -->","yoast_head_json":{"title":"26\/09 - Quem n\u00e3o \u00e9 contra n\u00f3s \u00e9 a nosso favor - Pastoral Universit\u00e1ria UniSALESIANO","robots":{"index":"index","follow":"follow","max-snippet":"max-snippet:-1","max-image-preview":"max-image-preview:large","max-video-preview":"max-video-preview:-1"},"canonical":"https:\/\/unisale.com.br\/novo\/quem-nao-e-contra\/","og_locale":"pt_BR","og_type":"article","og_title":"26\/09 - Quem n\u00e3o \u00e9 contra n\u00f3s \u00e9 a nosso favor - Pastoral Universit\u00e1ria UniSALESIANO","og_description":"Domingo, 26 de setembro de 2021. \u2013 XXVI TC &nbsp; Evangelho (Mc 9, 38-43.45.47-48) \u00a0 \u201cQuem n\u00e3o \u00e9 contra n\u00f3s \u00e9 a nosso favor\u201d. \u00a0...","og_url":"https:\/\/unisale.com.br\/novo\/quem-nao-e-contra\/","og_site_name":"Pastoral Universit\u00e1ria UniSALESIANO","article_published_time":"2021-09-17T18:15:56+00:00","og_image":[{"width":1600,"height":798,"url":"https:\/\/unisale.com.br\/novo\/wp-content\/uploads\/2021\/09\/Ev-dia-26.jpg","type":"image\/jpeg"}],"author":"Luiz Alexandre Marinho Lanzoni","twitter_card":"summary_large_image","twitter_misc":{"Escrito por":"Luiz Alexandre Marinho Lanzoni","Est. tempo de leitura":"3 minutos"},"schema":{"@context":"https:\/\/schema.org","@graph":[{"@type":"Article","@id":"https:\/\/unisale.com.br\/novo\/quem-nao-e-contra\/#article","isPartOf":{"@id":"https:\/\/unisale.com.br\/novo\/quem-nao-e-contra\/"},"author":{"name":"Luiz Alexandre Marinho Lanzoni","@id":"https:\/\/unisale.com.br\/pastoral\/#\/schema\/person\/492d3d7bfe53a8302576d39485aff2c4"},"headline":"26\/09 &#8211; Quem n\u00e3o \u00e9 contra n\u00f3s \u00e9 a nosso favor","datePublished":"2021-09-17T18:15:56+00:00","mainEntityOfPage":{"@id":"https:\/\/unisale.com.br\/novo\/quem-nao-e-contra\/"},"wordCount":687,"image":{"@id":"https:\/\/unisale.com.br\/novo\/quem-nao-e-contra\/#primaryimage"},"thumbnailUrl":"https:\/\/unisale.com.br\/pastoral\/wp-content\/uploads\/2021\/09\/Ev-dia-26.jpg","articleSection":["Reflex\u00e3o do Evangelho"],"inLanguage":"pt-BR"},{"@type":"WebPage","@id":"https:\/\/unisale.com.br\/novo\/quem-nao-e-contra\/","url":"https:\/\/unisale.com.br\/novo\/quem-nao-e-contra\/","name":"26\/09 - Quem n\u00e3o \u00e9 contra n\u00f3s \u00e9 a nosso favor - Pastoral Universit\u00e1ria UniSALESIANO","isPartOf":{"@id":"https:\/\/unisale.com.br\/pastoral\/#website"},"primaryImageOfPage":{"@id":"https:\/\/unisale.com.br\/novo\/quem-nao-e-contra\/#primaryimage"},"image":{"@id":"https:\/\/unisale.com.br\/novo\/quem-nao-e-contra\/#primaryimage"},"thumbnailUrl":"https:\/\/unisale.com.br\/pastoral\/wp-content\/uploads\/2021\/09\/Ev-dia-26.jpg","datePublished":"2021-09-17T18:15:56+00:00","author":{"@id":"https:\/\/unisale.com.br\/pastoral\/#\/schema\/person\/492d3d7bfe53a8302576d39485aff2c4"},"inLanguage":"pt-BR","potentialAction":[{"@type":"ReadAction","target":["https:\/\/unisale.com.br\/novo\/quem-nao-e-contra\/"]}]},{"@type":"ImageObject","inLanguage":"pt-BR","@id":"https:\/\/unisale.com.br\/novo\/quem-nao-e-contra\/#primaryimage","url":"https:\/\/unisale.com.br\/pastoral\/wp-content\/uploads\/2021\/09\/Ev-dia-26.jpg","contentUrl":"https:\/\/unisale.com.br\/pastoral\/wp-content\/uploads\/2021\/09\/Ev-dia-26.jpg","width":1000,"height":500},{"@type":"WebSite","@id":"https:\/\/unisale.com.br\/pastoral\/#website","url":"https:\/\/unisale.com.br\/pastoral\/","name":"Pastoral Universit\u00e1ria UniSALESIANO","description":"Site da Pastoral Universit\u00e1ria do UniSALESIANO","potentialAction":[{"@type":"SearchAction","target":{"@type":"EntryPoint","urlTemplate":"https:\/\/unisale.com.br\/pastoral\/?s={search_term_string}"},"query-input":{"@type":"PropertyValueSpecification","valueRequired":true,"valueName":"search_term_string"}}],"inLanguage":"pt-BR"},{"@type":"Person","@id":"https:\/\/unisale.com.br\/pastoral\/#\/schema\/person\/492d3d7bfe53a8302576d39485aff2c4","name":"Luiz Alexandre Marinho Lanzoni","url":"https:\/\/unisale.com.br\/pastoral\/author\/luiz\/"}]}},"_links":{"self":[{"href":"https:\/\/unisale.com.br\/pastoral\/wp-json\/wp\/v2\/posts\/2859","targetHints":{"allow":["GET"]}}],"collection":[{"href":"https:\/\/unisale.com.br\/pastoral\/wp-json\/wp\/v2\/posts"}],"about":[{"href":"https:\/\/unisale.com.br\/pastoral\/wp-json\/wp\/v2\/types\/post"}],"author":[{"embeddable":true,"href":"https:\/\/unisale.com.br\/pastoral\/wp-json\/wp\/v2\/users\/6"}],"replies":[{"embeddable":true,"href":"https:\/\/unisale.com.br\/pastoral\/wp-json\/wp\/v2\/comments?post=2859"}],"version-history":[{"count":0,"href":"https:\/\/unisale.com.br\/pastoral\/wp-json\/wp\/v2\/posts\/2859\/revisions"}],"wp:featuredmedia":[{"embeddable":true,"href":"https:\/\/unisale.com.br\/pastoral\/wp-json\/wp\/v2\/media\/2837"}],"wp:attachment":[{"href":"https:\/\/unisale.com.br\/pastoral\/wp-json\/wp\/v2\/media?parent=2859"}],"wp:term":[{"taxonomy":"category","embeddable":true,"href":"https:\/\/unisale.com.br\/pastoral\/wp-json\/wp\/v2\/categories?post=2859"},{"taxonomy":"post_tag","embeddable":true,"href":"https:\/\/unisale.com.br\/pastoral\/wp-json\/wp\/v2\/tags?post=2859"}],"curies":[{"name":"wp","href":"https:\/\/api.w.org\/{rel}","templated":true}]}}