{"id":2865,"date":"2021-09-24T11:29:45","date_gmt":"2021-09-24T11:29:45","guid":{"rendered":"https:\/\/www.unisalesiano.com.br\/pastoral\/?p=2865"},"modified":"2021-09-24T11:29:45","modified_gmt":"2021-09-24T11:29:45","slug":"pois-aquele-que","status":"publish","type":"post","link":"https:\/\/unisale.com.br\/pastoral\/pois-aquele-que\/","title":{"rendered":"27\/09 &#8211; Pois aquele que entre v\u00f3s for menor, esse \u00e9 o maior"},"content":{"rendered":"<p>Segunda-feira, 27 de setembro de 2021.<\/p>\n<p>&nbsp;<\/p>\n<p><strong>Evangelho (Lc 9, 46-50)<\/strong><\/p>\n<p><strong>\u00a0<\/strong><\/p>\n<p><strong>\u201cPois aquele que entre v\u00f3s for menor, esse \u00e9 o maior\u201d.<\/strong><\/p>\n<p><strong>\u00a0<\/strong><\/p>\n<p>Naquele tempo, <sup>46<\/sup>houve entre os disc\u00edpulos uma discuss\u00e3o, para saber qual deles seria o maior. <sup>47<\/sup>Jesus sabia o que estavam pensando, pegou ent\u00e3o uma crian\u00e7a, colocou-a junto de si <sup>48<\/sup>e disse-lhes: \u201cQuem receber esta crian\u00e7a em meu nome, estar\u00e1 recebendo a mim. E quem me receber, estar\u00e1 recebendo aquele que me enviou. Pois aquele que entre todos v\u00f3s for o menor, esse \u00e9 o maior\u201d.<sup>49<\/sup>Jo\u00e3o disse a Jesus: \u201cMestre, vimos um homem que expulsa dem\u00f4nios em teu nome. Mas n\u00f3s o proibimos, porque n\u00e3o anda conosco\u201d. <sup>50<\/sup>Jesus disse-lhe: \u201cN\u00e3o o proibais, pois quem n\u00e3o est\u00e1 contra v\u00f3s, est\u00e1 a vosso favor\u201d.<\/p>\n<p><strong>\u00a0<\/strong><\/p>\n<p><strong>\u00a0<\/strong><\/p>\n<p><strong>Reflex\u00e3o<\/strong><\/p>\n<p>Os disc\u00edpulos discutem para ver quem \u00e9 o maior, e ao que parece, at\u00e9 parecem meio radicais na forma de pensar as coisas. Assim transparece o evangelho de hoje. S\u00e3o radicais quanto a conclus\u00e3o de quem \u00e9 o maior, s\u00e3o duros com rela\u00e7\u00e3o a quem n\u00e3o faz parte do grupo, mas agem em nome de Cristo. Mas Jesus com um gesto simples de acolher uma crian\u00e7a, diz de modo claro que a verdade deve ser acolhida com o mesmo carinho com o qual se acolhe uma crian\u00e7a. Jesus nos ensina que somente a ternura nos faz compreender o Mist\u00e9rio. Esta ternura se manifesta antes de tudo, na nossa pr\u00f3pria capacidade de nos fazermos crian\u00e7as. S\u00f3 podemos acolher Jesus como uma crian\u00e7a somente quando estamos dispostos a nos tornarmos pequenos. Este caminho de simplicidade n\u00e3o pode ser confundido com a ingenuidade. \u00c9 um caminho de essencialidade. As crian\u00e7as s\u00e3o essenciais, n\u00e3o fazem rodeios, n\u00e3o fazem longos discursos, v\u00e3o direto ao ponto, ao que \u00e9 essencial. Sabem chorar, sorrir, sabem bem o que querem, sabem deixar-se amar, n\u00e3o possuem preconceitos. Eis o segredo que Cristo no indica: fazer-se crian\u00e7a \u00e9 como um caminho que nos liberta de tantas frescuras que n\u00f3s adulto usamos para sobreviver, mas que ao final, para a nossa salva\u00e7\u00e3o s\u00e3o s\u00f3 obst\u00e1culos. Mas o evangelho se conclui com uma outra quest\u00e3o: basta que algu\u00e9m seja alheio ao nosso grupo para ser cortado fora n\u00e3o somente da nossa considera\u00e7\u00e3o, mas tamb\u00e9m da nossa constata\u00e7\u00e3o de que Deus ama a todos, tamb\u00e9m aquele que d\u2019Ele ainda est\u00e3o muito distantes. \u00c9 sempre terr\u00edvel pensar que algu\u00e9m pode nos tirar aquilo que \u00e9 nosso, mas Jesus diz: n\u00e3o os proibais, pois quem n\u00e3o est\u00e1 contra n\u00f3s est\u00e1 a nosso favor.<\/p>\n<p>&nbsp;<\/p>\n<p><strong>Pe. Paulo Eduardo J\u00e1como, sdb.<\/strong><\/p>\n","protected":false},"excerpt":{"rendered":"<p>Segunda-feira, 27 de setembro de 2021. &nbsp; Evangelho (Lc 9, 46-50) \u00a0 \u201cPois aquele que entre v\u00f3s for menor, esse \u00e9 o maior\u201d. \u00a0 Naquele&#8230;<\/p>\n","protected":false},"author":6,"featured_media":2868,"comment_status":"closed","ping_status":"closed","sticky":false,"template":"","format":"standard","meta":{"_acf_changed":false,"footnotes":""},"categories":[13],"tags":[],"class_list":["post-2865","post","type-post","status-publish","format-standard","has-post-thumbnail","hentry","category-reflexaodoevagelho"],"acf":[],"yoast_head":"<!-- This site is optimized with the Yoast SEO plugin v27.3 - https:\/\/yoast.com\/product\/yoast-seo-wordpress\/ -->\n<title>27\/09 - Pois aquele que entre v\u00f3s for menor, esse \u00e9 o maior - Pastoral Universit\u00e1ria UniSALESIANO<\/title>\n<meta name=\"robots\" content=\"index, follow, max-snippet:-1, max-image-preview:large, max-video-preview:-1\" \/>\n<link rel=\"canonical\" href=\"https:\/\/unisale.com.br\/novo\/pois-aquele-que\/\" \/>\n<meta property=\"og:locale\" content=\"pt_BR\" \/>\n<meta property=\"og:type\" content=\"article\" \/>\n<meta property=\"og:title\" content=\"27\/09 - Pois aquele que entre v\u00f3s for menor, esse \u00e9 o maior - Pastoral Universit\u00e1ria UniSALESIANO\" \/>\n<meta property=\"og:description\" content=\"Segunda-feira, 27 de setembro de 2021. &nbsp; Evangelho (Lc 9, 46-50) \u00a0 \u201cPois aquele que entre v\u00f3s for menor, esse \u00e9 o maior\u201d. \u00a0 Naquele...\" \/>\n<meta property=\"og:url\" content=\"https:\/\/unisale.com.br\/novo\/pois-aquele-que\/\" \/>\n<meta property=\"og:site_name\" content=\"Pastoral Universit\u00e1ria UniSALESIANO\" \/>\n<meta property=\"article:published_time\" content=\"2021-09-24T11:29:45+00:00\" \/>\n<meta property=\"og:image\" content=\"https:\/\/unisale.com.br\/novo\/wp-content\/uploads\/2021\/09\/Ev-dia-27.jpg\" \/>\n\t<meta property=\"og:image:width\" content=\"1280\" \/>\n\t<meta property=\"og:image:height\" content=\"720\" \/>\n\t<meta property=\"og:image:type\" content=\"image\/jpeg\" \/>\n<meta name=\"author\" content=\"Luiz Alexandre Marinho Lanzoni\" \/>\n<meta name=\"twitter:card\" content=\"summary_large_image\" \/>\n<meta name=\"twitter:label1\" content=\"Escrito por\" \/>\n\t<meta name=\"twitter:data1\" content=\"Luiz Alexandre Marinho Lanzoni\" \/>\n\t<meta name=\"twitter:label2\" content=\"Est. tempo de leitura\" \/>\n\t<meta name=\"twitter:data2\" content=\"2 minutos\" \/>\n<script type=\"application\/ld+json\" class=\"yoast-schema-graph\">{\"@context\":\"https:\\\/\\\/schema.org\",\"@graph\":[{\"@type\":\"Article\",\"@id\":\"https:\\\/\\\/unisale.com.br\\\/novo\\\/pois-aquele-que\\\/#article\",\"isPartOf\":{\"@id\":\"https:\\\/\\\/unisale.com.br\\\/novo\\\/pois-aquele-que\\\/\"},\"author\":{\"name\":\"Luiz Alexandre Marinho Lanzoni\",\"@id\":\"https:\\\/\\\/unisale.com.br\\\/pastoral\\\/#\\\/schema\\\/person\\\/492d3d7bfe53a8302576d39485aff2c4\"},\"headline\":\"27\\\/09 &#8211; Pois aquele que entre v\u00f3s for menor, esse \u00e9 o maior\",\"datePublished\":\"2021-09-24T11:29:45+00:00\",\"mainEntityOfPage\":{\"@id\":\"https:\\\/\\\/unisale.com.br\\\/novo\\\/pois-aquele-que\\\/\"},\"wordCount\":473,\"image\":{\"@id\":\"https:\\\/\\\/unisale.com.br\\\/novo\\\/pois-aquele-que\\\/#primaryimage\"},\"thumbnailUrl\":\"https:\\\/\\\/unisale.com.br\\\/pastoral\\\/wp-content\\\/uploads\\\/2021\\\/09\\\/Ev-dia-27.jpg\",\"articleSection\":[\"Reflex\u00e3o do Evangelho\"],\"inLanguage\":\"pt-BR\"},{\"@type\":\"WebPage\",\"@id\":\"https:\\\/\\\/unisale.com.br\\\/novo\\\/pois-aquele-que\\\/\",\"url\":\"https:\\\/\\\/unisale.com.br\\\/novo\\\/pois-aquele-que\\\/\",\"name\":\"27\\\/09 - Pois aquele que entre v\u00f3s for menor, esse \u00e9 o maior - Pastoral Universit\u00e1ria UniSALESIANO\",\"isPartOf\":{\"@id\":\"https:\\\/\\\/unisale.com.br\\\/pastoral\\\/#website\"},\"primaryImageOfPage\":{\"@id\":\"https:\\\/\\\/unisale.com.br\\\/novo\\\/pois-aquele-que\\\/#primaryimage\"},\"image\":{\"@id\":\"https:\\\/\\\/unisale.com.br\\\/novo\\\/pois-aquele-que\\\/#primaryimage\"},\"thumbnailUrl\":\"https:\\\/\\\/unisale.com.br\\\/pastoral\\\/wp-content\\\/uploads\\\/2021\\\/09\\\/Ev-dia-27.jpg\",\"datePublished\":\"2021-09-24T11:29:45+00:00\",\"author\":{\"@id\":\"https:\\\/\\\/unisale.com.br\\\/pastoral\\\/#\\\/schema\\\/person\\\/492d3d7bfe53a8302576d39485aff2c4\"},\"inLanguage\":\"pt-BR\",\"potentialAction\":[{\"@type\":\"ReadAction\",\"target\":[\"https:\\\/\\\/unisale.com.br\\\/novo\\\/pois-aquele-que\\\/\"]}]},{\"@type\":\"ImageObject\",\"inLanguage\":\"pt-BR\",\"@id\":\"https:\\\/\\\/unisale.com.br\\\/novo\\\/pois-aquele-que\\\/#primaryimage\",\"url\":\"https:\\\/\\\/unisale.com.br\\\/pastoral\\\/wp-content\\\/uploads\\\/2021\\\/09\\\/Ev-dia-27.jpg\",\"contentUrl\":\"https:\\\/\\\/unisale.com.br\\\/pastoral\\\/wp-content\\\/uploads\\\/2021\\\/09\\\/Ev-dia-27.jpg\",\"width\":889,\"height\":500},{\"@type\":\"WebSite\",\"@id\":\"https:\\\/\\\/unisale.com.br\\\/pastoral\\\/#website\",\"url\":\"https:\\\/\\\/unisale.com.br\\\/pastoral\\\/\",\"name\":\"Pastoral Universit\u00e1ria UniSALESIANO\",\"description\":\"Site da Pastoral Universit\u00e1ria do UniSALESIANO\",\"potentialAction\":[{\"@type\":\"SearchAction\",\"target\":{\"@type\":\"EntryPoint\",\"urlTemplate\":\"https:\\\/\\\/unisale.com.br\\\/pastoral\\\/?s={search_term_string}\"},\"query-input\":{\"@type\":\"PropertyValueSpecification\",\"valueRequired\":true,\"valueName\":\"search_term_string\"}}],\"inLanguage\":\"pt-BR\"},{\"@type\":\"Person\",\"@id\":\"https:\\\/\\\/unisale.com.br\\\/pastoral\\\/#\\\/schema\\\/person\\\/492d3d7bfe53a8302576d39485aff2c4\",\"name\":\"Luiz Alexandre Marinho Lanzoni\",\"url\":\"https:\\\/\\\/unisale.com.br\\\/pastoral\\\/author\\\/luiz\\\/\"}]}<\/script>\n<!-- \/ Yoast SEO plugin. -->","yoast_head_json":{"title":"27\/09 - Pois aquele que entre v\u00f3s for menor, esse \u00e9 o maior - Pastoral Universit\u00e1ria UniSALESIANO","robots":{"index":"index","follow":"follow","max-snippet":"max-snippet:-1","max-image-preview":"max-image-preview:large","max-video-preview":"max-video-preview:-1"},"canonical":"https:\/\/unisale.com.br\/novo\/pois-aquele-que\/","og_locale":"pt_BR","og_type":"article","og_title":"27\/09 - Pois aquele que entre v\u00f3s for menor, esse \u00e9 o maior - Pastoral Universit\u00e1ria UniSALESIANO","og_description":"Segunda-feira, 27 de setembro de 2021. &nbsp; Evangelho (Lc 9, 46-50) \u00a0 \u201cPois aquele que entre v\u00f3s for menor, esse \u00e9 o maior\u201d. \u00a0 Naquele...","og_url":"https:\/\/unisale.com.br\/novo\/pois-aquele-que\/","og_site_name":"Pastoral Universit\u00e1ria UniSALESIANO","article_published_time":"2021-09-24T11:29:45+00:00","og_image":[{"width":1280,"height":720,"url":"https:\/\/unisale.com.br\/novo\/wp-content\/uploads\/2021\/09\/Ev-dia-27.jpg","type":"image\/jpeg"}],"author":"Luiz Alexandre Marinho Lanzoni","twitter_card":"summary_large_image","twitter_misc":{"Escrito por":"Luiz Alexandre Marinho Lanzoni","Est. tempo de leitura":"2 minutos"},"schema":{"@context":"https:\/\/schema.org","@graph":[{"@type":"Article","@id":"https:\/\/unisale.com.br\/novo\/pois-aquele-que\/#article","isPartOf":{"@id":"https:\/\/unisale.com.br\/novo\/pois-aquele-que\/"},"author":{"name":"Luiz Alexandre Marinho Lanzoni","@id":"https:\/\/unisale.com.br\/pastoral\/#\/schema\/person\/492d3d7bfe53a8302576d39485aff2c4"},"headline":"27\/09 &#8211; Pois aquele que entre v\u00f3s for menor, esse \u00e9 o maior","datePublished":"2021-09-24T11:29:45+00:00","mainEntityOfPage":{"@id":"https:\/\/unisale.com.br\/novo\/pois-aquele-que\/"},"wordCount":473,"image":{"@id":"https:\/\/unisale.com.br\/novo\/pois-aquele-que\/#primaryimage"},"thumbnailUrl":"https:\/\/unisale.com.br\/pastoral\/wp-content\/uploads\/2021\/09\/Ev-dia-27.jpg","articleSection":["Reflex\u00e3o do Evangelho"],"inLanguage":"pt-BR"},{"@type":"WebPage","@id":"https:\/\/unisale.com.br\/novo\/pois-aquele-que\/","url":"https:\/\/unisale.com.br\/novo\/pois-aquele-que\/","name":"27\/09 - Pois aquele que entre v\u00f3s for menor, esse \u00e9 o maior - Pastoral Universit\u00e1ria UniSALESIANO","isPartOf":{"@id":"https:\/\/unisale.com.br\/pastoral\/#website"},"primaryImageOfPage":{"@id":"https:\/\/unisale.com.br\/novo\/pois-aquele-que\/#primaryimage"},"image":{"@id":"https:\/\/unisale.com.br\/novo\/pois-aquele-que\/#primaryimage"},"thumbnailUrl":"https:\/\/unisale.com.br\/pastoral\/wp-content\/uploads\/2021\/09\/Ev-dia-27.jpg","datePublished":"2021-09-24T11:29:45+00:00","author":{"@id":"https:\/\/unisale.com.br\/pastoral\/#\/schema\/person\/492d3d7bfe53a8302576d39485aff2c4"},"inLanguage":"pt-BR","potentialAction":[{"@type":"ReadAction","target":["https:\/\/unisale.com.br\/novo\/pois-aquele-que\/"]}]},{"@type":"ImageObject","inLanguage":"pt-BR","@id":"https:\/\/unisale.com.br\/novo\/pois-aquele-que\/#primaryimage","url":"https:\/\/unisale.com.br\/pastoral\/wp-content\/uploads\/2021\/09\/Ev-dia-27.jpg","contentUrl":"https:\/\/unisale.com.br\/pastoral\/wp-content\/uploads\/2021\/09\/Ev-dia-27.jpg","width":889,"height":500},{"@type":"WebSite","@id":"https:\/\/unisale.com.br\/pastoral\/#website","url":"https:\/\/unisale.com.br\/pastoral\/","name":"Pastoral Universit\u00e1ria UniSALESIANO","description":"Site da Pastoral Universit\u00e1ria do UniSALESIANO","potentialAction":[{"@type":"SearchAction","target":{"@type":"EntryPoint","urlTemplate":"https:\/\/unisale.com.br\/pastoral\/?s={search_term_string}"},"query-input":{"@type":"PropertyValueSpecification","valueRequired":true,"valueName":"search_term_string"}}],"inLanguage":"pt-BR"},{"@type":"Person","@id":"https:\/\/unisale.com.br\/pastoral\/#\/schema\/person\/492d3d7bfe53a8302576d39485aff2c4","name":"Luiz Alexandre Marinho Lanzoni","url":"https:\/\/unisale.com.br\/pastoral\/author\/luiz\/"}]}},"_links":{"self":[{"href":"https:\/\/unisale.com.br\/pastoral\/wp-json\/wp\/v2\/posts\/2865","targetHints":{"allow":["GET"]}}],"collection":[{"href":"https:\/\/unisale.com.br\/pastoral\/wp-json\/wp\/v2\/posts"}],"about":[{"href":"https:\/\/unisale.com.br\/pastoral\/wp-json\/wp\/v2\/types\/post"}],"author":[{"embeddable":true,"href":"https:\/\/unisale.com.br\/pastoral\/wp-json\/wp\/v2\/users\/6"}],"replies":[{"embeddable":true,"href":"https:\/\/unisale.com.br\/pastoral\/wp-json\/wp\/v2\/comments?post=2865"}],"version-history":[{"count":0,"href":"https:\/\/unisale.com.br\/pastoral\/wp-json\/wp\/v2\/posts\/2865\/revisions"}],"wp:featuredmedia":[{"embeddable":true,"href":"https:\/\/unisale.com.br\/pastoral\/wp-json\/wp\/v2\/media\/2868"}],"wp:attachment":[{"href":"https:\/\/unisale.com.br\/pastoral\/wp-json\/wp\/v2\/media?parent=2865"}],"wp:term":[{"taxonomy":"category","embeddable":true,"href":"https:\/\/unisale.com.br\/pastoral\/wp-json\/wp\/v2\/categories?post=2865"},{"taxonomy":"post_tag","embeddable":true,"href":"https:\/\/unisale.com.br\/pastoral\/wp-json\/wp\/v2\/tags?post=2865"}],"curies":[{"name":"wp","href":"https:\/\/api.w.org\/{rel}","templated":true}]}}