{"id":2872,"date":"2021-09-24T11:36:22","date_gmt":"2021-09-24T11:36:22","guid":{"rendered":"https:\/\/www.unisalesiano.com.br\/pastoral\/?p=2872"},"modified":"2021-09-29T12:07:34","modified_gmt":"2021-09-29T12:07:34","slug":"29-09-ai-vem-um-israelita-de-verdade-um-homem-sem-falsidade","status":"publish","type":"post","link":"https:\/\/unisale.com.br\/pastoral\/29-09-ai-vem-um-israelita-de-verdade-um-homem-sem-falsidade\/","title":{"rendered":"29\/09 &#8211; A\u00ed vem um israelita de verdade, um homem sem falsidade"},"content":{"rendered":"<p>Quarta-feira, 29 de setembro de 2021.<\/p>\n<p>&nbsp;<\/p>\n<p>Evangelho (Jo 1,45-51)<\/p>\n<p>&nbsp;<\/p>\n<p><strong>\u201cA\u00ed vem um israelita de verdade, um homem sem falsidade\u201d<\/strong><\/p>\n<p>&nbsp;<\/p>\n<p><sup>45<\/sup>Filipe encontrou-se com Natanael e lhe disse: \u201cEncontramos aquele de quem Mois\u00e9s escreveu na Lei, e tamb\u00e9m os profetas: Jesus de Nazar\u00e9, o filho de Jos\u00e9\u201d. <sup>46<\/sup>Natanael disse: \u201cDe Nazar\u00e9 pode sair coisa boa?\u201d Filipe respondeu: \u201cVem ver!\u201d <sup>47<\/sup>Jesus viu Natanael que vinha para ele e comentou: \u201cA\u00ed vem um israelita de verdade, um homem sem falsidade\u201d. <sup>48<\/sup>Natanael perguntou: \u201cDe onde me conheces?\u201d Jesus respondeu: \u201cAntes que Filipe te chamasse, enquanto estavas debaixo da figueira, eu te vi\u201d. <sup>49<\/sup>Natanael respondeu: \u201cRabi, tu \u00e9s o Filho de Deus, tu \u00e9s o Rei de Israel\u201d. <sup>50<\/sup>Jesus disse: \u201cTu cr\u00eas porque te disse: Eu te vi debaixo da figueira? Coisas maiores que esta ver\u00e1s!\u201d <sup>51<\/sup>E Jesus continuou: \u201cEm verdade, em verdade eu vos digo: Vereis o c\u00e9u aberto e os anjos de Deus subindo e descendo sobre o Filho do Homem\u201d.<\/p>\n<p>&nbsp;<\/p>\n<p><strong>Reflex\u00e3o<\/strong><\/p>\n<p>&nbsp;<\/p>\n<p>Hoje a Igreja celebra a Festa dos Santos Anjos Miguel, Gabriel e Rafael e o Evangelho de hoje nos faz um convite a santidade. Filipe \u00e9 quem leva Natanael at\u00e9 Jesus e ir at\u00e9 Jesus e estar com Ele j\u00e1 \u00e9 um bom come\u00e7o para um caminho de santidade. O amigo que conduz o outro amigo. O amigo que fez a experi\u00eancia com Jesus, agora deseja que o seu amigo tamb\u00e9m o fa\u00e7a. Como bem disse Jesus a respeito de Natanael: \u201cA\u00ed vem um israelita de verdade, um homem sem falsidade\u201d. Jesus quis dizer de Natanael que ele era um homem direto, sem muita diplomacia, um homem humilde que admite quando erra. Apesar de toda a sua sinceridade, ele se deixa conduzir at\u00e9 Jesus e quando o encontra se sente tocado e se envolve de uma maneira \u00fanica, reconhecendo que Jesus \u00e9 mesmo o Filho de Deus, que Ele \u00e9 o rei de Israel. Suas convic\u00e7\u00f5es n\u00e3o estavam petrificadas e a sua sinceridade permitiu-lhe descobrir a ess\u00eancia de Jesus. Natanael, ou melhor dizendo, o futuro Bartolomeu, deu o seu testemunho de santidade. Sim, ser santo \u00e9 justamente isso, ter a capacidade de abrir-se a Jesus e n\u00e3o permitir que velhos conceitos, que a pr\u00f3pria \u00edndole, que o pr\u00f3prio car\u00e1ter n\u00e3o te impe\u00e7a de repensar o j\u00e1 pensado. Ser santo \u00e9 ser voc\u00ea mesmo, mas sempre com a consci\u00eancia de que voc\u00ea est\u00e1 a caminho, de que voc\u00ea est\u00e1 em crescimento, de que voc\u00ea est\u00e1 se convertendo sempre. Ser santo \u00e9 ser voc\u00ea mesmo, mas com uma caracter\u00edstica: com a capacidade de sempre \u201cendireitar\u201d o foco da sua vida. Somos \u00fanicos aos olhos de Deus e tamb\u00e9m aos olhos do mundo. Cada um de n\u00f3s tem suas caracter\u00edsticas pr\u00f3prias. Mas n\u00e3o basta sermos originais, temos que ser tamb\u00e9m maduros. Uma coisa \u00e9 certa, quanta coisa poder\u00edamos ver e provar se segu\u00edssemos realmente Jesus Cristo.<\/p>\n<p>&nbsp;<\/p>\n<p><strong>Pe. Paulo Eduardo J\u00e1como, sdb.<\/strong><\/p>\n","protected":false},"excerpt":{"rendered":"<p>Quarta-feira, 29 de setembro de 2021. &nbsp; Evangelho (Jo 1,45-51) &nbsp; \u201cA\u00ed vem um israelita de verdade, um homem sem falsidade\u201d &nbsp; 45Filipe encontrou-se com&#8230;<\/p>\n","protected":false},"author":6,"featured_media":2866,"comment_status":"closed","ping_status":"closed","sticky":false,"template":"","format":"standard","meta":{"_acf_changed":false,"footnotes":""},"categories":[13],"tags":[],"class_list":["post-2872","post","type-post","status-publish","format-standard","has-post-thumbnail","hentry","category-reflexaodoevagelho"],"acf":[],"yoast_head":"<!-- This site is optimized with the Yoast SEO plugin v27.3 - https:\/\/yoast.com\/product\/yoast-seo-wordpress\/ -->\n<title>29\/09 - A\u00ed vem um israelita de verdade, um homem sem falsidade - Pastoral Universit\u00e1ria UniSALESIANO<\/title>\n<meta name=\"robots\" content=\"index, follow, max-snippet:-1, max-image-preview:large, max-video-preview:-1\" \/>\n<link rel=\"canonical\" href=\"https:\/\/unisale.com.br\/novo\/29-09-ai-vem-um-israelita-de-verdade-um-homem-sem-falsidade\/\" \/>\n<meta property=\"og:locale\" content=\"pt_BR\" \/>\n<meta property=\"og:type\" content=\"article\" \/>\n<meta property=\"og:title\" content=\"29\/09 - A\u00ed vem um israelita de verdade, um homem sem falsidade - Pastoral Universit\u00e1ria UniSALESIANO\" \/>\n<meta property=\"og:description\" content=\"Quarta-feira, 29 de setembro de 2021. &nbsp; Evangelho (Jo 1,45-51) &nbsp; \u201cA\u00ed vem um israelita de verdade, um homem sem falsidade\u201d &nbsp; 45Filipe encontrou-se com...\" \/>\n<meta property=\"og:url\" content=\"https:\/\/unisale.com.br\/novo\/29-09-ai-vem-um-israelita-de-verdade-um-homem-sem-falsidade\/\" \/>\n<meta property=\"og:site_name\" content=\"Pastoral Universit\u00e1ria UniSALESIANO\" \/>\n<meta property=\"article:published_time\" content=\"2021-09-24T11:36:22+00:00\" \/>\n<meta property=\"article:modified_time\" content=\"2021-09-29T12:07:34+00:00\" \/>\n<meta property=\"og:image\" content=\"https:\/\/unisale.com.br\/novo\/wp-content\/uploads\/2021\/09\/Ev-dia-29.jpg\" \/>\n\t<meta property=\"og:image:width\" content=\"600\" \/>\n\t<meta property=\"og:image:height\" content=\"600\" \/>\n\t<meta property=\"og:image:type\" content=\"image\/jpeg\" \/>\n<meta name=\"author\" content=\"Luiz Alexandre Marinho Lanzoni\" \/>\n<meta name=\"twitter:card\" content=\"summary_large_image\" \/>\n<meta name=\"twitter:label1\" content=\"Escrito por\" \/>\n\t<meta name=\"twitter:data1\" content=\"Luiz Alexandre Marinho Lanzoni\" \/>\n\t<meta name=\"twitter:label2\" content=\"Est. tempo de leitura\" \/>\n\t<meta name=\"twitter:data2\" content=\"3 minutos\" \/>\n<script type=\"application\/ld+json\" class=\"yoast-schema-graph\">{\"@context\":\"https:\\\/\\\/schema.org\",\"@graph\":[{\"@type\":\"Article\",\"@id\":\"https:\\\/\\\/unisale.com.br\\\/novo\\\/29-09-ai-vem-um-israelita-de-verdade-um-homem-sem-falsidade\\\/#article\",\"isPartOf\":{\"@id\":\"https:\\\/\\\/unisale.com.br\\\/novo\\\/29-09-ai-vem-um-israelita-de-verdade-um-homem-sem-falsidade\\\/\"},\"author\":{\"name\":\"Luiz Alexandre Marinho Lanzoni\",\"@id\":\"https:\\\/\\\/unisale.com.br\\\/pastoral\\\/#\\\/schema\\\/person\\\/492d3d7bfe53a8302576d39485aff2c4\"},\"headline\":\"29\\\/09 &#8211; A\u00ed vem um israelita de verdade, um homem sem falsidade\",\"datePublished\":\"2021-09-24T11:36:22+00:00\",\"dateModified\":\"2021-09-29T12:07:34+00:00\",\"mainEntityOfPage\":{\"@id\":\"https:\\\/\\\/unisale.com.br\\\/novo\\\/29-09-ai-vem-um-israelita-de-verdade-um-homem-sem-falsidade\\\/\"},\"wordCount\":513,\"image\":{\"@id\":\"https:\\\/\\\/unisale.com.br\\\/novo\\\/29-09-ai-vem-um-israelita-de-verdade-um-homem-sem-falsidade\\\/#primaryimage\"},\"thumbnailUrl\":\"https:\\\/\\\/unisale.com.br\\\/pastoral\\\/wp-content\\\/uploads\\\/2021\\\/09\\\/Ev-dia-29.jpg\",\"articleSection\":[\"Reflex\u00e3o do Evangelho\"],\"inLanguage\":\"pt-BR\"},{\"@type\":\"WebPage\",\"@id\":\"https:\\\/\\\/unisale.com.br\\\/novo\\\/29-09-ai-vem-um-israelita-de-verdade-um-homem-sem-falsidade\\\/\",\"url\":\"https:\\\/\\\/unisale.com.br\\\/novo\\\/29-09-ai-vem-um-israelita-de-verdade-um-homem-sem-falsidade\\\/\",\"name\":\"29\\\/09 - A\u00ed vem um israelita de verdade, um homem sem falsidade - Pastoral Universit\u00e1ria UniSALESIANO\",\"isPartOf\":{\"@id\":\"https:\\\/\\\/unisale.com.br\\\/pastoral\\\/#website\"},\"primaryImageOfPage\":{\"@id\":\"https:\\\/\\\/unisale.com.br\\\/novo\\\/29-09-ai-vem-um-israelita-de-verdade-um-homem-sem-falsidade\\\/#primaryimage\"},\"image\":{\"@id\":\"https:\\\/\\\/unisale.com.br\\\/novo\\\/29-09-ai-vem-um-israelita-de-verdade-um-homem-sem-falsidade\\\/#primaryimage\"},\"thumbnailUrl\":\"https:\\\/\\\/unisale.com.br\\\/pastoral\\\/wp-content\\\/uploads\\\/2021\\\/09\\\/Ev-dia-29.jpg\",\"datePublished\":\"2021-09-24T11:36:22+00:00\",\"dateModified\":\"2021-09-29T12:07:34+00:00\",\"author\":{\"@id\":\"https:\\\/\\\/unisale.com.br\\\/pastoral\\\/#\\\/schema\\\/person\\\/492d3d7bfe53a8302576d39485aff2c4\"},\"inLanguage\":\"pt-BR\",\"potentialAction\":[{\"@type\":\"ReadAction\",\"target\":[\"https:\\\/\\\/unisale.com.br\\\/novo\\\/29-09-ai-vem-um-israelita-de-verdade-um-homem-sem-falsidade\\\/\"]}]},{\"@type\":\"ImageObject\",\"inLanguage\":\"pt-BR\",\"@id\":\"https:\\\/\\\/unisale.com.br\\\/novo\\\/29-09-ai-vem-um-israelita-de-verdade-um-homem-sem-falsidade\\\/#primaryimage\",\"url\":\"https:\\\/\\\/unisale.com.br\\\/pastoral\\\/wp-content\\\/uploads\\\/2021\\\/09\\\/Ev-dia-29.jpg\",\"contentUrl\":\"https:\\\/\\\/unisale.com.br\\\/pastoral\\\/wp-content\\\/uploads\\\/2021\\\/09\\\/Ev-dia-29.jpg\",\"width\":500,\"height\":500},{\"@type\":\"WebSite\",\"@id\":\"https:\\\/\\\/unisale.com.br\\\/pastoral\\\/#website\",\"url\":\"https:\\\/\\\/unisale.com.br\\\/pastoral\\\/\",\"name\":\"Pastoral Universit\u00e1ria UniSALESIANO\",\"description\":\"Site da Pastoral Universit\u00e1ria do UniSALESIANO\",\"potentialAction\":[{\"@type\":\"SearchAction\",\"target\":{\"@type\":\"EntryPoint\",\"urlTemplate\":\"https:\\\/\\\/unisale.com.br\\\/pastoral\\\/?s={search_term_string}\"},\"query-input\":{\"@type\":\"PropertyValueSpecification\",\"valueRequired\":true,\"valueName\":\"search_term_string\"}}],\"inLanguage\":\"pt-BR\"},{\"@type\":\"Person\",\"@id\":\"https:\\\/\\\/unisale.com.br\\\/pastoral\\\/#\\\/schema\\\/person\\\/492d3d7bfe53a8302576d39485aff2c4\",\"name\":\"Luiz Alexandre Marinho Lanzoni\",\"url\":\"https:\\\/\\\/unisale.com.br\\\/pastoral\\\/author\\\/luiz\\\/\"}]}<\/script>\n<!-- \/ Yoast SEO plugin. -->","yoast_head_json":{"title":"29\/09 - A\u00ed vem um israelita de verdade, um homem sem falsidade - Pastoral Universit\u00e1ria UniSALESIANO","robots":{"index":"index","follow":"follow","max-snippet":"max-snippet:-1","max-image-preview":"max-image-preview:large","max-video-preview":"max-video-preview:-1"},"canonical":"https:\/\/unisale.com.br\/novo\/29-09-ai-vem-um-israelita-de-verdade-um-homem-sem-falsidade\/","og_locale":"pt_BR","og_type":"article","og_title":"29\/09 - A\u00ed vem um israelita de verdade, um homem sem falsidade - Pastoral Universit\u00e1ria UniSALESIANO","og_description":"Quarta-feira, 29 de setembro de 2021. &nbsp; Evangelho (Jo 1,45-51) &nbsp; \u201cA\u00ed vem um israelita de verdade, um homem sem falsidade\u201d &nbsp; 45Filipe encontrou-se com...","og_url":"https:\/\/unisale.com.br\/novo\/29-09-ai-vem-um-israelita-de-verdade-um-homem-sem-falsidade\/","og_site_name":"Pastoral Universit\u00e1ria UniSALESIANO","article_published_time":"2021-09-24T11:36:22+00:00","article_modified_time":"2021-09-29T12:07:34+00:00","og_image":[{"width":600,"height":600,"url":"https:\/\/unisale.com.br\/novo\/wp-content\/uploads\/2021\/09\/Ev-dia-29.jpg","type":"image\/jpeg"}],"author":"Luiz Alexandre Marinho Lanzoni","twitter_card":"summary_large_image","twitter_misc":{"Escrito por":"Luiz Alexandre Marinho Lanzoni","Est. tempo de leitura":"3 minutos"},"schema":{"@context":"https:\/\/schema.org","@graph":[{"@type":"Article","@id":"https:\/\/unisale.com.br\/novo\/29-09-ai-vem-um-israelita-de-verdade-um-homem-sem-falsidade\/#article","isPartOf":{"@id":"https:\/\/unisale.com.br\/novo\/29-09-ai-vem-um-israelita-de-verdade-um-homem-sem-falsidade\/"},"author":{"name":"Luiz Alexandre Marinho Lanzoni","@id":"https:\/\/unisale.com.br\/pastoral\/#\/schema\/person\/492d3d7bfe53a8302576d39485aff2c4"},"headline":"29\/09 &#8211; A\u00ed vem um israelita de verdade, um homem sem falsidade","datePublished":"2021-09-24T11:36:22+00:00","dateModified":"2021-09-29T12:07:34+00:00","mainEntityOfPage":{"@id":"https:\/\/unisale.com.br\/novo\/29-09-ai-vem-um-israelita-de-verdade-um-homem-sem-falsidade\/"},"wordCount":513,"image":{"@id":"https:\/\/unisale.com.br\/novo\/29-09-ai-vem-um-israelita-de-verdade-um-homem-sem-falsidade\/#primaryimage"},"thumbnailUrl":"https:\/\/unisale.com.br\/pastoral\/wp-content\/uploads\/2021\/09\/Ev-dia-29.jpg","articleSection":["Reflex\u00e3o do Evangelho"],"inLanguage":"pt-BR"},{"@type":"WebPage","@id":"https:\/\/unisale.com.br\/novo\/29-09-ai-vem-um-israelita-de-verdade-um-homem-sem-falsidade\/","url":"https:\/\/unisale.com.br\/novo\/29-09-ai-vem-um-israelita-de-verdade-um-homem-sem-falsidade\/","name":"29\/09 - A\u00ed vem um israelita de verdade, um homem sem falsidade - Pastoral Universit\u00e1ria UniSALESIANO","isPartOf":{"@id":"https:\/\/unisale.com.br\/pastoral\/#website"},"primaryImageOfPage":{"@id":"https:\/\/unisale.com.br\/novo\/29-09-ai-vem-um-israelita-de-verdade-um-homem-sem-falsidade\/#primaryimage"},"image":{"@id":"https:\/\/unisale.com.br\/novo\/29-09-ai-vem-um-israelita-de-verdade-um-homem-sem-falsidade\/#primaryimage"},"thumbnailUrl":"https:\/\/unisale.com.br\/pastoral\/wp-content\/uploads\/2021\/09\/Ev-dia-29.jpg","datePublished":"2021-09-24T11:36:22+00:00","dateModified":"2021-09-29T12:07:34+00:00","author":{"@id":"https:\/\/unisale.com.br\/pastoral\/#\/schema\/person\/492d3d7bfe53a8302576d39485aff2c4"},"inLanguage":"pt-BR","potentialAction":[{"@type":"ReadAction","target":["https:\/\/unisale.com.br\/novo\/29-09-ai-vem-um-israelita-de-verdade-um-homem-sem-falsidade\/"]}]},{"@type":"ImageObject","inLanguage":"pt-BR","@id":"https:\/\/unisale.com.br\/novo\/29-09-ai-vem-um-israelita-de-verdade-um-homem-sem-falsidade\/#primaryimage","url":"https:\/\/unisale.com.br\/pastoral\/wp-content\/uploads\/2021\/09\/Ev-dia-29.jpg","contentUrl":"https:\/\/unisale.com.br\/pastoral\/wp-content\/uploads\/2021\/09\/Ev-dia-29.jpg","width":500,"height":500},{"@type":"WebSite","@id":"https:\/\/unisale.com.br\/pastoral\/#website","url":"https:\/\/unisale.com.br\/pastoral\/","name":"Pastoral Universit\u00e1ria UniSALESIANO","description":"Site da Pastoral Universit\u00e1ria do UniSALESIANO","potentialAction":[{"@type":"SearchAction","target":{"@type":"EntryPoint","urlTemplate":"https:\/\/unisale.com.br\/pastoral\/?s={search_term_string}"},"query-input":{"@type":"PropertyValueSpecification","valueRequired":true,"valueName":"search_term_string"}}],"inLanguage":"pt-BR"},{"@type":"Person","@id":"https:\/\/unisale.com.br\/pastoral\/#\/schema\/person\/492d3d7bfe53a8302576d39485aff2c4","name":"Luiz Alexandre Marinho Lanzoni","url":"https:\/\/unisale.com.br\/pastoral\/author\/luiz\/"}]}},"_links":{"self":[{"href":"https:\/\/unisale.com.br\/pastoral\/wp-json\/wp\/v2\/posts\/2872","targetHints":{"allow":["GET"]}}],"collection":[{"href":"https:\/\/unisale.com.br\/pastoral\/wp-json\/wp\/v2\/posts"}],"about":[{"href":"https:\/\/unisale.com.br\/pastoral\/wp-json\/wp\/v2\/types\/post"}],"author":[{"embeddable":true,"href":"https:\/\/unisale.com.br\/pastoral\/wp-json\/wp\/v2\/users\/6"}],"replies":[{"embeddable":true,"href":"https:\/\/unisale.com.br\/pastoral\/wp-json\/wp\/v2\/comments?post=2872"}],"version-history":[{"count":0,"href":"https:\/\/unisale.com.br\/pastoral\/wp-json\/wp\/v2\/posts\/2872\/revisions"}],"wp:featuredmedia":[{"embeddable":true,"href":"https:\/\/unisale.com.br\/pastoral\/wp-json\/wp\/v2\/media\/2866"}],"wp:attachment":[{"href":"https:\/\/unisale.com.br\/pastoral\/wp-json\/wp\/v2\/media?parent=2872"}],"wp:term":[{"taxonomy":"category","embeddable":true,"href":"https:\/\/unisale.com.br\/pastoral\/wp-json\/wp\/v2\/categories?post=2872"},{"taxonomy":"post_tag","embeddable":true,"href":"https:\/\/unisale.com.br\/pastoral\/wp-json\/wp\/v2\/tags?post=2872"}],"curies":[{"name":"wp","href":"https:\/\/api.w.org\/{rel}","templated":true}]}}