{"id":2890,"date":"2021-09-28T10:25:25","date_gmt":"2021-09-28T10:25:25","guid":{"rendered":"https:\/\/unisale.com.br\/pastoral\/?p=2890"},"modified":"2021-09-28T10:25:25","modified_gmt":"2021-09-28T10:25:25","slug":"02-10-nao-desprezeis-nenhum-desses-pequeninos-pois-eu-vos-digo-que-os-seus-anjos-nos-ceus-veem-sem-cessar-a-face-do-meu-pai-que-esta-nos-ceus","status":"publish","type":"post","link":"https:\/\/unisale.com.br\/pastoral\/02-10-nao-desprezeis-nenhum-desses-pequeninos-pois-eu-vos-digo-que-os-seus-anjos-nos-ceus-veem-sem-cessar-a-face-do-meu-pai-que-esta-nos-ceus\/","title":{"rendered":"02\/10 &#8211; N\u00e3o desprezeis nenhum desses pequeninos, pois eu vos digo que os seus anjos nos c\u00e9us veem sem cessar a face do meu Pai que est\u00e1 nos c\u00e9us"},"content":{"rendered":"<p>S\u00e1bado, 02 de outubro de 2021.<\/p>\n<p>&nbsp;<\/p>\n<p>Evangelho (Mt 18,1-15.10)<\/p>\n<p>&nbsp;<\/p>\n<p><strong>\u201cN\u00e3o desprezeis nenhum desses pequeninos, pois eu vos digo que os seus anjos nos c\u00e9us veem sem cessar a face do meu Pai que est\u00e1 nos c\u00e9us\u201d<\/strong><\/p>\n<p>&nbsp;<\/p>\n<p>Naquela hora, <sup>1<\/sup>os disc\u00edpulos aproximaram-se de Jesus e perguntaram: \u201cQuem \u00e9 o maior no Reino dos C\u00e9us?\u201d <sup>2<\/sup>Jesus chamou uma crian\u00e7a, colocou-a no meio deles <sup>3<\/sup>e disse: \u201cEm verdade vos digo, se n\u00e3o vos converterdes, e n\u00e3o vos tornardes como crian\u00e7as, n\u00e3o entrareis no Reino dos C\u00e9us. <sup>4<\/sup>Quem se faz pequeno como esta crian\u00e7a, esse \u00e9 o maior no Reino dos C\u00e9us. <sup>5<\/sup>E quem recebe em meu nome uma crian\u00e7a como esta, \u00e9 a mim que recebe. <sup>10<\/sup>N\u00e3o desprezeis nenhum desses pequeninos, pois eu vos digo que os seus anjos nos c\u00e9us veem sem cessar a face do meu Pai que est\u00e1 nos c\u00e9us\u201d.<\/p>\n<p>&nbsp;<\/p>\n<p><strong>Reflex\u00e3o<\/strong><\/p>\n<p>&nbsp;<\/p>\n<p>Hoje a Igreja celebra a Festa dos Anjos da Guarda e ela nos recorda aquilo que mais precisamos: sermos protegidos. Esta festa tem um significado muito importante, pois aceitar que precisamos de algu\u00e9m que cuide de n\u00f3s \u00e9 a condi\u00e7\u00e3o que nos torna plenamente humanos. Quando pensamos que nos bastamos a n\u00f3s mesmos, a\u00ed tudo fica complicado e come\u00e7amos a viver por aquilo que n\u00e3o vale a pena se viver. Por isso que Jesus no<br \/>\nEvangelho de hoje nos coloca como condi\u00e7\u00e3o para o reino, ser como crian\u00e7a. A crian\u00e7a sabe que precisa ser protegida e sabe que tem algu\u00e9m que a protege e por isso confia. As crian\u00e7as que perdem a confian\u00e7a nos adultos s\u00e3o obrigadas precocemente a se tornarem \u201cgrandes\u201d e carregam em si muitas dores. A serenidade de uma crian\u00e7a consiste no fato de que sabe que existe o perigo, que existe o mal, que existem os problemas, mas que tudo isso n\u00e3o \u00e9 um problema se existe algu\u00e9m que lhes proteja. Cada um de n\u00f3s tem que tomar consci\u00eancia de que na vida espiritual devemos fazer aumentar a necessidade de redescobrir uma presen\u00e7a que torne poss\u00edvel a sensa\u00e7\u00e3o de n\u00e3o estar sozinho, mas de estar nas m\u00e3os de Deus que nos ama, de saber que cada passo que damos \u00e9 acompanhado por Deus. Eis porque cada um de n\u00f3s tem um anjo da guarda, porque cada um de n\u00f3s tem a necessidade de saber que \u00e9 amado. A certeza desta presen\u00e7a nos torna menos ansiosos, menos preocupados, menos desesperados. E faz crescer a grande certeza da Presen\u00e7a de Deus que nos acompanha: \u201c&#8230;eu vos digo que os seus anjos no c\u00e9u veem sem cessar a a face do meu Pai que est\u00e1 nos c\u00e9us\u201d.<\/p>\n<p>&nbsp;<\/p>\n<p><strong>Pe. Paulo Eduardo J\u00e1como, sdb.<\/strong><\/p>\n","protected":false},"excerpt":{"rendered":"<p>S\u00e1bado, 02 de outubro de 2021. &nbsp; Evangelho (Mt 18,1-15.10) &nbsp; \u201cN\u00e3o desprezeis nenhum desses pequeninos, pois eu vos digo que os seus anjos nos&#8230;<\/p>\n","protected":false},"author":6,"featured_media":2884,"comment_status":"closed","ping_status":"closed","sticky":false,"template":"","format":"standard","meta":{"_acf_changed":false,"footnotes":""},"categories":[13],"tags":[],"class_list":["post-2890","post","type-post","status-publish","format-standard","has-post-thumbnail","hentry","category-reflexaodoevagelho"],"acf":[],"yoast_head":"<!-- This site is optimized with the Yoast SEO plugin v27.3 - https:\/\/yoast.com\/product\/yoast-seo-wordpress\/ -->\n<title>02\/10 - N\u00e3o desprezeis nenhum desses pequeninos, pois eu vos digo que os seus anjos nos c\u00e9us veem sem cessar a face do meu Pai que est\u00e1 nos c\u00e9us - Pastoral Universit\u00e1ria UniSALESIANO<\/title>\n<meta name=\"robots\" content=\"index, follow, max-snippet:-1, max-image-preview:large, max-video-preview:-1\" \/>\n<link rel=\"canonical\" href=\"https:\/\/unisale.com.br\/novo\/02-10-nao-desprezeis-nenhum-desses-pequeninos-pois-eu-vos-digo-que-os-seus-anjos-nos-ceus-veem-sem-cessar-a-face-do-meu-pai-que-esta-nos-ceus\/\" \/>\n<meta property=\"og:locale\" content=\"pt_BR\" \/>\n<meta property=\"og:type\" content=\"article\" \/>\n<meta property=\"og:title\" content=\"02\/10 - N\u00e3o desprezeis nenhum desses pequeninos, pois eu vos digo que os seus anjos nos c\u00e9us veem sem cessar a face do meu Pai que est\u00e1 nos c\u00e9us - Pastoral Universit\u00e1ria UniSALESIANO\" \/>\n<meta property=\"og:description\" content=\"S\u00e1bado, 02 de outubro de 2021. &nbsp; Evangelho (Mt 18,1-15.10) &nbsp; \u201cN\u00e3o desprezeis nenhum desses pequeninos, pois eu vos digo que os seus anjos nos...\" \/>\n<meta property=\"og:url\" content=\"https:\/\/unisale.com.br\/novo\/02-10-nao-desprezeis-nenhum-desses-pequeninos-pois-eu-vos-digo-que-os-seus-anjos-nos-ceus-veem-sem-cessar-a-face-do-meu-pai-que-esta-nos-ceus\/\" \/>\n<meta property=\"og:site_name\" content=\"Pastoral Universit\u00e1ria UniSALESIANO\" \/>\n<meta property=\"article:published_time\" content=\"2021-09-28T10:25:25+00:00\" \/>\n<meta property=\"og:image\" content=\"https:\/\/unisale.com.br\/novo\/wp-content\/uploads\/2021\/09\/Ev-dia-02.10.png\" \/>\n\t<meta property=\"og:image:width\" content=\"512\" \/>\n\t<meta property=\"og:image:height\" content=\"310\" \/>\n\t<meta property=\"og:image:type\" content=\"image\/png\" \/>\n<meta name=\"author\" content=\"Luiz Alexandre Marinho Lanzoni\" \/>\n<meta name=\"twitter:card\" content=\"summary_large_image\" \/>\n<meta name=\"twitter:label1\" content=\"Escrito por\" \/>\n\t<meta name=\"twitter:data1\" content=\"Luiz Alexandre Marinho Lanzoni\" \/>\n\t<meta name=\"twitter:label2\" content=\"Est. tempo de leitura\" \/>\n\t<meta name=\"twitter:data2\" content=\"2 minutos\" \/>\n<script type=\"application\/ld+json\" class=\"yoast-schema-graph\">{\"@context\":\"https:\\\/\\\/schema.org\",\"@graph\":[{\"@type\":\"Article\",\"@id\":\"https:\\\/\\\/unisale.com.br\\\/novo\\\/02-10-nao-desprezeis-nenhum-desses-pequeninos-pois-eu-vos-digo-que-os-seus-anjos-nos-ceus-veem-sem-cessar-a-face-do-meu-pai-que-esta-nos-ceus\\\/#article\",\"isPartOf\":{\"@id\":\"https:\\\/\\\/unisale.com.br\\\/novo\\\/02-10-nao-desprezeis-nenhum-desses-pequeninos-pois-eu-vos-digo-que-os-seus-anjos-nos-ceus-veem-sem-cessar-a-face-do-meu-pai-que-esta-nos-ceus\\\/\"},\"author\":{\"name\":\"Luiz Alexandre Marinho Lanzoni\",\"@id\":\"https:\\\/\\\/unisale.com.br\\\/pastoral\\\/#\\\/schema\\\/person\\\/492d3d7bfe53a8302576d39485aff2c4\"},\"headline\":\"02\\\/10 &#8211; N\u00e3o desprezeis nenhum desses pequeninos, pois eu vos digo que os seus anjos nos c\u00e9us veem sem cessar a face do meu Pai que est\u00e1 nos c\u00e9us\",\"datePublished\":\"2021-09-28T10:25:25+00:00\",\"mainEntityOfPage\":{\"@id\":\"https:\\\/\\\/unisale.com.br\\\/novo\\\/02-10-nao-desprezeis-nenhum-desses-pequeninos-pois-eu-vos-digo-que-os-seus-anjos-nos-ceus-veem-sem-cessar-a-face-do-meu-pai-que-esta-nos-ceus\\\/\"},\"wordCount\":511,\"image\":{\"@id\":\"https:\\\/\\\/unisale.com.br\\\/novo\\\/02-10-nao-desprezeis-nenhum-desses-pequeninos-pois-eu-vos-digo-que-os-seus-anjos-nos-ceus-veem-sem-cessar-a-face-do-meu-pai-que-esta-nos-ceus\\\/#primaryimage\"},\"thumbnailUrl\":\"https:\\\/\\\/unisale.com.br\\\/pastoral\\\/wp-content\\\/uploads\\\/2021\\\/09\\\/Ev-dia-02.10.png\",\"articleSection\":[\"Reflex\u00e3o do Evangelho\"],\"inLanguage\":\"pt-BR\"},{\"@type\":\"WebPage\",\"@id\":\"https:\\\/\\\/unisale.com.br\\\/novo\\\/02-10-nao-desprezeis-nenhum-desses-pequeninos-pois-eu-vos-digo-que-os-seus-anjos-nos-ceus-veem-sem-cessar-a-face-do-meu-pai-que-esta-nos-ceus\\\/\",\"url\":\"https:\\\/\\\/unisale.com.br\\\/novo\\\/02-10-nao-desprezeis-nenhum-desses-pequeninos-pois-eu-vos-digo-que-os-seus-anjos-nos-ceus-veem-sem-cessar-a-face-do-meu-pai-que-esta-nos-ceus\\\/\",\"name\":\"02\\\/10 - N\u00e3o desprezeis nenhum desses pequeninos, pois eu vos digo que os seus anjos nos c\u00e9us veem sem cessar a face do meu Pai que est\u00e1 nos c\u00e9us - Pastoral Universit\u00e1ria UniSALESIANO\",\"isPartOf\":{\"@id\":\"https:\\\/\\\/unisale.com.br\\\/pastoral\\\/#website\"},\"primaryImageOfPage\":{\"@id\":\"https:\\\/\\\/unisale.com.br\\\/novo\\\/02-10-nao-desprezeis-nenhum-desses-pequeninos-pois-eu-vos-digo-que-os-seus-anjos-nos-ceus-veem-sem-cessar-a-face-do-meu-pai-que-esta-nos-ceus\\\/#primaryimage\"},\"image\":{\"@id\":\"https:\\\/\\\/unisale.com.br\\\/novo\\\/02-10-nao-desprezeis-nenhum-desses-pequeninos-pois-eu-vos-digo-que-os-seus-anjos-nos-ceus-veem-sem-cessar-a-face-do-meu-pai-que-esta-nos-ceus\\\/#primaryimage\"},\"thumbnailUrl\":\"https:\\\/\\\/unisale.com.br\\\/pastoral\\\/wp-content\\\/uploads\\\/2021\\\/09\\\/Ev-dia-02.10.png\",\"datePublished\":\"2021-09-28T10:25:25+00:00\",\"author\":{\"@id\":\"https:\\\/\\\/unisale.com.br\\\/pastoral\\\/#\\\/schema\\\/person\\\/492d3d7bfe53a8302576d39485aff2c4\"},\"inLanguage\":\"pt-BR\",\"potentialAction\":[{\"@type\":\"ReadAction\",\"target\":[\"https:\\\/\\\/unisale.com.br\\\/novo\\\/02-10-nao-desprezeis-nenhum-desses-pequeninos-pois-eu-vos-digo-que-os-seus-anjos-nos-ceus-veem-sem-cessar-a-face-do-meu-pai-que-esta-nos-ceus\\\/\"]}]},{\"@type\":\"ImageObject\",\"inLanguage\":\"pt-BR\",\"@id\":\"https:\\\/\\\/unisale.com.br\\\/novo\\\/02-10-nao-desprezeis-nenhum-desses-pequeninos-pois-eu-vos-digo-que-os-seus-anjos-nos-ceus-veem-sem-cessar-a-face-do-meu-pai-que-esta-nos-ceus\\\/#primaryimage\",\"url\":\"https:\\\/\\\/unisale.com.br\\\/pastoral\\\/wp-content\\\/uploads\\\/2021\\\/09\\\/Ev-dia-02.10.png\",\"contentUrl\":\"https:\\\/\\\/unisale.com.br\\\/pastoral\\\/wp-content\\\/uploads\\\/2021\\\/09\\\/Ev-dia-02.10.png\",\"width\":512,\"height\":310},{\"@type\":\"WebSite\",\"@id\":\"https:\\\/\\\/unisale.com.br\\\/pastoral\\\/#website\",\"url\":\"https:\\\/\\\/unisale.com.br\\\/pastoral\\\/\",\"name\":\"Pastoral Universit\u00e1ria UniSALESIANO\",\"description\":\"Site da Pastoral Universit\u00e1ria do UniSALESIANO\",\"potentialAction\":[{\"@type\":\"SearchAction\",\"target\":{\"@type\":\"EntryPoint\",\"urlTemplate\":\"https:\\\/\\\/unisale.com.br\\\/pastoral\\\/?s={search_term_string}\"},\"query-input\":{\"@type\":\"PropertyValueSpecification\",\"valueRequired\":true,\"valueName\":\"search_term_string\"}}],\"inLanguage\":\"pt-BR\"},{\"@type\":\"Person\",\"@id\":\"https:\\\/\\\/unisale.com.br\\\/pastoral\\\/#\\\/schema\\\/person\\\/492d3d7bfe53a8302576d39485aff2c4\",\"name\":\"Luiz Alexandre Marinho Lanzoni\",\"url\":\"https:\\\/\\\/unisale.com.br\\\/pastoral\\\/author\\\/luiz\\\/\"}]}<\/script>\n<!-- \/ Yoast SEO plugin. -->","yoast_head_json":{"title":"02\/10 - N\u00e3o desprezeis nenhum desses pequeninos, pois eu vos digo que os seus anjos nos c\u00e9us veem sem cessar a face do meu Pai que est\u00e1 nos c\u00e9us - Pastoral Universit\u00e1ria UniSALESIANO","robots":{"index":"index","follow":"follow","max-snippet":"max-snippet:-1","max-image-preview":"max-image-preview:large","max-video-preview":"max-video-preview:-1"},"canonical":"https:\/\/unisale.com.br\/novo\/02-10-nao-desprezeis-nenhum-desses-pequeninos-pois-eu-vos-digo-que-os-seus-anjos-nos-ceus-veem-sem-cessar-a-face-do-meu-pai-que-esta-nos-ceus\/","og_locale":"pt_BR","og_type":"article","og_title":"02\/10 - N\u00e3o desprezeis nenhum desses pequeninos, pois eu vos digo que os seus anjos nos c\u00e9us veem sem cessar a face do meu Pai que est\u00e1 nos c\u00e9us - Pastoral Universit\u00e1ria UniSALESIANO","og_description":"S\u00e1bado, 02 de outubro de 2021. &nbsp; Evangelho (Mt 18,1-15.10) &nbsp; \u201cN\u00e3o desprezeis nenhum desses pequeninos, pois eu vos digo que os seus anjos nos...","og_url":"https:\/\/unisale.com.br\/novo\/02-10-nao-desprezeis-nenhum-desses-pequeninos-pois-eu-vos-digo-que-os-seus-anjos-nos-ceus-veem-sem-cessar-a-face-do-meu-pai-que-esta-nos-ceus\/","og_site_name":"Pastoral Universit\u00e1ria UniSALESIANO","article_published_time":"2021-09-28T10:25:25+00:00","og_image":[{"width":512,"height":310,"url":"https:\/\/unisale.com.br\/novo\/wp-content\/uploads\/2021\/09\/Ev-dia-02.10.png","type":"image\/png"}],"author":"Luiz Alexandre Marinho Lanzoni","twitter_card":"summary_large_image","twitter_misc":{"Escrito por":"Luiz Alexandre Marinho Lanzoni","Est. tempo de leitura":"2 minutos"},"schema":{"@context":"https:\/\/schema.org","@graph":[{"@type":"Article","@id":"https:\/\/unisale.com.br\/novo\/02-10-nao-desprezeis-nenhum-desses-pequeninos-pois-eu-vos-digo-que-os-seus-anjos-nos-ceus-veem-sem-cessar-a-face-do-meu-pai-que-esta-nos-ceus\/#article","isPartOf":{"@id":"https:\/\/unisale.com.br\/novo\/02-10-nao-desprezeis-nenhum-desses-pequeninos-pois-eu-vos-digo-que-os-seus-anjos-nos-ceus-veem-sem-cessar-a-face-do-meu-pai-que-esta-nos-ceus\/"},"author":{"name":"Luiz Alexandre Marinho Lanzoni","@id":"https:\/\/unisale.com.br\/pastoral\/#\/schema\/person\/492d3d7bfe53a8302576d39485aff2c4"},"headline":"02\/10 &#8211; N\u00e3o desprezeis nenhum desses pequeninos, pois eu vos digo que os seus anjos nos c\u00e9us veem sem cessar a face do meu Pai que est\u00e1 nos c\u00e9us","datePublished":"2021-09-28T10:25:25+00:00","mainEntityOfPage":{"@id":"https:\/\/unisale.com.br\/novo\/02-10-nao-desprezeis-nenhum-desses-pequeninos-pois-eu-vos-digo-que-os-seus-anjos-nos-ceus-veem-sem-cessar-a-face-do-meu-pai-que-esta-nos-ceus\/"},"wordCount":511,"image":{"@id":"https:\/\/unisale.com.br\/novo\/02-10-nao-desprezeis-nenhum-desses-pequeninos-pois-eu-vos-digo-que-os-seus-anjos-nos-ceus-veem-sem-cessar-a-face-do-meu-pai-que-esta-nos-ceus\/#primaryimage"},"thumbnailUrl":"https:\/\/unisale.com.br\/pastoral\/wp-content\/uploads\/2021\/09\/Ev-dia-02.10.png","articleSection":["Reflex\u00e3o do Evangelho"],"inLanguage":"pt-BR"},{"@type":"WebPage","@id":"https:\/\/unisale.com.br\/novo\/02-10-nao-desprezeis-nenhum-desses-pequeninos-pois-eu-vos-digo-que-os-seus-anjos-nos-ceus-veem-sem-cessar-a-face-do-meu-pai-que-esta-nos-ceus\/","url":"https:\/\/unisale.com.br\/novo\/02-10-nao-desprezeis-nenhum-desses-pequeninos-pois-eu-vos-digo-que-os-seus-anjos-nos-ceus-veem-sem-cessar-a-face-do-meu-pai-que-esta-nos-ceus\/","name":"02\/10 - N\u00e3o desprezeis nenhum desses pequeninos, pois eu vos digo que os seus anjos nos c\u00e9us veem sem cessar a face do meu Pai que est\u00e1 nos c\u00e9us - Pastoral Universit\u00e1ria UniSALESIANO","isPartOf":{"@id":"https:\/\/unisale.com.br\/pastoral\/#website"},"primaryImageOfPage":{"@id":"https:\/\/unisale.com.br\/novo\/02-10-nao-desprezeis-nenhum-desses-pequeninos-pois-eu-vos-digo-que-os-seus-anjos-nos-ceus-veem-sem-cessar-a-face-do-meu-pai-que-esta-nos-ceus\/#primaryimage"},"image":{"@id":"https:\/\/unisale.com.br\/novo\/02-10-nao-desprezeis-nenhum-desses-pequeninos-pois-eu-vos-digo-que-os-seus-anjos-nos-ceus-veem-sem-cessar-a-face-do-meu-pai-que-esta-nos-ceus\/#primaryimage"},"thumbnailUrl":"https:\/\/unisale.com.br\/pastoral\/wp-content\/uploads\/2021\/09\/Ev-dia-02.10.png","datePublished":"2021-09-28T10:25:25+00:00","author":{"@id":"https:\/\/unisale.com.br\/pastoral\/#\/schema\/person\/492d3d7bfe53a8302576d39485aff2c4"},"inLanguage":"pt-BR","potentialAction":[{"@type":"ReadAction","target":["https:\/\/unisale.com.br\/novo\/02-10-nao-desprezeis-nenhum-desses-pequeninos-pois-eu-vos-digo-que-os-seus-anjos-nos-ceus-veem-sem-cessar-a-face-do-meu-pai-que-esta-nos-ceus\/"]}]},{"@type":"ImageObject","inLanguage":"pt-BR","@id":"https:\/\/unisale.com.br\/novo\/02-10-nao-desprezeis-nenhum-desses-pequeninos-pois-eu-vos-digo-que-os-seus-anjos-nos-ceus-veem-sem-cessar-a-face-do-meu-pai-que-esta-nos-ceus\/#primaryimage","url":"https:\/\/unisale.com.br\/pastoral\/wp-content\/uploads\/2021\/09\/Ev-dia-02.10.png","contentUrl":"https:\/\/unisale.com.br\/pastoral\/wp-content\/uploads\/2021\/09\/Ev-dia-02.10.png","width":512,"height":310},{"@type":"WebSite","@id":"https:\/\/unisale.com.br\/pastoral\/#website","url":"https:\/\/unisale.com.br\/pastoral\/","name":"Pastoral Universit\u00e1ria UniSALESIANO","description":"Site da Pastoral Universit\u00e1ria do UniSALESIANO","potentialAction":[{"@type":"SearchAction","target":{"@type":"EntryPoint","urlTemplate":"https:\/\/unisale.com.br\/pastoral\/?s={search_term_string}"},"query-input":{"@type":"PropertyValueSpecification","valueRequired":true,"valueName":"search_term_string"}}],"inLanguage":"pt-BR"},{"@type":"Person","@id":"https:\/\/unisale.com.br\/pastoral\/#\/schema\/person\/492d3d7bfe53a8302576d39485aff2c4","name":"Luiz Alexandre Marinho Lanzoni","url":"https:\/\/unisale.com.br\/pastoral\/author\/luiz\/"}]}},"_links":{"self":[{"href":"https:\/\/unisale.com.br\/pastoral\/wp-json\/wp\/v2\/posts\/2890","targetHints":{"allow":["GET"]}}],"collection":[{"href":"https:\/\/unisale.com.br\/pastoral\/wp-json\/wp\/v2\/posts"}],"about":[{"href":"https:\/\/unisale.com.br\/pastoral\/wp-json\/wp\/v2\/types\/post"}],"author":[{"embeddable":true,"href":"https:\/\/unisale.com.br\/pastoral\/wp-json\/wp\/v2\/users\/6"}],"replies":[{"embeddable":true,"href":"https:\/\/unisale.com.br\/pastoral\/wp-json\/wp\/v2\/comments?post=2890"}],"version-history":[{"count":0,"href":"https:\/\/unisale.com.br\/pastoral\/wp-json\/wp\/v2\/posts\/2890\/revisions"}],"wp:featuredmedia":[{"embeddable":true,"href":"https:\/\/unisale.com.br\/pastoral\/wp-json\/wp\/v2\/media\/2884"}],"wp:attachment":[{"href":"https:\/\/unisale.com.br\/pastoral\/wp-json\/wp\/v2\/media?parent=2890"}],"wp:term":[{"taxonomy":"category","embeddable":true,"href":"https:\/\/unisale.com.br\/pastoral\/wp-json\/wp\/v2\/categories?post=2890"},{"taxonomy":"post_tag","embeddable":true,"href":"https:\/\/unisale.com.br\/pastoral\/wp-json\/wp\/v2\/tags?post=2890"}],"curies":[{"name":"wp","href":"https:\/\/api.w.org\/{rel}","templated":true}]}}