{"id":3005,"date":"2021-10-07T18:30:48","date_gmt":"2021-10-07T18:30:48","guid":{"rendered":"https:\/\/www.unisalesiano.com.br\/pastoral\/?p=3005"},"modified":"2021-10-07T18:30:48","modified_gmt":"2021-10-07T18:30:48","slug":"1o-dia-da-novena-de-nossa-senhora-aparecida-pastoral-unisalesiano-aracatuba","status":"publish","type":"post","link":"https:\/\/unisale.com.br\/pastoral\/1o-dia-da-novena-de-nossa-senhora-aparecida-pastoral-unisalesiano-aracatuba\/","title":{"rendered":"1\u00ba Dia da Novena de Nossa Senhora Aparecida &#8211; Pastoral UniSALESIANO Ara\u00e7atuba"},"content":{"rendered":"<p>[embedyt] https:\/\/www.youtube.com\/watch?v=XDF8v76tVQ0[\/embedyt]<\/p>\n<p>&nbsp;<\/p>\n<p>Pessoal, esta \u00e9 a novena a Nossa Senhora Aparecida que come\u00e7amos hoje. Esta novena foi elaborada pela equipe de Pastoral do UniSalesiano de Ara\u00e7atuba. Vamos fazer juntos esta novena pedindo \u00e0 M\u00e3e Aparecida pelo nosso Brasil. Todos os dias, at\u00e9 o dia 11 de outubro estaremos enviado para vcs a nossa novena. Divulguem aos seus parentes e amigos. Vamos fazer da nossa novena um linda corrente de ora\u00e7\u00e3o \u00e0 M\u00e3e Aparecida.<\/p>\n","protected":false},"excerpt":{"rendered":"<p>[embedyt] https:\/\/www.youtube.com\/watch?v=XDF8v76tVQ0[\/embedyt] &nbsp; Pessoal, esta \u00e9 a novena a Nossa Senhora Aparecida que come\u00e7amos hoje. Esta novena foi elaborada pela equipe de Pastoral do UniSalesiano&#8230;<\/p>\n","protected":false},"author":6,"featured_media":2997,"comment_status":"closed","ping_status":"closed","sticky":false,"template":"","format":"standard","meta":{"_acf_changed":false,"footnotes":""},"categories":[3],"tags":[],"class_list":["post-3005","post","type-post","status-publish","format-standard","has-post-thumbnail","hentry","category-not"],"acf":[],"yoast_head":"<!-- This site is optimized with the Yoast SEO plugin v27.3 - https:\/\/yoast.com\/product\/yoast-seo-wordpress\/ -->\n<title>1\u00ba Dia da Novena de Nossa Senhora Aparecida - Pastoral UniSALESIANO Ara\u00e7atuba - Pastoral Universit\u00e1ria UniSALESIANO<\/title>\n<meta name=\"robots\" content=\"index, follow, max-snippet:-1, max-image-preview:large, max-video-preview:-1\" \/>\n<link rel=\"canonical\" href=\"https:\/\/unisale.com.br\/novo\/1o-dia-da-novena-de-nossa-senhora-aparecida-pastoral-unisalesiano-aracatuba\/\" \/>\n<meta property=\"og:locale\" content=\"pt_BR\" \/>\n<meta property=\"og:type\" content=\"article\" \/>\n<meta property=\"og:title\" content=\"1\u00ba Dia da Novena de Nossa Senhora Aparecida - Pastoral UniSALESIANO Ara\u00e7atuba - Pastoral Universit\u00e1ria UniSALESIANO\" \/>\n<meta property=\"og:description\" content=\"[embedyt] https:\/\/www.youtube.com\/watch?v=XDF8v76tVQ0[\/embedyt] &nbsp; Pessoal, esta \u00e9 a novena a Nossa Senhora Aparecida que come\u00e7amos hoje. Esta novena foi elaborada pela equipe de Pastoral do UniSalesiano...\" \/>\n<meta property=\"og:url\" content=\"https:\/\/unisale.com.br\/novo\/1o-dia-da-novena-de-nossa-senhora-aparecida-pastoral-unisalesiano-aracatuba\/\" \/>\n<meta property=\"og:site_name\" content=\"Pastoral Universit\u00e1ria UniSALESIANO\" \/>\n<meta property=\"article:published_time\" content=\"2021-10-07T18:30:48+00:00\" \/>\n<meta property=\"og:image\" content=\"https:\/\/unisale.com.br\/novo\/wp-content\/uploads\/2021\/10\/WhatsApp-Image-2021-10-07-at-15.22.18.jpeg\" \/>\n\t<meta property=\"og:image:width\" content=\"1280\" \/>\n\t<meta property=\"og:image:height\" content=\"720\" \/>\n\t<meta property=\"og:image:type\" content=\"image\/jpeg\" \/>\n<meta name=\"author\" content=\"Luiz Alexandre Marinho Lanzoni\" \/>\n<meta name=\"twitter:card\" content=\"summary_large_image\" \/>\n<meta name=\"twitter:label1\" content=\"Escrito por\" \/>\n\t<meta name=\"twitter:data1\" content=\"Luiz Alexandre Marinho Lanzoni\" \/>\n<script type=\"application\/ld+json\" class=\"yoast-schema-graph\">{\"@context\":\"https:\\\/\\\/schema.org\",\"@graph\":[{\"@type\":\"Article\",\"@id\":\"https:\\\/\\\/unisale.com.br\\\/novo\\\/1o-dia-da-novena-de-nossa-senhora-aparecida-pastoral-unisalesiano-aracatuba\\\/#article\",\"isPartOf\":{\"@id\":\"https:\\\/\\\/unisale.com.br\\\/novo\\\/1o-dia-da-novena-de-nossa-senhora-aparecida-pastoral-unisalesiano-aracatuba\\\/\"},\"author\":{\"name\":\"Luiz Alexandre Marinho Lanzoni\",\"@id\":\"https:\\\/\\\/unisale.com.br\\\/pastoral\\\/#\\\/schema\\\/person\\\/492d3d7bfe53a8302576d39485aff2c4\"},\"headline\":\"1\u00ba Dia da Novena de Nossa Senhora Aparecida &#8211; Pastoral UniSALESIANO Ara\u00e7atuba\",\"datePublished\":\"2021-10-07T18:30:48+00:00\",\"mainEntityOfPage\":{\"@id\":\"https:\\\/\\\/unisale.com.br\\\/novo\\\/1o-dia-da-novena-de-nossa-senhora-aparecida-pastoral-unisalesiano-aracatuba\\\/\"},\"wordCount\":96,\"image\":{\"@id\":\"https:\\\/\\\/unisale.com.br\\\/novo\\\/1o-dia-da-novena-de-nossa-senhora-aparecida-pastoral-unisalesiano-aracatuba\\\/#primaryimage\"},\"thumbnailUrl\":\"https:\\\/\\\/unisale.com.br\\\/pastoral\\\/wp-content\\\/uploads\\\/2021\\\/10\\\/WhatsApp-Image-2021-10-07-at-15.22.18.jpeg\",\"articleSection\":[\"Not\u00edcias\"],\"inLanguage\":\"pt-BR\"},{\"@type\":\"WebPage\",\"@id\":\"https:\\\/\\\/unisale.com.br\\\/novo\\\/1o-dia-da-novena-de-nossa-senhora-aparecida-pastoral-unisalesiano-aracatuba\\\/\",\"url\":\"https:\\\/\\\/unisale.com.br\\\/novo\\\/1o-dia-da-novena-de-nossa-senhora-aparecida-pastoral-unisalesiano-aracatuba\\\/\",\"name\":\"1\u00ba Dia da Novena de Nossa Senhora Aparecida - Pastoral UniSALESIANO Ara\u00e7atuba - Pastoral Universit\u00e1ria UniSALESIANO\",\"isPartOf\":{\"@id\":\"https:\\\/\\\/unisale.com.br\\\/pastoral\\\/#website\"},\"primaryImageOfPage\":{\"@id\":\"https:\\\/\\\/unisale.com.br\\\/novo\\\/1o-dia-da-novena-de-nossa-senhora-aparecida-pastoral-unisalesiano-aracatuba\\\/#primaryimage\"},\"image\":{\"@id\":\"https:\\\/\\\/unisale.com.br\\\/novo\\\/1o-dia-da-novena-de-nossa-senhora-aparecida-pastoral-unisalesiano-aracatuba\\\/#primaryimage\"},\"thumbnailUrl\":\"https:\\\/\\\/unisale.com.br\\\/pastoral\\\/wp-content\\\/uploads\\\/2021\\\/10\\\/WhatsApp-Image-2021-10-07-at-15.22.18.jpeg\",\"datePublished\":\"2021-10-07T18:30:48+00:00\",\"author\":{\"@id\":\"https:\\\/\\\/unisale.com.br\\\/pastoral\\\/#\\\/schema\\\/person\\\/492d3d7bfe53a8302576d39485aff2c4\"},\"inLanguage\":\"pt-BR\",\"potentialAction\":[{\"@type\":\"ReadAction\",\"target\":[\"https:\\\/\\\/unisale.com.br\\\/novo\\\/1o-dia-da-novena-de-nossa-senhora-aparecida-pastoral-unisalesiano-aracatuba\\\/\"]}]},{\"@type\":\"ImageObject\",\"inLanguage\":\"pt-BR\",\"@id\":\"https:\\\/\\\/unisale.com.br\\\/novo\\\/1o-dia-da-novena-de-nossa-senhora-aparecida-pastoral-unisalesiano-aracatuba\\\/#primaryimage\",\"url\":\"https:\\\/\\\/unisale.com.br\\\/pastoral\\\/wp-content\\\/uploads\\\/2021\\\/10\\\/WhatsApp-Image-2021-10-07-at-15.22.18.jpeg\",\"contentUrl\":\"https:\\\/\\\/unisale.com.br\\\/pastoral\\\/wp-content\\\/uploads\\\/2021\\\/10\\\/WhatsApp-Image-2021-10-07-at-15.22.18.jpeg\",\"width\":889,\"height\":500},{\"@type\":\"WebSite\",\"@id\":\"https:\\\/\\\/unisale.com.br\\\/pastoral\\\/#website\",\"url\":\"https:\\\/\\\/unisale.com.br\\\/pastoral\\\/\",\"name\":\"Pastoral Universit\u00e1ria UniSALESIANO\",\"description\":\"Site da Pastoral Universit\u00e1ria do UniSALESIANO\",\"potentialAction\":[{\"@type\":\"SearchAction\",\"target\":{\"@type\":\"EntryPoint\",\"urlTemplate\":\"https:\\\/\\\/unisale.com.br\\\/pastoral\\\/?s={search_term_string}\"},\"query-input\":{\"@type\":\"PropertyValueSpecification\",\"valueRequired\":true,\"valueName\":\"search_term_string\"}}],\"inLanguage\":\"pt-BR\"},{\"@type\":\"Person\",\"@id\":\"https:\\\/\\\/unisale.com.br\\\/pastoral\\\/#\\\/schema\\\/person\\\/492d3d7bfe53a8302576d39485aff2c4\",\"name\":\"Luiz Alexandre Marinho Lanzoni\",\"url\":\"https:\\\/\\\/unisale.com.br\\\/pastoral\\\/author\\\/luiz\\\/\"}]}<\/script>\n<!-- \/ Yoast SEO plugin. -->","yoast_head_json":{"title":"1\u00ba Dia da Novena de Nossa Senhora Aparecida - Pastoral UniSALESIANO Ara\u00e7atuba - Pastoral Universit\u00e1ria UniSALESIANO","robots":{"index":"index","follow":"follow","max-snippet":"max-snippet:-1","max-image-preview":"max-image-preview:large","max-video-preview":"max-video-preview:-1"},"canonical":"https:\/\/unisale.com.br\/novo\/1o-dia-da-novena-de-nossa-senhora-aparecida-pastoral-unisalesiano-aracatuba\/","og_locale":"pt_BR","og_type":"article","og_title":"1\u00ba Dia da Novena de Nossa Senhora Aparecida - Pastoral UniSALESIANO Ara\u00e7atuba - Pastoral Universit\u00e1ria UniSALESIANO","og_description":"[embedyt] https:\/\/www.youtube.com\/watch?v=XDF8v76tVQ0[\/embedyt] &nbsp; Pessoal, esta \u00e9 a novena a Nossa Senhora Aparecida que come\u00e7amos hoje. Esta novena foi elaborada pela equipe de Pastoral do UniSalesiano...","og_url":"https:\/\/unisale.com.br\/novo\/1o-dia-da-novena-de-nossa-senhora-aparecida-pastoral-unisalesiano-aracatuba\/","og_site_name":"Pastoral Universit\u00e1ria UniSALESIANO","article_published_time":"2021-10-07T18:30:48+00:00","og_image":[{"width":1280,"height":720,"url":"https:\/\/unisale.com.br\/novo\/wp-content\/uploads\/2021\/10\/WhatsApp-Image-2021-10-07-at-15.22.18.jpeg","type":"image\/jpeg"}],"author":"Luiz Alexandre Marinho Lanzoni","twitter_card":"summary_large_image","twitter_misc":{"Escrito por":"Luiz Alexandre Marinho Lanzoni"},"schema":{"@context":"https:\/\/schema.org","@graph":[{"@type":"Article","@id":"https:\/\/unisale.com.br\/novo\/1o-dia-da-novena-de-nossa-senhora-aparecida-pastoral-unisalesiano-aracatuba\/#article","isPartOf":{"@id":"https:\/\/unisale.com.br\/novo\/1o-dia-da-novena-de-nossa-senhora-aparecida-pastoral-unisalesiano-aracatuba\/"},"author":{"name":"Luiz Alexandre Marinho Lanzoni","@id":"https:\/\/unisale.com.br\/pastoral\/#\/schema\/person\/492d3d7bfe53a8302576d39485aff2c4"},"headline":"1\u00ba Dia da Novena de Nossa Senhora Aparecida &#8211; Pastoral UniSALESIANO Ara\u00e7atuba","datePublished":"2021-10-07T18:30:48+00:00","mainEntityOfPage":{"@id":"https:\/\/unisale.com.br\/novo\/1o-dia-da-novena-de-nossa-senhora-aparecida-pastoral-unisalesiano-aracatuba\/"},"wordCount":96,"image":{"@id":"https:\/\/unisale.com.br\/novo\/1o-dia-da-novena-de-nossa-senhora-aparecida-pastoral-unisalesiano-aracatuba\/#primaryimage"},"thumbnailUrl":"https:\/\/unisale.com.br\/pastoral\/wp-content\/uploads\/2021\/10\/WhatsApp-Image-2021-10-07-at-15.22.18.jpeg","articleSection":["Not\u00edcias"],"inLanguage":"pt-BR"},{"@type":"WebPage","@id":"https:\/\/unisale.com.br\/novo\/1o-dia-da-novena-de-nossa-senhora-aparecida-pastoral-unisalesiano-aracatuba\/","url":"https:\/\/unisale.com.br\/novo\/1o-dia-da-novena-de-nossa-senhora-aparecida-pastoral-unisalesiano-aracatuba\/","name":"1\u00ba Dia da Novena de Nossa Senhora Aparecida - Pastoral UniSALESIANO Ara\u00e7atuba - Pastoral Universit\u00e1ria UniSALESIANO","isPartOf":{"@id":"https:\/\/unisale.com.br\/pastoral\/#website"},"primaryImageOfPage":{"@id":"https:\/\/unisale.com.br\/novo\/1o-dia-da-novena-de-nossa-senhora-aparecida-pastoral-unisalesiano-aracatuba\/#primaryimage"},"image":{"@id":"https:\/\/unisale.com.br\/novo\/1o-dia-da-novena-de-nossa-senhora-aparecida-pastoral-unisalesiano-aracatuba\/#primaryimage"},"thumbnailUrl":"https:\/\/unisale.com.br\/pastoral\/wp-content\/uploads\/2021\/10\/WhatsApp-Image-2021-10-07-at-15.22.18.jpeg","datePublished":"2021-10-07T18:30:48+00:00","author":{"@id":"https:\/\/unisale.com.br\/pastoral\/#\/schema\/person\/492d3d7bfe53a8302576d39485aff2c4"},"inLanguage":"pt-BR","potentialAction":[{"@type":"ReadAction","target":["https:\/\/unisale.com.br\/novo\/1o-dia-da-novena-de-nossa-senhora-aparecida-pastoral-unisalesiano-aracatuba\/"]}]},{"@type":"ImageObject","inLanguage":"pt-BR","@id":"https:\/\/unisale.com.br\/novo\/1o-dia-da-novena-de-nossa-senhora-aparecida-pastoral-unisalesiano-aracatuba\/#primaryimage","url":"https:\/\/unisale.com.br\/pastoral\/wp-content\/uploads\/2021\/10\/WhatsApp-Image-2021-10-07-at-15.22.18.jpeg","contentUrl":"https:\/\/unisale.com.br\/pastoral\/wp-content\/uploads\/2021\/10\/WhatsApp-Image-2021-10-07-at-15.22.18.jpeg","width":889,"height":500},{"@type":"WebSite","@id":"https:\/\/unisale.com.br\/pastoral\/#website","url":"https:\/\/unisale.com.br\/pastoral\/","name":"Pastoral Universit\u00e1ria UniSALESIANO","description":"Site da Pastoral Universit\u00e1ria do UniSALESIANO","potentialAction":[{"@type":"SearchAction","target":{"@type":"EntryPoint","urlTemplate":"https:\/\/unisale.com.br\/pastoral\/?s={search_term_string}"},"query-input":{"@type":"PropertyValueSpecification","valueRequired":true,"valueName":"search_term_string"}}],"inLanguage":"pt-BR"},{"@type":"Person","@id":"https:\/\/unisale.com.br\/pastoral\/#\/schema\/person\/492d3d7bfe53a8302576d39485aff2c4","name":"Luiz Alexandre Marinho Lanzoni","url":"https:\/\/unisale.com.br\/pastoral\/author\/luiz\/"}]}},"_links":{"self":[{"href":"https:\/\/unisale.com.br\/pastoral\/wp-json\/wp\/v2\/posts\/3005","targetHints":{"allow":["GET"]}}],"collection":[{"href":"https:\/\/unisale.com.br\/pastoral\/wp-json\/wp\/v2\/posts"}],"about":[{"href":"https:\/\/unisale.com.br\/pastoral\/wp-json\/wp\/v2\/types\/post"}],"author":[{"embeddable":true,"href":"https:\/\/unisale.com.br\/pastoral\/wp-json\/wp\/v2\/users\/6"}],"replies":[{"embeddable":true,"href":"https:\/\/unisale.com.br\/pastoral\/wp-json\/wp\/v2\/comments?post=3005"}],"version-history":[{"count":0,"href":"https:\/\/unisale.com.br\/pastoral\/wp-json\/wp\/v2\/posts\/3005\/revisions"}],"wp:featuredmedia":[{"embeddable":true,"href":"https:\/\/unisale.com.br\/pastoral\/wp-json\/wp\/v2\/media\/2997"}],"wp:attachment":[{"href":"https:\/\/unisale.com.br\/pastoral\/wp-json\/wp\/v2\/media?parent=3005"}],"wp:term":[{"taxonomy":"category","embeddable":true,"href":"https:\/\/unisale.com.br\/pastoral\/wp-json\/wp\/v2\/categories?post=3005"},{"taxonomy":"post_tag","embeddable":true,"href":"https:\/\/unisale.com.br\/pastoral\/wp-json\/wp\/v2\/tags?post=3005"}],"curies":[{"name":"wp","href":"https:\/\/api.w.org\/{rel}","templated":true}]}}