{"id":3085,"date":"2021-10-15T12:46:30","date_gmt":"2021-10-15T12:46:30","guid":{"rendered":"https:\/\/unisale.com.br\/pastoral\/?p=3085"},"modified":"2021-10-15T12:46:30","modified_gmt":"2021-10-15T12:46:30","slug":"abertura-do-1o-congresso-internacional","status":"publish","type":"post","link":"https:\/\/unisale.com.br\/pastoral\/abertura-do-1o-congresso-internacional\/","title":{"rendered":"Abertura do 1\u00ba Congresso Internacional de Tecnologia na Educa\u00e7\u00e3o \u00e9 vista por mais de 5 mil pessoas"},"content":{"rendered":"<h3>\u201cTransformando A\u00e7\u00e3o em Liberdade\u201d ser\u00e1 ministrada pelo youtuber Thiago Nigro, maior influenciador de finan\u00e7as do mundo<\/h3>\n<p>&nbsp;<\/p>\n<p>Mais de 5 mil pessoas j\u00e1 visualizaram a abertura solene do\u00a0<strong>1\u00ba C.I.T.E (Congresso Internacional de Tecnologia na Educa\u00e7\u00e3o) do UniSALESIANO<\/strong>, que aconteceu na noite do dia 13 de outubro, pelo site congresso.unisalesiano.com.br. O evento vai at\u00e9 amanh\u00e3, dia 15 de outubro, e as inscri\u00e7\u00f5es est\u00e3o sendo feitas tamb\u00e9m pelo site.<\/p>\n<p>A solenidade de abertura do Congresso foi transmitida do audit\u00f3rio Papa Francisco, no UniSALESIANO, e contou com a presen\u00e7a da Reitoria e coordenadores dos cursos. O evento teve in\u00edcio com mensagens por v\u00eddeo enviadas pelo\u00a0<strong>Reitor-Mor dos Salesianos, Pe. \u00c1ngel Fern\u00e1ndez Artime<\/strong>, que vive em Roma, na It\u00e1lia; e pelo\u00a0<strong>Inspetor da Miss\u00e3o Salesiana de Mato Grosso e Chanceler do UniSALESIANO, Pe. Ricardo Carlos<\/strong>.<\/p>\n<p>Em seguida, o\u00a0<strong>Reitor e Diretor Geral do UniSALESIANO Lins, Pe. Paulo Fernando Vendrame<\/strong>, explicou o motivo da realiza\u00e7\u00e3o do congresso, que \u00e9 porque as pessoas s\u00e3o conectadas em suas rela\u00e7\u00f5es presenciais e tamb\u00e9m pelos meios virtuais, e que a pandemia acelerou o acesso e o uso da tecnologia no ambiente educativo.<\/p>\n<p>\u201cEsse Congresso veio nos ajudar a compreender que o mundo virtual \u00e9 uma extens\u00e3o do nosso cotidiano, do nosso dia a dia. Conforme dizia Dom Bosco (fundados dos salesianos), educa\u00e7\u00e3o \u00e9 quest\u00e3o de cora\u00e7\u00e3o. Ent\u00e3o, nos permitamos, nesses dias, sermos ainda mais apaixonados pela Educa\u00e7\u00e3o\u201d, disse.<\/p>\n<p><strong>REALIDADE<\/strong><\/p>\n<p>Por sua vez, o\u00a0<strong>Vice-Reitor e Diretor Geral do UniSALESIANO Ara\u00e7atuba, Pe. Erondi Tamandar\u00e9<\/strong>, explicou que a tecnologia, nos tempos atuais, \u00e9 uma forma de pensar a realidade, de educar; um meio pelo qual pode-se desenvolver a ci\u00eancia. \u201cNa hist\u00f3ria da humanidade, o homem e a mulher criam t\u00e9cnicas para viver melhor. A palavra tecnologia vem de t\u00e9cnica. E, com certeza, o ser humano continua desenvolvendo t\u00e9cnicas para que possamos viver melhor e tamb\u00e9m educar toda a sociedade\u201d, completou.<\/p>\n<p>A abertura solene teve ainda a participa\u00e7\u00e3o do\u00a0<strong>Coordenador Geral das IUS (Institui\u00e7\u00f5es Salesianas de Educa\u00e7\u00e3o Superior), Pe. Oscar Lozano<\/strong>, que enviou mensagem por v\u00eddeo. Logo depois, o\u00a0<strong>Pr\u00f3-Reitor de Pastoral do UniSALESIANO, Pe. Paulo J\u00e1como<\/strong>, realizou um momento de ora\u00e7\u00e3o e espiritualidade junto aos participantes. \u201cNosso projeto educativo precisa trabalhar todas as dimens\u00f5es da vida humana, n\u00e3o podemos deixar de lado a dimens\u00e3o espiritual da nossa realidade educativa. A educa\u00e7\u00e3o \u00e9 coisa da f\u00e9 e do cora\u00e7\u00e3o\u201d, salientou.<\/p>\n<p>Ap\u00f3s a ora\u00e7\u00e3o, o\u00a0<strong>Coordenador de Marketing e Comunica\u00e7\u00e3o do UniSALESIANO Ara\u00e7atuba, Prof. Maikon Malaquias<\/strong>, e o\u00a0<strong>Coordenador do Curso de Publicidade e Propaganda do UniSALESIANO Lins. Prof. Jo\u00e3o Artur Izzo<\/strong>, foram chamados ao palco para mediarem a primeira palestra do Congresso, com o tema \u201cEmpreender Digital\u201d.<\/p>\n<p>O palestrante,\u00a0<strong>Pierre Mantovani<\/strong>, que \u00e9 uma celebridade dos novos tempos tecnol\u00f3gicos e respons\u00e1vel pelos maiores eventos geeks do pa\u00eds, pontuou sua jornada profissional, com apresenta\u00e7\u00e3o de v\u00eddeos impactantes sobre os eventos promovidos pela Omelete Company, principal conglomerado de cultura pop da Am\u00e9rica Latina, que tem Pierre como s\u00f3cio-fundador e CEO.<\/p>\n<p>Durante a palestra, Pierre destacou que o objetivo de seu trabalho \u00e9 melhorar a vida das pessoas atrav\u00e9s do entretenimento. \u201cO nosso grande foco era sim fazer uma experi\u00eancia \u00e9pica, algo de qualidade, mas vimos que t\u00ednhamos um poder muito maior nas m\u00e3os, o de impactar positivamente a vida das pessoas. E, tudo que fazemos hoje, tem esse vi\u00e9s\u201d, disse.<\/p>\n<p>Para Pierre, o que define a nova juventude, \u00e9 uma liberdade sem obriga\u00e7\u00e3o, \u00e9 a pessoa poder, sim, dar valor cada vez mais para experi\u00eancias, do que simplesmente posse e bens materiais.<\/p>\n<p>\u201cIsso mudou muito o olhar do que era admirado por uma empresa de experi\u00eancia e entretenimento, como a gente. Eu acho que as pessoas est\u00e3o cada vez mais se importando em comprar experi\u00eancias, mem\u00f3rias ou conhecimentos, que \u00e9 a mesma coisa que a educa\u00e7\u00e3o faz, e isso ningu\u00e9m nunca vai poder te roubar\u201d, completou.<\/p>\n<p>O\u00a0<strong>Pr\u00f3-Reitor de Ensino, Pesquisa e P\u00f3s-Gradua\u00e7\u00e3o do UniSALESIANO, Andr\u00e9 Ornellas<\/strong>, comemorou o lan\u00e7amento de um evento grandioso e repercutido em n\u00edvel mundial. Segundo ele, esse novo aparato tecnol\u00f3gico, que foi acelerado pela pandemia, deve ser usado de forma inteligente e que, intermediado por coordenadores e professores, coloca o estudante como protagonista de sua hist\u00f3ria. \u201cO Congresso \u00e9 um exemplo disso. Prop\u00f5e reflex\u00f5es necess\u00e1rias e fundamentais para uma educa\u00e7\u00e3o verdadeiramente empoderadora, e para quem pretende estar em constante evolu\u00e7\u00e3o\u201d, frisou.<\/p>\n<p><strong>PALESTRAS<\/strong><\/p>\n<p>Nos dias 14 e 15 de outubro, mais de 90 palestras ser\u00e3o exibidas atrav\u00e9s do site para quem fez a inscri\u00e7\u00e3o. Para quem optar em investir na certifica\u00e7\u00e3o digital, vai obter tamb\u00e9m um NFT \u2013 \u201cnon-funglibe token\u201d ou \u201ctoken n\u00e3o-fung\u00edvel\u201d, em tradu\u00e7\u00e3o livre. Trata-se de uma tecnologia que transforma qualquer m\u00eddia digital em algo \u00fanico e insubstitu\u00edvel atrav\u00e9s de um blockchain (um tipo de protocolo de seguran\u00e7a), registrado no BCA \u2013 Brazyl Crypto Art.<\/p>\n<p>No \u00faltimo dia do evento online, a palestra \u201cTransformando A\u00e7\u00e3o em Liberdade\u201d ser\u00e1 ministrada pelo youtuber\u00a0<strong>Thiago Nigro<\/strong>, maior influenciador de finan\u00e7as do mundo. Nigro \u00e9 criador do canal do Youtube, O Primo Rico, com seus conte\u00fados sendo acompanhados por cerca de 15 milh\u00f5es de pessoas todos os meses.<\/p>\n\n\t\t<style type=\"text\/css\">\n\t\t\t#gallery-1 {\n\t\t\t\tmargin: auto;\n\t\t\t}\n\t\t\t#gallery-1 .gallery-item {\n\t\t\t\tfloat: left;\n\t\t\t\tmargin-top: 10px;\n\t\t\t\ttext-align: center;\n\t\t\t\twidth: 33%;\n\t\t\t}\n\t\t\t#gallery-1 img {\n\t\t\t\tborder: 2px solid #cfcfcf;\n\t\t\t}\n\t\t\t#gallery-1 .gallery-caption {\n\t\t\t\tmargin-left: 0;\n\t\t\t}\n\t\t\t\/* see gallery_shortcode() in wp-includes\/media.php *\/\n\t\t<\/style>\n\t\t<div id='gallery-1' class='gallery galleryid-3085 gallery-columns-3 gallery-size-thumbnail'><dl class='gallery-item'>\n\t\t\t<dt class='gallery-icon landscape'>\n\t\t\t\t<a href='https:\/\/unisale.com.br\/pastoral\/abertura-do-1o-congresso-internacional\/whatsapp-image-2021-10-14-at-14-58-18\/'><img decoding=\"async\" width=\"150\" height=\"150\" src=\"https:\/\/unisale.com.br\/pastoral\/wp-content\/uploads\/2021\/10\/WhatsApp-Image-2021-10-14-at-14.58.18-150x150.jpeg\" class=\"attachment-thumbnail size-thumbnail\" alt=\"\" \/><\/a>\n\t\t\t<\/dt><\/dl><dl class='gallery-item'>\n\t\t\t<dt class='gallery-icon landscape'>\n\t\t\t\t<a href='https:\/\/unisale.com.br\/pastoral\/abertura-do-1o-congresso-internacional\/whatsapp-image-2021-10-14-at-14-58-23-1\/'><img decoding=\"async\" width=\"150\" height=\"150\" src=\"https:\/\/unisale.com.br\/pastoral\/wp-content\/uploads\/2021\/10\/WhatsApp-Image-2021-10-14-at-14.58.23-1-150x150.jpeg\" class=\"attachment-thumbnail size-thumbnail\" alt=\"\" \/><\/a>\n\t\t\t<\/dt><\/dl><dl class='gallery-item'>\n\t\t\t<dt class='gallery-icon landscape'>\n\t\t\t\t<a href='https:\/\/unisale.com.br\/pastoral\/abertura-do-1o-congresso-internacional\/whatsapp-image-2021-10-14-at-14-58-23-2\/'><img decoding=\"async\" width=\"150\" height=\"150\" src=\"https:\/\/unisale.com.br\/pastoral\/wp-content\/uploads\/2021\/10\/WhatsApp-Image-2021-10-14-at-14.58.23-2-150x150.jpeg\" class=\"attachment-thumbnail size-thumbnail\" alt=\"\" \/><\/a>\n\t\t\t<\/dt><\/dl><br style=\"clear: both\" \/><dl class='gallery-item'>\n\t\t\t<dt class='gallery-icon landscape'>\n\t\t\t\t<a href='https:\/\/unisale.com.br\/pastoral\/abertura-do-1o-congresso-internacional\/whatsapp-image-2021-10-14-at-14-58-23-3\/'><img loading=\"lazy\" decoding=\"async\" width=\"150\" height=\"150\" src=\"https:\/\/unisale.com.br\/pastoral\/wp-content\/uploads\/2021\/10\/WhatsApp-Image-2021-10-14-at-14.58.23-3-150x150.jpeg\" class=\"attachment-thumbnail size-thumbnail\" alt=\"\" \/><\/a>\n\t\t\t<\/dt><\/dl><dl class='gallery-item'>\n\t\t\t<dt class='gallery-icon landscape'>\n\t\t\t\t<a href='https:\/\/unisale.com.br\/pastoral\/abertura-do-1o-congresso-internacional\/whatsapp-image-2021-10-14-at-14-58-23\/'><img loading=\"lazy\" decoding=\"async\" width=\"150\" height=\"150\" src=\"https:\/\/unisale.com.br\/pastoral\/wp-content\/uploads\/2021\/10\/WhatsApp-Image-2021-10-14-at-14.58.23-150x150.jpeg\" class=\"attachment-thumbnail size-thumbnail\" alt=\"\" \/><\/a>\n\t\t\t<\/dt><\/dl><dl class='gallery-item'>\n\t\t\t<dt class='gallery-icon landscape'>\n\t\t\t\t<a href='https:\/\/unisale.com.br\/pastoral\/abertura-do-1o-congresso-internacional\/whatsapp-image-2021-10-14-at-14-58-24-1\/'><img loading=\"lazy\" decoding=\"async\" width=\"150\" height=\"150\" src=\"https:\/\/unisale.com.br\/pastoral\/wp-content\/uploads\/2021\/10\/WhatsApp-Image-2021-10-14-at-14.58.24-1-150x150.jpeg\" class=\"attachment-thumbnail size-thumbnail\" alt=\"\" \/><\/a>\n\t\t\t<\/dt><\/dl><br style=\"clear: both\" \/><dl class='gallery-item'>\n\t\t\t<dt class='gallery-icon landscape'>\n\t\t\t\t<a href='https:\/\/unisale.com.br\/pastoral\/abertura-do-1o-congresso-internacional\/whatsapp-image-2021-10-14-at-14-58-24-2\/'><img loading=\"lazy\" decoding=\"async\" width=\"150\" height=\"150\" src=\"https:\/\/unisale.com.br\/pastoral\/wp-content\/uploads\/2021\/10\/WhatsApp-Image-2021-10-14-at-14.58.24-2-150x150.jpeg\" class=\"attachment-thumbnail size-thumbnail\" alt=\"\" \/><\/a>\n\t\t\t<\/dt><\/dl><dl class='gallery-item'>\n\t\t\t<dt class='gallery-icon landscape'>\n\t\t\t\t<a href='https:\/\/unisale.com.br\/pastoral\/abertura-do-1o-congresso-internacional\/whatsapp-image-2021-10-14-at-14-58-24\/'><img loading=\"lazy\" decoding=\"async\" width=\"150\" height=\"150\" src=\"https:\/\/unisale.com.br\/pastoral\/wp-content\/uploads\/2021\/10\/WhatsApp-Image-2021-10-14-at-14.58.24-150x150.jpeg\" class=\"attachment-thumbnail size-thumbnail\" alt=\"\" \/><\/a>\n\t\t\t<\/dt><\/dl><dl class='gallery-item'>\n\t\t\t<dt class='gallery-icon landscape'>\n\t\t\t\t<a href='https:\/\/unisale.com.br\/pastoral\/abertura-do-1o-congresso-internacional\/whatsapp-image-2021-10-14-at-14-59-22\/'><img loading=\"lazy\" decoding=\"async\" width=\"150\" height=\"150\" src=\"https:\/\/unisale.com.br\/pastoral\/wp-content\/uploads\/2021\/10\/WhatsApp-Image-2021-10-14-at-14.59.22-150x150.jpeg\" class=\"attachment-thumbnail size-thumbnail\" alt=\"\" \/><\/a>\n\t\t\t<\/dt><\/dl><br style=\"clear: both\" \/><dl class='gallery-item'>\n\t\t\t<dt class='gallery-icon landscape'>\n\t\t\t\t<a href='https:\/\/unisale.com.br\/pastoral\/abertura-do-1o-congresso-internacional\/whatsapp-image-2021-10-14-at-14-59-23-1\/'><img loading=\"lazy\" decoding=\"async\" width=\"150\" height=\"150\" src=\"https:\/\/unisale.com.br\/pastoral\/wp-content\/uploads\/2021\/10\/WhatsApp-Image-2021-10-14-at-14.59.23-1-150x150.jpeg\" class=\"attachment-thumbnail size-thumbnail\" alt=\"\" \/><\/a>\n\t\t\t<\/dt><\/dl><dl class='gallery-item'>\n\t\t\t<dt class='gallery-icon landscape'>\n\t\t\t\t<a href='https:\/\/unisale.com.br\/pastoral\/abertura-do-1o-congresso-internacional\/whatsapp-image-2021-10-14-at-14-59-23-2\/'><img loading=\"lazy\" decoding=\"async\" width=\"150\" height=\"150\" src=\"https:\/\/unisale.com.br\/pastoral\/wp-content\/uploads\/2021\/10\/WhatsApp-Image-2021-10-14-at-14.59.23-2-150x150.jpeg\" class=\"attachment-thumbnail size-thumbnail\" alt=\"\" \/><\/a>\n\t\t\t<\/dt><\/dl><dl class='gallery-item'>\n\t\t\t<dt class='gallery-icon landscape'>\n\t\t\t\t<a href='https:\/\/unisale.com.br\/pastoral\/abertura-do-1o-congresso-internacional\/whatsapp-image-2021-10-14-at-14-59-23-3\/'><img loading=\"lazy\" decoding=\"async\" width=\"150\" height=\"150\" src=\"https:\/\/unisale.com.br\/pastoral\/wp-content\/uploads\/2021\/10\/WhatsApp-Image-2021-10-14-at-14.59.23-3-150x150.jpeg\" class=\"attachment-thumbnail size-thumbnail\" alt=\"\" \/><\/a>\n\t\t\t<\/dt><\/dl><br style=\"clear: both\" \/><dl class='gallery-item'>\n\t\t\t<dt class='gallery-icon landscape'>\n\t\t\t\t<a href='https:\/\/unisale.com.br\/pastoral\/abertura-do-1o-congresso-internacional\/whatsapp-image-2021-10-14-at-14-59-23-4\/'><img loading=\"lazy\" decoding=\"async\" width=\"150\" height=\"150\" src=\"https:\/\/unisale.com.br\/pastoral\/wp-content\/uploads\/2021\/10\/WhatsApp-Image-2021-10-14-at-14.59.23-4-150x150.jpeg\" class=\"attachment-thumbnail size-thumbnail\" alt=\"\" \/><\/a>\n\t\t\t<\/dt><\/dl><dl class='gallery-item'>\n\t\t\t<dt class='gallery-icon landscape'>\n\t\t\t\t<a href='https:\/\/unisale.com.br\/pastoral\/abertura-do-1o-congresso-internacional\/whatsapp-image-2021-10-14-at-14-59-23\/'><img loading=\"lazy\" decoding=\"async\" width=\"150\" height=\"150\" src=\"https:\/\/unisale.com.br\/pastoral\/wp-content\/uploads\/2021\/10\/WhatsApp-Image-2021-10-14-at-14.59.23-150x150.jpeg\" class=\"attachment-thumbnail size-thumbnail\" alt=\"\" \/><\/a>\n\t\t\t<\/dt><\/dl><dl class='gallery-item'>\n\t\t\t<dt class='gallery-icon landscape'>\n\t\t\t\t<a href='https:\/\/unisale.com.br\/pastoral\/abertura-do-1o-congresso-internacional\/whatsapp-image-2021-10-14-at-14-59-24-1\/'><img loading=\"lazy\" decoding=\"async\" width=\"150\" height=\"150\" src=\"https:\/\/unisale.com.br\/pastoral\/wp-content\/uploads\/2021\/10\/WhatsApp-Image-2021-10-14-at-14.59.24-1-150x150.jpeg\" class=\"attachment-thumbnail size-thumbnail\" alt=\"\" \/><\/a>\n\t\t\t<\/dt><\/dl><br style=\"clear: both\" \/><dl class='gallery-item'>\n\t\t\t<dt class='gallery-icon landscape'>\n\t\t\t\t<a href='https:\/\/unisale.com.br\/pastoral\/abertura-do-1o-congresso-internacional\/whatsapp-image-2021-10-14-at-14-59-24\/'><img loading=\"lazy\" decoding=\"async\" width=\"150\" height=\"150\" src=\"https:\/\/unisale.com.br\/pastoral\/wp-content\/uploads\/2021\/10\/WhatsApp-Image-2021-10-14-at-14.59.24-150x150.jpeg\" class=\"attachment-thumbnail size-thumbnail\" alt=\"\" \/><\/a>\n\t\t\t<\/dt><\/dl>\n\t\t\t<br style='clear: both' \/>\n\t\t<\/div>\n\n","protected":false},"excerpt":{"rendered":"<p>\u201cTransformando A\u00e7\u00e3o em Liberdade\u201d ser\u00e1 ministrada pelo youtuber Thiago Nigro, maior influenciador de finan\u00e7as do mundo &nbsp; Mais de 5 mil pessoas j\u00e1 visualizaram a&#8230;<\/p>\n","protected":false},"author":6,"featured_media":3101,"comment_status":"closed","ping_status":"closed","sticky":false,"template":"","format":"standard","meta":{"_acf_changed":false,"footnotes":""},"categories":[3],"tags":[],"class_list":["post-3085","post","type-post","status-publish","format-standard","has-post-thumbnail","hentry","category-not"],"acf":[],"yoast_head":"<!-- This site is optimized with the Yoast SEO plugin v27.3 - https:\/\/yoast.com\/product\/yoast-seo-wordpress\/ -->\n<title>Abertura do 1\u00ba Congresso Internacional de Tecnologia na Educa\u00e7\u00e3o \u00e9 vista por mais de 5 mil pessoas - Pastoral Universit\u00e1ria UniSALESIANO<\/title>\n<meta name=\"robots\" content=\"index, follow, max-snippet:-1, max-image-preview:large, max-video-preview:-1\" \/>\n<link rel=\"canonical\" href=\"https:\/\/unisale.com.br\/novo\/abertura-do-1o-congresso-internacional\/\" \/>\n<meta property=\"og:locale\" content=\"pt_BR\" \/>\n<meta property=\"og:type\" content=\"article\" \/>\n<meta property=\"og:title\" content=\"Abertura do 1\u00ba Congresso Internacional de Tecnologia na Educa\u00e7\u00e3o \u00e9 vista por mais de 5 mil pessoas - Pastoral Universit\u00e1ria UniSALESIANO\" \/>\n<meta property=\"og:description\" content=\"\u201cTransformando A\u00e7\u00e3o em Liberdade\u201d ser\u00e1 ministrada pelo youtuber Thiago Nigro, maior influenciador de finan\u00e7as do mundo &nbsp; Mais de 5 mil pessoas j\u00e1 visualizaram a...\" \/>\n<meta property=\"og:url\" content=\"https:\/\/unisale.com.br\/novo\/abertura-do-1o-congresso-internacional\/\" \/>\n<meta property=\"og:site_name\" content=\"Pastoral Universit\u00e1ria UniSALESIANO\" \/>\n<meta property=\"article:published_time\" content=\"2021-10-15T12:46:30+00:00\" \/>\n<meta property=\"og:image\" content=\"https:\/\/unisale.com.br\/novo\/wp-content\/uploads\/2021\/10\/WhatsApp-Image-2021-10-14-at-14.59.24.jpeg\" \/>\n\t<meta property=\"og:image:width\" content=\"1280\" \/>\n\t<meta property=\"og:image:height\" content=\"853\" \/>\n\t<meta property=\"og:image:type\" content=\"image\/jpeg\" \/>\n<meta name=\"author\" content=\"Luiz Alexandre Marinho Lanzoni\" \/>\n<meta name=\"twitter:card\" content=\"summary_large_image\" \/>\n<meta name=\"twitter:label1\" content=\"Escrito por\" \/>\n\t<meta name=\"twitter:data1\" content=\"Luiz Alexandre Marinho Lanzoni\" \/>\n\t<meta name=\"twitter:label2\" content=\"Est. tempo de leitura\" \/>\n\t<meta name=\"twitter:data2\" content=\"5 minutos\" \/>\n<script type=\"application\/ld+json\" class=\"yoast-schema-graph\">{\"@context\":\"https:\\\/\\\/schema.org\",\"@graph\":[{\"@type\":\"Article\",\"@id\":\"https:\\\/\\\/unisale.com.br\\\/novo\\\/abertura-do-1o-congresso-internacional\\\/#article\",\"isPartOf\":{\"@id\":\"https:\\\/\\\/unisale.com.br\\\/novo\\\/abertura-do-1o-congresso-internacional\\\/\"},\"author\":{\"name\":\"Luiz Alexandre Marinho Lanzoni\",\"@id\":\"https:\\\/\\\/unisale.com.br\\\/pastoral\\\/#\\\/schema\\\/person\\\/492d3d7bfe53a8302576d39485aff2c4\"},\"headline\":\"Abertura do 1\u00ba Congresso Internacional de Tecnologia na Educa\u00e7\u00e3o \u00e9 vista por mais de 5 mil pessoas\",\"datePublished\":\"2021-10-15T12:46:30+00:00\",\"mainEntityOfPage\":{\"@id\":\"https:\\\/\\\/unisale.com.br\\\/novo\\\/abertura-do-1o-congresso-internacional\\\/\"},\"wordCount\":933,\"image\":{\"@id\":\"https:\\\/\\\/unisale.com.br\\\/novo\\\/abertura-do-1o-congresso-internacional\\\/#primaryimage\"},\"thumbnailUrl\":\"https:\\\/\\\/unisale.com.br\\\/pastoral\\\/wp-content\\\/uploads\\\/2021\\\/10\\\/WhatsApp-Image-2021-10-14-at-14.59.24.jpeg\",\"articleSection\":[\"Not\u00edcias\"],\"inLanguage\":\"pt-BR\"},{\"@type\":\"WebPage\",\"@id\":\"https:\\\/\\\/unisale.com.br\\\/novo\\\/abertura-do-1o-congresso-internacional\\\/\",\"url\":\"https:\\\/\\\/unisale.com.br\\\/novo\\\/abertura-do-1o-congresso-internacional\\\/\",\"name\":\"Abertura do 1\u00ba Congresso Internacional de Tecnologia na Educa\u00e7\u00e3o \u00e9 vista por mais de 5 mil pessoas - Pastoral Universit\u00e1ria UniSALESIANO\",\"isPartOf\":{\"@id\":\"https:\\\/\\\/unisale.com.br\\\/pastoral\\\/#website\"},\"primaryImageOfPage\":{\"@id\":\"https:\\\/\\\/unisale.com.br\\\/novo\\\/abertura-do-1o-congresso-internacional\\\/#primaryimage\"},\"image\":{\"@id\":\"https:\\\/\\\/unisale.com.br\\\/novo\\\/abertura-do-1o-congresso-internacional\\\/#primaryimage\"},\"thumbnailUrl\":\"https:\\\/\\\/unisale.com.br\\\/pastoral\\\/wp-content\\\/uploads\\\/2021\\\/10\\\/WhatsApp-Image-2021-10-14-at-14.59.24.jpeg\",\"datePublished\":\"2021-10-15T12:46:30+00:00\",\"author\":{\"@id\":\"https:\\\/\\\/unisale.com.br\\\/pastoral\\\/#\\\/schema\\\/person\\\/492d3d7bfe53a8302576d39485aff2c4\"},\"inLanguage\":\"pt-BR\",\"potentialAction\":[{\"@type\":\"ReadAction\",\"target\":[\"https:\\\/\\\/unisale.com.br\\\/novo\\\/abertura-do-1o-congresso-internacional\\\/\"]}]},{\"@type\":\"ImageObject\",\"inLanguage\":\"pt-BR\",\"@id\":\"https:\\\/\\\/unisale.com.br\\\/novo\\\/abertura-do-1o-congresso-internacional\\\/#primaryimage\",\"url\":\"https:\\\/\\\/unisale.com.br\\\/pastoral\\\/wp-content\\\/uploads\\\/2021\\\/10\\\/WhatsApp-Image-2021-10-14-at-14.59.24.jpeg\",\"contentUrl\":\"https:\\\/\\\/unisale.com.br\\\/pastoral\\\/wp-content\\\/uploads\\\/2021\\\/10\\\/WhatsApp-Image-2021-10-14-at-14.59.24.jpeg\",\"width\":750,\"height\":500},{\"@type\":\"WebSite\",\"@id\":\"https:\\\/\\\/unisale.com.br\\\/pastoral\\\/#website\",\"url\":\"https:\\\/\\\/unisale.com.br\\\/pastoral\\\/\",\"name\":\"Pastoral Universit\u00e1ria UniSALESIANO\",\"description\":\"Site da Pastoral Universit\u00e1ria do UniSALESIANO\",\"potentialAction\":[{\"@type\":\"SearchAction\",\"target\":{\"@type\":\"EntryPoint\",\"urlTemplate\":\"https:\\\/\\\/unisale.com.br\\\/pastoral\\\/?s={search_term_string}\"},\"query-input\":{\"@type\":\"PropertyValueSpecification\",\"valueRequired\":true,\"valueName\":\"search_term_string\"}}],\"inLanguage\":\"pt-BR\"},{\"@type\":\"Person\",\"@id\":\"https:\\\/\\\/unisale.com.br\\\/pastoral\\\/#\\\/schema\\\/person\\\/492d3d7bfe53a8302576d39485aff2c4\",\"name\":\"Luiz Alexandre Marinho Lanzoni\",\"url\":\"https:\\\/\\\/unisale.com.br\\\/pastoral\\\/author\\\/luiz\\\/\"}]}<\/script>\n<!-- \/ Yoast SEO plugin. -->","yoast_head_json":{"title":"Abertura do 1\u00ba Congresso Internacional de Tecnologia na Educa\u00e7\u00e3o \u00e9 vista por mais de 5 mil pessoas - Pastoral Universit\u00e1ria UniSALESIANO","robots":{"index":"index","follow":"follow","max-snippet":"max-snippet:-1","max-image-preview":"max-image-preview:large","max-video-preview":"max-video-preview:-1"},"canonical":"https:\/\/unisale.com.br\/novo\/abertura-do-1o-congresso-internacional\/","og_locale":"pt_BR","og_type":"article","og_title":"Abertura do 1\u00ba Congresso Internacional de Tecnologia na Educa\u00e7\u00e3o \u00e9 vista por mais de 5 mil pessoas - Pastoral Universit\u00e1ria UniSALESIANO","og_description":"\u201cTransformando A\u00e7\u00e3o em Liberdade\u201d ser\u00e1 ministrada pelo youtuber Thiago Nigro, maior influenciador de finan\u00e7as do mundo &nbsp; Mais de 5 mil pessoas j\u00e1 visualizaram a...","og_url":"https:\/\/unisale.com.br\/novo\/abertura-do-1o-congresso-internacional\/","og_site_name":"Pastoral Universit\u00e1ria UniSALESIANO","article_published_time":"2021-10-15T12:46:30+00:00","og_image":[{"width":1280,"height":853,"url":"https:\/\/unisale.com.br\/novo\/wp-content\/uploads\/2021\/10\/WhatsApp-Image-2021-10-14-at-14.59.24.jpeg","type":"image\/jpeg"}],"author":"Luiz Alexandre Marinho Lanzoni","twitter_card":"summary_large_image","twitter_misc":{"Escrito por":"Luiz Alexandre Marinho Lanzoni","Est. tempo de leitura":"5 minutos"},"schema":{"@context":"https:\/\/schema.org","@graph":[{"@type":"Article","@id":"https:\/\/unisale.com.br\/novo\/abertura-do-1o-congresso-internacional\/#article","isPartOf":{"@id":"https:\/\/unisale.com.br\/novo\/abertura-do-1o-congresso-internacional\/"},"author":{"name":"Luiz Alexandre Marinho Lanzoni","@id":"https:\/\/unisale.com.br\/pastoral\/#\/schema\/person\/492d3d7bfe53a8302576d39485aff2c4"},"headline":"Abertura do 1\u00ba Congresso Internacional de Tecnologia na Educa\u00e7\u00e3o \u00e9 vista por mais de 5 mil pessoas","datePublished":"2021-10-15T12:46:30+00:00","mainEntityOfPage":{"@id":"https:\/\/unisale.com.br\/novo\/abertura-do-1o-congresso-internacional\/"},"wordCount":933,"image":{"@id":"https:\/\/unisale.com.br\/novo\/abertura-do-1o-congresso-internacional\/#primaryimage"},"thumbnailUrl":"https:\/\/unisale.com.br\/pastoral\/wp-content\/uploads\/2021\/10\/WhatsApp-Image-2021-10-14-at-14.59.24.jpeg","articleSection":["Not\u00edcias"],"inLanguage":"pt-BR"},{"@type":"WebPage","@id":"https:\/\/unisale.com.br\/novo\/abertura-do-1o-congresso-internacional\/","url":"https:\/\/unisale.com.br\/novo\/abertura-do-1o-congresso-internacional\/","name":"Abertura do 1\u00ba Congresso Internacional de Tecnologia na Educa\u00e7\u00e3o \u00e9 vista por mais de 5 mil pessoas - Pastoral Universit\u00e1ria UniSALESIANO","isPartOf":{"@id":"https:\/\/unisale.com.br\/pastoral\/#website"},"primaryImageOfPage":{"@id":"https:\/\/unisale.com.br\/novo\/abertura-do-1o-congresso-internacional\/#primaryimage"},"image":{"@id":"https:\/\/unisale.com.br\/novo\/abertura-do-1o-congresso-internacional\/#primaryimage"},"thumbnailUrl":"https:\/\/unisale.com.br\/pastoral\/wp-content\/uploads\/2021\/10\/WhatsApp-Image-2021-10-14-at-14.59.24.jpeg","datePublished":"2021-10-15T12:46:30+00:00","author":{"@id":"https:\/\/unisale.com.br\/pastoral\/#\/schema\/person\/492d3d7bfe53a8302576d39485aff2c4"},"inLanguage":"pt-BR","potentialAction":[{"@type":"ReadAction","target":["https:\/\/unisale.com.br\/novo\/abertura-do-1o-congresso-internacional\/"]}]},{"@type":"ImageObject","inLanguage":"pt-BR","@id":"https:\/\/unisale.com.br\/novo\/abertura-do-1o-congresso-internacional\/#primaryimage","url":"https:\/\/unisale.com.br\/pastoral\/wp-content\/uploads\/2021\/10\/WhatsApp-Image-2021-10-14-at-14.59.24.jpeg","contentUrl":"https:\/\/unisale.com.br\/pastoral\/wp-content\/uploads\/2021\/10\/WhatsApp-Image-2021-10-14-at-14.59.24.jpeg","width":750,"height":500},{"@type":"WebSite","@id":"https:\/\/unisale.com.br\/pastoral\/#website","url":"https:\/\/unisale.com.br\/pastoral\/","name":"Pastoral Universit\u00e1ria UniSALESIANO","description":"Site da Pastoral Universit\u00e1ria do UniSALESIANO","potentialAction":[{"@type":"SearchAction","target":{"@type":"EntryPoint","urlTemplate":"https:\/\/unisale.com.br\/pastoral\/?s={search_term_string}"},"query-input":{"@type":"PropertyValueSpecification","valueRequired":true,"valueName":"search_term_string"}}],"inLanguage":"pt-BR"},{"@type":"Person","@id":"https:\/\/unisale.com.br\/pastoral\/#\/schema\/person\/492d3d7bfe53a8302576d39485aff2c4","name":"Luiz Alexandre Marinho Lanzoni","url":"https:\/\/unisale.com.br\/pastoral\/author\/luiz\/"}]}},"_links":{"self":[{"href":"https:\/\/unisale.com.br\/pastoral\/wp-json\/wp\/v2\/posts\/3085","targetHints":{"allow":["GET"]}}],"collection":[{"href":"https:\/\/unisale.com.br\/pastoral\/wp-json\/wp\/v2\/posts"}],"about":[{"href":"https:\/\/unisale.com.br\/pastoral\/wp-json\/wp\/v2\/types\/post"}],"author":[{"embeddable":true,"href":"https:\/\/unisale.com.br\/pastoral\/wp-json\/wp\/v2\/users\/6"}],"replies":[{"embeddable":true,"href":"https:\/\/unisale.com.br\/pastoral\/wp-json\/wp\/v2\/comments?post=3085"}],"version-history":[{"count":0,"href":"https:\/\/unisale.com.br\/pastoral\/wp-json\/wp\/v2\/posts\/3085\/revisions"}],"wp:featuredmedia":[{"embeddable":true,"href":"https:\/\/unisale.com.br\/pastoral\/wp-json\/wp\/v2\/media\/3101"}],"wp:attachment":[{"href":"https:\/\/unisale.com.br\/pastoral\/wp-json\/wp\/v2\/media?parent=3085"}],"wp:term":[{"taxonomy":"category","embeddable":true,"href":"https:\/\/unisale.com.br\/pastoral\/wp-json\/wp\/v2\/categories?post=3085"},{"taxonomy":"post_tag","embeddable":true,"href":"https:\/\/unisale.com.br\/pastoral\/wp-json\/wp\/v2\/tags?post=3085"}],"curies":[{"name":"wp","href":"https:\/\/api.w.org\/{rel}","templated":true}]}}