{"id":3108,"date":"2021-10-20T12:51:54","date_gmt":"2021-10-20T12:51:54","guid":{"rendered":"https:\/\/unisale.com.br\/pastoral\/?p=3108"},"modified":"2021-10-20T12:51:54","modified_gmt":"2021-10-20T12:51:54","slug":"pastoral-promove-encontro-com-colaboradores-para-abordar-o-tema-setembro-amarelo","status":"publish","type":"post","link":"https:\/\/unisale.com.br\/pastoral\/pastoral-promove-encontro-com-colaboradores-para-abordar-o-tema-setembro-amarelo\/","title":{"rendered":"Pastoral promove encontro com colaboradores para abordar o tema \u201cSetembro Amarelo\u201d"},"content":{"rendered":"<h3>Palestra sobre o assunto foi ministrada pela psiquiatra, Dra. Carolina Mar\u00e7al, tamb\u00e9m docente do Curso de Medicina do UniSALESIANO<\/h3>\n<h3><\/h3>\n<p>&nbsp;<\/p>\n<p>O\u00a0<strong>Setembro Amarelo<\/strong>,<em>\u00a0m\u00eas de conscientiza\u00e7\u00e3o da preven\u00e7\u00e3o do suic\u00eddio<\/em>, foi lembrado no\u00a0<strong>UniSALESIANO<\/strong>\u00a0por meio de um encontro com os colaboradores promovido pela\u00a0<strong>Pastoral Universit\u00e1ria<\/strong>, no dia 3 de setembro, no audit\u00f3rio Papa Francisco.<\/p>\n<p>O\u00a0<strong>Pr\u00f3-Reitor de Pastoral, Pe. Paulo J\u00e1como<\/strong>, ressaltou a import\u00e2ncia de o assunto ser abordado e repercutido como forma de identifica\u00e7\u00e3o e preven\u00e7\u00e3o dos casos. \u201cN\u00e3o podemos esquecer tamb\u00e9m de que setembro, para n\u00f3s, \u00e9 o m\u00eas da B\u00edblia. Como dizia Dom Bosco: a palavra de Deus \u00e9 um alimento e sustento de nossa alma\u201d, ressaltou.<\/p>\n<p>Ap\u00f3s a abertura, os colaboradores tiveram a oportunidade de acompanhar uma palestra sobre o assunto com a psiquiatra,\u00a0<strong>Dra. Carolina Mar\u00e7al<\/strong>, tamb\u00e9m docente do\u00a0<strong>Curso de Medicina do UniSALESIANO<\/strong>.<\/p>\n<p>A m\u00e9dica citou um aumento nos casos de suic\u00eddio, nos \u00faltimos anos. Conforme dados da cartilha da Associa\u00e7\u00e3o Brasileira de Psiquiatria, entre 2000 e 2012, cresceu 10,4% a quantidade de mortes, sendo observado um aumento de mais de 30% em jovens.<\/p>\n<p>Carolina frisou que a tentativa de suic\u00eddio pode acontecer entre pessoas de qualquer faixa et\u00e1ria, g\u00eanero ou classe social. E um dos primeiros alertas \u00e9 para pessoas que apresentam transtornos psiqui\u00e1tricos \u2013 em especial, quando se trata de depress\u00e3o, transtorno bipolar, ansiedade e esquizofrenia.<\/p>\n<p>\u201c\u00c9 preciso estar atento a qualquer altera\u00e7\u00e3o de comportamento e de humor, nunca subestimando quando algu\u00e9m diz que a vida n\u00e3o vale a pena\u201d, salientou. \u201cBusque ajuda, por mais complicada que seja a situa\u00e7\u00e3o, h\u00e1 sempre uma sa\u00edda. O apoio profissional \u00e9 muito importante para superar uma situa\u00e7\u00e3o dif\u00edcil, auxiliando, desenvolvendo ferramentas para superar as ang\u00fastias.\u201d<\/p>\n<p><img fetchpriority=\"high\" decoding=\"async\" class=\"alignnone  wp-image-3111\" src=\"https:\/\/unisale.com.br\/pastoral\/wp-content\/uploads\/2021\/10\/WhatsApp-Image-2021-09-28-at-15.51.41-300x200.jpeg\" alt=\"\" width=\"378\" height=\"234\" \/><\/p>\n<p><img decoding=\"async\" class=\"alignnone  wp-image-3110\" src=\"https:\/\/unisale.com.br\/pastoral\/wp-content\/uploads\/2021\/10\/WhatsApp-Image-2021-10-19-at-10.01.09-1024x682-1-300x200.jpeg\" alt=\"\" width=\"379\" height=\"238\" \/><\/p>\n","protected":false},"excerpt":{"rendered":"<p>Palestra sobre o assunto foi ministrada pela psiquiatra, Dra. Carolina Mar\u00e7al, tamb\u00e9m docente do Curso de Medicina do UniSALESIANO &nbsp; O\u00a0Setembro Amarelo,\u00a0m\u00eas de conscientiza\u00e7\u00e3o da&#8230;<\/p>\n","protected":false},"author":6,"featured_media":3109,"comment_status":"closed","ping_status":"closed","sticky":false,"template":"","format":"standard","meta":{"_acf_changed":false,"footnotes":""},"categories":[1],"tags":[],"class_list":["post-3108","post","type-post","status-publish","format-standard","has-post-thumbnail","hentry","category-uncategorized"],"acf":[],"yoast_head":"<!-- This site is optimized with the Yoast SEO plugin v27.3 - https:\/\/yoast.com\/product\/yoast-seo-wordpress\/ -->\n<title>Pastoral promove encontro com colaboradores para abordar o tema \u201cSetembro Amarelo\u201d - Pastoral Universit\u00e1ria UniSALESIANO<\/title>\n<meta name=\"robots\" content=\"index, follow, max-snippet:-1, max-image-preview:large, max-video-preview:-1\" \/>\n<link rel=\"canonical\" href=\"https:\/\/unisale.com.br\/novo\/pastoral-promove-encontro-com-colaboradores-para-abordar-o-tema-setembro-amarelo\/\" \/>\n<meta property=\"og:locale\" content=\"pt_BR\" \/>\n<meta property=\"og:type\" content=\"article\" \/>\n<meta property=\"og:title\" content=\"Pastoral promove encontro com colaboradores para abordar o tema \u201cSetembro Amarelo\u201d - Pastoral Universit\u00e1ria UniSALESIANO\" \/>\n<meta property=\"og:description\" content=\"Palestra sobre o assunto foi ministrada pela psiquiatra, Dra. Carolina Mar\u00e7al, tamb\u00e9m docente do Curso de Medicina do UniSALESIANO &nbsp; O\u00a0Setembro Amarelo,\u00a0m\u00eas de conscientiza\u00e7\u00e3o da...\" \/>\n<meta property=\"og:url\" content=\"https:\/\/unisale.com.br\/novo\/pastoral-promove-encontro-com-colaboradores-para-abordar-o-tema-setembro-amarelo\/\" \/>\n<meta property=\"og:site_name\" content=\"Pastoral Universit\u00e1ria UniSALESIANO\" \/>\n<meta property=\"article:published_time\" content=\"2021-10-20T12:51:54+00:00\" \/>\n<meta property=\"og:image\" content=\"https:\/\/unisale.com.br\/novo\/wp-content\/uploads\/2021\/10\/Prof-carol.jpeg\" \/>\n\t<meta property=\"og:image:width\" content=\"768\" \/>\n\t<meta property=\"og:image:height\" content=\"512\" \/>\n\t<meta property=\"og:image:type\" content=\"image\/jpeg\" \/>\n<meta name=\"author\" content=\"Luiz Alexandre Marinho Lanzoni\" \/>\n<meta name=\"twitter:card\" content=\"summary_large_image\" \/>\n<meta name=\"twitter:label1\" content=\"Escrito por\" \/>\n\t<meta name=\"twitter:data1\" content=\"Luiz Alexandre Marinho Lanzoni\" \/>\n\t<meta name=\"twitter:label2\" content=\"Est. tempo de leitura\" \/>\n\t<meta name=\"twitter:data2\" content=\"2 minutos\" \/>\n<script type=\"application\/ld+json\" class=\"yoast-schema-graph\">{\"@context\":\"https:\\\/\\\/schema.org\",\"@graph\":[{\"@type\":\"Article\",\"@id\":\"https:\\\/\\\/unisale.com.br\\\/novo\\\/pastoral-promove-encontro-com-colaboradores-para-abordar-o-tema-setembro-amarelo\\\/#article\",\"isPartOf\":{\"@id\":\"https:\\\/\\\/unisale.com.br\\\/novo\\\/pastoral-promove-encontro-com-colaboradores-para-abordar-o-tema-setembro-amarelo\\\/\"},\"author\":{\"name\":\"Luiz Alexandre Marinho Lanzoni\",\"@id\":\"https:\\\/\\\/unisale.com.br\\\/pastoral\\\/#\\\/schema\\\/person\\\/492d3d7bfe53a8302576d39485aff2c4\"},\"headline\":\"Pastoral promove encontro com colaboradores para abordar o tema \u201cSetembro Amarelo\u201d\",\"datePublished\":\"2021-10-20T12:51:54+00:00\",\"mainEntityOfPage\":{\"@id\":\"https:\\\/\\\/unisale.com.br\\\/novo\\\/pastoral-promove-encontro-com-colaboradores-para-abordar-o-tema-setembro-amarelo\\\/\"},\"wordCount\":318,\"image\":{\"@id\":\"https:\\\/\\\/unisale.com.br\\\/novo\\\/pastoral-promove-encontro-com-colaboradores-para-abordar-o-tema-setembro-amarelo\\\/#primaryimage\"},\"thumbnailUrl\":\"https:\\\/\\\/unisale.com.br\\\/pastoral\\\/wp-content\\\/uploads\\\/2021\\\/10\\\/Prof-carol.jpeg\",\"inLanguage\":\"pt-BR\"},{\"@type\":\"WebPage\",\"@id\":\"https:\\\/\\\/unisale.com.br\\\/novo\\\/pastoral-promove-encontro-com-colaboradores-para-abordar-o-tema-setembro-amarelo\\\/\",\"url\":\"https:\\\/\\\/unisale.com.br\\\/novo\\\/pastoral-promove-encontro-com-colaboradores-para-abordar-o-tema-setembro-amarelo\\\/\",\"name\":\"Pastoral promove encontro com colaboradores para abordar o tema \u201cSetembro Amarelo\u201d - Pastoral Universit\u00e1ria UniSALESIANO\",\"isPartOf\":{\"@id\":\"https:\\\/\\\/unisale.com.br\\\/pastoral\\\/#website\"},\"primaryImageOfPage\":{\"@id\":\"https:\\\/\\\/unisale.com.br\\\/novo\\\/pastoral-promove-encontro-com-colaboradores-para-abordar-o-tema-setembro-amarelo\\\/#primaryimage\"},\"image\":{\"@id\":\"https:\\\/\\\/unisale.com.br\\\/novo\\\/pastoral-promove-encontro-com-colaboradores-para-abordar-o-tema-setembro-amarelo\\\/#primaryimage\"},\"thumbnailUrl\":\"https:\\\/\\\/unisale.com.br\\\/pastoral\\\/wp-content\\\/uploads\\\/2021\\\/10\\\/Prof-carol.jpeg\",\"datePublished\":\"2021-10-20T12:51:54+00:00\",\"author\":{\"@id\":\"https:\\\/\\\/unisale.com.br\\\/pastoral\\\/#\\\/schema\\\/person\\\/492d3d7bfe53a8302576d39485aff2c4\"},\"inLanguage\":\"pt-BR\",\"potentialAction\":[{\"@type\":\"ReadAction\",\"target\":[\"https:\\\/\\\/unisale.com.br\\\/novo\\\/pastoral-promove-encontro-com-colaboradores-para-abordar-o-tema-setembro-amarelo\\\/\"]}]},{\"@type\":\"ImageObject\",\"inLanguage\":\"pt-BR\",\"@id\":\"https:\\\/\\\/unisale.com.br\\\/novo\\\/pastoral-promove-encontro-com-colaboradores-para-abordar-o-tema-setembro-amarelo\\\/#primaryimage\",\"url\":\"https:\\\/\\\/unisale.com.br\\\/pastoral\\\/wp-content\\\/uploads\\\/2021\\\/10\\\/Prof-carol.jpeg\",\"contentUrl\":\"https:\\\/\\\/unisale.com.br\\\/pastoral\\\/wp-content\\\/uploads\\\/2021\\\/10\\\/Prof-carol.jpeg\",\"width\":750,\"height\":500},{\"@type\":\"WebSite\",\"@id\":\"https:\\\/\\\/unisale.com.br\\\/pastoral\\\/#website\",\"url\":\"https:\\\/\\\/unisale.com.br\\\/pastoral\\\/\",\"name\":\"Pastoral Universit\u00e1ria UniSALESIANO\",\"description\":\"Site da Pastoral Universit\u00e1ria do UniSALESIANO\",\"potentialAction\":[{\"@type\":\"SearchAction\",\"target\":{\"@type\":\"EntryPoint\",\"urlTemplate\":\"https:\\\/\\\/unisale.com.br\\\/pastoral\\\/?s={search_term_string}\"},\"query-input\":{\"@type\":\"PropertyValueSpecification\",\"valueRequired\":true,\"valueName\":\"search_term_string\"}}],\"inLanguage\":\"pt-BR\"},{\"@type\":\"Person\",\"@id\":\"https:\\\/\\\/unisale.com.br\\\/pastoral\\\/#\\\/schema\\\/person\\\/492d3d7bfe53a8302576d39485aff2c4\",\"name\":\"Luiz Alexandre Marinho Lanzoni\",\"url\":\"https:\\\/\\\/unisale.com.br\\\/pastoral\\\/author\\\/luiz\\\/\"}]}<\/script>\n<!-- \/ Yoast SEO plugin. -->","yoast_head_json":{"title":"Pastoral promove encontro com colaboradores para abordar o tema \u201cSetembro Amarelo\u201d - Pastoral Universit\u00e1ria UniSALESIANO","robots":{"index":"index","follow":"follow","max-snippet":"max-snippet:-1","max-image-preview":"max-image-preview:large","max-video-preview":"max-video-preview:-1"},"canonical":"https:\/\/unisale.com.br\/novo\/pastoral-promove-encontro-com-colaboradores-para-abordar-o-tema-setembro-amarelo\/","og_locale":"pt_BR","og_type":"article","og_title":"Pastoral promove encontro com colaboradores para abordar o tema \u201cSetembro Amarelo\u201d - Pastoral Universit\u00e1ria UniSALESIANO","og_description":"Palestra sobre o assunto foi ministrada pela psiquiatra, Dra. Carolina Mar\u00e7al, tamb\u00e9m docente do Curso de Medicina do UniSALESIANO &nbsp; O\u00a0Setembro Amarelo,\u00a0m\u00eas de conscientiza\u00e7\u00e3o da...","og_url":"https:\/\/unisale.com.br\/novo\/pastoral-promove-encontro-com-colaboradores-para-abordar-o-tema-setembro-amarelo\/","og_site_name":"Pastoral Universit\u00e1ria UniSALESIANO","article_published_time":"2021-10-20T12:51:54+00:00","og_image":[{"width":768,"height":512,"url":"https:\/\/unisale.com.br\/novo\/wp-content\/uploads\/2021\/10\/Prof-carol.jpeg","type":"image\/jpeg"}],"author":"Luiz Alexandre Marinho Lanzoni","twitter_card":"summary_large_image","twitter_misc":{"Escrito por":"Luiz Alexandre Marinho Lanzoni","Est. tempo de leitura":"2 minutos"},"schema":{"@context":"https:\/\/schema.org","@graph":[{"@type":"Article","@id":"https:\/\/unisale.com.br\/novo\/pastoral-promove-encontro-com-colaboradores-para-abordar-o-tema-setembro-amarelo\/#article","isPartOf":{"@id":"https:\/\/unisale.com.br\/novo\/pastoral-promove-encontro-com-colaboradores-para-abordar-o-tema-setembro-amarelo\/"},"author":{"name":"Luiz Alexandre Marinho Lanzoni","@id":"https:\/\/unisale.com.br\/pastoral\/#\/schema\/person\/492d3d7bfe53a8302576d39485aff2c4"},"headline":"Pastoral promove encontro com colaboradores para abordar o tema \u201cSetembro Amarelo\u201d","datePublished":"2021-10-20T12:51:54+00:00","mainEntityOfPage":{"@id":"https:\/\/unisale.com.br\/novo\/pastoral-promove-encontro-com-colaboradores-para-abordar-o-tema-setembro-amarelo\/"},"wordCount":318,"image":{"@id":"https:\/\/unisale.com.br\/novo\/pastoral-promove-encontro-com-colaboradores-para-abordar-o-tema-setembro-amarelo\/#primaryimage"},"thumbnailUrl":"https:\/\/unisale.com.br\/pastoral\/wp-content\/uploads\/2021\/10\/Prof-carol.jpeg","inLanguage":"pt-BR"},{"@type":"WebPage","@id":"https:\/\/unisale.com.br\/novo\/pastoral-promove-encontro-com-colaboradores-para-abordar-o-tema-setembro-amarelo\/","url":"https:\/\/unisale.com.br\/novo\/pastoral-promove-encontro-com-colaboradores-para-abordar-o-tema-setembro-amarelo\/","name":"Pastoral promove encontro com colaboradores para abordar o tema \u201cSetembro Amarelo\u201d - Pastoral Universit\u00e1ria UniSALESIANO","isPartOf":{"@id":"https:\/\/unisale.com.br\/pastoral\/#website"},"primaryImageOfPage":{"@id":"https:\/\/unisale.com.br\/novo\/pastoral-promove-encontro-com-colaboradores-para-abordar-o-tema-setembro-amarelo\/#primaryimage"},"image":{"@id":"https:\/\/unisale.com.br\/novo\/pastoral-promove-encontro-com-colaboradores-para-abordar-o-tema-setembro-amarelo\/#primaryimage"},"thumbnailUrl":"https:\/\/unisale.com.br\/pastoral\/wp-content\/uploads\/2021\/10\/Prof-carol.jpeg","datePublished":"2021-10-20T12:51:54+00:00","author":{"@id":"https:\/\/unisale.com.br\/pastoral\/#\/schema\/person\/492d3d7bfe53a8302576d39485aff2c4"},"inLanguage":"pt-BR","potentialAction":[{"@type":"ReadAction","target":["https:\/\/unisale.com.br\/novo\/pastoral-promove-encontro-com-colaboradores-para-abordar-o-tema-setembro-amarelo\/"]}]},{"@type":"ImageObject","inLanguage":"pt-BR","@id":"https:\/\/unisale.com.br\/novo\/pastoral-promove-encontro-com-colaboradores-para-abordar-o-tema-setembro-amarelo\/#primaryimage","url":"https:\/\/unisale.com.br\/pastoral\/wp-content\/uploads\/2021\/10\/Prof-carol.jpeg","contentUrl":"https:\/\/unisale.com.br\/pastoral\/wp-content\/uploads\/2021\/10\/Prof-carol.jpeg","width":750,"height":500},{"@type":"WebSite","@id":"https:\/\/unisale.com.br\/pastoral\/#website","url":"https:\/\/unisale.com.br\/pastoral\/","name":"Pastoral Universit\u00e1ria UniSALESIANO","description":"Site da Pastoral Universit\u00e1ria do UniSALESIANO","potentialAction":[{"@type":"SearchAction","target":{"@type":"EntryPoint","urlTemplate":"https:\/\/unisale.com.br\/pastoral\/?s={search_term_string}"},"query-input":{"@type":"PropertyValueSpecification","valueRequired":true,"valueName":"search_term_string"}}],"inLanguage":"pt-BR"},{"@type":"Person","@id":"https:\/\/unisale.com.br\/pastoral\/#\/schema\/person\/492d3d7bfe53a8302576d39485aff2c4","name":"Luiz Alexandre Marinho Lanzoni","url":"https:\/\/unisale.com.br\/pastoral\/author\/luiz\/"}]}},"_links":{"self":[{"href":"https:\/\/unisale.com.br\/pastoral\/wp-json\/wp\/v2\/posts\/3108","targetHints":{"allow":["GET"]}}],"collection":[{"href":"https:\/\/unisale.com.br\/pastoral\/wp-json\/wp\/v2\/posts"}],"about":[{"href":"https:\/\/unisale.com.br\/pastoral\/wp-json\/wp\/v2\/types\/post"}],"author":[{"embeddable":true,"href":"https:\/\/unisale.com.br\/pastoral\/wp-json\/wp\/v2\/users\/6"}],"replies":[{"embeddable":true,"href":"https:\/\/unisale.com.br\/pastoral\/wp-json\/wp\/v2\/comments?post=3108"}],"version-history":[{"count":0,"href":"https:\/\/unisale.com.br\/pastoral\/wp-json\/wp\/v2\/posts\/3108\/revisions"}],"wp:featuredmedia":[{"embeddable":true,"href":"https:\/\/unisale.com.br\/pastoral\/wp-json\/wp\/v2\/media\/3109"}],"wp:attachment":[{"href":"https:\/\/unisale.com.br\/pastoral\/wp-json\/wp\/v2\/media?parent=3108"}],"wp:term":[{"taxonomy":"category","embeddable":true,"href":"https:\/\/unisale.com.br\/pastoral\/wp-json\/wp\/v2\/categories?post=3108"},{"taxonomy":"post_tag","embeddable":true,"href":"https:\/\/unisale.com.br\/pastoral\/wp-json\/wp\/v2\/tags?post=3108"}],"curies":[{"name":"wp","href":"https:\/\/api.w.org\/{rel}","templated":true}]}}