{"id":3114,"date":"2021-10-21T14:02:06","date_gmt":"2021-10-21T14:02:06","guid":{"rendered":"https:\/\/unisale.com.br\/pastoral\/?p=3114"},"modified":"2021-10-21T14:02:06","modified_gmt":"2021-10-21T14:02:06","slug":"pastoral-do-unisalesiano-celebra-sao-francisco-de-assis-com-evento-no-hospital-veterinario","status":"publish","type":"post","link":"https:\/\/unisale.com.br\/pastoral\/pastoral-do-unisalesiano-celebra-sao-francisco-de-assis-com-evento-no-hospital-veterinario\/","title":{"rendered":"Pastoral do UniSALESIANO celebra S\u00e3o Francisco de Assis com evento no Hospital Veterin\u00e1rio"},"content":{"rendered":"<h3>Ap\u00f3s a celebra\u00e7\u00e3o, Pe. Paulo aben\u00e7oou os ambientes do Hospital Veterin\u00e1rio e alguns animais dom\u00e9sticos ali presentes<\/h3>\n<p>A\u00a0<strong>Pastoral do UniSALESIANO<\/strong>\u00a0realizou uma celebra\u00e7\u00e3o em homenagem a S\u00e3o Francisco, no dia 4 de outubro, com alunos do\u00a0<strong>Curso de Medicina Veterin\u00e1ria<\/strong>, professores e funcion\u00e1rios do Hospital Veterin\u00e1rio da Institui\u00e7\u00e3o.<\/p>\n<p>Um altar foi montado no Hospital, onde a celebra\u00e7\u00e3o foi feita pelo\u00a0<strong>Pr\u00f3-Reitor de Pastoral, Pe. Paulo J\u00e1como<\/strong>. \u201cS\u00e3o Francisco \u00e9 padroeiro n\u00e3o somente dos animais, mas um grande admirador da natureza. Ele a considerava uma grande irm\u00e3 da humanidade\u201d, disse o padre.<\/p>\n<p>O Pr\u00f3-Reitor ressaltou aos presentes que \u00e9 necess\u00e1rio que todos tenham responsabilidade de cuidar bem da natureza como uma miss\u00e3o deixada por Deus. \u201cPapa Francisco, no documento \u2018Amoris laetitia\u2019, chama a natureza, a Terra, de casa comum. Ou seja, \u00e9 o lugar onde todos n\u00f3s, animais e seres humanos, o ecossistema, vivemos e, por isso, devemos am\u00e1-lo e protege-lo\u201d, explicou Pe. Paulo, ao aconselhar que, a a\u00e7\u00e3o mais simples de jogar um papel de bala no lixo, \u00e9 um sinal de que a pessoa est\u00e1 preocupada e empenhada em cuidar da casa comum.<\/p>\n<p>Ap\u00f3s a celebra\u00e7\u00e3o, Pe. Paulo, acompanhado da equipe de Pastoral, aben\u00e7oou os ambientes do Hospital Veterin\u00e1rio e alguns animais dom\u00e9sticos ali presentes.<\/p>\n<p>&nbsp;<\/p>\n<p><img fetchpriority=\"high\" decoding=\"async\" class=\"alignnone size-medium wp-image-3116\" src=\"https:\/\/unisale.com.br\/pastoral\/wp-content\/uploads\/2021\/10\/WhatsApp-Image-2021-10-21-at-10.21.34-2-300x200.jpeg\" alt=\"\" width=\"300\" height=\"200\" srcset=\"https:\/\/unisale.com.br\/pastoral\/wp-content\/uploads\/2021\/10\/WhatsApp-Image-2021-10-21-at-10.21.34-2-300x200.jpeg 300w, https:\/\/unisale.com.br\/pastoral\/wp-content\/uploads\/2021\/10\/WhatsApp-Image-2021-10-21-at-10.21.34-2-1024x682.jpeg 1024w, https:\/\/unisale.com.br\/pastoral\/wp-content\/uploads\/2021\/10\/WhatsApp-Image-2021-10-21-at-10.21.34-2-768x512.jpeg 768w, https:\/\/unisale.com.br\/pastoral\/wp-content\/uploads\/2021\/10\/WhatsApp-Image-2021-10-21-at-10.21.34-2-930x620.jpeg 930w, https:\/\/unisale.com.br\/pastoral\/wp-content\/uploads\/2021\/10\/WhatsApp-Image-2021-10-21-at-10.21.34-2.jpeg 750w\" sizes=\"(max-width: 300px) 100vw, 300px\" \/><\/p>\n<p><img decoding=\"async\" class=\"alignnone wp-image-3117\" src=\"https:\/\/unisale.com.br\/pastoral\/wp-content\/uploads\/2021\/10\/WhatsApp-Image-2021-10-21-at-10.21.35-300x200.jpeg\" alt=\"\" width=\"300\" height=\"200\" srcset=\"https:\/\/unisale.com.br\/pastoral\/wp-content\/uploads\/2021\/10\/WhatsApp-Image-2021-10-21-at-10.21.35-300x200.jpeg 300w, https:\/\/unisale.com.br\/pastoral\/wp-content\/uploads\/2021\/10\/WhatsApp-Image-2021-10-21-at-10.21.35-1024x682.jpeg 1024w, https:\/\/unisale.com.br\/pastoral\/wp-content\/uploads\/2021\/10\/WhatsApp-Image-2021-10-21-at-10.21.35-768x512.jpeg 768w, https:\/\/unisale.com.br\/pastoral\/wp-content\/uploads\/2021\/10\/WhatsApp-Image-2021-10-21-at-10.21.35-930x620.jpeg 930w, https:\/\/unisale.com.br\/pastoral\/wp-content\/uploads\/2021\/10\/WhatsApp-Image-2021-10-21-at-10.21.35.jpeg 750w\" sizes=\"(max-width: 300px) 100vw, 300px\" \/><\/p>\n","protected":false},"excerpt":{"rendered":"<p>Ap\u00f3s a celebra\u00e7\u00e3o, Pe. Paulo aben\u00e7oou os ambientes do Hospital Veterin\u00e1rio e alguns animais dom\u00e9sticos ali presentes A\u00a0Pastoral do UniSALESIANO\u00a0realizou uma celebra\u00e7\u00e3o em homenagem a&#8230;<\/p>\n","protected":false},"author":6,"featured_media":3115,"comment_status":"closed","ping_status":"closed","sticky":false,"template":"","format":"standard","meta":{"_acf_changed":false,"footnotes":""},"categories":[4,3],"tags":[],"class_list":["post-3114","post","type-post","status-publish","format-standard","has-post-thumbnail","hentry","category-event","category-not"],"acf":[],"yoast_head":"<!-- This site is optimized with the Yoast SEO plugin v27.3 - https:\/\/yoast.com\/product\/yoast-seo-wordpress\/ -->\n<title>Pastoral do UniSALESIANO celebra S\u00e3o Francisco de Assis com evento no Hospital Veterin\u00e1rio - Pastoral Universit\u00e1ria UniSALESIANO<\/title>\n<meta name=\"robots\" content=\"index, follow, max-snippet:-1, max-image-preview:large, max-video-preview:-1\" \/>\n<link rel=\"canonical\" href=\"https:\/\/unisale.com.br\/novo\/pastoral-do-unisalesiano-celebra-sao-francisco-de-assis-com-evento-no-hospital-veterinario\/\" \/>\n<meta property=\"og:locale\" content=\"pt_BR\" \/>\n<meta property=\"og:type\" content=\"article\" \/>\n<meta property=\"og:title\" content=\"Pastoral do UniSALESIANO celebra S\u00e3o Francisco de Assis com evento no Hospital Veterin\u00e1rio - Pastoral Universit\u00e1ria UniSALESIANO\" \/>\n<meta property=\"og:description\" content=\"Ap\u00f3s a celebra\u00e7\u00e3o, Pe. Paulo aben\u00e7oou os ambientes do Hospital Veterin\u00e1rio e alguns animais dom\u00e9sticos ali presentes A\u00a0Pastoral do UniSALESIANO\u00a0realizou uma celebra\u00e7\u00e3o em homenagem a...\" \/>\n<meta property=\"og:url\" content=\"https:\/\/unisale.com.br\/novo\/pastoral-do-unisalesiano-celebra-sao-francisco-de-assis-com-evento-no-hospital-veterinario\/\" \/>\n<meta property=\"og:site_name\" content=\"Pastoral Universit\u00e1ria UniSALESIANO\" \/>\n<meta property=\"article:published_time\" content=\"2021-10-21T14:02:06+00:00\" \/>\n<meta property=\"og:image\" content=\"https:\/\/unisale.com.br\/novo\/wp-content\/uploads\/2021\/10\/WhatsApp-Image-2021-10-21-at-10.21.34-1-1024x682-1.jpeg\" \/>\n\t<meta property=\"og:image:width\" content=\"1024\" \/>\n\t<meta property=\"og:image:height\" content=\"682\" \/>\n\t<meta property=\"og:image:type\" content=\"image\/jpeg\" \/>\n<meta name=\"author\" content=\"Luiz Alexandre Marinho Lanzoni\" \/>\n<meta name=\"twitter:card\" content=\"summary_large_image\" \/>\n<meta name=\"twitter:label1\" content=\"Escrito por\" \/>\n\t<meta name=\"twitter:data1\" content=\"Luiz Alexandre Marinho Lanzoni\" \/>\n\t<meta name=\"twitter:label2\" content=\"Est. tempo de leitura\" \/>\n\t<meta name=\"twitter:data2\" content=\"1 minuto\" \/>\n<script type=\"application\/ld+json\" class=\"yoast-schema-graph\">{\"@context\":\"https:\\\/\\\/schema.org\",\"@graph\":[{\"@type\":\"Article\",\"@id\":\"https:\\\/\\\/unisale.com.br\\\/novo\\\/pastoral-do-unisalesiano-celebra-sao-francisco-de-assis-com-evento-no-hospital-veterinario\\\/#article\",\"isPartOf\":{\"@id\":\"https:\\\/\\\/unisale.com.br\\\/novo\\\/pastoral-do-unisalesiano-celebra-sao-francisco-de-assis-com-evento-no-hospital-veterinario\\\/\"},\"author\":{\"name\":\"Luiz Alexandre Marinho Lanzoni\",\"@id\":\"https:\\\/\\\/unisale.com.br\\\/pastoral\\\/#\\\/schema\\\/person\\\/492d3d7bfe53a8302576d39485aff2c4\"},\"headline\":\"Pastoral do UniSALESIANO celebra S\u00e3o Francisco de Assis com evento no Hospital Veterin\u00e1rio\",\"datePublished\":\"2021-10-21T14:02:06+00:00\",\"mainEntityOfPage\":{\"@id\":\"https:\\\/\\\/unisale.com.br\\\/novo\\\/pastoral-do-unisalesiano-celebra-sao-francisco-de-assis-com-evento-no-hospital-veterinario\\\/\"},\"wordCount\":245,\"image\":{\"@id\":\"https:\\\/\\\/unisale.com.br\\\/novo\\\/pastoral-do-unisalesiano-celebra-sao-francisco-de-assis-com-evento-no-hospital-veterinario\\\/#primaryimage\"},\"thumbnailUrl\":\"https:\\\/\\\/unisale.com.br\\\/pastoral\\\/wp-content\\\/uploads\\\/2021\\\/10\\\/WhatsApp-Image-2021-10-21-at-10.21.34-1-1024x682-1.jpeg\",\"articleSection\":[\"Eventos\",\"Not\u00edcias\"],\"inLanguage\":\"pt-BR\"},{\"@type\":\"WebPage\",\"@id\":\"https:\\\/\\\/unisale.com.br\\\/novo\\\/pastoral-do-unisalesiano-celebra-sao-francisco-de-assis-com-evento-no-hospital-veterinario\\\/\",\"url\":\"https:\\\/\\\/unisale.com.br\\\/novo\\\/pastoral-do-unisalesiano-celebra-sao-francisco-de-assis-com-evento-no-hospital-veterinario\\\/\",\"name\":\"Pastoral do UniSALESIANO celebra S\u00e3o Francisco de Assis com evento no Hospital Veterin\u00e1rio - Pastoral Universit\u00e1ria UniSALESIANO\",\"isPartOf\":{\"@id\":\"https:\\\/\\\/unisale.com.br\\\/pastoral\\\/#website\"},\"primaryImageOfPage\":{\"@id\":\"https:\\\/\\\/unisale.com.br\\\/novo\\\/pastoral-do-unisalesiano-celebra-sao-francisco-de-assis-com-evento-no-hospital-veterinario\\\/#primaryimage\"},\"image\":{\"@id\":\"https:\\\/\\\/unisale.com.br\\\/novo\\\/pastoral-do-unisalesiano-celebra-sao-francisco-de-assis-com-evento-no-hospital-veterinario\\\/#primaryimage\"},\"thumbnailUrl\":\"https:\\\/\\\/unisale.com.br\\\/pastoral\\\/wp-content\\\/uploads\\\/2021\\\/10\\\/WhatsApp-Image-2021-10-21-at-10.21.34-1-1024x682-1.jpeg\",\"datePublished\":\"2021-10-21T14:02:06+00:00\",\"author\":{\"@id\":\"https:\\\/\\\/unisale.com.br\\\/pastoral\\\/#\\\/schema\\\/person\\\/492d3d7bfe53a8302576d39485aff2c4\"},\"inLanguage\":\"pt-BR\",\"potentialAction\":[{\"@type\":\"ReadAction\",\"target\":[\"https:\\\/\\\/unisale.com.br\\\/novo\\\/pastoral-do-unisalesiano-celebra-sao-francisco-de-assis-com-evento-no-hospital-veterinario\\\/\"]}]},{\"@type\":\"ImageObject\",\"inLanguage\":\"pt-BR\",\"@id\":\"https:\\\/\\\/unisale.com.br\\\/novo\\\/pastoral-do-unisalesiano-celebra-sao-francisco-de-assis-com-evento-no-hospital-veterinario\\\/#primaryimage\",\"url\":\"https:\\\/\\\/unisale.com.br\\\/pastoral\\\/wp-content\\\/uploads\\\/2021\\\/10\\\/WhatsApp-Image-2021-10-21-at-10.21.34-1-1024x682-1.jpeg\",\"contentUrl\":\"https:\\\/\\\/unisale.com.br\\\/pastoral\\\/wp-content\\\/uploads\\\/2021\\\/10\\\/WhatsApp-Image-2021-10-21-at-10.21.34-1-1024x682-1.jpeg\",\"width\":751,\"height\":500},{\"@type\":\"WebSite\",\"@id\":\"https:\\\/\\\/unisale.com.br\\\/pastoral\\\/#website\",\"url\":\"https:\\\/\\\/unisale.com.br\\\/pastoral\\\/\",\"name\":\"Pastoral Universit\u00e1ria UniSALESIANO\",\"description\":\"Site da Pastoral Universit\u00e1ria do UniSALESIANO\",\"potentialAction\":[{\"@type\":\"SearchAction\",\"target\":{\"@type\":\"EntryPoint\",\"urlTemplate\":\"https:\\\/\\\/unisale.com.br\\\/pastoral\\\/?s={search_term_string}\"},\"query-input\":{\"@type\":\"PropertyValueSpecification\",\"valueRequired\":true,\"valueName\":\"search_term_string\"}}],\"inLanguage\":\"pt-BR\"},{\"@type\":\"Person\",\"@id\":\"https:\\\/\\\/unisale.com.br\\\/pastoral\\\/#\\\/schema\\\/person\\\/492d3d7bfe53a8302576d39485aff2c4\",\"name\":\"Luiz Alexandre Marinho Lanzoni\",\"url\":\"https:\\\/\\\/unisale.com.br\\\/pastoral\\\/author\\\/luiz\\\/\"}]}<\/script>\n<!-- \/ Yoast SEO plugin. -->","yoast_head_json":{"title":"Pastoral do UniSALESIANO celebra S\u00e3o Francisco de Assis com evento no Hospital Veterin\u00e1rio - Pastoral Universit\u00e1ria UniSALESIANO","robots":{"index":"index","follow":"follow","max-snippet":"max-snippet:-1","max-image-preview":"max-image-preview:large","max-video-preview":"max-video-preview:-1"},"canonical":"https:\/\/unisale.com.br\/novo\/pastoral-do-unisalesiano-celebra-sao-francisco-de-assis-com-evento-no-hospital-veterinario\/","og_locale":"pt_BR","og_type":"article","og_title":"Pastoral do UniSALESIANO celebra S\u00e3o Francisco de Assis com evento no Hospital Veterin\u00e1rio - Pastoral Universit\u00e1ria UniSALESIANO","og_description":"Ap\u00f3s a celebra\u00e7\u00e3o, Pe. Paulo aben\u00e7oou os ambientes do Hospital Veterin\u00e1rio e alguns animais dom\u00e9sticos ali presentes A\u00a0Pastoral do UniSALESIANO\u00a0realizou uma celebra\u00e7\u00e3o em homenagem a...","og_url":"https:\/\/unisale.com.br\/novo\/pastoral-do-unisalesiano-celebra-sao-francisco-de-assis-com-evento-no-hospital-veterinario\/","og_site_name":"Pastoral Universit\u00e1ria UniSALESIANO","article_published_time":"2021-10-21T14:02:06+00:00","og_image":[{"width":1024,"height":682,"url":"https:\/\/unisale.com.br\/novo\/wp-content\/uploads\/2021\/10\/WhatsApp-Image-2021-10-21-at-10.21.34-1-1024x682-1.jpeg","type":"image\/jpeg"}],"author":"Luiz Alexandre Marinho Lanzoni","twitter_card":"summary_large_image","twitter_misc":{"Escrito por":"Luiz Alexandre Marinho Lanzoni","Est. tempo de leitura":"1 minuto"},"schema":{"@context":"https:\/\/schema.org","@graph":[{"@type":"Article","@id":"https:\/\/unisale.com.br\/novo\/pastoral-do-unisalesiano-celebra-sao-francisco-de-assis-com-evento-no-hospital-veterinario\/#article","isPartOf":{"@id":"https:\/\/unisale.com.br\/novo\/pastoral-do-unisalesiano-celebra-sao-francisco-de-assis-com-evento-no-hospital-veterinario\/"},"author":{"name":"Luiz Alexandre Marinho Lanzoni","@id":"https:\/\/unisale.com.br\/pastoral\/#\/schema\/person\/492d3d7bfe53a8302576d39485aff2c4"},"headline":"Pastoral do UniSALESIANO celebra S\u00e3o Francisco de Assis com evento no Hospital Veterin\u00e1rio","datePublished":"2021-10-21T14:02:06+00:00","mainEntityOfPage":{"@id":"https:\/\/unisale.com.br\/novo\/pastoral-do-unisalesiano-celebra-sao-francisco-de-assis-com-evento-no-hospital-veterinario\/"},"wordCount":245,"image":{"@id":"https:\/\/unisale.com.br\/novo\/pastoral-do-unisalesiano-celebra-sao-francisco-de-assis-com-evento-no-hospital-veterinario\/#primaryimage"},"thumbnailUrl":"https:\/\/unisale.com.br\/pastoral\/wp-content\/uploads\/2021\/10\/WhatsApp-Image-2021-10-21-at-10.21.34-1-1024x682-1.jpeg","articleSection":["Eventos","Not\u00edcias"],"inLanguage":"pt-BR"},{"@type":"WebPage","@id":"https:\/\/unisale.com.br\/novo\/pastoral-do-unisalesiano-celebra-sao-francisco-de-assis-com-evento-no-hospital-veterinario\/","url":"https:\/\/unisale.com.br\/novo\/pastoral-do-unisalesiano-celebra-sao-francisco-de-assis-com-evento-no-hospital-veterinario\/","name":"Pastoral do UniSALESIANO celebra S\u00e3o Francisco de Assis com evento no Hospital Veterin\u00e1rio - Pastoral Universit\u00e1ria UniSALESIANO","isPartOf":{"@id":"https:\/\/unisale.com.br\/pastoral\/#website"},"primaryImageOfPage":{"@id":"https:\/\/unisale.com.br\/novo\/pastoral-do-unisalesiano-celebra-sao-francisco-de-assis-com-evento-no-hospital-veterinario\/#primaryimage"},"image":{"@id":"https:\/\/unisale.com.br\/novo\/pastoral-do-unisalesiano-celebra-sao-francisco-de-assis-com-evento-no-hospital-veterinario\/#primaryimage"},"thumbnailUrl":"https:\/\/unisale.com.br\/pastoral\/wp-content\/uploads\/2021\/10\/WhatsApp-Image-2021-10-21-at-10.21.34-1-1024x682-1.jpeg","datePublished":"2021-10-21T14:02:06+00:00","author":{"@id":"https:\/\/unisale.com.br\/pastoral\/#\/schema\/person\/492d3d7bfe53a8302576d39485aff2c4"},"inLanguage":"pt-BR","potentialAction":[{"@type":"ReadAction","target":["https:\/\/unisale.com.br\/novo\/pastoral-do-unisalesiano-celebra-sao-francisco-de-assis-com-evento-no-hospital-veterinario\/"]}]},{"@type":"ImageObject","inLanguage":"pt-BR","@id":"https:\/\/unisale.com.br\/novo\/pastoral-do-unisalesiano-celebra-sao-francisco-de-assis-com-evento-no-hospital-veterinario\/#primaryimage","url":"https:\/\/unisale.com.br\/pastoral\/wp-content\/uploads\/2021\/10\/WhatsApp-Image-2021-10-21-at-10.21.34-1-1024x682-1.jpeg","contentUrl":"https:\/\/unisale.com.br\/pastoral\/wp-content\/uploads\/2021\/10\/WhatsApp-Image-2021-10-21-at-10.21.34-1-1024x682-1.jpeg","width":751,"height":500},{"@type":"WebSite","@id":"https:\/\/unisale.com.br\/pastoral\/#website","url":"https:\/\/unisale.com.br\/pastoral\/","name":"Pastoral Universit\u00e1ria UniSALESIANO","description":"Site da Pastoral Universit\u00e1ria do UniSALESIANO","potentialAction":[{"@type":"SearchAction","target":{"@type":"EntryPoint","urlTemplate":"https:\/\/unisale.com.br\/pastoral\/?s={search_term_string}"},"query-input":{"@type":"PropertyValueSpecification","valueRequired":true,"valueName":"search_term_string"}}],"inLanguage":"pt-BR"},{"@type":"Person","@id":"https:\/\/unisale.com.br\/pastoral\/#\/schema\/person\/492d3d7bfe53a8302576d39485aff2c4","name":"Luiz Alexandre Marinho Lanzoni","url":"https:\/\/unisale.com.br\/pastoral\/author\/luiz\/"}]}},"_links":{"self":[{"href":"https:\/\/unisale.com.br\/pastoral\/wp-json\/wp\/v2\/posts\/3114","targetHints":{"allow":["GET"]}}],"collection":[{"href":"https:\/\/unisale.com.br\/pastoral\/wp-json\/wp\/v2\/posts"}],"about":[{"href":"https:\/\/unisale.com.br\/pastoral\/wp-json\/wp\/v2\/types\/post"}],"author":[{"embeddable":true,"href":"https:\/\/unisale.com.br\/pastoral\/wp-json\/wp\/v2\/users\/6"}],"replies":[{"embeddable":true,"href":"https:\/\/unisale.com.br\/pastoral\/wp-json\/wp\/v2\/comments?post=3114"}],"version-history":[{"count":0,"href":"https:\/\/unisale.com.br\/pastoral\/wp-json\/wp\/v2\/posts\/3114\/revisions"}],"wp:featuredmedia":[{"embeddable":true,"href":"https:\/\/unisale.com.br\/pastoral\/wp-json\/wp\/v2\/media\/3115"}],"wp:attachment":[{"href":"https:\/\/unisale.com.br\/pastoral\/wp-json\/wp\/v2\/media?parent=3114"}],"wp:term":[{"taxonomy":"category","embeddable":true,"href":"https:\/\/unisale.com.br\/pastoral\/wp-json\/wp\/v2\/categories?post=3114"},{"taxonomy":"post_tag","embeddable":true,"href":"https:\/\/unisale.com.br\/pastoral\/wp-json\/wp\/v2\/tags?post=3114"}],"curies":[{"name":"wp","href":"https:\/\/api.w.org\/{rel}","templated":true}]}}