{"id":3140,"date":"2021-10-25T13:28:37","date_gmt":"2021-10-25T13:28:37","guid":{"rendered":"https:\/\/unisale.com.br\/pastoral\/?p=3140"},"modified":"2021-10-25T13:28:37","modified_gmt":"2021-10-25T13:28:37","slug":"29-10-a-lei-permite-curar-em-dia-de-sabado-ou-nao","status":"publish","type":"post","link":"https:\/\/unisale.com.br\/pastoral\/29-10-a-lei-permite-curar-em-dia-de-sabado-ou-nao\/","title":{"rendered":"29\/10 &#8211; A Lei permite curar em dia de s\u00e1bado ou n\u00e3o?"},"content":{"rendered":"<p>Sexta-feira, 29 de outubro de 2021.<\/p>\n<p>&nbsp;<\/p>\n<p>Evangelho (Lc 14,1-6)<\/p>\n<p>&nbsp;<\/p>\n<p><strong>\u201cA Lei permite curar em dia de s\u00e1bado ou n\u00e3o?\u201d<\/strong><\/p>\n<p>&nbsp;<\/p>\n<p><sup>1<\/sup>Aconteceu que, num dia de s\u00e1bado, Jesus foi comer na casa de um dos chefes dos fariseus. E eles o observavam. <sup>2<\/sup>Diante de Jesus, havia um hidr\u00f3pico. <sup>3<\/sup>Tomando a palavra, Jesus falou aos mestres da Lei e aos fariseus: \u201cA Lei permite curar em dia de s\u00e1bado, ou n\u00e3o?\u201d <sup>4<\/sup>Mas eles ficaram em sil\u00eancio. Ent\u00e3o Jesus tomou o homem pela m\u00e3o, curou-o e despediu-o. <sup>5<\/sup>Depois lhes disse: \u201cSe algum de v\u00f3s tem um filho ou um boi que caiu num po\u00e7o, n\u00e3o o tira logo, mesmo em dia de s\u00e1bado?\u201d <sup>6<\/sup>E eles n\u00e3o foram capazes de responder a isso.<\/p>\n<p>&nbsp;<\/p>\n<p><strong>Reflex\u00e3o<\/strong><\/p>\n<p>&nbsp;<\/p>\n<p>Hoje o Evangelho nos apresenta uma controv\u00e9rsia muito grande: a regra do s\u00e1bado diz que neste dia n\u00e3o precisa fazer nada, mas \u00e9 l\u00edcito, no entanto almo\u00e7ar. \u00c9 como se o almo\u00e7o valesse mais do que o sofrimento de um homem. \u00c9 um paradoxo que culmina com o nosso apego doentio \u00e0s regras. N\u00f3s gostamos das regras porque quando as seguimos n\u00f3s nos sentimos bons e justos, e nunca percebemos que com as regras n\u00f3s constru\u00edmos a nossa imagem, bastante espa\u00e7osa para caber a n\u00f3s mesmos e, bastante estreita para fazermos entrar o sofrimento dos outros. Deus d\u00e1 a regra do s\u00e1bado a fim de que o homem se recorde de ser humano e n\u00e3o um \u201canimal do trabalho\u201d, e \u00e9 paradoxal que em nome de uma regra que serve para nos recordar que somos humanos, n\u00f3s sejamos assim desumanos ao ponto de n\u00e3o nos render conta do sofrimento do outro. Jesus nos diz isso de um modo melhor: \u201cSe algum de v\u00f3s tem um filho ou um boi que caiu no po\u00e7o, n\u00e3o o tira logo, mesmo em dia de s\u00e1bado? E eles n\u00e3o foram capazes de responder a esta pergunta\u201d. O sil\u00eancio aqui n\u00e3o \u00e9 uma aprova\u00e7\u00e3o. A grande convers\u00e3o que trabalhosamente Jesus quer alcan\u00e7ar dos fariseus, e tamb\u00e9m em n\u00f3s, \u00e9 a inclina\u00e7\u00e3o que temos de certos modos de raciocinar. Jesus te d\u00e1 a possibilidade de participar da sua vida divina. Tornar-se humano significa recuperar de maneira aut\u00eantica aquela imagem e semelhan\u00e7a com Deus que cada um de n\u00f3s carrega. Quando deixamos de ser humanos contradizemos a imagem de Deus que carregamos. Eis porque o Evangelho \u00e9 antes de tudo um apelo a n\u00e3o perder de vista a nossa humanidade, especialmente quando a perdemos em nome da nossa religiosidade.<\/p>\n<p>&nbsp;<\/p>\n<p><strong>Pe. Paulo Eduardo J\u00e1como, sdb.<\/strong><\/p>\n","protected":false},"excerpt":{"rendered":"<p>Sexta-feira, 29 de outubro de 2021. &nbsp; Evangelho (Lc 14,1-6) &nbsp; \u201cA Lei permite curar em dia de s\u00e1bado ou n\u00e3o?\u201d &nbsp; 1Aconteceu que, num&#8230;<\/p>\n","protected":false},"author":6,"featured_media":3135,"comment_status":"closed","ping_status":"closed","sticky":false,"template":"","format":"standard","meta":{"_acf_changed":false,"footnotes":""},"categories":[13],"tags":[],"class_list":["post-3140","post","type-post","status-publish","format-standard","has-post-thumbnail","hentry","category-reflexaodoevagelho"],"acf":[],"yoast_head":"<!-- This site is optimized with the Yoast SEO plugin v27.3 - https:\/\/yoast.com\/product\/yoast-seo-wordpress\/ -->\n<title>29\/10 - A Lei permite curar em dia de s\u00e1bado ou n\u00e3o? - Pastoral Universit\u00e1ria UniSALESIANO<\/title>\n<meta name=\"robots\" content=\"index, follow, max-snippet:-1, max-image-preview:large, max-video-preview:-1\" \/>\n<link rel=\"canonical\" href=\"https:\/\/unisale.com.br\/novo\/29-10-a-lei-permite-curar-em-dia-de-sabado-ou-nao\/\" \/>\n<meta property=\"og:locale\" content=\"pt_BR\" \/>\n<meta property=\"og:type\" content=\"article\" \/>\n<meta property=\"og:title\" content=\"29\/10 - A Lei permite curar em dia de s\u00e1bado ou n\u00e3o? - Pastoral Universit\u00e1ria UniSALESIANO\" \/>\n<meta property=\"og:description\" content=\"Sexta-feira, 29 de outubro de 2021. &nbsp; Evangelho (Lc 14,1-6) &nbsp; \u201cA Lei permite curar em dia de s\u00e1bado ou n\u00e3o?\u201d &nbsp; 1Aconteceu que, num...\" \/>\n<meta property=\"og:url\" content=\"https:\/\/unisale.com.br\/novo\/29-10-a-lei-permite-curar-em-dia-de-sabado-ou-nao\/\" \/>\n<meta property=\"og:site_name\" content=\"Pastoral Universit\u00e1ria UniSALESIANO\" \/>\n<meta property=\"article:published_time\" content=\"2021-10-25T13:28:37+00:00\" \/>\n<meta property=\"og:image\" content=\"https:\/\/unisale.com.br\/novo\/wp-content\/uploads\/2021\/10\/Ev-29.jpg\" \/>\n\t<meta property=\"og:image:width\" content=\"640\" \/>\n\t<meta property=\"og:image:height\" content=\"426\" \/>\n\t<meta property=\"og:image:type\" content=\"image\/jpeg\" \/>\n<meta name=\"author\" content=\"Luiz Alexandre Marinho Lanzoni\" \/>\n<meta name=\"twitter:card\" content=\"summary_large_image\" \/>\n<meta name=\"twitter:label1\" content=\"Escrito por\" \/>\n\t<meta name=\"twitter:data1\" content=\"Luiz Alexandre Marinho Lanzoni\" \/>\n\t<meta name=\"twitter:label2\" content=\"Est. tempo de leitura\" \/>\n\t<meta name=\"twitter:data2\" content=\"2 minutos\" \/>\n<script type=\"application\/ld+json\" class=\"yoast-schema-graph\">{\"@context\":\"https:\\\/\\\/schema.org\",\"@graph\":[{\"@type\":\"Article\",\"@id\":\"https:\\\/\\\/unisale.com.br\\\/novo\\\/29-10-a-lei-permite-curar-em-dia-de-sabado-ou-nao\\\/#article\",\"isPartOf\":{\"@id\":\"https:\\\/\\\/unisale.com.br\\\/novo\\\/29-10-a-lei-permite-curar-em-dia-de-sabado-ou-nao\\\/\"},\"author\":{\"name\":\"Luiz Alexandre Marinho Lanzoni\",\"@id\":\"https:\\\/\\\/unisale.com.br\\\/pastoral\\\/#\\\/schema\\\/person\\\/492d3d7bfe53a8302576d39485aff2c4\"},\"headline\":\"29\\\/10 &#8211; A Lei permite curar em dia de s\u00e1bado ou n\u00e3o?\",\"datePublished\":\"2021-10-25T13:28:37+00:00\",\"mainEntityOfPage\":{\"@id\":\"https:\\\/\\\/unisale.com.br\\\/novo\\\/29-10-a-lei-permite-curar-em-dia-de-sabado-ou-nao\\\/\"},\"wordCount\":475,\"image\":{\"@id\":\"https:\\\/\\\/unisale.com.br\\\/novo\\\/29-10-a-lei-permite-curar-em-dia-de-sabado-ou-nao\\\/#primaryimage\"},\"thumbnailUrl\":\"https:\\\/\\\/unisale.com.br\\\/pastoral\\\/wp-content\\\/uploads\\\/2021\\\/10\\\/Ev-29.jpg\",\"articleSection\":[\"Reflex\u00e3o do Evangelho\"],\"inLanguage\":\"pt-BR\"},{\"@type\":\"WebPage\",\"@id\":\"https:\\\/\\\/unisale.com.br\\\/novo\\\/29-10-a-lei-permite-curar-em-dia-de-sabado-ou-nao\\\/\",\"url\":\"https:\\\/\\\/unisale.com.br\\\/novo\\\/29-10-a-lei-permite-curar-em-dia-de-sabado-ou-nao\\\/\",\"name\":\"29\\\/10 - A Lei permite curar em dia de s\u00e1bado ou n\u00e3o? - Pastoral Universit\u00e1ria UniSALESIANO\",\"isPartOf\":{\"@id\":\"https:\\\/\\\/unisale.com.br\\\/pastoral\\\/#website\"},\"primaryImageOfPage\":{\"@id\":\"https:\\\/\\\/unisale.com.br\\\/novo\\\/29-10-a-lei-permite-curar-em-dia-de-sabado-ou-nao\\\/#primaryimage\"},\"image\":{\"@id\":\"https:\\\/\\\/unisale.com.br\\\/novo\\\/29-10-a-lei-permite-curar-em-dia-de-sabado-ou-nao\\\/#primaryimage\"},\"thumbnailUrl\":\"https:\\\/\\\/unisale.com.br\\\/pastoral\\\/wp-content\\\/uploads\\\/2021\\\/10\\\/Ev-29.jpg\",\"datePublished\":\"2021-10-25T13:28:37+00:00\",\"author\":{\"@id\":\"https:\\\/\\\/unisale.com.br\\\/pastoral\\\/#\\\/schema\\\/person\\\/492d3d7bfe53a8302576d39485aff2c4\"},\"inLanguage\":\"pt-BR\",\"potentialAction\":[{\"@type\":\"ReadAction\",\"target\":[\"https:\\\/\\\/unisale.com.br\\\/novo\\\/29-10-a-lei-permite-curar-em-dia-de-sabado-ou-nao\\\/\"]}]},{\"@type\":\"ImageObject\",\"inLanguage\":\"pt-BR\",\"@id\":\"https:\\\/\\\/unisale.com.br\\\/novo\\\/29-10-a-lei-permite-curar-em-dia-de-sabado-ou-nao\\\/#primaryimage\",\"url\":\"https:\\\/\\\/unisale.com.br\\\/pastoral\\\/wp-content\\\/uploads\\\/2021\\\/10\\\/Ev-29.jpg\",\"contentUrl\":\"https:\\\/\\\/unisale.com.br\\\/pastoral\\\/wp-content\\\/uploads\\\/2021\\\/10\\\/Ev-29.jpg\",\"width\":640,\"height\":426},{\"@type\":\"WebSite\",\"@id\":\"https:\\\/\\\/unisale.com.br\\\/pastoral\\\/#website\",\"url\":\"https:\\\/\\\/unisale.com.br\\\/pastoral\\\/\",\"name\":\"Pastoral Universit\u00e1ria UniSALESIANO\",\"description\":\"Site da Pastoral Universit\u00e1ria do UniSALESIANO\",\"potentialAction\":[{\"@type\":\"SearchAction\",\"target\":{\"@type\":\"EntryPoint\",\"urlTemplate\":\"https:\\\/\\\/unisale.com.br\\\/pastoral\\\/?s={search_term_string}\"},\"query-input\":{\"@type\":\"PropertyValueSpecification\",\"valueRequired\":true,\"valueName\":\"search_term_string\"}}],\"inLanguage\":\"pt-BR\"},{\"@type\":\"Person\",\"@id\":\"https:\\\/\\\/unisale.com.br\\\/pastoral\\\/#\\\/schema\\\/person\\\/492d3d7bfe53a8302576d39485aff2c4\",\"name\":\"Luiz Alexandre Marinho Lanzoni\",\"url\":\"https:\\\/\\\/unisale.com.br\\\/pastoral\\\/author\\\/luiz\\\/\"}]}<\/script>\n<!-- \/ Yoast SEO plugin. -->","yoast_head_json":{"title":"29\/10 - A Lei permite curar em dia de s\u00e1bado ou n\u00e3o? - Pastoral Universit\u00e1ria UniSALESIANO","robots":{"index":"index","follow":"follow","max-snippet":"max-snippet:-1","max-image-preview":"max-image-preview:large","max-video-preview":"max-video-preview:-1"},"canonical":"https:\/\/unisale.com.br\/novo\/29-10-a-lei-permite-curar-em-dia-de-sabado-ou-nao\/","og_locale":"pt_BR","og_type":"article","og_title":"29\/10 - A Lei permite curar em dia de s\u00e1bado ou n\u00e3o? - Pastoral Universit\u00e1ria UniSALESIANO","og_description":"Sexta-feira, 29 de outubro de 2021. &nbsp; Evangelho (Lc 14,1-6) &nbsp; \u201cA Lei permite curar em dia de s\u00e1bado ou n\u00e3o?\u201d &nbsp; 1Aconteceu que, num...","og_url":"https:\/\/unisale.com.br\/novo\/29-10-a-lei-permite-curar-em-dia-de-sabado-ou-nao\/","og_site_name":"Pastoral Universit\u00e1ria UniSALESIANO","article_published_time":"2021-10-25T13:28:37+00:00","og_image":[{"width":640,"height":426,"url":"https:\/\/unisale.com.br\/novo\/wp-content\/uploads\/2021\/10\/Ev-29.jpg","type":"image\/jpeg"}],"author":"Luiz Alexandre Marinho Lanzoni","twitter_card":"summary_large_image","twitter_misc":{"Escrito por":"Luiz Alexandre Marinho Lanzoni","Est. tempo de leitura":"2 minutos"},"schema":{"@context":"https:\/\/schema.org","@graph":[{"@type":"Article","@id":"https:\/\/unisale.com.br\/novo\/29-10-a-lei-permite-curar-em-dia-de-sabado-ou-nao\/#article","isPartOf":{"@id":"https:\/\/unisale.com.br\/novo\/29-10-a-lei-permite-curar-em-dia-de-sabado-ou-nao\/"},"author":{"name":"Luiz Alexandre Marinho Lanzoni","@id":"https:\/\/unisale.com.br\/pastoral\/#\/schema\/person\/492d3d7bfe53a8302576d39485aff2c4"},"headline":"29\/10 &#8211; A Lei permite curar em dia de s\u00e1bado ou n\u00e3o?","datePublished":"2021-10-25T13:28:37+00:00","mainEntityOfPage":{"@id":"https:\/\/unisale.com.br\/novo\/29-10-a-lei-permite-curar-em-dia-de-sabado-ou-nao\/"},"wordCount":475,"image":{"@id":"https:\/\/unisale.com.br\/novo\/29-10-a-lei-permite-curar-em-dia-de-sabado-ou-nao\/#primaryimage"},"thumbnailUrl":"https:\/\/unisale.com.br\/pastoral\/wp-content\/uploads\/2021\/10\/Ev-29.jpg","articleSection":["Reflex\u00e3o do Evangelho"],"inLanguage":"pt-BR"},{"@type":"WebPage","@id":"https:\/\/unisale.com.br\/novo\/29-10-a-lei-permite-curar-em-dia-de-sabado-ou-nao\/","url":"https:\/\/unisale.com.br\/novo\/29-10-a-lei-permite-curar-em-dia-de-sabado-ou-nao\/","name":"29\/10 - A Lei permite curar em dia de s\u00e1bado ou n\u00e3o? - Pastoral Universit\u00e1ria UniSALESIANO","isPartOf":{"@id":"https:\/\/unisale.com.br\/pastoral\/#website"},"primaryImageOfPage":{"@id":"https:\/\/unisale.com.br\/novo\/29-10-a-lei-permite-curar-em-dia-de-sabado-ou-nao\/#primaryimage"},"image":{"@id":"https:\/\/unisale.com.br\/novo\/29-10-a-lei-permite-curar-em-dia-de-sabado-ou-nao\/#primaryimage"},"thumbnailUrl":"https:\/\/unisale.com.br\/pastoral\/wp-content\/uploads\/2021\/10\/Ev-29.jpg","datePublished":"2021-10-25T13:28:37+00:00","author":{"@id":"https:\/\/unisale.com.br\/pastoral\/#\/schema\/person\/492d3d7bfe53a8302576d39485aff2c4"},"inLanguage":"pt-BR","potentialAction":[{"@type":"ReadAction","target":["https:\/\/unisale.com.br\/novo\/29-10-a-lei-permite-curar-em-dia-de-sabado-ou-nao\/"]}]},{"@type":"ImageObject","inLanguage":"pt-BR","@id":"https:\/\/unisale.com.br\/novo\/29-10-a-lei-permite-curar-em-dia-de-sabado-ou-nao\/#primaryimage","url":"https:\/\/unisale.com.br\/pastoral\/wp-content\/uploads\/2021\/10\/Ev-29.jpg","contentUrl":"https:\/\/unisale.com.br\/pastoral\/wp-content\/uploads\/2021\/10\/Ev-29.jpg","width":640,"height":426},{"@type":"WebSite","@id":"https:\/\/unisale.com.br\/pastoral\/#website","url":"https:\/\/unisale.com.br\/pastoral\/","name":"Pastoral Universit\u00e1ria UniSALESIANO","description":"Site da Pastoral Universit\u00e1ria do UniSALESIANO","potentialAction":[{"@type":"SearchAction","target":{"@type":"EntryPoint","urlTemplate":"https:\/\/unisale.com.br\/pastoral\/?s={search_term_string}"},"query-input":{"@type":"PropertyValueSpecification","valueRequired":true,"valueName":"search_term_string"}}],"inLanguage":"pt-BR"},{"@type":"Person","@id":"https:\/\/unisale.com.br\/pastoral\/#\/schema\/person\/492d3d7bfe53a8302576d39485aff2c4","name":"Luiz Alexandre Marinho Lanzoni","url":"https:\/\/unisale.com.br\/pastoral\/author\/luiz\/"}]}},"_links":{"self":[{"href":"https:\/\/unisale.com.br\/pastoral\/wp-json\/wp\/v2\/posts\/3140","targetHints":{"allow":["GET"]}}],"collection":[{"href":"https:\/\/unisale.com.br\/pastoral\/wp-json\/wp\/v2\/posts"}],"about":[{"href":"https:\/\/unisale.com.br\/pastoral\/wp-json\/wp\/v2\/types\/post"}],"author":[{"embeddable":true,"href":"https:\/\/unisale.com.br\/pastoral\/wp-json\/wp\/v2\/users\/6"}],"replies":[{"embeddable":true,"href":"https:\/\/unisale.com.br\/pastoral\/wp-json\/wp\/v2\/comments?post=3140"}],"version-history":[{"count":0,"href":"https:\/\/unisale.com.br\/pastoral\/wp-json\/wp\/v2\/posts\/3140\/revisions"}],"wp:featuredmedia":[{"embeddable":true,"href":"https:\/\/unisale.com.br\/pastoral\/wp-json\/wp\/v2\/media\/3135"}],"wp:attachment":[{"href":"https:\/\/unisale.com.br\/pastoral\/wp-json\/wp\/v2\/media?parent=3140"}],"wp:term":[{"taxonomy":"category","embeddable":true,"href":"https:\/\/unisale.com.br\/pastoral\/wp-json\/wp\/v2\/categories?post=3140"},{"taxonomy":"post_tag","embeddable":true,"href":"https:\/\/unisale.com.br\/pastoral\/wp-json\/wp\/v2\/tags?post=3140"}],"curies":[{"name":"wp","href":"https:\/\/api.w.org\/{rel}","templated":true}]}}