{"id":3164,"date":"2021-10-29T16:50:19","date_gmt":"2021-10-29T16:50:19","guid":{"rendered":"https:\/\/unisale.com.br\/pastoral\/?p=3164"},"modified":"2021-10-29T16:50:19","modified_gmt":"2021-10-29T16:50:19","slug":"02-11-vinde-benditos-de-meu-pai-recebei-como-heranca-o-reino-que-meu-pai-vos-preparou-desde-a-criacao-do-mundo","status":"publish","type":"post","link":"https:\/\/unisale.com.br\/pastoral\/02-11-vinde-benditos-de-meu-pai-recebei-como-heranca-o-reino-que-meu-pai-vos-preparou-desde-a-criacao-do-mundo\/","title":{"rendered":"02\/11 &#8211; Vinde, benditos de meu Pai! Recebei como heran\u00e7a o Reino que meu Pai vos preparou desde a cria\u00e7\u00e3o do mundo!"},"content":{"rendered":"<p>Ter\u00e7a-feira, 02 de novembro de 2021.<\/p>\n<p>&nbsp;<\/p>\n<p>Evangelho (Mt 25,31-46)<\/p>\n<p>&nbsp;<\/p>\n<p><strong>\u201cVinde, benditos de meu Pai! Recebei como heran\u00e7a o Reino que meu Pai vos preparou desde a cria\u00e7\u00e3o do mundo!\u201d<\/strong><\/p>\n<p>&nbsp;<\/p>\n<p>Naquele tempo, disse Jesus aos seus disc\u00edpulos: <sup>31<\/sup>\u201cQuando o Filho do Homem vier em sua gl\u00f3ria, acompanhado de todos os anjos, ent\u00e3o se assentar\u00e1 em seu trono glorioso. <sup>32<\/sup>Todos os povos da terra ser\u00e3o reunidos diante dele, e ele separar\u00e1 uns dos outros, assim como o pastor separa as ovelhas dos cabritos. <sup>33<\/sup>E colocar\u00e1 as ovelhas \u00e0 sua direita e os cabritos \u00e0 sua esquerda. <sup>34<\/sup>Ent\u00e3o o Rei dir\u00e1 aos que estiverem \u00e0 sua direita: \u2018Vinde benditos de meu Pai! Recebei como heran\u00e7a o Reino que meu Pai vos preparou desde a cria\u00e7\u00e3o do mundo! <sup>35<\/sup>Pois eu estava com fome e me destes de comer; eu estava com sede e me destes de beber; eu era estrangeiro e me recebestes em casa; <sup>36<\/sup>eu estava nu e me vestistes; eu estava doente e cuidastes de mim; eu estava na pris\u00e3o e fostes me visitar\u2019. <sup>37<\/sup>Ent\u00e3o os justos lhe perguntar\u00e3o: \u2018Senhor, quando foi que te vimos com fome e te demos de comer? Com sede e te demos de beber? <sup>38<\/sup>Quando foi que te vimos como estrangeiro e te recebemos em casa, e sem roupa e te vestimos? <sup>39<\/sup>Quando foi que te vimos doente ou preso, e fomos te visitar?\u2019 <sup>40<\/sup>Ent\u00e3o o Rei lhes responder\u00e1: \u2018Em verdade eu vos digo, que todas as vezes que fizestes isso a um dos menores de meus irm\u00e3os, foi a mim que o fizestes!\u2019 <sup>41<\/sup>Depois o Rei dir\u00e1 aos que estiverem \u00e0 sua esquerda: \u2018Afastai-vos de mim, malditos! Ide para o fogo eterno, preparado para o diabo e para os seus anjos. <sup>42<\/sup>Pois eu estava com fome e n\u00e3o me destes de comer; eu estava com sede e n\u00e3o me destes de beber; <sup>43<\/sup>eu era estrangeiro e n\u00e3o me recebestes em casa; eu estava nu e n\u00e3o me vestistes; eu estava doente e na pris\u00e3o e n\u00e3o fostes me visitar\u2019. <sup>44<\/sup>E responder\u00e3o tamb\u00e9m eles: \u2018Senhor, quando foi que te vimos com fome, ou com sede, como estrangeiro, ou nu, doente ou preso, e n\u00e3o te servimos?\u2019 <sup>45<\/sup>Ent\u00e3o o Rei lhes responder\u00e1: \u2018Em verdade eu vos digo, todas as vezes que n\u00e3o fizestes isso a um desses pequeninos, foi a mim que n\u00e3o o fizestes!\u2019 <sup>46<\/sup>Portanto, estes ir\u00e3o para o castigo eterno, enquanto os justos ir\u00e3o para a vida eterna\u201d.<\/p>\n<p>&nbsp;<\/p>\n<p><strong>Reflex\u00e3o<\/strong><\/p>\n<p>&nbsp;<\/p>\n<p>Hoje n\u00f3s celebramos nossos fi\u00e9is defuntos, fazemos mem\u00f3ria dos nossos parentes, amigos, enfim, de todos os que nos precederam. N\u00f3s temos o Sagrado dever de rezar por todos, principalmente por todos aqueles que foram v\u00edtimas da pandemia que estamos vivenciando. Penso nestes defuntos cuja partida \u00e9 mais recente e cuja cicatriz da dor ainda n\u00e3o foi curada. Mas n\u00f3s n\u00e3o podemos nos limitar ao aspecto humano da morte. O conhecimento humano, ali\u00e1s, n\u00e3o nos diz nada sobre a morte, s\u00f3 geram mais dor e sofrimento, fantasias e desconforto. Para celebrar nossos fi\u00e9is defuntos n\u00e3o nos bastam estes limitados sentimentos. \u00c9 preciso a f\u00e9 para nos iluminar e nos guiar, e nos indicar, em todos momento, aquilo que se deve pensar e cumprir diante a passagem da exist\u00eancia no tempo \u00e0 eternidade. Mas de uma coisa a f\u00e9 nos \u00e9 garantia: a eternidade. N\u00f3s somos imortais. N\u00e3o morremos jamais. Nascemos ontem e temos a eternidade para viver. Sa\u00edmos das m\u00e3os de Deus, que nos criou, para viver para sempre. Cada um de n\u00f3s pode ter a certeza de que o nosso ser n\u00e3o ser\u00e1 absorvido pelo sono da morte, n\u00e3o seremos anulados e nem destru\u00eddos. Mas, o que esta vida tem a haver com a vida futura? Simples: Somos n\u00f3s que formaremos a nossa fisionomia para a vida futura. O que fazemos agora tem uma repercuss\u00e3o na eternidade. As nossas a\u00e7\u00f5es nos seguem, elas t\u00eam uma import\u00e2ncia enorme, \u00e9 o que nos diz o Evangelho de hoje. Precisamos ser santos j\u00e1 aqui na terra. Cada a\u00e7\u00e3o nossa conta para al\u00e9m do tempo, incide n\u00e3o no vazio, mas no nosso ser. Seremos, diante de Deus, como estamos nos plasmando com a nossa vontade, com as nossas virtudes. O grande segredo para participarmos da vida eterna \u00e9 estarmos sempre unidos a Cristo, \u00e9 essencial para n\u00f3s. Se permanecermos unidos a Ele o nosso destino estar\u00e1 seguro. Seremos encaminhados n\u00e3o em dire\u00e7\u00e3o \u00e0 obscuridade, mas em dire\u00e7\u00e3o ao oceano da vida: Cristo, a nossa reden\u00e7\u00e3o e salva\u00e7\u00e3o, o nosso premio.<\/p>\n<p>&nbsp;<\/p>\n<p><strong>Pe. Paulo Eduardo J\u00e1com, sdb.<\/strong><\/p>\n","protected":false},"excerpt":{"rendered":"<p>Ter\u00e7a-feira, 02 de novembro de 2021. &nbsp; Evangelho (Mt 25,31-46) &nbsp; \u201cVinde, benditos de meu Pai! Recebei como heran\u00e7a o Reino que meu Pai vos&#8230;<\/p>\n","protected":false},"author":6,"featured_media":3160,"comment_status":"closed","ping_status":"closed","sticky":false,"template":"","format":"standard","meta":{"_acf_changed":false,"footnotes":""},"categories":[13],"tags":[],"class_list":["post-3164","post","type-post","status-publish","format-standard","has-post-thumbnail","hentry","category-reflexaodoevagelho"],"acf":[],"yoast_head":"<!-- This site is optimized with the Yoast SEO plugin v27.3 - https:\/\/yoast.com\/product\/yoast-seo-wordpress\/ -->\n<title>02\/11 - Vinde, benditos de meu Pai! Recebei como heran\u00e7a o Reino que meu Pai vos preparou desde a cria\u00e7\u00e3o do mundo! - Pastoral Universit\u00e1ria UniSALESIANO<\/title>\n<meta name=\"robots\" content=\"index, follow, max-snippet:-1, max-image-preview:large, max-video-preview:-1\" \/>\n<link rel=\"canonical\" href=\"https:\/\/unisale.com.br\/novo\/02-11-vinde-benditos-de-meu-pai-recebei-como-heranca-o-reino-que-meu-pai-vos-preparou-desde-a-criacao-do-mundo\/\" \/>\n<meta property=\"og:locale\" content=\"pt_BR\" \/>\n<meta property=\"og:type\" content=\"article\" \/>\n<meta property=\"og:title\" content=\"02\/11 - Vinde, benditos de meu Pai! Recebei como heran\u00e7a o Reino que meu Pai vos preparou desde a cria\u00e7\u00e3o do mundo! - Pastoral Universit\u00e1ria UniSALESIANO\" \/>\n<meta property=\"og:description\" content=\"Ter\u00e7a-feira, 02 de novembro de 2021. &nbsp; Evangelho (Mt 25,31-46) &nbsp; \u201cVinde, benditos de meu Pai! Recebei como heran\u00e7a o Reino que meu Pai vos...\" \/>\n<meta property=\"og:url\" content=\"https:\/\/unisale.com.br\/novo\/02-11-vinde-benditos-de-meu-pai-recebei-como-heranca-o-reino-que-meu-pai-vos-preparou-desde-a-criacao-do-mundo\/\" \/>\n<meta property=\"og:site_name\" content=\"Pastoral Universit\u00e1ria UniSALESIANO\" \/>\n<meta property=\"article:published_time\" content=\"2021-10-29T16:50:19+00:00\" \/>\n<meta property=\"og:image\" content=\"https:\/\/unisale.com.br\/novo\/wp-content\/uploads\/2021\/10\/Ev-02.jpg\" \/>\n\t<meta property=\"og:image:width\" content=\"1200\" \/>\n\t<meta property=\"og:image:height\" content=\"695\" \/>\n\t<meta property=\"og:image:type\" content=\"image\/jpeg\" \/>\n<meta name=\"author\" content=\"Luiz Alexandre Marinho Lanzoni\" \/>\n<meta name=\"twitter:card\" content=\"summary_large_image\" \/>\n<meta name=\"twitter:label1\" content=\"Escrito por\" \/>\n\t<meta name=\"twitter:data1\" content=\"Luiz Alexandre Marinho Lanzoni\" \/>\n\t<meta name=\"twitter:label2\" content=\"Est. tempo de leitura\" \/>\n\t<meta name=\"twitter:data2\" content=\"4 minutos\" \/>\n<script type=\"application\/ld+json\" class=\"yoast-schema-graph\">{\"@context\":\"https:\\\/\\\/schema.org\",\"@graph\":[{\"@type\":\"Article\",\"@id\":\"https:\\\/\\\/unisale.com.br\\\/novo\\\/02-11-vinde-benditos-de-meu-pai-recebei-como-heranca-o-reino-que-meu-pai-vos-preparou-desde-a-criacao-do-mundo\\\/#article\",\"isPartOf\":{\"@id\":\"https:\\\/\\\/unisale.com.br\\\/novo\\\/02-11-vinde-benditos-de-meu-pai-recebei-como-heranca-o-reino-que-meu-pai-vos-preparou-desde-a-criacao-do-mundo\\\/\"},\"author\":{\"name\":\"Luiz Alexandre Marinho Lanzoni\",\"@id\":\"https:\\\/\\\/unisale.com.br\\\/pastoral\\\/#\\\/schema\\\/person\\\/492d3d7bfe53a8302576d39485aff2c4\"},\"headline\":\"02\\\/11 &#8211; Vinde, benditos de meu Pai! Recebei como heran\u00e7a o Reino que meu Pai vos preparou desde a cria\u00e7\u00e3o do mundo!\",\"datePublished\":\"2021-10-29T16:50:19+00:00\",\"mainEntityOfPage\":{\"@id\":\"https:\\\/\\\/unisale.com.br\\\/novo\\\/02-11-vinde-benditos-de-meu-pai-recebei-como-heranca-o-reino-que-meu-pai-vos-preparou-desde-a-criacao-do-mundo\\\/\"},\"wordCount\":825,\"image\":{\"@id\":\"https:\\\/\\\/unisale.com.br\\\/novo\\\/02-11-vinde-benditos-de-meu-pai-recebei-como-heranca-o-reino-que-meu-pai-vos-preparou-desde-a-criacao-do-mundo\\\/#primaryimage\"},\"thumbnailUrl\":\"https:\\\/\\\/unisale.com.br\\\/pastoral\\\/wp-content\\\/uploads\\\/2021\\\/10\\\/Ev-02.jpg\",\"articleSection\":[\"Reflex\u00e3o do Evangelho\"],\"inLanguage\":\"pt-BR\"},{\"@type\":\"WebPage\",\"@id\":\"https:\\\/\\\/unisale.com.br\\\/novo\\\/02-11-vinde-benditos-de-meu-pai-recebei-como-heranca-o-reino-que-meu-pai-vos-preparou-desde-a-criacao-do-mundo\\\/\",\"url\":\"https:\\\/\\\/unisale.com.br\\\/novo\\\/02-11-vinde-benditos-de-meu-pai-recebei-como-heranca-o-reino-que-meu-pai-vos-preparou-desde-a-criacao-do-mundo\\\/\",\"name\":\"02\\\/11 - Vinde, benditos de meu Pai! Recebei como heran\u00e7a o Reino que meu Pai vos preparou desde a cria\u00e7\u00e3o do mundo! - Pastoral Universit\u00e1ria UniSALESIANO\",\"isPartOf\":{\"@id\":\"https:\\\/\\\/unisale.com.br\\\/pastoral\\\/#website\"},\"primaryImageOfPage\":{\"@id\":\"https:\\\/\\\/unisale.com.br\\\/novo\\\/02-11-vinde-benditos-de-meu-pai-recebei-como-heranca-o-reino-que-meu-pai-vos-preparou-desde-a-criacao-do-mundo\\\/#primaryimage\"},\"image\":{\"@id\":\"https:\\\/\\\/unisale.com.br\\\/novo\\\/02-11-vinde-benditos-de-meu-pai-recebei-como-heranca-o-reino-que-meu-pai-vos-preparou-desde-a-criacao-do-mundo\\\/#primaryimage\"},\"thumbnailUrl\":\"https:\\\/\\\/unisale.com.br\\\/pastoral\\\/wp-content\\\/uploads\\\/2021\\\/10\\\/Ev-02.jpg\",\"datePublished\":\"2021-10-29T16:50:19+00:00\",\"author\":{\"@id\":\"https:\\\/\\\/unisale.com.br\\\/pastoral\\\/#\\\/schema\\\/person\\\/492d3d7bfe53a8302576d39485aff2c4\"},\"inLanguage\":\"pt-BR\",\"potentialAction\":[{\"@type\":\"ReadAction\",\"target\":[\"https:\\\/\\\/unisale.com.br\\\/novo\\\/02-11-vinde-benditos-de-meu-pai-recebei-como-heranca-o-reino-que-meu-pai-vos-preparou-desde-a-criacao-do-mundo\\\/\"]}]},{\"@type\":\"ImageObject\",\"inLanguage\":\"pt-BR\",\"@id\":\"https:\\\/\\\/unisale.com.br\\\/novo\\\/02-11-vinde-benditos-de-meu-pai-recebei-como-heranca-o-reino-que-meu-pai-vos-preparou-desde-a-criacao-do-mundo\\\/#primaryimage\",\"url\":\"https:\\\/\\\/unisale.com.br\\\/pastoral\\\/wp-content\\\/uploads\\\/2021\\\/10\\\/Ev-02.jpg\",\"contentUrl\":\"https:\\\/\\\/unisale.com.br\\\/pastoral\\\/wp-content\\\/uploads\\\/2021\\\/10\\\/Ev-02.jpg\",\"width\":863,\"height\":500},{\"@type\":\"WebSite\",\"@id\":\"https:\\\/\\\/unisale.com.br\\\/pastoral\\\/#website\",\"url\":\"https:\\\/\\\/unisale.com.br\\\/pastoral\\\/\",\"name\":\"Pastoral Universit\u00e1ria UniSALESIANO\",\"description\":\"Site da Pastoral Universit\u00e1ria do UniSALESIANO\",\"potentialAction\":[{\"@type\":\"SearchAction\",\"target\":{\"@type\":\"EntryPoint\",\"urlTemplate\":\"https:\\\/\\\/unisale.com.br\\\/pastoral\\\/?s={search_term_string}\"},\"query-input\":{\"@type\":\"PropertyValueSpecification\",\"valueRequired\":true,\"valueName\":\"search_term_string\"}}],\"inLanguage\":\"pt-BR\"},{\"@type\":\"Person\",\"@id\":\"https:\\\/\\\/unisale.com.br\\\/pastoral\\\/#\\\/schema\\\/person\\\/492d3d7bfe53a8302576d39485aff2c4\",\"name\":\"Luiz Alexandre Marinho Lanzoni\",\"url\":\"https:\\\/\\\/unisale.com.br\\\/pastoral\\\/author\\\/luiz\\\/\"}]}<\/script>\n<!-- \/ Yoast SEO plugin. -->","yoast_head_json":{"title":"02\/11 - Vinde, benditos de meu Pai! Recebei como heran\u00e7a o Reino que meu Pai vos preparou desde a cria\u00e7\u00e3o do mundo! - Pastoral Universit\u00e1ria UniSALESIANO","robots":{"index":"index","follow":"follow","max-snippet":"max-snippet:-1","max-image-preview":"max-image-preview:large","max-video-preview":"max-video-preview:-1"},"canonical":"https:\/\/unisale.com.br\/novo\/02-11-vinde-benditos-de-meu-pai-recebei-como-heranca-o-reino-que-meu-pai-vos-preparou-desde-a-criacao-do-mundo\/","og_locale":"pt_BR","og_type":"article","og_title":"02\/11 - Vinde, benditos de meu Pai! Recebei como heran\u00e7a o Reino que meu Pai vos preparou desde a cria\u00e7\u00e3o do mundo! - Pastoral Universit\u00e1ria UniSALESIANO","og_description":"Ter\u00e7a-feira, 02 de novembro de 2021. &nbsp; Evangelho (Mt 25,31-46) &nbsp; \u201cVinde, benditos de meu Pai! Recebei como heran\u00e7a o Reino que meu Pai vos...","og_url":"https:\/\/unisale.com.br\/novo\/02-11-vinde-benditos-de-meu-pai-recebei-como-heranca-o-reino-que-meu-pai-vos-preparou-desde-a-criacao-do-mundo\/","og_site_name":"Pastoral Universit\u00e1ria UniSALESIANO","article_published_time":"2021-10-29T16:50:19+00:00","og_image":[{"width":1200,"height":695,"url":"https:\/\/unisale.com.br\/novo\/wp-content\/uploads\/2021\/10\/Ev-02.jpg","type":"image\/jpeg"}],"author":"Luiz Alexandre Marinho Lanzoni","twitter_card":"summary_large_image","twitter_misc":{"Escrito por":"Luiz Alexandre Marinho Lanzoni","Est. tempo de leitura":"4 minutos"},"schema":{"@context":"https:\/\/schema.org","@graph":[{"@type":"Article","@id":"https:\/\/unisale.com.br\/novo\/02-11-vinde-benditos-de-meu-pai-recebei-como-heranca-o-reino-que-meu-pai-vos-preparou-desde-a-criacao-do-mundo\/#article","isPartOf":{"@id":"https:\/\/unisale.com.br\/novo\/02-11-vinde-benditos-de-meu-pai-recebei-como-heranca-o-reino-que-meu-pai-vos-preparou-desde-a-criacao-do-mundo\/"},"author":{"name":"Luiz Alexandre Marinho Lanzoni","@id":"https:\/\/unisale.com.br\/pastoral\/#\/schema\/person\/492d3d7bfe53a8302576d39485aff2c4"},"headline":"02\/11 &#8211; Vinde, benditos de meu Pai! Recebei como heran\u00e7a o Reino que meu Pai vos preparou desde a cria\u00e7\u00e3o do mundo!","datePublished":"2021-10-29T16:50:19+00:00","mainEntityOfPage":{"@id":"https:\/\/unisale.com.br\/novo\/02-11-vinde-benditos-de-meu-pai-recebei-como-heranca-o-reino-que-meu-pai-vos-preparou-desde-a-criacao-do-mundo\/"},"wordCount":825,"image":{"@id":"https:\/\/unisale.com.br\/novo\/02-11-vinde-benditos-de-meu-pai-recebei-como-heranca-o-reino-que-meu-pai-vos-preparou-desde-a-criacao-do-mundo\/#primaryimage"},"thumbnailUrl":"https:\/\/unisale.com.br\/pastoral\/wp-content\/uploads\/2021\/10\/Ev-02.jpg","articleSection":["Reflex\u00e3o do Evangelho"],"inLanguage":"pt-BR"},{"@type":"WebPage","@id":"https:\/\/unisale.com.br\/novo\/02-11-vinde-benditos-de-meu-pai-recebei-como-heranca-o-reino-que-meu-pai-vos-preparou-desde-a-criacao-do-mundo\/","url":"https:\/\/unisale.com.br\/novo\/02-11-vinde-benditos-de-meu-pai-recebei-como-heranca-o-reino-que-meu-pai-vos-preparou-desde-a-criacao-do-mundo\/","name":"02\/11 - Vinde, benditos de meu Pai! Recebei como heran\u00e7a o Reino que meu Pai vos preparou desde a cria\u00e7\u00e3o do mundo! - Pastoral Universit\u00e1ria UniSALESIANO","isPartOf":{"@id":"https:\/\/unisale.com.br\/pastoral\/#website"},"primaryImageOfPage":{"@id":"https:\/\/unisale.com.br\/novo\/02-11-vinde-benditos-de-meu-pai-recebei-como-heranca-o-reino-que-meu-pai-vos-preparou-desde-a-criacao-do-mundo\/#primaryimage"},"image":{"@id":"https:\/\/unisale.com.br\/novo\/02-11-vinde-benditos-de-meu-pai-recebei-como-heranca-o-reino-que-meu-pai-vos-preparou-desde-a-criacao-do-mundo\/#primaryimage"},"thumbnailUrl":"https:\/\/unisale.com.br\/pastoral\/wp-content\/uploads\/2021\/10\/Ev-02.jpg","datePublished":"2021-10-29T16:50:19+00:00","author":{"@id":"https:\/\/unisale.com.br\/pastoral\/#\/schema\/person\/492d3d7bfe53a8302576d39485aff2c4"},"inLanguage":"pt-BR","potentialAction":[{"@type":"ReadAction","target":["https:\/\/unisale.com.br\/novo\/02-11-vinde-benditos-de-meu-pai-recebei-como-heranca-o-reino-que-meu-pai-vos-preparou-desde-a-criacao-do-mundo\/"]}]},{"@type":"ImageObject","inLanguage":"pt-BR","@id":"https:\/\/unisale.com.br\/novo\/02-11-vinde-benditos-de-meu-pai-recebei-como-heranca-o-reino-que-meu-pai-vos-preparou-desde-a-criacao-do-mundo\/#primaryimage","url":"https:\/\/unisale.com.br\/pastoral\/wp-content\/uploads\/2021\/10\/Ev-02.jpg","contentUrl":"https:\/\/unisale.com.br\/pastoral\/wp-content\/uploads\/2021\/10\/Ev-02.jpg","width":863,"height":500},{"@type":"WebSite","@id":"https:\/\/unisale.com.br\/pastoral\/#website","url":"https:\/\/unisale.com.br\/pastoral\/","name":"Pastoral Universit\u00e1ria UniSALESIANO","description":"Site da Pastoral Universit\u00e1ria do UniSALESIANO","potentialAction":[{"@type":"SearchAction","target":{"@type":"EntryPoint","urlTemplate":"https:\/\/unisale.com.br\/pastoral\/?s={search_term_string}"},"query-input":{"@type":"PropertyValueSpecification","valueRequired":true,"valueName":"search_term_string"}}],"inLanguage":"pt-BR"},{"@type":"Person","@id":"https:\/\/unisale.com.br\/pastoral\/#\/schema\/person\/492d3d7bfe53a8302576d39485aff2c4","name":"Luiz Alexandre Marinho Lanzoni","url":"https:\/\/unisale.com.br\/pastoral\/author\/luiz\/"}]}},"_links":{"self":[{"href":"https:\/\/unisale.com.br\/pastoral\/wp-json\/wp\/v2\/posts\/3164","targetHints":{"allow":["GET"]}}],"collection":[{"href":"https:\/\/unisale.com.br\/pastoral\/wp-json\/wp\/v2\/posts"}],"about":[{"href":"https:\/\/unisale.com.br\/pastoral\/wp-json\/wp\/v2\/types\/post"}],"author":[{"embeddable":true,"href":"https:\/\/unisale.com.br\/pastoral\/wp-json\/wp\/v2\/users\/6"}],"replies":[{"embeddable":true,"href":"https:\/\/unisale.com.br\/pastoral\/wp-json\/wp\/v2\/comments?post=3164"}],"version-history":[{"count":0,"href":"https:\/\/unisale.com.br\/pastoral\/wp-json\/wp\/v2\/posts\/3164\/revisions"}],"wp:featuredmedia":[{"embeddable":true,"href":"https:\/\/unisale.com.br\/pastoral\/wp-json\/wp\/v2\/media\/3160"}],"wp:attachment":[{"href":"https:\/\/unisale.com.br\/pastoral\/wp-json\/wp\/v2\/media?parent=3164"}],"wp:term":[{"taxonomy":"category","embeddable":true,"href":"https:\/\/unisale.com.br\/pastoral\/wp-json\/wp\/v2\/categories?post=3164"},{"taxonomy":"post_tag","embeddable":true,"href":"https:\/\/unisale.com.br\/pastoral\/wp-json\/wp\/v2\/tags?post=3164"}],"curies":[{"name":"wp","href":"https:\/\/api.w.org\/{rel}","templated":true}]}}