{"id":3166,"date":"2021-10-29T16:51:37","date_gmt":"2021-10-29T16:51:37","guid":{"rendered":"https:\/\/unisale.com.br\/pastoral\/?p=3166"},"modified":"2021-11-05T13:22:03","modified_gmt":"2021-11-05T13:22:03","slug":"03-11-quem-nao-carrega-sua-cruz-e-nao-caminha-atras-de-mim-nao-pode-ser-meu-discipulo","status":"publish","type":"post","link":"https:\/\/unisale.com.br\/pastoral\/03-11-quem-nao-carrega-sua-cruz-e-nao-caminha-atras-de-mim-nao-pode-ser-meu-discipulo\/","title":{"rendered":"03\/11 &#8211; Quem n\u00e3o carrega sua cruz e n\u00e3o caminha atr\u00e1s de mim n\u00e3o pode ser meu disc\u00edpulo."},"content":{"rendered":"<p>Quarta-feira, 03 de novembro de 2021.<\/p>\n<p>&nbsp;<\/p>\n<p>Evangelho (Lc 14,25-33)<\/p>\n<p>&nbsp;<\/p>\n<p><strong>\u201cQuem n\u00e3o carrega sua cruz e n\u00e3o caminha atr\u00e1s de mim n\u00e3o pode ser meu disc\u00edpulo\u201d<\/strong><\/p>\n<p>&nbsp;<\/p>\n<p>Naquele tempo, <sup>25<\/sup>grandes multid\u00f5es acompanhavam Jesus. Voltando-se, ele lhes disse: <sup>26<\/sup>\u201cSe algu\u00e9m vem a mim, mas n\u00e3o se desapega de seu pai e sua m\u00e3e, sua mulher e seus filhos, seus irm\u00e3os e suas irm\u00e3s e at\u00e9 da sua pr\u00f3pria vida, n\u00e3o pode ser meu disc\u00edpulo. <sup>27<\/sup>Quem n\u00e3o carrega sua cruz e n\u00e3o caminha atr\u00e1s de mim, n\u00e3o pode ser meu disc\u00edpulo. <sup>28<\/sup>Com efeito: qual de v\u00f3s, querendo construir uma torre, n\u00e3o se senta primeiro e calcula os gastos, para ver se tem o suficiente para terminar? Caso contr\u00e1rio, <sup>29<\/sup>ele vai lan\u00e7ar o alicerce e n\u00e3o ser\u00e1 capaz de acabar. E todos os que virem isso come\u00e7ar\u00e3o a ca\u00e7oar, dizendo: <sup>30<\/sup>\u2018Este homem come\u00e7ou a construir e n\u00e3o foi capaz de acabar!\u2019 <sup>31<\/sup>Ou ainda: Qual rei que, ao sair para guerrear com outro, n\u00e3o se senta primeiro e examina bem se com dez mil homens poder\u00e1 enfrentar o outro que marcha contra ele com vinte mil? <sup>32<\/sup>Se ele v\u00ea que n\u00e3o pode, enquanto o outro rei ainda est\u00e1 longe, envia mensageiros para negociar as condi\u00e7\u00f5es de paz. <sup>33<\/sup>Do mesmo modo, portanto, qualquer um de v\u00f3s, se n\u00e3o renunciar a tudo o que tem, n\u00e3o pode ser meu disc\u00edpulo!\u201d<\/p>\n<p>&nbsp;<\/p>\n<p><strong>Reflex\u00e3o<\/strong><\/p>\n<p>&nbsp;<\/p>\n<p>Desapegar-se de pai, m\u00e3e ou de qualquer pessoa que amamos e at\u00e9 de n\u00f3s mesmos? Parece muito complexo o que Jesus nos est\u00e1 pedindo. Mas precisamos entender que Jesus n\u00e3o est\u00e1 nos pedindo de fazer mal a quem amamos ou a n\u00f3s mesmos, mas nos est\u00e1 pedindo de recordarmos que, por quanto n\u00f3s possamos amar algu\u00e9m ou a n\u00f3s mesmos, ningu\u00e9m tem o direito de ser Deus no lugar de Deus. O amor sincero que temos para com as pessoas \u00e9 algo que nos deve fazer recordar ainda mais de Deus, mas eles n\u00e3o s\u00e3o Deus. Trata-los como se fossem, significa paradoxalmente permanecer desiludidos e fazer seriamente mal a eles. O que Jesus nos pede \u00e9 de n\u00e3o dar a eles o lugar fundamental, pois do contr\u00e1rio, daremos uma responsabilidade insuport\u00e1vel para eles e para o amor. S\u00f3 Deus \u00e9 a base de tudo, agora cada um assume tamb\u00e9m o seu justo lugar e o seu justo valor. E Jesus ainda acrescenta: \u201cQuem n\u00e3o carrega a sua cruz e n\u00e3o caminha atr\u00e1s de mim n\u00e3o pode ser meu disc\u00edpulo\u201d. Assim Jesus nos diz que o verdadeiro disc\u00edpulo n\u00e3o \u00e9 somente aquele que sabe colocar no justo lugar o que conta, mas \u00e9 tamb\u00e9m aquele que com realismo toma a responsabilidade daquilo que \u00e9 real na vida, e decide de se responsabilizar n\u00e3o de maneira heroica, mas de maneira humilde, seguindo-O. Nos daremos conta do quanto somos incapazes a viver assim. \u00c9 por gra\u00e7a de Deus que podemos am\u00e1-lo verdadeiramente. \u00c9 por gra\u00e7a Sua que podemos tomar a responsabilidade da nossa vida at\u00e9 o fim e caminhar atr\u00e1s dele. Ter f\u00e9 significa recordar-se que Deus torna sempre capazes aqueles aos quais pede alguma coisa. A f\u00e9 em Jesus e n\u00e3o nas nossas for\u00e7as \u00e9 que faz a diferen\u00e7a. Assim cada coisa encontra o seu lugar e a sua coragem.<\/p>\n<p>&nbsp;<\/p>\n<p><strong>Pe. Paulo Eduardo J\u00e1como, sdb.<\/strong><\/p>\n","protected":false},"excerpt":{"rendered":"<p>Quarta-feira, 03 de novembro de 2021. &nbsp; Evangelho (Lc 14,25-33) &nbsp; \u201cQuem n\u00e3o carrega sua cruz e n\u00e3o caminha atr\u00e1s de mim n\u00e3o pode ser&#8230;<\/p>\n","protected":false},"author":6,"featured_media":3159,"comment_status":"closed","ping_status":"closed","sticky":false,"template":"","format":"standard","meta":{"_acf_changed":false,"footnotes":""},"categories":[13],"tags":[],"class_list":["post-3166","post","type-post","status-publish","format-standard","has-post-thumbnail","hentry","category-reflexaodoevagelho"],"acf":[],"yoast_head":"<!-- This site is optimized with the Yoast SEO plugin v27.3 - https:\/\/yoast.com\/product\/yoast-seo-wordpress\/ -->\n<title>03\/11 - Quem n\u00e3o carrega sua cruz e n\u00e3o caminha atr\u00e1s de mim n\u00e3o pode ser meu disc\u00edpulo. - Pastoral Universit\u00e1ria UniSALESIANO<\/title>\n<meta name=\"robots\" content=\"index, follow, max-snippet:-1, max-image-preview:large, max-video-preview:-1\" \/>\n<link rel=\"canonical\" href=\"https:\/\/unisale.com.br\/novo\/03-11-quem-nao-carrega-sua-cruz-e-nao-caminha-atras-de-mim-nao-pode-ser-meu-discipulo\/\" \/>\n<meta property=\"og:locale\" content=\"pt_BR\" \/>\n<meta property=\"og:type\" content=\"article\" \/>\n<meta property=\"og:title\" content=\"03\/11 - Quem n\u00e3o carrega sua cruz e n\u00e3o caminha atr\u00e1s de mim n\u00e3o pode ser meu disc\u00edpulo. - Pastoral Universit\u00e1ria UniSALESIANO\" \/>\n<meta property=\"og:description\" content=\"Quarta-feira, 03 de novembro de 2021. &nbsp; Evangelho (Lc 14,25-33) &nbsp; \u201cQuem n\u00e3o carrega sua cruz e n\u00e3o caminha atr\u00e1s de mim n\u00e3o pode ser...\" \/>\n<meta property=\"og:url\" content=\"https:\/\/unisale.com.br\/novo\/03-11-quem-nao-carrega-sua-cruz-e-nao-caminha-atras-de-mim-nao-pode-ser-meu-discipulo\/\" \/>\n<meta property=\"og:site_name\" content=\"Pastoral Universit\u00e1ria UniSALESIANO\" \/>\n<meta property=\"article:published_time\" content=\"2021-10-29T16:51:37+00:00\" \/>\n<meta property=\"article:modified_time\" content=\"2021-11-05T13:22:03+00:00\" \/>\n<meta property=\"og:image\" content=\"https:\/\/unisale.com.br\/novo\/wp-content\/uploads\/2021\/10\/Ev-03.jpg\" \/>\n\t<meta property=\"og:image:width\" content=\"720\" \/>\n\t<meta property=\"og:image:height\" content=\"720\" \/>\n\t<meta property=\"og:image:type\" content=\"image\/jpeg\" \/>\n<meta name=\"author\" content=\"Luiz Alexandre Marinho Lanzoni\" \/>\n<meta name=\"twitter:card\" content=\"summary_large_image\" \/>\n<meta name=\"twitter:label1\" content=\"Escrito por\" \/>\n\t<meta name=\"twitter:data1\" content=\"Luiz Alexandre Marinho Lanzoni\" \/>\n\t<meta name=\"twitter:label2\" content=\"Est. tempo de leitura\" \/>\n\t<meta name=\"twitter:data2\" content=\"3 minutos\" \/>\n<script type=\"application\/ld+json\" class=\"yoast-schema-graph\">{\"@context\":\"https:\\\/\\\/schema.org\",\"@graph\":[{\"@type\":\"Article\",\"@id\":\"https:\\\/\\\/unisale.com.br\\\/novo\\\/03-11-quem-nao-carrega-sua-cruz-e-nao-caminha-atras-de-mim-nao-pode-ser-meu-discipulo\\\/#article\",\"isPartOf\":{\"@id\":\"https:\\\/\\\/unisale.com.br\\\/novo\\\/03-11-quem-nao-carrega-sua-cruz-e-nao-caminha-atras-de-mim-nao-pode-ser-meu-discipulo\\\/\"},\"author\":{\"name\":\"Luiz Alexandre Marinho Lanzoni\",\"@id\":\"https:\\\/\\\/unisale.com.br\\\/pastoral\\\/#\\\/schema\\\/person\\\/492d3d7bfe53a8302576d39485aff2c4\"},\"headline\":\"03\\\/11 &#8211; Quem n\u00e3o carrega sua cruz e n\u00e3o caminha atr\u00e1s de mim n\u00e3o pode ser meu disc\u00edpulo.\",\"datePublished\":\"2021-10-29T16:51:37+00:00\",\"dateModified\":\"2021-11-05T13:22:03+00:00\",\"mainEntityOfPage\":{\"@id\":\"https:\\\/\\\/unisale.com.br\\\/novo\\\/03-11-quem-nao-carrega-sua-cruz-e-nao-caminha-atras-de-mim-nao-pode-ser-meu-discipulo\\\/\"},\"wordCount\":621,\"image\":{\"@id\":\"https:\\\/\\\/unisale.com.br\\\/novo\\\/03-11-quem-nao-carrega-sua-cruz-e-nao-caminha-atras-de-mim-nao-pode-ser-meu-discipulo\\\/#primaryimage\"},\"thumbnailUrl\":\"https:\\\/\\\/unisale.com.br\\\/pastoral\\\/wp-content\\\/uploads\\\/2021\\\/10\\\/Ev-03.jpg\",\"articleSection\":[\"Reflex\u00e3o do Evangelho\"],\"inLanguage\":\"pt-BR\"},{\"@type\":\"WebPage\",\"@id\":\"https:\\\/\\\/unisale.com.br\\\/novo\\\/03-11-quem-nao-carrega-sua-cruz-e-nao-caminha-atras-de-mim-nao-pode-ser-meu-discipulo\\\/\",\"url\":\"https:\\\/\\\/unisale.com.br\\\/novo\\\/03-11-quem-nao-carrega-sua-cruz-e-nao-caminha-atras-de-mim-nao-pode-ser-meu-discipulo\\\/\",\"name\":\"03\\\/11 - Quem n\u00e3o carrega sua cruz e n\u00e3o caminha atr\u00e1s de mim n\u00e3o pode ser meu disc\u00edpulo. - Pastoral Universit\u00e1ria UniSALESIANO\",\"isPartOf\":{\"@id\":\"https:\\\/\\\/unisale.com.br\\\/pastoral\\\/#website\"},\"primaryImageOfPage\":{\"@id\":\"https:\\\/\\\/unisale.com.br\\\/novo\\\/03-11-quem-nao-carrega-sua-cruz-e-nao-caminha-atras-de-mim-nao-pode-ser-meu-discipulo\\\/#primaryimage\"},\"image\":{\"@id\":\"https:\\\/\\\/unisale.com.br\\\/novo\\\/03-11-quem-nao-carrega-sua-cruz-e-nao-caminha-atras-de-mim-nao-pode-ser-meu-discipulo\\\/#primaryimage\"},\"thumbnailUrl\":\"https:\\\/\\\/unisale.com.br\\\/pastoral\\\/wp-content\\\/uploads\\\/2021\\\/10\\\/Ev-03.jpg\",\"datePublished\":\"2021-10-29T16:51:37+00:00\",\"dateModified\":\"2021-11-05T13:22:03+00:00\",\"author\":{\"@id\":\"https:\\\/\\\/unisale.com.br\\\/pastoral\\\/#\\\/schema\\\/person\\\/492d3d7bfe53a8302576d39485aff2c4\"},\"inLanguage\":\"pt-BR\",\"potentialAction\":[{\"@type\":\"ReadAction\",\"target\":[\"https:\\\/\\\/unisale.com.br\\\/novo\\\/03-11-quem-nao-carrega-sua-cruz-e-nao-caminha-atras-de-mim-nao-pode-ser-meu-discipulo\\\/\"]}]},{\"@type\":\"ImageObject\",\"inLanguage\":\"pt-BR\",\"@id\":\"https:\\\/\\\/unisale.com.br\\\/novo\\\/03-11-quem-nao-carrega-sua-cruz-e-nao-caminha-atras-de-mim-nao-pode-ser-meu-discipulo\\\/#primaryimage\",\"url\":\"https:\\\/\\\/unisale.com.br\\\/pastoral\\\/wp-content\\\/uploads\\\/2021\\\/10\\\/Ev-03.jpg\",\"contentUrl\":\"https:\\\/\\\/unisale.com.br\\\/pastoral\\\/wp-content\\\/uploads\\\/2021\\\/10\\\/Ev-03.jpg\",\"width\":500,\"height\":500},{\"@type\":\"WebSite\",\"@id\":\"https:\\\/\\\/unisale.com.br\\\/pastoral\\\/#website\",\"url\":\"https:\\\/\\\/unisale.com.br\\\/pastoral\\\/\",\"name\":\"Pastoral Universit\u00e1ria UniSALESIANO\",\"description\":\"Site da Pastoral Universit\u00e1ria do UniSALESIANO\",\"potentialAction\":[{\"@type\":\"SearchAction\",\"target\":{\"@type\":\"EntryPoint\",\"urlTemplate\":\"https:\\\/\\\/unisale.com.br\\\/pastoral\\\/?s={search_term_string}\"},\"query-input\":{\"@type\":\"PropertyValueSpecification\",\"valueRequired\":true,\"valueName\":\"search_term_string\"}}],\"inLanguage\":\"pt-BR\"},{\"@type\":\"Person\",\"@id\":\"https:\\\/\\\/unisale.com.br\\\/pastoral\\\/#\\\/schema\\\/person\\\/492d3d7bfe53a8302576d39485aff2c4\",\"name\":\"Luiz Alexandre Marinho Lanzoni\",\"url\":\"https:\\\/\\\/unisale.com.br\\\/pastoral\\\/author\\\/luiz\\\/\"}]}<\/script>\n<!-- \/ Yoast SEO plugin. -->","yoast_head_json":{"title":"03\/11 - Quem n\u00e3o carrega sua cruz e n\u00e3o caminha atr\u00e1s de mim n\u00e3o pode ser meu disc\u00edpulo. - Pastoral Universit\u00e1ria UniSALESIANO","robots":{"index":"index","follow":"follow","max-snippet":"max-snippet:-1","max-image-preview":"max-image-preview:large","max-video-preview":"max-video-preview:-1"},"canonical":"https:\/\/unisale.com.br\/novo\/03-11-quem-nao-carrega-sua-cruz-e-nao-caminha-atras-de-mim-nao-pode-ser-meu-discipulo\/","og_locale":"pt_BR","og_type":"article","og_title":"03\/11 - Quem n\u00e3o carrega sua cruz e n\u00e3o caminha atr\u00e1s de mim n\u00e3o pode ser meu disc\u00edpulo. - Pastoral Universit\u00e1ria UniSALESIANO","og_description":"Quarta-feira, 03 de novembro de 2021. &nbsp; Evangelho (Lc 14,25-33) &nbsp; \u201cQuem n\u00e3o carrega sua cruz e n\u00e3o caminha atr\u00e1s de mim n\u00e3o pode ser...","og_url":"https:\/\/unisale.com.br\/novo\/03-11-quem-nao-carrega-sua-cruz-e-nao-caminha-atras-de-mim-nao-pode-ser-meu-discipulo\/","og_site_name":"Pastoral Universit\u00e1ria UniSALESIANO","article_published_time":"2021-10-29T16:51:37+00:00","article_modified_time":"2021-11-05T13:22:03+00:00","og_image":[{"width":720,"height":720,"url":"https:\/\/unisale.com.br\/novo\/wp-content\/uploads\/2021\/10\/Ev-03.jpg","type":"image\/jpeg"}],"author":"Luiz Alexandre Marinho Lanzoni","twitter_card":"summary_large_image","twitter_misc":{"Escrito por":"Luiz Alexandre Marinho Lanzoni","Est. tempo de leitura":"3 minutos"},"schema":{"@context":"https:\/\/schema.org","@graph":[{"@type":"Article","@id":"https:\/\/unisale.com.br\/novo\/03-11-quem-nao-carrega-sua-cruz-e-nao-caminha-atras-de-mim-nao-pode-ser-meu-discipulo\/#article","isPartOf":{"@id":"https:\/\/unisale.com.br\/novo\/03-11-quem-nao-carrega-sua-cruz-e-nao-caminha-atras-de-mim-nao-pode-ser-meu-discipulo\/"},"author":{"name":"Luiz Alexandre Marinho Lanzoni","@id":"https:\/\/unisale.com.br\/pastoral\/#\/schema\/person\/492d3d7bfe53a8302576d39485aff2c4"},"headline":"03\/11 &#8211; Quem n\u00e3o carrega sua cruz e n\u00e3o caminha atr\u00e1s de mim n\u00e3o pode ser meu disc\u00edpulo.","datePublished":"2021-10-29T16:51:37+00:00","dateModified":"2021-11-05T13:22:03+00:00","mainEntityOfPage":{"@id":"https:\/\/unisale.com.br\/novo\/03-11-quem-nao-carrega-sua-cruz-e-nao-caminha-atras-de-mim-nao-pode-ser-meu-discipulo\/"},"wordCount":621,"image":{"@id":"https:\/\/unisale.com.br\/novo\/03-11-quem-nao-carrega-sua-cruz-e-nao-caminha-atras-de-mim-nao-pode-ser-meu-discipulo\/#primaryimage"},"thumbnailUrl":"https:\/\/unisale.com.br\/pastoral\/wp-content\/uploads\/2021\/10\/Ev-03.jpg","articleSection":["Reflex\u00e3o do Evangelho"],"inLanguage":"pt-BR"},{"@type":"WebPage","@id":"https:\/\/unisale.com.br\/novo\/03-11-quem-nao-carrega-sua-cruz-e-nao-caminha-atras-de-mim-nao-pode-ser-meu-discipulo\/","url":"https:\/\/unisale.com.br\/novo\/03-11-quem-nao-carrega-sua-cruz-e-nao-caminha-atras-de-mim-nao-pode-ser-meu-discipulo\/","name":"03\/11 - Quem n\u00e3o carrega sua cruz e n\u00e3o caminha atr\u00e1s de mim n\u00e3o pode ser meu disc\u00edpulo. - Pastoral Universit\u00e1ria UniSALESIANO","isPartOf":{"@id":"https:\/\/unisale.com.br\/pastoral\/#website"},"primaryImageOfPage":{"@id":"https:\/\/unisale.com.br\/novo\/03-11-quem-nao-carrega-sua-cruz-e-nao-caminha-atras-de-mim-nao-pode-ser-meu-discipulo\/#primaryimage"},"image":{"@id":"https:\/\/unisale.com.br\/novo\/03-11-quem-nao-carrega-sua-cruz-e-nao-caminha-atras-de-mim-nao-pode-ser-meu-discipulo\/#primaryimage"},"thumbnailUrl":"https:\/\/unisale.com.br\/pastoral\/wp-content\/uploads\/2021\/10\/Ev-03.jpg","datePublished":"2021-10-29T16:51:37+00:00","dateModified":"2021-11-05T13:22:03+00:00","author":{"@id":"https:\/\/unisale.com.br\/pastoral\/#\/schema\/person\/492d3d7bfe53a8302576d39485aff2c4"},"inLanguage":"pt-BR","potentialAction":[{"@type":"ReadAction","target":["https:\/\/unisale.com.br\/novo\/03-11-quem-nao-carrega-sua-cruz-e-nao-caminha-atras-de-mim-nao-pode-ser-meu-discipulo\/"]}]},{"@type":"ImageObject","inLanguage":"pt-BR","@id":"https:\/\/unisale.com.br\/novo\/03-11-quem-nao-carrega-sua-cruz-e-nao-caminha-atras-de-mim-nao-pode-ser-meu-discipulo\/#primaryimage","url":"https:\/\/unisale.com.br\/pastoral\/wp-content\/uploads\/2021\/10\/Ev-03.jpg","contentUrl":"https:\/\/unisale.com.br\/pastoral\/wp-content\/uploads\/2021\/10\/Ev-03.jpg","width":500,"height":500},{"@type":"WebSite","@id":"https:\/\/unisale.com.br\/pastoral\/#website","url":"https:\/\/unisale.com.br\/pastoral\/","name":"Pastoral Universit\u00e1ria UniSALESIANO","description":"Site da Pastoral Universit\u00e1ria do UniSALESIANO","potentialAction":[{"@type":"SearchAction","target":{"@type":"EntryPoint","urlTemplate":"https:\/\/unisale.com.br\/pastoral\/?s={search_term_string}"},"query-input":{"@type":"PropertyValueSpecification","valueRequired":true,"valueName":"search_term_string"}}],"inLanguage":"pt-BR"},{"@type":"Person","@id":"https:\/\/unisale.com.br\/pastoral\/#\/schema\/person\/492d3d7bfe53a8302576d39485aff2c4","name":"Luiz Alexandre Marinho Lanzoni","url":"https:\/\/unisale.com.br\/pastoral\/author\/luiz\/"}]}},"_links":{"self":[{"href":"https:\/\/unisale.com.br\/pastoral\/wp-json\/wp\/v2\/posts\/3166","targetHints":{"allow":["GET"]}}],"collection":[{"href":"https:\/\/unisale.com.br\/pastoral\/wp-json\/wp\/v2\/posts"}],"about":[{"href":"https:\/\/unisale.com.br\/pastoral\/wp-json\/wp\/v2\/types\/post"}],"author":[{"embeddable":true,"href":"https:\/\/unisale.com.br\/pastoral\/wp-json\/wp\/v2\/users\/6"}],"replies":[{"embeddable":true,"href":"https:\/\/unisale.com.br\/pastoral\/wp-json\/wp\/v2\/comments?post=3166"}],"version-history":[{"count":0,"href":"https:\/\/unisale.com.br\/pastoral\/wp-json\/wp\/v2\/posts\/3166\/revisions"}],"wp:featuredmedia":[{"embeddable":true,"href":"https:\/\/unisale.com.br\/pastoral\/wp-json\/wp\/v2\/media\/3159"}],"wp:attachment":[{"href":"https:\/\/unisale.com.br\/pastoral\/wp-json\/wp\/v2\/media?parent=3166"}],"wp:term":[{"taxonomy":"category","embeddable":true,"href":"https:\/\/unisale.com.br\/pastoral\/wp-json\/wp\/v2\/categories?post=3166"},{"taxonomy":"post_tag","embeddable":true,"href":"https:\/\/unisale.com.br\/pastoral\/wp-json\/wp\/v2\/tags?post=3166"}],"curies":[{"name":"wp","href":"https:\/\/api.w.org\/{rel}","templated":true}]}}