{"id":3214,"date":"2021-11-09T17:14:03","date_gmt":"2021-11-09T17:14:03","guid":{"rendered":"https:\/\/unisale.com.br\/pastoral\/?p=3214"},"modified":"2021-11-09T17:14:03","modified_gmt":"2021-11-09T17:14:03","slug":"14-11-o-ceu-e-a-terra-passarao-mas-as-minhas-palavras-nao-passarao","status":"publish","type":"post","link":"https:\/\/unisale.com.br\/pastoral\/14-11-o-ceu-e-a-terra-passarao-mas-as-minhas-palavras-nao-passarao\/","title":{"rendered":"14\/11 &#8211; O c\u00e9u e a terra passar\u00e3o, mas as minhas palavras n\u00e3o passar\u00e3o."},"content":{"rendered":"<p>Domingo, 14 de novembro de 2021. XXXIII TC<\/p>\n<p>&nbsp;<\/p>\n<p>Evangelho (Mc 13,24-32)<\/p>\n<p>&nbsp;<\/p>\n<p><strong>\u201cO c\u00e9u e a terra passar\u00e3o, mas as minhas palavras n\u00e3o passar\u00e3o\u201d<\/strong><\/p>\n<p>&nbsp;<\/p>\n<p>Naquele tempo, Jesus disse a seus disc\u00edpulos: <sup>24<\/sup>\u201cNaqueles dias, depois da grande tribula\u00e7\u00e3o, o sol vai se escurecer, e a lua n\u00e3o brilhar\u00e1 mais, <sup>25<\/sup>as estrelas come\u00e7ar\u00e3o a cair do c\u00e9u e as for\u00e7as do c\u00e9u ser\u00e3o abaladas. <sup>26<\/sup>Ent\u00e3o vereis o Filho do Homem vindo nas nuvens com grande poder e gl\u00f3ria. <sup>27<\/sup>Ele enviar\u00e1 os anjos aos quatro cantos da terra e reunir\u00e1 os eleitos de Deus, de uma extremidade \u00e0 outra da terra. <sup>28<\/sup>Aprendei, pois, da figueira esta par\u00e1bola: quando seus ramos ficam verdes e as folhas come\u00e7am a brotar, sabeis que o ver\u00e3o est\u00e1 perto. <sup>29<\/sup>Assim tamb\u00e9m, quando virdes acontecer essas coisas, ficai sabendo que o Filho do Homem est\u00e1 pr\u00f3ximo, \u00e0s portas. <sup>30<\/sup>Em verdade vos digo, esta gera\u00e7\u00e3o n\u00e3o passar\u00e1 at\u00e9 que tudo isto aconte\u00e7a. <sup>31<\/sup>O c\u00e9u e a terra passar\u00e3o, mas as minhas palavras n\u00e3o passar\u00e3o. <sup>32<\/sup>Quanto \u00e0quele dia e hora, ningu\u00e9m sabe, nem os anjos do c\u00e9u, nem o Filho, mas somente o Pai\u201d.<\/p>\n<p>&nbsp;<\/p>\n<p><strong>Reflex\u00e3o<\/strong><\/p>\n<p>&nbsp;<\/p>\n<p>Estamos chegando ao final de mais um ano lit\u00fargico e queremos agradecer ao Senhor que nos concedeu cumprir o caminho de f\u00e9 da Igreja. \u00c9 uma Gra\u00e7a viver na Hist\u00f3ria o Mist\u00e9rio de Cristo. O Evangelho de hoje nos apresenta o discurso de Jesus sobre o fim dos tempos. Jesus \u00e9 claro: \u201cO c\u00e9u e a terra passar\u00e3o, mas as Minhas palavras n\u00e3o passar\u00e3o\u201d. Jesus declara que tudo est\u00e1 destinado a passar. Toda a cria\u00e7\u00e3o est\u00e1 marcada pela finitude. N\u00e3o existe confus\u00e3o entre criatura e Criador, mas uma diferen\u00e7a evidente. A cria\u00e7\u00e3o passar\u00e1, mas Jesus afirma que Suas palavras n\u00e3o passar\u00e3o, elas est\u00e3o da parte de Deus e por isso s\u00e3o eternas. No Evangelho Jesus nos d\u00e1 algumas indica\u00e7\u00f5es de como devemos viver a sua espera. \u00c9 preciso manter o olhar fixo no final da Hist\u00f3ria: O Senhor voltar\u00e1 glorioso e os Seus \u2018eleitos\u2019 poder\u00e3o \u2018v\u00ea-lo e sobretudo experimentar\u00e3o a Sua prote\u00e7\u00e3o e o Seu amor. \u00c9 uma promessa que infunde coragem mesmo nos tempos calamitosos, quando a Hist\u00f3ria parece ficar \u00e0 merc\u00ea de for\u00e7as desumanas e blasfemas. Jesus tamb\u00e9m indica as atitudes que devemos ter na vida de cada dia. Primeiro, n\u00e3o podemos ficar tentando adivinhar, \u00e9 preciso evitar a curiosidade de ficar tentando conhecer o futuro. Nem os crist\u00e3os est\u00e3o imunes, pois assistimos hoje a inquietante consulta de hor\u00f3scopos, de magos, de sensitivos, o que revela um profundo sentimento de inseguran\u00e7a e incapacidade de fazer com que a f\u00e9 oriente a espera do futuro. \u00c9 preciso discernimento para n\u00e3o cairmos v\u00edtimas dos \u2018falsos profetas\u2019, mas ao mesmo tempo \u00e9 necess\u00e1rio estar atento e reconhecer no dia-a-dia os sinais discretos, mas consoladores, do amor do Senhor. Deus \u00e9 como o amado que bate \u00e0 porta e faz estremecer de alegria a amada com a Sua presen\u00e7a. Os disc\u00edpulos de Jesus devem reconhecer que Ele \u2018est\u00e1 perto\u2019, est\u00e1 \u00e0 porta, n\u00e3o para entrar em p\u00e2nico, mas para se encher de alegria que permite viver cada dia na obedi\u00eancia \u00e0 Sua Palavra. Perseveran\u00e7a, coragem, clarivid\u00eancia, alegria interior, sabedoria, discernimento, indicam como se deve esperar o dia do Senhor, cuja data nos \u00e9 absolutamente inacess\u00edvel, porque est\u00e1 escondida no segredo do Pai.<\/p>\n<p>&nbsp;<\/p>\n<p><strong>Pe. Paulo Eduardo J\u00e1como, sdb.<\/strong><\/p>\n","protected":false},"excerpt":{"rendered":"<p>Domingo, 14 de novembro de 2021. XXXIII TC &nbsp; Evangelho (Mc 13,24-32) &nbsp; \u201cO c\u00e9u e a terra passar\u00e3o, mas as minhas palavras n\u00e3o passar\u00e3o\u201d&#8230;<\/p>\n","protected":false},"author":6,"featured_media":3202,"comment_status":"closed","ping_status":"closed","sticky":false,"template":"","format":"standard","meta":{"_acf_changed":false,"footnotes":""},"categories":[13],"tags":[],"class_list":["post-3214","post","type-post","status-publish","format-standard","has-post-thumbnail","hentry","category-reflexaodoevagelho"],"acf":[],"yoast_head":"<!-- This site is optimized with the Yoast SEO plugin v27.3 - https:\/\/yoast.com\/product\/yoast-seo-wordpress\/ -->\n<title>14\/11 - O c\u00e9u e a terra passar\u00e3o, mas as minhas palavras n\u00e3o passar\u00e3o. - Pastoral Universit\u00e1ria UniSALESIANO<\/title>\n<meta name=\"robots\" content=\"index, follow, max-snippet:-1, max-image-preview:large, max-video-preview:-1\" \/>\n<link rel=\"canonical\" href=\"https:\/\/unisale.com.br\/novo\/14-11-o-ceu-e-a-terra-passarao-mas-as-minhas-palavras-nao-passarao\/\" \/>\n<meta property=\"og:locale\" content=\"pt_BR\" \/>\n<meta property=\"og:type\" content=\"article\" \/>\n<meta property=\"og:title\" content=\"14\/11 - O c\u00e9u e a terra passar\u00e3o, mas as minhas palavras n\u00e3o passar\u00e3o. - Pastoral Universit\u00e1ria UniSALESIANO\" \/>\n<meta property=\"og:description\" content=\"Domingo, 14 de novembro de 2021. XXXIII TC &nbsp; Evangelho (Mc 13,24-32) &nbsp; \u201cO c\u00e9u e a terra passar\u00e3o, mas as minhas palavras n\u00e3o passar\u00e3o\u201d...\" \/>\n<meta property=\"og:url\" content=\"https:\/\/unisale.com.br\/novo\/14-11-o-ceu-e-a-terra-passarao-mas-as-minhas-palavras-nao-passarao\/\" \/>\n<meta property=\"og:site_name\" content=\"Pastoral Universit\u00e1ria UniSALESIANO\" \/>\n<meta property=\"article:published_time\" content=\"2021-11-09T17:14:03+00:00\" \/>\n<meta property=\"og:image\" content=\"https:\/\/unisale.com.br\/novo\/wp-content\/uploads\/2021\/11\/Ev-dia-14.jpg\" \/>\n\t<meta property=\"og:image:width\" content=\"1034\" \/>\n\t<meta property=\"og:image:height\" content=\"646\" \/>\n\t<meta property=\"og:image:type\" content=\"image\/jpeg\" \/>\n<meta name=\"author\" content=\"Luiz Alexandre Marinho Lanzoni\" \/>\n<meta name=\"twitter:card\" content=\"summary_large_image\" \/>\n<meta name=\"twitter:label1\" content=\"Escrito por\" \/>\n\t<meta name=\"twitter:data1\" content=\"Luiz Alexandre Marinho Lanzoni\" \/>\n\t<meta name=\"twitter:label2\" content=\"Est. tempo de leitura\" \/>\n\t<meta name=\"twitter:data2\" content=\"3 minutos\" \/>\n<script type=\"application\/ld+json\" class=\"yoast-schema-graph\">{\"@context\":\"https:\\\/\\\/schema.org\",\"@graph\":[{\"@type\":\"Article\",\"@id\":\"https:\\\/\\\/unisale.com.br\\\/novo\\\/14-11-o-ceu-e-a-terra-passarao-mas-as-minhas-palavras-nao-passarao\\\/#article\",\"isPartOf\":{\"@id\":\"https:\\\/\\\/unisale.com.br\\\/novo\\\/14-11-o-ceu-e-a-terra-passarao-mas-as-minhas-palavras-nao-passarao\\\/\"},\"author\":{\"name\":\"Luiz Alexandre Marinho Lanzoni\",\"@id\":\"https:\\\/\\\/unisale.com.br\\\/pastoral\\\/#\\\/schema\\\/person\\\/492d3d7bfe53a8302576d39485aff2c4\"},\"headline\":\"14\\\/11 &#8211; O c\u00e9u e a terra passar\u00e3o, mas as minhas palavras n\u00e3o passar\u00e3o.\",\"datePublished\":\"2021-11-09T17:14:03+00:00\",\"mainEntityOfPage\":{\"@id\":\"https:\\\/\\\/unisale.com.br\\\/novo\\\/14-11-o-ceu-e-a-terra-passarao-mas-as-minhas-palavras-nao-passarao\\\/\"},\"wordCount\":628,\"image\":{\"@id\":\"https:\\\/\\\/unisale.com.br\\\/novo\\\/14-11-o-ceu-e-a-terra-passarao-mas-as-minhas-palavras-nao-passarao\\\/#primaryimage\"},\"thumbnailUrl\":\"https:\\\/\\\/unisale.com.br\\\/pastoral\\\/wp-content\\\/uploads\\\/2021\\\/11\\\/Ev-dia-14.jpg\",\"articleSection\":[\"Reflex\u00e3o do Evangelho\"],\"inLanguage\":\"pt-BR\"},{\"@type\":\"WebPage\",\"@id\":\"https:\\\/\\\/unisale.com.br\\\/novo\\\/14-11-o-ceu-e-a-terra-passarao-mas-as-minhas-palavras-nao-passarao\\\/\",\"url\":\"https:\\\/\\\/unisale.com.br\\\/novo\\\/14-11-o-ceu-e-a-terra-passarao-mas-as-minhas-palavras-nao-passarao\\\/\",\"name\":\"14\\\/11 - O c\u00e9u e a terra passar\u00e3o, mas as minhas palavras n\u00e3o passar\u00e3o. - Pastoral Universit\u00e1ria UniSALESIANO\",\"isPartOf\":{\"@id\":\"https:\\\/\\\/unisale.com.br\\\/pastoral\\\/#website\"},\"primaryImageOfPage\":{\"@id\":\"https:\\\/\\\/unisale.com.br\\\/novo\\\/14-11-o-ceu-e-a-terra-passarao-mas-as-minhas-palavras-nao-passarao\\\/#primaryimage\"},\"image\":{\"@id\":\"https:\\\/\\\/unisale.com.br\\\/novo\\\/14-11-o-ceu-e-a-terra-passarao-mas-as-minhas-palavras-nao-passarao\\\/#primaryimage\"},\"thumbnailUrl\":\"https:\\\/\\\/unisale.com.br\\\/pastoral\\\/wp-content\\\/uploads\\\/2021\\\/11\\\/Ev-dia-14.jpg\",\"datePublished\":\"2021-11-09T17:14:03+00:00\",\"author\":{\"@id\":\"https:\\\/\\\/unisale.com.br\\\/pastoral\\\/#\\\/schema\\\/person\\\/492d3d7bfe53a8302576d39485aff2c4\"},\"inLanguage\":\"pt-BR\",\"potentialAction\":[{\"@type\":\"ReadAction\",\"target\":[\"https:\\\/\\\/unisale.com.br\\\/novo\\\/14-11-o-ceu-e-a-terra-passarao-mas-as-minhas-palavras-nao-passarao\\\/\"]}]},{\"@type\":\"ImageObject\",\"inLanguage\":\"pt-BR\",\"@id\":\"https:\\\/\\\/unisale.com.br\\\/novo\\\/14-11-o-ceu-e-a-terra-passarao-mas-as-minhas-palavras-nao-passarao\\\/#primaryimage\",\"url\":\"https:\\\/\\\/unisale.com.br\\\/pastoral\\\/wp-content\\\/uploads\\\/2021\\\/11\\\/Ev-dia-14.jpg\",\"contentUrl\":\"https:\\\/\\\/unisale.com.br\\\/pastoral\\\/wp-content\\\/uploads\\\/2021\\\/11\\\/Ev-dia-14.jpg\",\"width\":800,\"height\":500},{\"@type\":\"WebSite\",\"@id\":\"https:\\\/\\\/unisale.com.br\\\/pastoral\\\/#website\",\"url\":\"https:\\\/\\\/unisale.com.br\\\/pastoral\\\/\",\"name\":\"Pastoral Universit\u00e1ria UniSALESIANO\",\"description\":\"Site da Pastoral Universit\u00e1ria do UniSALESIANO\",\"potentialAction\":[{\"@type\":\"SearchAction\",\"target\":{\"@type\":\"EntryPoint\",\"urlTemplate\":\"https:\\\/\\\/unisale.com.br\\\/pastoral\\\/?s={search_term_string}\"},\"query-input\":{\"@type\":\"PropertyValueSpecification\",\"valueRequired\":true,\"valueName\":\"search_term_string\"}}],\"inLanguage\":\"pt-BR\"},{\"@type\":\"Person\",\"@id\":\"https:\\\/\\\/unisale.com.br\\\/pastoral\\\/#\\\/schema\\\/person\\\/492d3d7bfe53a8302576d39485aff2c4\",\"name\":\"Luiz Alexandre Marinho Lanzoni\",\"url\":\"https:\\\/\\\/unisale.com.br\\\/pastoral\\\/author\\\/luiz\\\/\"}]}<\/script>\n<!-- \/ Yoast SEO plugin. -->","yoast_head_json":{"title":"14\/11 - O c\u00e9u e a terra passar\u00e3o, mas as minhas palavras n\u00e3o passar\u00e3o. - Pastoral Universit\u00e1ria UniSALESIANO","robots":{"index":"index","follow":"follow","max-snippet":"max-snippet:-1","max-image-preview":"max-image-preview:large","max-video-preview":"max-video-preview:-1"},"canonical":"https:\/\/unisale.com.br\/novo\/14-11-o-ceu-e-a-terra-passarao-mas-as-minhas-palavras-nao-passarao\/","og_locale":"pt_BR","og_type":"article","og_title":"14\/11 - O c\u00e9u e a terra passar\u00e3o, mas as minhas palavras n\u00e3o passar\u00e3o. - Pastoral Universit\u00e1ria UniSALESIANO","og_description":"Domingo, 14 de novembro de 2021. XXXIII TC &nbsp; Evangelho (Mc 13,24-32) &nbsp; \u201cO c\u00e9u e a terra passar\u00e3o, mas as minhas palavras n\u00e3o passar\u00e3o\u201d...","og_url":"https:\/\/unisale.com.br\/novo\/14-11-o-ceu-e-a-terra-passarao-mas-as-minhas-palavras-nao-passarao\/","og_site_name":"Pastoral Universit\u00e1ria UniSALESIANO","article_published_time":"2021-11-09T17:14:03+00:00","og_image":[{"width":1034,"height":646,"url":"https:\/\/unisale.com.br\/novo\/wp-content\/uploads\/2021\/11\/Ev-dia-14.jpg","type":"image\/jpeg"}],"author":"Luiz Alexandre Marinho Lanzoni","twitter_card":"summary_large_image","twitter_misc":{"Escrito por":"Luiz Alexandre Marinho Lanzoni","Est. tempo de leitura":"3 minutos"},"schema":{"@context":"https:\/\/schema.org","@graph":[{"@type":"Article","@id":"https:\/\/unisale.com.br\/novo\/14-11-o-ceu-e-a-terra-passarao-mas-as-minhas-palavras-nao-passarao\/#article","isPartOf":{"@id":"https:\/\/unisale.com.br\/novo\/14-11-o-ceu-e-a-terra-passarao-mas-as-minhas-palavras-nao-passarao\/"},"author":{"name":"Luiz Alexandre Marinho Lanzoni","@id":"https:\/\/unisale.com.br\/pastoral\/#\/schema\/person\/492d3d7bfe53a8302576d39485aff2c4"},"headline":"14\/11 &#8211; O c\u00e9u e a terra passar\u00e3o, mas as minhas palavras n\u00e3o passar\u00e3o.","datePublished":"2021-11-09T17:14:03+00:00","mainEntityOfPage":{"@id":"https:\/\/unisale.com.br\/novo\/14-11-o-ceu-e-a-terra-passarao-mas-as-minhas-palavras-nao-passarao\/"},"wordCount":628,"image":{"@id":"https:\/\/unisale.com.br\/novo\/14-11-o-ceu-e-a-terra-passarao-mas-as-minhas-palavras-nao-passarao\/#primaryimage"},"thumbnailUrl":"https:\/\/unisale.com.br\/pastoral\/wp-content\/uploads\/2021\/11\/Ev-dia-14.jpg","articleSection":["Reflex\u00e3o do Evangelho"],"inLanguage":"pt-BR"},{"@type":"WebPage","@id":"https:\/\/unisale.com.br\/novo\/14-11-o-ceu-e-a-terra-passarao-mas-as-minhas-palavras-nao-passarao\/","url":"https:\/\/unisale.com.br\/novo\/14-11-o-ceu-e-a-terra-passarao-mas-as-minhas-palavras-nao-passarao\/","name":"14\/11 - O c\u00e9u e a terra passar\u00e3o, mas as minhas palavras n\u00e3o passar\u00e3o. - Pastoral Universit\u00e1ria UniSALESIANO","isPartOf":{"@id":"https:\/\/unisale.com.br\/pastoral\/#website"},"primaryImageOfPage":{"@id":"https:\/\/unisale.com.br\/novo\/14-11-o-ceu-e-a-terra-passarao-mas-as-minhas-palavras-nao-passarao\/#primaryimage"},"image":{"@id":"https:\/\/unisale.com.br\/novo\/14-11-o-ceu-e-a-terra-passarao-mas-as-minhas-palavras-nao-passarao\/#primaryimage"},"thumbnailUrl":"https:\/\/unisale.com.br\/pastoral\/wp-content\/uploads\/2021\/11\/Ev-dia-14.jpg","datePublished":"2021-11-09T17:14:03+00:00","author":{"@id":"https:\/\/unisale.com.br\/pastoral\/#\/schema\/person\/492d3d7bfe53a8302576d39485aff2c4"},"inLanguage":"pt-BR","potentialAction":[{"@type":"ReadAction","target":["https:\/\/unisale.com.br\/novo\/14-11-o-ceu-e-a-terra-passarao-mas-as-minhas-palavras-nao-passarao\/"]}]},{"@type":"ImageObject","inLanguage":"pt-BR","@id":"https:\/\/unisale.com.br\/novo\/14-11-o-ceu-e-a-terra-passarao-mas-as-minhas-palavras-nao-passarao\/#primaryimage","url":"https:\/\/unisale.com.br\/pastoral\/wp-content\/uploads\/2021\/11\/Ev-dia-14.jpg","contentUrl":"https:\/\/unisale.com.br\/pastoral\/wp-content\/uploads\/2021\/11\/Ev-dia-14.jpg","width":800,"height":500},{"@type":"WebSite","@id":"https:\/\/unisale.com.br\/pastoral\/#website","url":"https:\/\/unisale.com.br\/pastoral\/","name":"Pastoral Universit\u00e1ria UniSALESIANO","description":"Site da Pastoral Universit\u00e1ria do UniSALESIANO","potentialAction":[{"@type":"SearchAction","target":{"@type":"EntryPoint","urlTemplate":"https:\/\/unisale.com.br\/pastoral\/?s={search_term_string}"},"query-input":{"@type":"PropertyValueSpecification","valueRequired":true,"valueName":"search_term_string"}}],"inLanguage":"pt-BR"},{"@type":"Person","@id":"https:\/\/unisale.com.br\/pastoral\/#\/schema\/person\/492d3d7bfe53a8302576d39485aff2c4","name":"Luiz Alexandre Marinho Lanzoni","url":"https:\/\/unisale.com.br\/pastoral\/author\/luiz\/"}]}},"_links":{"self":[{"href":"https:\/\/unisale.com.br\/pastoral\/wp-json\/wp\/v2\/posts\/3214","targetHints":{"allow":["GET"]}}],"collection":[{"href":"https:\/\/unisale.com.br\/pastoral\/wp-json\/wp\/v2\/posts"}],"about":[{"href":"https:\/\/unisale.com.br\/pastoral\/wp-json\/wp\/v2\/types\/post"}],"author":[{"embeddable":true,"href":"https:\/\/unisale.com.br\/pastoral\/wp-json\/wp\/v2\/users\/6"}],"replies":[{"embeddable":true,"href":"https:\/\/unisale.com.br\/pastoral\/wp-json\/wp\/v2\/comments?post=3214"}],"version-history":[{"count":0,"href":"https:\/\/unisale.com.br\/pastoral\/wp-json\/wp\/v2\/posts\/3214\/revisions"}],"wp:featuredmedia":[{"embeddable":true,"href":"https:\/\/unisale.com.br\/pastoral\/wp-json\/wp\/v2\/media\/3202"}],"wp:attachment":[{"href":"https:\/\/unisale.com.br\/pastoral\/wp-json\/wp\/v2\/media?parent=3214"}],"wp:term":[{"taxonomy":"category","embeddable":true,"href":"https:\/\/unisale.com.br\/pastoral\/wp-json\/wp\/v2\/categories?post=3214"},{"taxonomy":"post_tag","embeddable":true,"href":"https:\/\/unisale.com.br\/pastoral\/wp-json\/wp\/v2\/tags?post=3214"}],"curies":[{"name":"wp","href":"https:\/\/api.w.org\/{rel}","templated":true}]}}