{"id":3242,"date":"2021-11-16T18:52:43","date_gmt":"2021-11-16T18:52:43","guid":{"rendered":"https:\/\/unisale.com.br\/pastoral\/?p=3242"},"modified":"2021-11-16T18:52:43","modified_gmt":"2021-11-16T18:52:43","slug":"21-11-o-meu-reino-nao-e-deste-mundo","status":"publish","type":"post","link":"https:\/\/unisale.com.br\/pastoral\/21-11-o-meu-reino-nao-e-deste-mundo\/","title":{"rendered":"21\/11 &#8211; O meu reino n\u00e3o \u00e9 deste mundo."},"content":{"rendered":"<p>Domingo, 21 de novembro de 2021.\u00a0 Solenidade de Cristo Rei<\/p>\n<p>&nbsp;<\/p>\n<p>Evangelho (Jo 18,33-37)<\/p>\n<p>&nbsp;<\/p>\n<p><strong>\u201cO meu reino n\u00e3o \u00e9 deste mundo\u201d<\/strong><\/p>\n<p>&nbsp;<\/p>\n<p>Naquele tempo, <sup>33b<\/sup>Pilatos chamou Jesus e perguntou-lhe: \u201cTu \u00e9s o rei dos judeus?\u201d <sup>34<\/sup>Jesus respondeu: \u201cEst\u00e1s dizendo isto por ti mesmo ou outros te disseram isto de mim?\u201d <sup>35<\/sup>Pilatos falou: \u201cPor acaso sou judeu? O teu povo e os sumos sacerdotes te entregaram a mim. Que fizeste?\u201d <sup>36<\/sup>Jesus respondeu: \u201cO meu reino n\u00e3o \u00e9 deste mundo. Se o meu reino fosse deste mundo, os meus guardas lutariam para que eu n\u00e3o fosse entregue aos judeus. Mas o meu reino n\u00e3o \u00e9 daqui\u201d. <sup>37<\/sup>Pilatos disse a Jesus: \u201cEnt\u00e3o tu \u00e9s rei?\u201d Jesus respondeu: \u201cTu o dizes: eu sou rei. Eu nasci e vim ao mundo para isto: para dar testemunho da verdade. Todo aquele que \u00e9 da verdade escuta a minha voz\u201d.<\/p>\n<p>&nbsp;<\/p>\n<p><strong>Reflex\u00e3o<\/strong><\/p>\n<p>&nbsp;<\/p>\n<p>\u00c9 preciso uma certa capacidade vision\u00e1ria, que somente o Esp\u00edrito pode dar, para celebra com f\u00e9 e consci\u00eancia a Solenidade de hoje, com a qual procuramos declarar Cristo como rei aut\u00eantico de um universo agora dilacerado por in\u00fameras divis\u00f5es e incapaz de ser um lugar de paz e de justi\u00e7a para todos. O paradoxo de um rei destinado a reinar com um poder eterno que jamais acabar\u00e1, sem ex\u00e9rcitos e nem armas, \u00e9 precisamente o perfil escondido na figura humana de jesus, diante do qual tamb\u00e9m Pilatos n\u00e3o pode se n\u00e3o\u00a0 surpreender-se e interrogar-se: \u2018Tu \u00e9s o rei dos judeus?\u2019 N\u00e3o podemos subestimar a pertin\u00eancia desta pergunta e a sua relev\u00e2ncia tamb\u00e9m para n\u00f3s, disc\u00edpulos de um rei que escolheu usar somente as armas da mansid\u00e3o e do amor para fazer germinar dentro da hist\u00f3ria a verdade do seu \u2018reino de verdade e de vida\u2019, reino de santidade e de gra\u00e7a, reino de justi\u00e7a, de amor e de paz\u2019. A resposta de Jesus a Pilatos, de fato, busca verificar se esta pergunta seja uma simples curiosidade ou o sinal de uma sofrida e pessoal busca interior: \u201cEst\u00e1s dizendo isso por ti mesmo ou outros te disseram isso de mim?\u201d. Atr\u00e1s desta provoca\u00e7\u00e3o podemos contemplar a import\u00e2ncia desta festa lit\u00fargica e a sua utilidade para fazer crescer a nossa responsabilidade batismal. O reino inaugurado pela encarna\u00e7\u00e3o do Verbo \u2018n\u00e3o \u00e9 deste mundo\u2019, do contr\u00e1rio a sua efic\u00e1cia e o seu esplendor seria j\u00e1 h\u00e1 muito tempo vis\u00edvel aos olhos de todos. Aquele que escolheu de revelar ao mundo quer \u2018servir \u00e9 reinar\u2019, desejou n\u00e3o possuir servidores que combatam a seu favor e contra os outros. Preferiu tornar-nos part\u00edcipes de uma comunh\u00e3o de amor onde a realeza n\u00e3o \u00e9 um privil\u00e9gio para alguns, mas a forma ordin\u00e1ria de vida para todos. Reconhecer a realeza de Cristo, significa confessar \u2013 antes a n\u00f3s mesmos \u2013 o que cremos ser e o que poderemos ser, para poder seguir at\u00e9 o fim as orienta\u00e7\u00f5es de um Rei t\u00e3o verdadeiro como paradoxal. Diante da perplexidade de Pilatos, jesus n\u00e3o parece ter algum temor de declarar qual o tipo de Messias est\u00e1 disposto a ser e a se tornar. Quando aceitamos que a nossa vida posse se tornar, sem alguma vantagem e sem algum hero\u00edsmo, transpar\u00eancia e revela\u00e7\u00e3o do mist\u00e9rio de Deus, tamb\u00e9m a nossa realeza se torna uma pequena luz que clareia as trevas deste mundo. Sem saber para qual estrada seremos chamados a testemunhar a verdade do Reino do Pai, podemos j\u00e1 experimentar a paz de quem \u00e9 consciente que \u2018quem \u00e9 da verdade\u2019 n\u00e3o escutar\u00e1 somente a vos do Filho, mas dever\u00e1 escutar tamb\u00e9m a nossa. A voz dos filhos de Deus.<\/p>\n<p>&nbsp;<\/p>\n<p><strong>Pe. Paulo Eduardo J\u00e1como, sdb.<\/strong><\/p>\n","protected":false},"excerpt":{"rendered":"<p>Domingo, 21 de novembro de 2021.\u00a0 Solenidade de Cristo Rei &nbsp; Evangelho (Jo 18,33-37) &nbsp; \u201cO meu reino n\u00e3o \u00e9 deste mundo\u201d &nbsp; Naquele tempo,&#8230;<\/p>\n","protected":false},"author":6,"featured_media":3236,"comment_status":"closed","ping_status":"closed","sticky":false,"template":"","format":"standard","meta":{"_acf_changed":false,"footnotes":""},"categories":[13],"tags":[],"class_list":["post-3242","post","type-post","status-publish","format-standard","has-post-thumbnail","hentry","category-reflexaodoevagelho"],"acf":[],"yoast_head":"<!-- This site is optimized with the Yoast SEO plugin v27.3 - https:\/\/yoast.com\/product\/yoast-seo-wordpress\/ -->\n<title>21\/11 - O meu reino n\u00e3o \u00e9 deste mundo. - Pastoral Universit\u00e1ria UniSALESIANO<\/title>\n<meta name=\"robots\" content=\"index, follow, max-snippet:-1, max-image-preview:large, max-video-preview:-1\" \/>\n<link rel=\"canonical\" href=\"https:\/\/unisale.com.br\/novo\/21-11-o-meu-reino-nao-e-deste-mundo\/\" \/>\n<meta property=\"og:locale\" content=\"pt_BR\" \/>\n<meta property=\"og:type\" content=\"article\" \/>\n<meta property=\"og:title\" content=\"21\/11 - O meu reino n\u00e3o \u00e9 deste mundo. - Pastoral Universit\u00e1ria UniSALESIANO\" \/>\n<meta property=\"og:description\" content=\"Domingo, 21 de novembro de 2021.\u00a0 Solenidade de Cristo Rei &nbsp; Evangelho (Jo 18,33-37) &nbsp; \u201cO meu reino n\u00e3o \u00e9 deste mundo\u201d &nbsp; Naquele tempo,...\" \/>\n<meta property=\"og:url\" content=\"https:\/\/unisale.com.br\/novo\/21-11-o-meu-reino-nao-e-deste-mundo\/\" \/>\n<meta property=\"og:site_name\" content=\"Pastoral Universit\u00e1ria UniSALESIANO\" \/>\n<meta property=\"article:published_time\" content=\"2021-11-16T18:52:43+00:00\" \/>\n<meta property=\"og:image\" content=\"https:\/\/unisale.com.br\/novo\/wp-content\/uploads\/2021\/11\/Ev-21.jpg\" \/>\n\t<meta property=\"og:image:width\" content=\"900\" \/>\n\t<meta property=\"og:image:height\" content=\"600\" \/>\n\t<meta property=\"og:image:type\" content=\"image\/jpeg\" \/>\n<meta name=\"author\" content=\"Luiz Alexandre Marinho Lanzoni\" \/>\n<meta name=\"twitter:card\" content=\"summary_large_image\" \/>\n<meta name=\"twitter:label1\" content=\"Escrito por\" \/>\n\t<meta name=\"twitter:data1\" content=\"Luiz Alexandre Marinho Lanzoni\" \/>\n\t<meta name=\"twitter:label2\" content=\"Est. tempo de leitura\" \/>\n\t<meta name=\"twitter:data2\" content=\"3 minutos\" \/>\n<script type=\"application\/ld+json\" class=\"yoast-schema-graph\">{\"@context\":\"https:\\\/\\\/schema.org\",\"@graph\":[{\"@type\":\"Article\",\"@id\":\"https:\\\/\\\/unisale.com.br\\\/novo\\\/21-11-o-meu-reino-nao-e-deste-mundo\\\/#article\",\"isPartOf\":{\"@id\":\"https:\\\/\\\/unisale.com.br\\\/novo\\\/21-11-o-meu-reino-nao-e-deste-mundo\\\/\"},\"author\":{\"name\":\"Luiz Alexandre Marinho Lanzoni\",\"@id\":\"https:\\\/\\\/unisale.com.br\\\/pastoral\\\/#\\\/schema\\\/person\\\/492d3d7bfe53a8302576d39485aff2c4\"},\"headline\":\"21\\\/11 &#8211; O meu reino n\u00e3o \u00e9 deste mundo.\",\"datePublished\":\"2021-11-16T18:52:43+00:00\",\"mainEntityOfPage\":{\"@id\":\"https:\\\/\\\/unisale.com.br\\\/novo\\\/21-11-o-meu-reino-nao-e-deste-mundo\\\/\"},\"wordCount\":650,\"image\":{\"@id\":\"https:\\\/\\\/unisale.com.br\\\/novo\\\/21-11-o-meu-reino-nao-e-deste-mundo\\\/#primaryimage\"},\"thumbnailUrl\":\"https:\\\/\\\/unisale.com.br\\\/pastoral\\\/wp-content\\\/uploads\\\/2021\\\/11\\\/Ev-21.jpg\",\"articleSection\":[\"Reflex\u00e3o do Evangelho\"],\"inLanguage\":\"pt-BR\"},{\"@type\":\"WebPage\",\"@id\":\"https:\\\/\\\/unisale.com.br\\\/novo\\\/21-11-o-meu-reino-nao-e-deste-mundo\\\/\",\"url\":\"https:\\\/\\\/unisale.com.br\\\/novo\\\/21-11-o-meu-reino-nao-e-deste-mundo\\\/\",\"name\":\"21\\\/11 - O meu reino n\u00e3o \u00e9 deste mundo. - Pastoral Universit\u00e1ria UniSALESIANO\",\"isPartOf\":{\"@id\":\"https:\\\/\\\/unisale.com.br\\\/pastoral\\\/#website\"},\"primaryImageOfPage\":{\"@id\":\"https:\\\/\\\/unisale.com.br\\\/novo\\\/21-11-o-meu-reino-nao-e-deste-mundo\\\/#primaryimage\"},\"image\":{\"@id\":\"https:\\\/\\\/unisale.com.br\\\/novo\\\/21-11-o-meu-reino-nao-e-deste-mundo\\\/#primaryimage\"},\"thumbnailUrl\":\"https:\\\/\\\/unisale.com.br\\\/pastoral\\\/wp-content\\\/uploads\\\/2021\\\/11\\\/Ev-21.jpg\",\"datePublished\":\"2021-11-16T18:52:43+00:00\",\"author\":{\"@id\":\"https:\\\/\\\/unisale.com.br\\\/pastoral\\\/#\\\/schema\\\/person\\\/492d3d7bfe53a8302576d39485aff2c4\"},\"inLanguage\":\"pt-BR\",\"potentialAction\":[{\"@type\":\"ReadAction\",\"target\":[\"https:\\\/\\\/unisale.com.br\\\/novo\\\/21-11-o-meu-reino-nao-e-deste-mundo\\\/\"]}]},{\"@type\":\"ImageObject\",\"inLanguage\":\"pt-BR\",\"@id\":\"https:\\\/\\\/unisale.com.br\\\/novo\\\/21-11-o-meu-reino-nao-e-deste-mundo\\\/#primaryimage\",\"url\":\"https:\\\/\\\/unisale.com.br\\\/pastoral\\\/wp-content\\\/uploads\\\/2021\\\/11\\\/Ev-21.jpg\",\"contentUrl\":\"https:\\\/\\\/unisale.com.br\\\/pastoral\\\/wp-content\\\/uploads\\\/2021\\\/11\\\/Ev-21.jpg\",\"width\":750,\"height\":500},{\"@type\":\"WebSite\",\"@id\":\"https:\\\/\\\/unisale.com.br\\\/pastoral\\\/#website\",\"url\":\"https:\\\/\\\/unisale.com.br\\\/pastoral\\\/\",\"name\":\"Pastoral Universit\u00e1ria UniSALESIANO\",\"description\":\"Site da Pastoral Universit\u00e1ria do UniSALESIANO\",\"potentialAction\":[{\"@type\":\"SearchAction\",\"target\":{\"@type\":\"EntryPoint\",\"urlTemplate\":\"https:\\\/\\\/unisale.com.br\\\/pastoral\\\/?s={search_term_string}\"},\"query-input\":{\"@type\":\"PropertyValueSpecification\",\"valueRequired\":true,\"valueName\":\"search_term_string\"}}],\"inLanguage\":\"pt-BR\"},{\"@type\":\"Person\",\"@id\":\"https:\\\/\\\/unisale.com.br\\\/pastoral\\\/#\\\/schema\\\/person\\\/492d3d7bfe53a8302576d39485aff2c4\",\"name\":\"Luiz Alexandre Marinho Lanzoni\",\"url\":\"https:\\\/\\\/unisale.com.br\\\/pastoral\\\/author\\\/luiz\\\/\"}]}<\/script>\n<!-- \/ Yoast SEO plugin. -->","yoast_head_json":{"title":"21\/11 - O meu reino n\u00e3o \u00e9 deste mundo. - Pastoral Universit\u00e1ria UniSALESIANO","robots":{"index":"index","follow":"follow","max-snippet":"max-snippet:-1","max-image-preview":"max-image-preview:large","max-video-preview":"max-video-preview:-1"},"canonical":"https:\/\/unisale.com.br\/novo\/21-11-o-meu-reino-nao-e-deste-mundo\/","og_locale":"pt_BR","og_type":"article","og_title":"21\/11 - O meu reino n\u00e3o \u00e9 deste mundo. - Pastoral Universit\u00e1ria UniSALESIANO","og_description":"Domingo, 21 de novembro de 2021.\u00a0 Solenidade de Cristo Rei &nbsp; Evangelho (Jo 18,33-37) &nbsp; \u201cO meu reino n\u00e3o \u00e9 deste mundo\u201d &nbsp; Naquele tempo,...","og_url":"https:\/\/unisale.com.br\/novo\/21-11-o-meu-reino-nao-e-deste-mundo\/","og_site_name":"Pastoral Universit\u00e1ria UniSALESIANO","article_published_time":"2021-11-16T18:52:43+00:00","og_image":[{"width":900,"height":600,"url":"https:\/\/unisale.com.br\/novo\/wp-content\/uploads\/2021\/11\/Ev-21.jpg","type":"image\/jpeg"}],"author":"Luiz Alexandre Marinho Lanzoni","twitter_card":"summary_large_image","twitter_misc":{"Escrito por":"Luiz Alexandre Marinho Lanzoni","Est. tempo de leitura":"3 minutos"},"schema":{"@context":"https:\/\/schema.org","@graph":[{"@type":"Article","@id":"https:\/\/unisale.com.br\/novo\/21-11-o-meu-reino-nao-e-deste-mundo\/#article","isPartOf":{"@id":"https:\/\/unisale.com.br\/novo\/21-11-o-meu-reino-nao-e-deste-mundo\/"},"author":{"name":"Luiz Alexandre Marinho Lanzoni","@id":"https:\/\/unisale.com.br\/pastoral\/#\/schema\/person\/492d3d7bfe53a8302576d39485aff2c4"},"headline":"21\/11 &#8211; O meu reino n\u00e3o \u00e9 deste mundo.","datePublished":"2021-11-16T18:52:43+00:00","mainEntityOfPage":{"@id":"https:\/\/unisale.com.br\/novo\/21-11-o-meu-reino-nao-e-deste-mundo\/"},"wordCount":650,"image":{"@id":"https:\/\/unisale.com.br\/novo\/21-11-o-meu-reino-nao-e-deste-mundo\/#primaryimage"},"thumbnailUrl":"https:\/\/unisale.com.br\/pastoral\/wp-content\/uploads\/2021\/11\/Ev-21.jpg","articleSection":["Reflex\u00e3o do Evangelho"],"inLanguage":"pt-BR"},{"@type":"WebPage","@id":"https:\/\/unisale.com.br\/novo\/21-11-o-meu-reino-nao-e-deste-mundo\/","url":"https:\/\/unisale.com.br\/novo\/21-11-o-meu-reino-nao-e-deste-mundo\/","name":"21\/11 - O meu reino n\u00e3o \u00e9 deste mundo. - Pastoral Universit\u00e1ria UniSALESIANO","isPartOf":{"@id":"https:\/\/unisale.com.br\/pastoral\/#website"},"primaryImageOfPage":{"@id":"https:\/\/unisale.com.br\/novo\/21-11-o-meu-reino-nao-e-deste-mundo\/#primaryimage"},"image":{"@id":"https:\/\/unisale.com.br\/novo\/21-11-o-meu-reino-nao-e-deste-mundo\/#primaryimage"},"thumbnailUrl":"https:\/\/unisale.com.br\/pastoral\/wp-content\/uploads\/2021\/11\/Ev-21.jpg","datePublished":"2021-11-16T18:52:43+00:00","author":{"@id":"https:\/\/unisale.com.br\/pastoral\/#\/schema\/person\/492d3d7bfe53a8302576d39485aff2c4"},"inLanguage":"pt-BR","potentialAction":[{"@type":"ReadAction","target":["https:\/\/unisale.com.br\/novo\/21-11-o-meu-reino-nao-e-deste-mundo\/"]}]},{"@type":"ImageObject","inLanguage":"pt-BR","@id":"https:\/\/unisale.com.br\/novo\/21-11-o-meu-reino-nao-e-deste-mundo\/#primaryimage","url":"https:\/\/unisale.com.br\/pastoral\/wp-content\/uploads\/2021\/11\/Ev-21.jpg","contentUrl":"https:\/\/unisale.com.br\/pastoral\/wp-content\/uploads\/2021\/11\/Ev-21.jpg","width":750,"height":500},{"@type":"WebSite","@id":"https:\/\/unisale.com.br\/pastoral\/#website","url":"https:\/\/unisale.com.br\/pastoral\/","name":"Pastoral Universit\u00e1ria UniSALESIANO","description":"Site da Pastoral Universit\u00e1ria do UniSALESIANO","potentialAction":[{"@type":"SearchAction","target":{"@type":"EntryPoint","urlTemplate":"https:\/\/unisale.com.br\/pastoral\/?s={search_term_string}"},"query-input":{"@type":"PropertyValueSpecification","valueRequired":true,"valueName":"search_term_string"}}],"inLanguage":"pt-BR"},{"@type":"Person","@id":"https:\/\/unisale.com.br\/pastoral\/#\/schema\/person\/492d3d7bfe53a8302576d39485aff2c4","name":"Luiz Alexandre Marinho Lanzoni","url":"https:\/\/unisale.com.br\/pastoral\/author\/luiz\/"}]}},"_links":{"self":[{"href":"https:\/\/unisale.com.br\/pastoral\/wp-json\/wp\/v2\/posts\/3242","targetHints":{"allow":["GET"]}}],"collection":[{"href":"https:\/\/unisale.com.br\/pastoral\/wp-json\/wp\/v2\/posts"}],"about":[{"href":"https:\/\/unisale.com.br\/pastoral\/wp-json\/wp\/v2\/types\/post"}],"author":[{"embeddable":true,"href":"https:\/\/unisale.com.br\/pastoral\/wp-json\/wp\/v2\/users\/6"}],"replies":[{"embeddable":true,"href":"https:\/\/unisale.com.br\/pastoral\/wp-json\/wp\/v2\/comments?post=3242"}],"version-history":[{"count":0,"href":"https:\/\/unisale.com.br\/pastoral\/wp-json\/wp\/v2\/posts\/3242\/revisions"}],"wp:featuredmedia":[{"embeddable":true,"href":"https:\/\/unisale.com.br\/pastoral\/wp-json\/wp\/v2\/media\/3236"}],"wp:attachment":[{"href":"https:\/\/unisale.com.br\/pastoral\/wp-json\/wp\/v2\/media?parent=3242"}],"wp:term":[{"taxonomy":"category","embeddable":true,"href":"https:\/\/unisale.com.br\/pastoral\/wp-json\/wp\/v2\/categories?post=3242"},{"taxonomy":"post_tag","embeddable":true,"href":"https:\/\/unisale.com.br\/pastoral\/wp-json\/wp\/v2\/tags?post=3242"}],"curies":[{"name":"wp","href":"https:\/\/api.w.org\/{rel}","templated":true}]}}