{"id":3263,"date":"2021-11-23T14:54:33","date_gmt":"2021-11-23T14:54:33","guid":{"rendered":"https:\/\/unisale.com.br\/pastoral\/?p=3263"},"modified":"2021-11-23T14:54:33","modified_gmt":"2021-11-23T14:54:33","slug":"25-11-levantai-vos-e-erguei-a-cabeca-porque-a-vossa-libertacao-esta-proxima","status":"publish","type":"post","link":"https:\/\/unisale.com.br\/pastoral\/25-11-levantai-vos-e-erguei-a-cabeca-porque-a-vossa-libertacao-esta-proxima\/","title":{"rendered":"25\/11 &#8211; &#8230;levantai-vos e erguei a cabe\u00e7a, porque a vossa liberta\u00e7\u00e3o est\u00e1 pr\u00f3xima."},"content":{"rendered":"<p>Quinta-feira, 25 de novembro de 2021.<\/p>\n<p>&nbsp;<\/p>\n<p>Evangelho (Lc 21,20-28)<\/p>\n<p>&nbsp;<\/p>\n<p><strong>\u201c&#8230;levantai-vos e erguei a cabe\u00e7a, porque a vossa liberta\u00e7\u00e3o est\u00e1 pr\u00f3xima.\u201d<\/strong><\/p>\n<p>&nbsp;<\/p>\n<p>Naquele tempo, disse Jesus a seus disc\u00edpulos: <sup>20<\/sup>\u201cQuando virdes Jerusal\u00e9m cercada de ex\u00e9rcitos, ficai sabendo que a sua destrui\u00e7\u00e3o est\u00e1 pr\u00f3xima. <sup>21<\/sup>Ent\u00e3o, os que estiverem na Judeia, devem fugir para as montanhas; os que estiverem no meio da cidade, devem afastar-se; os que estiverem no campo, n\u00e3o entrem na cidade. <sup>22<\/sup>Pois esses dias s\u00e3o de vingan\u00e7a, para que se cumpra tudo o que dizem as Escrituras. <sup>23<\/sup>Infelizes das mulheres gr\u00e1vidas e daquelas que estiverem amamentando naqueles dias, pois haver\u00e1 uma grande calamidade na terra e ira contra este povo. <sup>24<\/sup>Ser\u00e3o mortos pela espada e levados presos para todas as na\u00e7\u00f5es, e Jerusal\u00e9m ser\u00e1 pisada pelos infi\u00e9is, at\u00e9 que o tempo dos pag\u00e3os se complete. <sup>25<\/sup>Haver\u00e1 sinais no sol, na lua e nas estrelas. Na terra, as na\u00e7\u00f5es ficar\u00e3o angustiadas, com pavor do barulho do mar e das ondas. <sup>26<\/sup>Os homens v\u00e3o desmaiar de medo, s\u00f3 em pensar no que vai acontecer ao mundo, porque as for\u00e7as do c\u00e9u ser\u00e3o abaladas. <sup>27<\/sup>Ent\u00e3o eles ver\u00e3o o Filho do Homem, vindo numa nuvem com grande poder e gl\u00f3ria. <sup>28<\/sup>Quando estas coisas come\u00e7arem a acontecer, levantai-vos e erguei a cabe\u00e7a, porque a vossa liberta\u00e7\u00e3o est\u00e1 pr\u00f3xima\u201d.<\/p>\n<p>&nbsp;<\/p>\n<p><strong>Reflex\u00e3o<\/strong><\/p>\n<p>&nbsp;<\/p>\n<p>Jesus descreve no Evangelho de hoje uma s\u00e9rie de acontecimentos aterrorizantes. O nosso ano lit\u00fargico est\u00e1 terminando e a liturgia move o nosso olhar para o final da hist\u00f3ria. Quando Jesus fala destes eventos n\u00e3o est\u00e1 querendo no dar dados cronol\u00f3gicos, mas escatol\u00f3gicos. Jesus n\u00e3o est\u00e1 nos querendo dizer como finaliza a hist\u00f3ria, mas sua inten\u00e7\u00e3o \u00e9 fazer-nos recordar duas coisas: a primeira \u00e9 que este mundo passa, e que cada coisa tem seu in\u00edcio e o seu fim, isso tamb\u00e9m com rela\u00e7\u00e3o a nossa vida, e este mundo. A segunda coisa \u00e9 que o nosso destino, por\u00e9m, n\u00e3o termina com o fim, mas \u00e9 a vida eterna que inicia exatamente quando tudo parece o fim. Como reage um crist\u00e3o diante de um an\u00fancio como este? \u201cQuando estas coisas come\u00e7arem a acontecer, levantai-vos e erguei a cabe\u00e7a, porque a nossa liberta\u00e7\u00e3o est\u00e1 pr\u00f3xima. Levantar-se, elevar a cabe\u00e7a, assumir uma posi\u00e7\u00e3o ereta, parar de olhar para os p\u00e9s, levantar o olhar, advertir que tudo isso nos recorda que a nossa salva\u00e7\u00e3o est\u00e1 pr\u00f3xima. Sentir a liberdade aproximar-se, exatamente como o final do inverno anuncia a primavera. Sentir latejar dentro de n\u00f3s a esperan\u00e7a que n\u00e3o sabemos explica, mas que se torna uma motiva\u00e7\u00e3o que nos leva avante, nos lan\u00e7a a um protagonismo inesperado. Desta forma, morte, ressurrei\u00e7\u00e3o e espera se cruzam como uma trama que atravessa toda a nossa exist\u00eancia e a transfigura enchendo-a de significado.<\/p>\n<p>&nbsp;<\/p>\n<p><strong>Pe. Paulo Eduardo J\u00e1como, sdb.<\/strong><\/p>\n","protected":false},"excerpt":{"rendered":"<p>Quinta-feira, 25 de novembro de 2021. &nbsp; Evangelho (Lc 21,20-28) &nbsp; \u201c&#8230;levantai-vos e erguei a cabe\u00e7a, porque a vossa liberta\u00e7\u00e3o est\u00e1 pr\u00f3xima.\u201d &nbsp; Naquele tempo,&#8230;<\/p>\n","protected":false},"author":6,"featured_media":3260,"comment_status":"closed","ping_status":"closed","sticky":false,"template":"","format":"standard","meta":{"_acf_changed":false,"footnotes":""},"categories":[13],"tags":[],"class_list":["post-3263","post","type-post","status-publish","format-standard","has-post-thumbnail","hentry","category-reflexaodoevagelho"],"acf":[],"yoast_head":"<!-- This site is optimized with the Yoast SEO plugin v27.3 - https:\/\/yoast.com\/product\/yoast-seo-wordpress\/ -->\n<title>25\/11 - ...levantai-vos e erguei a cabe\u00e7a, porque a vossa liberta\u00e7\u00e3o est\u00e1 pr\u00f3xima. - Pastoral Universit\u00e1ria UniSALESIANO<\/title>\n<meta name=\"robots\" content=\"index, follow, max-snippet:-1, max-image-preview:large, max-video-preview:-1\" \/>\n<link rel=\"canonical\" href=\"https:\/\/unisale.com.br\/novo\/25-11-levantai-vos-e-erguei-a-cabeca-porque-a-vossa-libertacao-esta-proxima\/\" \/>\n<meta property=\"og:locale\" content=\"pt_BR\" \/>\n<meta property=\"og:type\" content=\"article\" \/>\n<meta property=\"og:title\" content=\"25\/11 - ...levantai-vos e erguei a cabe\u00e7a, porque a vossa liberta\u00e7\u00e3o est\u00e1 pr\u00f3xima. - Pastoral Universit\u00e1ria UniSALESIANO\" \/>\n<meta property=\"og:description\" content=\"Quinta-feira, 25 de novembro de 2021. &nbsp; Evangelho (Lc 21,20-28) &nbsp; \u201c&#8230;levantai-vos e erguei a cabe\u00e7a, porque a vossa liberta\u00e7\u00e3o est\u00e1 pr\u00f3xima.\u201d &nbsp; Naquele tempo,...\" \/>\n<meta property=\"og:url\" content=\"https:\/\/unisale.com.br\/novo\/25-11-levantai-vos-e-erguei-a-cabeca-porque-a-vossa-libertacao-esta-proxima\/\" \/>\n<meta property=\"og:site_name\" content=\"Pastoral Universit\u00e1ria UniSALESIANO\" \/>\n<meta property=\"article:published_time\" content=\"2021-11-23T14:54:33+00:00\" \/>\n<meta property=\"og:image\" content=\"https:\/\/unisale.com.br\/novo\/wp-content\/uploads\/2021\/11\/Ev-25.jpg\" \/>\n\t<meta property=\"og:image:width\" content=\"379\" \/>\n\t<meta property=\"og:image:height\" content=\"270\" \/>\n\t<meta property=\"og:image:type\" content=\"image\/jpeg\" \/>\n<meta name=\"author\" content=\"Luiz Alexandre Marinho Lanzoni\" \/>\n<meta name=\"twitter:card\" content=\"summary_large_image\" \/>\n<meta name=\"twitter:label1\" content=\"Escrito por\" \/>\n\t<meta name=\"twitter:data1\" content=\"Luiz Alexandre Marinho Lanzoni\" \/>\n\t<meta name=\"twitter:label2\" content=\"Est. tempo de leitura\" \/>\n\t<meta name=\"twitter:data2\" content=\"3 minutos\" \/>\n<script type=\"application\/ld+json\" class=\"yoast-schema-graph\">{\"@context\":\"https:\\\/\\\/schema.org\",\"@graph\":[{\"@type\":\"Article\",\"@id\":\"https:\\\/\\\/unisale.com.br\\\/novo\\\/25-11-levantai-vos-e-erguei-a-cabeca-porque-a-vossa-libertacao-esta-proxima\\\/#article\",\"isPartOf\":{\"@id\":\"https:\\\/\\\/unisale.com.br\\\/novo\\\/25-11-levantai-vos-e-erguei-a-cabeca-porque-a-vossa-libertacao-esta-proxima\\\/\"},\"author\":{\"name\":\"Luiz Alexandre Marinho Lanzoni\",\"@id\":\"https:\\\/\\\/unisale.com.br\\\/pastoral\\\/#\\\/schema\\\/person\\\/492d3d7bfe53a8302576d39485aff2c4\"},\"headline\":\"25\\\/11 &#8211; &#8230;levantai-vos e erguei a cabe\u00e7a, porque a vossa liberta\u00e7\u00e3o est\u00e1 pr\u00f3xima.\",\"datePublished\":\"2021-11-23T14:54:33+00:00\",\"mainEntityOfPage\":{\"@id\":\"https:\\\/\\\/unisale.com.br\\\/novo\\\/25-11-levantai-vos-e-erguei-a-cabeca-porque-a-vossa-libertacao-esta-proxima\\\/\"},\"wordCount\":533,\"image\":{\"@id\":\"https:\\\/\\\/unisale.com.br\\\/novo\\\/25-11-levantai-vos-e-erguei-a-cabeca-porque-a-vossa-libertacao-esta-proxima\\\/#primaryimage\"},\"thumbnailUrl\":\"https:\\\/\\\/unisale.com.br\\\/pastoral\\\/wp-content\\\/uploads\\\/2021\\\/11\\\/Ev-25.jpg\",\"articleSection\":[\"Reflex\u00e3o do Evangelho\"],\"inLanguage\":\"pt-BR\"},{\"@type\":\"WebPage\",\"@id\":\"https:\\\/\\\/unisale.com.br\\\/novo\\\/25-11-levantai-vos-e-erguei-a-cabeca-porque-a-vossa-libertacao-esta-proxima\\\/\",\"url\":\"https:\\\/\\\/unisale.com.br\\\/novo\\\/25-11-levantai-vos-e-erguei-a-cabeca-porque-a-vossa-libertacao-esta-proxima\\\/\",\"name\":\"25\\\/11 - ...levantai-vos e erguei a cabe\u00e7a, porque a vossa liberta\u00e7\u00e3o est\u00e1 pr\u00f3xima. - Pastoral Universit\u00e1ria UniSALESIANO\",\"isPartOf\":{\"@id\":\"https:\\\/\\\/unisale.com.br\\\/pastoral\\\/#website\"},\"primaryImageOfPage\":{\"@id\":\"https:\\\/\\\/unisale.com.br\\\/novo\\\/25-11-levantai-vos-e-erguei-a-cabeca-porque-a-vossa-libertacao-esta-proxima\\\/#primaryimage\"},\"image\":{\"@id\":\"https:\\\/\\\/unisale.com.br\\\/novo\\\/25-11-levantai-vos-e-erguei-a-cabeca-porque-a-vossa-libertacao-esta-proxima\\\/#primaryimage\"},\"thumbnailUrl\":\"https:\\\/\\\/unisale.com.br\\\/pastoral\\\/wp-content\\\/uploads\\\/2021\\\/11\\\/Ev-25.jpg\",\"datePublished\":\"2021-11-23T14:54:33+00:00\",\"author\":{\"@id\":\"https:\\\/\\\/unisale.com.br\\\/pastoral\\\/#\\\/schema\\\/person\\\/492d3d7bfe53a8302576d39485aff2c4\"},\"inLanguage\":\"pt-BR\",\"potentialAction\":[{\"@type\":\"ReadAction\",\"target\":[\"https:\\\/\\\/unisale.com.br\\\/novo\\\/25-11-levantai-vos-e-erguei-a-cabeca-porque-a-vossa-libertacao-esta-proxima\\\/\"]}]},{\"@type\":\"ImageObject\",\"inLanguage\":\"pt-BR\",\"@id\":\"https:\\\/\\\/unisale.com.br\\\/novo\\\/25-11-levantai-vos-e-erguei-a-cabeca-porque-a-vossa-libertacao-esta-proxima\\\/#primaryimage\",\"url\":\"https:\\\/\\\/unisale.com.br\\\/pastoral\\\/wp-content\\\/uploads\\\/2021\\\/11\\\/Ev-25.jpg\",\"contentUrl\":\"https:\\\/\\\/unisale.com.br\\\/pastoral\\\/wp-content\\\/uploads\\\/2021\\\/11\\\/Ev-25.jpg\",\"width\":379,\"height\":270},{\"@type\":\"WebSite\",\"@id\":\"https:\\\/\\\/unisale.com.br\\\/pastoral\\\/#website\",\"url\":\"https:\\\/\\\/unisale.com.br\\\/pastoral\\\/\",\"name\":\"Pastoral Universit\u00e1ria UniSALESIANO\",\"description\":\"Site da Pastoral Universit\u00e1ria do UniSALESIANO\",\"potentialAction\":[{\"@type\":\"SearchAction\",\"target\":{\"@type\":\"EntryPoint\",\"urlTemplate\":\"https:\\\/\\\/unisale.com.br\\\/pastoral\\\/?s={search_term_string}\"},\"query-input\":{\"@type\":\"PropertyValueSpecification\",\"valueRequired\":true,\"valueName\":\"search_term_string\"}}],\"inLanguage\":\"pt-BR\"},{\"@type\":\"Person\",\"@id\":\"https:\\\/\\\/unisale.com.br\\\/pastoral\\\/#\\\/schema\\\/person\\\/492d3d7bfe53a8302576d39485aff2c4\",\"name\":\"Luiz Alexandre Marinho Lanzoni\",\"url\":\"https:\\\/\\\/unisale.com.br\\\/pastoral\\\/author\\\/luiz\\\/\"}]}<\/script>\n<!-- \/ Yoast SEO plugin. -->","yoast_head_json":{"title":"25\/11 - ...levantai-vos e erguei a cabe\u00e7a, porque a vossa liberta\u00e7\u00e3o est\u00e1 pr\u00f3xima. - Pastoral Universit\u00e1ria UniSALESIANO","robots":{"index":"index","follow":"follow","max-snippet":"max-snippet:-1","max-image-preview":"max-image-preview:large","max-video-preview":"max-video-preview:-1"},"canonical":"https:\/\/unisale.com.br\/novo\/25-11-levantai-vos-e-erguei-a-cabeca-porque-a-vossa-libertacao-esta-proxima\/","og_locale":"pt_BR","og_type":"article","og_title":"25\/11 - ...levantai-vos e erguei a cabe\u00e7a, porque a vossa liberta\u00e7\u00e3o est\u00e1 pr\u00f3xima. - Pastoral Universit\u00e1ria UniSALESIANO","og_description":"Quinta-feira, 25 de novembro de 2021. &nbsp; Evangelho (Lc 21,20-28) &nbsp; \u201c&#8230;levantai-vos e erguei a cabe\u00e7a, porque a vossa liberta\u00e7\u00e3o est\u00e1 pr\u00f3xima.\u201d &nbsp; Naquele tempo,...","og_url":"https:\/\/unisale.com.br\/novo\/25-11-levantai-vos-e-erguei-a-cabeca-porque-a-vossa-libertacao-esta-proxima\/","og_site_name":"Pastoral Universit\u00e1ria UniSALESIANO","article_published_time":"2021-11-23T14:54:33+00:00","og_image":[{"width":379,"height":270,"url":"https:\/\/unisale.com.br\/novo\/wp-content\/uploads\/2021\/11\/Ev-25.jpg","type":"image\/jpeg"}],"author":"Luiz Alexandre Marinho Lanzoni","twitter_card":"summary_large_image","twitter_misc":{"Escrito por":"Luiz Alexandre Marinho Lanzoni","Est. tempo de leitura":"3 minutos"},"schema":{"@context":"https:\/\/schema.org","@graph":[{"@type":"Article","@id":"https:\/\/unisale.com.br\/novo\/25-11-levantai-vos-e-erguei-a-cabeca-porque-a-vossa-libertacao-esta-proxima\/#article","isPartOf":{"@id":"https:\/\/unisale.com.br\/novo\/25-11-levantai-vos-e-erguei-a-cabeca-porque-a-vossa-libertacao-esta-proxima\/"},"author":{"name":"Luiz Alexandre Marinho Lanzoni","@id":"https:\/\/unisale.com.br\/pastoral\/#\/schema\/person\/492d3d7bfe53a8302576d39485aff2c4"},"headline":"25\/11 &#8211; &#8230;levantai-vos e erguei a cabe\u00e7a, porque a vossa liberta\u00e7\u00e3o est\u00e1 pr\u00f3xima.","datePublished":"2021-11-23T14:54:33+00:00","mainEntityOfPage":{"@id":"https:\/\/unisale.com.br\/novo\/25-11-levantai-vos-e-erguei-a-cabeca-porque-a-vossa-libertacao-esta-proxima\/"},"wordCount":533,"image":{"@id":"https:\/\/unisale.com.br\/novo\/25-11-levantai-vos-e-erguei-a-cabeca-porque-a-vossa-libertacao-esta-proxima\/#primaryimage"},"thumbnailUrl":"https:\/\/unisale.com.br\/pastoral\/wp-content\/uploads\/2021\/11\/Ev-25.jpg","articleSection":["Reflex\u00e3o do Evangelho"],"inLanguage":"pt-BR"},{"@type":"WebPage","@id":"https:\/\/unisale.com.br\/novo\/25-11-levantai-vos-e-erguei-a-cabeca-porque-a-vossa-libertacao-esta-proxima\/","url":"https:\/\/unisale.com.br\/novo\/25-11-levantai-vos-e-erguei-a-cabeca-porque-a-vossa-libertacao-esta-proxima\/","name":"25\/11 - ...levantai-vos e erguei a cabe\u00e7a, porque a vossa liberta\u00e7\u00e3o est\u00e1 pr\u00f3xima. - Pastoral Universit\u00e1ria UniSALESIANO","isPartOf":{"@id":"https:\/\/unisale.com.br\/pastoral\/#website"},"primaryImageOfPage":{"@id":"https:\/\/unisale.com.br\/novo\/25-11-levantai-vos-e-erguei-a-cabeca-porque-a-vossa-libertacao-esta-proxima\/#primaryimage"},"image":{"@id":"https:\/\/unisale.com.br\/novo\/25-11-levantai-vos-e-erguei-a-cabeca-porque-a-vossa-libertacao-esta-proxima\/#primaryimage"},"thumbnailUrl":"https:\/\/unisale.com.br\/pastoral\/wp-content\/uploads\/2021\/11\/Ev-25.jpg","datePublished":"2021-11-23T14:54:33+00:00","author":{"@id":"https:\/\/unisale.com.br\/pastoral\/#\/schema\/person\/492d3d7bfe53a8302576d39485aff2c4"},"inLanguage":"pt-BR","potentialAction":[{"@type":"ReadAction","target":["https:\/\/unisale.com.br\/novo\/25-11-levantai-vos-e-erguei-a-cabeca-porque-a-vossa-libertacao-esta-proxima\/"]}]},{"@type":"ImageObject","inLanguage":"pt-BR","@id":"https:\/\/unisale.com.br\/novo\/25-11-levantai-vos-e-erguei-a-cabeca-porque-a-vossa-libertacao-esta-proxima\/#primaryimage","url":"https:\/\/unisale.com.br\/pastoral\/wp-content\/uploads\/2021\/11\/Ev-25.jpg","contentUrl":"https:\/\/unisale.com.br\/pastoral\/wp-content\/uploads\/2021\/11\/Ev-25.jpg","width":379,"height":270},{"@type":"WebSite","@id":"https:\/\/unisale.com.br\/pastoral\/#website","url":"https:\/\/unisale.com.br\/pastoral\/","name":"Pastoral Universit\u00e1ria UniSALESIANO","description":"Site da Pastoral Universit\u00e1ria do UniSALESIANO","potentialAction":[{"@type":"SearchAction","target":{"@type":"EntryPoint","urlTemplate":"https:\/\/unisale.com.br\/pastoral\/?s={search_term_string}"},"query-input":{"@type":"PropertyValueSpecification","valueRequired":true,"valueName":"search_term_string"}}],"inLanguage":"pt-BR"},{"@type":"Person","@id":"https:\/\/unisale.com.br\/pastoral\/#\/schema\/person\/492d3d7bfe53a8302576d39485aff2c4","name":"Luiz Alexandre Marinho Lanzoni","url":"https:\/\/unisale.com.br\/pastoral\/author\/luiz\/"}]}},"_links":{"self":[{"href":"https:\/\/unisale.com.br\/pastoral\/wp-json\/wp\/v2\/posts\/3263","targetHints":{"allow":["GET"]}}],"collection":[{"href":"https:\/\/unisale.com.br\/pastoral\/wp-json\/wp\/v2\/posts"}],"about":[{"href":"https:\/\/unisale.com.br\/pastoral\/wp-json\/wp\/v2\/types\/post"}],"author":[{"embeddable":true,"href":"https:\/\/unisale.com.br\/pastoral\/wp-json\/wp\/v2\/users\/6"}],"replies":[{"embeddable":true,"href":"https:\/\/unisale.com.br\/pastoral\/wp-json\/wp\/v2\/comments?post=3263"}],"version-history":[{"count":0,"href":"https:\/\/unisale.com.br\/pastoral\/wp-json\/wp\/v2\/posts\/3263\/revisions"}],"wp:featuredmedia":[{"embeddable":true,"href":"https:\/\/unisale.com.br\/pastoral\/wp-json\/wp\/v2\/media\/3260"}],"wp:attachment":[{"href":"https:\/\/unisale.com.br\/pastoral\/wp-json\/wp\/v2\/media?parent=3263"}],"wp:term":[{"taxonomy":"category","embeddable":true,"href":"https:\/\/unisale.com.br\/pastoral\/wp-json\/wp\/v2\/categories?post=3263"},{"taxonomy":"post_tag","embeddable":true,"href":"https:\/\/unisale.com.br\/pastoral\/wp-json\/wp\/v2\/tags?post=3263"}],"curies":[{"name":"wp","href":"https:\/\/api.w.org\/{rel}","templated":true}]}}