{"id":3274,"date":"2021-11-25T11:16:18","date_gmt":"2021-11-25T11:16:18","guid":{"rendered":"https:\/\/unisale.com.br\/pastoral\/?p=3274"},"modified":"2021-11-25T11:35:16","modified_gmt":"2021-11-25T11:35:16","slug":"unisalesiano-e-colegio-salesiano-promovem-campanha-de-natal-para-familias-do-oratorio","status":"publish","type":"post","link":"https:\/\/unisale.com.br\/pastoral\/unisalesiano-e-colegio-salesiano-promovem-campanha-de-natal-para-familias-do-oratorio\/","title":{"rendered":"UniSALESIANO e Col\u00e9gio Salesiano promovem campanha de Natal para fam\u00edlias do Orat\u00f3rio"},"content":{"rendered":"<h2>Esta \u00faltima atividade do ano integra o calend\u00e1rio de a\u00e7\u00f5es solid\u00e1rias do Orat\u00f3rio Dom Bosco.<\/h2>\n<p>&nbsp;<\/p>\n<div class=\"grid-12 post-content\">\n<p>A Campanha <strong>\u201cDoe Solidariedade e Receba Sorrisos\u201d<\/strong> est\u00e1 sendo promovida pelo <strong>UniSALESIANO<\/strong> e pelo <strong>Col\u00e9gio Salesiano \u201cDom Luiz Lasagna\u201d<\/strong>, a fim de proporcionar uma festa natalina \u00e0s fam\u00edlias atendidas pelo <strong>Orat\u00f3rio Dom Bosco<\/strong>, no bairro \u00c1gua Branca, em Ara\u00e7atuba.<\/p>\n<p>A inten\u00e7\u00e3o \u00e9 receber doa\u00e7\u00f5es para aquisi\u00e7\u00e3o de cestas b\u00e1sicas, cestas de Natal e guloseimas para as crian\u00e7as e suas fam\u00edlias. Quem tiver interesse, deve entrar em contato, at\u00e9 o dia 6 de dezembro, pelo WhatsApp da Pastoral Universit\u00e1ria (18) 3636-5223.<\/p>\n<p>A entrega dos produtos ser\u00e1 feita no dia 18 de dezembro, \u00e0s 14h, seguindo as normas de higiene e seguran\u00e7a por conta da pandemia.<\/p>\n<p>Esta \u00faltima atividade do ano integra o calend\u00e1rio de a\u00e7\u00f5es solid\u00e1rias do Orat\u00f3rio Dom Bosco, com sede na Comunidade Sagrado Cora\u00e7\u00e3o de Jesus, no bairro \u00c1gua Branca, na Par\u00f3quia S\u00e3o Francisco e Santa Clara.<\/p>\n<p><strong>SOCIAL<\/strong><\/p>\n<p>O UniSALESIANO \u00e9 um parceiro do Orat\u00f3rio, uma atividade social que tem o objetivo de reunir crian\u00e7as e jovens aos s\u00e1bados para atividades recreativas, formativas, culturais e religiosas. Sob comando do <strong>Diretor da Institui\u00e7\u00e3o, Pe. Erondi Tamandar\u00e9<\/strong>, o projeto tem como respons\u00e1vel o <strong>Pr\u00f3-Reitor Acad\u00eamico, Prof. Andr\u00e9 Ornellas.<\/strong><\/p>\n<\/div>\n","protected":false},"excerpt":{"rendered":"<p>Esta \u00faltima atividade do ano integra o calend\u00e1rio de a\u00e7\u00f5es solid\u00e1rias do Orat\u00f3rio Dom Bosco. &nbsp; A Campanha \u201cDoe Solidariedade e Receba Sorrisos\u201d est\u00e1 sendo&#8230;<\/p>\n","protected":false},"author":6,"featured_media":3276,"comment_status":"closed","ping_status":"closed","sticky":false,"template":"","format":"standard","meta":{"_acf_changed":false,"footnotes":""},"categories":[3,1],"tags":[],"class_list":["post-3274","post","type-post","status-publish","format-standard","has-post-thumbnail","hentry","category-not","category-uncategorized"],"acf":[],"yoast_head":"<!-- This site is optimized with the Yoast SEO plugin v27.3 - https:\/\/yoast.com\/product\/yoast-seo-wordpress\/ -->\n<title>UniSALESIANO e Col\u00e9gio Salesiano promovem campanha de Natal para fam\u00edlias do Orat\u00f3rio - Pastoral Universit\u00e1ria UniSALESIANO<\/title>\n<meta name=\"robots\" content=\"index, follow, max-snippet:-1, max-image-preview:large, max-video-preview:-1\" \/>\n<link rel=\"canonical\" href=\"https:\/\/unisale.com.br\/novo\/unisalesiano-e-colegio-salesiano-promovem-campanha-de-natal-para-familias-do-oratorio\/\" \/>\n<meta property=\"og:locale\" content=\"pt_BR\" \/>\n<meta property=\"og:type\" content=\"article\" \/>\n<meta property=\"og:title\" content=\"UniSALESIANO e Col\u00e9gio Salesiano promovem campanha de Natal para fam\u00edlias do Orat\u00f3rio - Pastoral Universit\u00e1ria UniSALESIANO\" \/>\n<meta property=\"og:description\" content=\"Esta \u00faltima atividade do ano integra o calend\u00e1rio de a\u00e7\u00f5es solid\u00e1rias do Orat\u00f3rio Dom Bosco. &nbsp; A Campanha \u201cDoe Solidariedade e Receba Sorrisos\u201d est\u00e1 sendo...\" \/>\n<meta property=\"og:url\" content=\"https:\/\/unisale.com.br\/novo\/unisalesiano-e-colegio-salesiano-promovem-campanha-de-natal-para-familias-do-oratorio\/\" \/>\n<meta property=\"og:site_name\" content=\"Pastoral Universit\u00e1ria UniSALESIANO\" \/>\n<meta property=\"article:published_time\" content=\"2021-11-25T11:16:18+00:00\" \/>\n<meta property=\"article:modified_time\" content=\"2021-11-25T11:35:16+00:00\" \/>\n<meta property=\"og:image\" content=\"https:\/\/unisale.com.br\/novo\/wp-content\/uploads\/2021\/11\/WhatsApp-Image-2021-11-19-at-11.23.06-1024x693-1.jpeg\" \/>\n\t<meta property=\"og:image:width\" content=\"1024\" \/>\n\t<meta property=\"og:image:height\" content=\"693\" \/>\n\t<meta property=\"og:image:type\" content=\"image\/jpeg\" \/>\n<meta name=\"author\" content=\"Luiz Alexandre Marinho Lanzoni\" \/>\n<meta name=\"twitter:card\" content=\"summary_large_image\" \/>\n<meta name=\"twitter:label1\" content=\"Escrito por\" \/>\n\t<meta name=\"twitter:data1\" content=\"Luiz Alexandre Marinho Lanzoni\" \/>\n\t<meta name=\"twitter:label2\" content=\"Est. tempo de leitura\" \/>\n\t<meta name=\"twitter:data2\" content=\"1 minuto\" \/>\n<script type=\"application\/ld+json\" class=\"yoast-schema-graph\">{\"@context\":\"https:\\\/\\\/schema.org\",\"@graph\":[{\"@type\":\"Article\",\"@id\":\"https:\\\/\\\/unisale.com.br\\\/novo\\\/unisalesiano-e-colegio-salesiano-promovem-campanha-de-natal-para-familias-do-oratorio\\\/#article\",\"isPartOf\":{\"@id\":\"https:\\\/\\\/unisale.com.br\\\/novo\\\/unisalesiano-e-colegio-salesiano-promovem-campanha-de-natal-para-familias-do-oratorio\\\/\"},\"author\":{\"name\":\"Luiz Alexandre Marinho Lanzoni\",\"@id\":\"https:\\\/\\\/unisale.com.br\\\/pastoral\\\/#\\\/schema\\\/person\\\/492d3d7bfe53a8302576d39485aff2c4\"},\"headline\":\"UniSALESIANO e Col\u00e9gio Salesiano promovem campanha de Natal para fam\u00edlias do Orat\u00f3rio\",\"datePublished\":\"2021-11-25T11:16:18+00:00\",\"dateModified\":\"2021-11-25T11:35:16+00:00\",\"mainEntityOfPage\":{\"@id\":\"https:\\\/\\\/unisale.com.br\\\/novo\\\/unisalesiano-e-colegio-salesiano-promovem-campanha-de-natal-para-familias-do-oratorio\\\/\"},\"wordCount\":243,\"image\":{\"@id\":\"https:\\\/\\\/unisale.com.br\\\/novo\\\/unisalesiano-e-colegio-salesiano-promovem-campanha-de-natal-para-familias-do-oratorio\\\/#primaryimage\"},\"thumbnailUrl\":\"https:\\\/\\\/unisale.com.br\\\/pastoral\\\/wp-content\\\/uploads\\\/2021\\\/11\\\/WhatsApp-Image-2021-11-19-at-11.23.06-1024x693-1.jpeg\",\"articleSection\":[\"Not\u00edcias\"],\"inLanguage\":\"pt-BR\"},{\"@type\":\"WebPage\",\"@id\":\"https:\\\/\\\/unisale.com.br\\\/novo\\\/unisalesiano-e-colegio-salesiano-promovem-campanha-de-natal-para-familias-do-oratorio\\\/\",\"url\":\"https:\\\/\\\/unisale.com.br\\\/novo\\\/unisalesiano-e-colegio-salesiano-promovem-campanha-de-natal-para-familias-do-oratorio\\\/\",\"name\":\"UniSALESIANO e Col\u00e9gio Salesiano promovem campanha de Natal para fam\u00edlias do Orat\u00f3rio - Pastoral Universit\u00e1ria UniSALESIANO\",\"isPartOf\":{\"@id\":\"https:\\\/\\\/unisale.com.br\\\/pastoral\\\/#website\"},\"primaryImageOfPage\":{\"@id\":\"https:\\\/\\\/unisale.com.br\\\/novo\\\/unisalesiano-e-colegio-salesiano-promovem-campanha-de-natal-para-familias-do-oratorio\\\/#primaryimage\"},\"image\":{\"@id\":\"https:\\\/\\\/unisale.com.br\\\/novo\\\/unisalesiano-e-colegio-salesiano-promovem-campanha-de-natal-para-familias-do-oratorio\\\/#primaryimage\"},\"thumbnailUrl\":\"https:\\\/\\\/unisale.com.br\\\/pastoral\\\/wp-content\\\/uploads\\\/2021\\\/11\\\/WhatsApp-Image-2021-11-19-at-11.23.06-1024x693-1.jpeg\",\"datePublished\":\"2021-11-25T11:16:18+00:00\",\"dateModified\":\"2021-11-25T11:35:16+00:00\",\"author\":{\"@id\":\"https:\\\/\\\/unisale.com.br\\\/pastoral\\\/#\\\/schema\\\/person\\\/492d3d7bfe53a8302576d39485aff2c4\"},\"inLanguage\":\"pt-BR\",\"potentialAction\":[{\"@type\":\"ReadAction\",\"target\":[\"https:\\\/\\\/unisale.com.br\\\/novo\\\/unisalesiano-e-colegio-salesiano-promovem-campanha-de-natal-para-familias-do-oratorio\\\/\"]}]},{\"@type\":\"ImageObject\",\"inLanguage\":\"pt-BR\",\"@id\":\"https:\\\/\\\/unisale.com.br\\\/novo\\\/unisalesiano-e-colegio-salesiano-promovem-campanha-de-natal-para-familias-do-oratorio\\\/#primaryimage\",\"url\":\"https:\\\/\\\/unisale.com.br\\\/pastoral\\\/wp-content\\\/uploads\\\/2021\\\/11\\\/WhatsApp-Image-2021-11-19-at-11.23.06-1024x693-1.jpeg\",\"contentUrl\":\"https:\\\/\\\/unisale.com.br\\\/pastoral\\\/wp-content\\\/uploads\\\/2021\\\/11\\\/WhatsApp-Image-2021-11-19-at-11.23.06-1024x693-1.jpeg\",\"width\":739,\"height\":500},{\"@type\":\"WebSite\",\"@id\":\"https:\\\/\\\/unisale.com.br\\\/pastoral\\\/#website\",\"url\":\"https:\\\/\\\/unisale.com.br\\\/pastoral\\\/\",\"name\":\"Pastoral Universit\u00e1ria UniSALESIANO\",\"description\":\"Site da Pastoral Universit\u00e1ria do UniSALESIANO\",\"potentialAction\":[{\"@type\":\"SearchAction\",\"target\":{\"@type\":\"EntryPoint\",\"urlTemplate\":\"https:\\\/\\\/unisale.com.br\\\/pastoral\\\/?s={search_term_string}\"},\"query-input\":{\"@type\":\"PropertyValueSpecification\",\"valueRequired\":true,\"valueName\":\"search_term_string\"}}],\"inLanguage\":\"pt-BR\"},{\"@type\":\"Person\",\"@id\":\"https:\\\/\\\/unisale.com.br\\\/pastoral\\\/#\\\/schema\\\/person\\\/492d3d7bfe53a8302576d39485aff2c4\",\"name\":\"Luiz Alexandre Marinho Lanzoni\",\"url\":\"https:\\\/\\\/unisale.com.br\\\/pastoral\\\/author\\\/luiz\\\/\"}]}<\/script>\n<!-- \/ Yoast SEO plugin. -->","yoast_head_json":{"title":"UniSALESIANO e Col\u00e9gio Salesiano promovem campanha de Natal para fam\u00edlias do Orat\u00f3rio - Pastoral Universit\u00e1ria UniSALESIANO","robots":{"index":"index","follow":"follow","max-snippet":"max-snippet:-1","max-image-preview":"max-image-preview:large","max-video-preview":"max-video-preview:-1"},"canonical":"https:\/\/unisale.com.br\/novo\/unisalesiano-e-colegio-salesiano-promovem-campanha-de-natal-para-familias-do-oratorio\/","og_locale":"pt_BR","og_type":"article","og_title":"UniSALESIANO e Col\u00e9gio Salesiano promovem campanha de Natal para fam\u00edlias do Orat\u00f3rio - Pastoral Universit\u00e1ria UniSALESIANO","og_description":"Esta \u00faltima atividade do ano integra o calend\u00e1rio de a\u00e7\u00f5es solid\u00e1rias do Orat\u00f3rio Dom Bosco. &nbsp; A Campanha \u201cDoe Solidariedade e Receba Sorrisos\u201d est\u00e1 sendo...","og_url":"https:\/\/unisale.com.br\/novo\/unisalesiano-e-colegio-salesiano-promovem-campanha-de-natal-para-familias-do-oratorio\/","og_site_name":"Pastoral Universit\u00e1ria UniSALESIANO","article_published_time":"2021-11-25T11:16:18+00:00","article_modified_time":"2021-11-25T11:35:16+00:00","og_image":[{"width":1024,"height":693,"url":"https:\/\/unisale.com.br\/novo\/wp-content\/uploads\/2021\/11\/WhatsApp-Image-2021-11-19-at-11.23.06-1024x693-1.jpeg","type":"image\/jpeg"}],"author":"Luiz Alexandre Marinho Lanzoni","twitter_card":"summary_large_image","twitter_misc":{"Escrito por":"Luiz Alexandre Marinho Lanzoni","Est. tempo de leitura":"1 minuto"},"schema":{"@context":"https:\/\/schema.org","@graph":[{"@type":"Article","@id":"https:\/\/unisale.com.br\/novo\/unisalesiano-e-colegio-salesiano-promovem-campanha-de-natal-para-familias-do-oratorio\/#article","isPartOf":{"@id":"https:\/\/unisale.com.br\/novo\/unisalesiano-e-colegio-salesiano-promovem-campanha-de-natal-para-familias-do-oratorio\/"},"author":{"name":"Luiz Alexandre Marinho Lanzoni","@id":"https:\/\/unisale.com.br\/pastoral\/#\/schema\/person\/492d3d7bfe53a8302576d39485aff2c4"},"headline":"UniSALESIANO e Col\u00e9gio Salesiano promovem campanha de Natal para fam\u00edlias do Orat\u00f3rio","datePublished":"2021-11-25T11:16:18+00:00","dateModified":"2021-11-25T11:35:16+00:00","mainEntityOfPage":{"@id":"https:\/\/unisale.com.br\/novo\/unisalesiano-e-colegio-salesiano-promovem-campanha-de-natal-para-familias-do-oratorio\/"},"wordCount":243,"image":{"@id":"https:\/\/unisale.com.br\/novo\/unisalesiano-e-colegio-salesiano-promovem-campanha-de-natal-para-familias-do-oratorio\/#primaryimage"},"thumbnailUrl":"https:\/\/unisale.com.br\/pastoral\/wp-content\/uploads\/2021\/11\/WhatsApp-Image-2021-11-19-at-11.23.06-1024x693-1.jpeg","articleSection":["Not\u00edcias"],"inLanguage":"pt-BR"},{"@type":"WebPage","@id":"https:\/\/unisale.com.br\/novo\/unisalesiano-e-colegio-salesiano-promovem-campanha-de-natal-para-familias-do-oratorio\/","url":"https:\/\/unisale.com.br\/novo\/unisalesiano-e-colegio-salesiano-promovem-campanha-de-natal-para-familias-do-oratorio\/","name":"UniSALESIANO e Col\u00e9gio Salesiano promovem campanha de Natal para fam\u00edlias do Orat\u00f3rio - Pastoral Universit\u00e1ria UniSALESIANO","isPartOf":{"@id":"https:\/\/unisale.com.br\/pastoral\/#website"},"primaryImageOfPage":{"@id":"https:\/\/unisale.com.br\/novo\/unisalesiano-e-colegio-salesiano-promovem-campanha-de-natal-para-familias-do-oratorio\/#primaryimage"},"image":{"@id":"https:\/\/unisale.com.br\/novo\/unisalesiano-e-colegio-salesiano-promovem-campanha-de-natal-para-familias-do-oratorio\/#primaryimage"},"thumbnailUrl":"https:\/\/unisale.com.br\/pastoral\/wp-content\/uploads\/2021\/11\/WhatsApp-Image-2021-11-19-at-11.23.06-1024x693-1.jpeg","datePublished":"2021-11-25T11:16:18+00:00","dateModified":"2021-11-25T11:35:16+00:00","author":{"@id":"https:\/\/unisale.com.br\/pastoral\/#\/schema\/person\/492d3d7bfe53a8302576d39485aff2c4"},"inLanguage":"pt-BR","potentialAction":[{"@type":"ReadAction","target":["https:\/\/unisale.com.br\/novo\/unisalesiano-e-colegio-salesiano-promovem-campanha-de-natal-para-familias-do-oratorio\/"]}]},{"@type":"ImageObject","inLanguage":"pt-BR","@id":"https:\/\/unisale.com.br\/novo\/unisalesiano-e-colegio-salesiano-promovem-campanha-de-natal-para-familias-do-oratorio\/#primaryimage","url":"https:\/\/unisale.com.br\/pastoral\/wp-content\/uploads\/2021\/11\/WhatsApp-Image-2021-11-19-at-11.23.06-1024x693-1.jpeg","contentUrl":"https:\/\/unisale.com.br\/pastoral\/wp-content\/uploads\/2021\/11\/WhatsApp-Image-2021-11-19-at-11.23.06-1024x693-1.jpeg","width":739,"height":500},{"@type":"WebSite","@id":"https:\/\/unisale.com.br\/pastoral\/#website","url":"https:\/\/unisale.com.br\/pastoral\/","name":"Pastoral Universit\u00e1ria UniSALESIANO","description":"Site da Pastoral Universit\u00e1ria do UniSALESIANO","potentialAction":[{"@type":"SearchAction","target":{"@type":"EntryPoint","urlTemplate":"https:\/\/unisale.com.br\/pastoral\/?s={search_term_string}"},"query-input":{"@type":"PropertyValueSpecification","valueRequired":true,"valueName":"search_term_string"}}],"inLanguage":"pt-BR"},{"@type":"Person","@id":"https:\/\/unisale.com.br\/pastoral\/#\/schema\/person\/492d3d7bfe53a8302576d39485aff2c4","name":"Luiz Alexandre Marinho Lanzoni","url":"https:\/\/unisale.com.br\/pastoral\/author\/luiz\/"}]}},"_links":{"self":[{"href":"https:\/\/unisale.com.br\/pastoral\/wp-json\/wp\/v2\/posts\/3274","targetHints":{"allow":["GET"]}}],"collection":[{"href":"https:\/\/unisale.com.br\/pastoral\/wp-json\/wp\/v2\/posts"}],"about":[{"href":"https:\/\/unisale.com.br\/pastoral\/wp-json\/wp\/v2\/types\/post"}],"author":[{"embeddable":true,"href":"https:\/\/unisale.com.br\/pastoral\/wp-json\/wp\/v2\/users\/6"}],"replies":[{"embeddable":true,"href":"https:\/\/unisale.com.br\/pastoral\/wp-json\/wp\/v2\/comments?post=3274"}],"version-history":[{"count":0,"href":"https:\/\/unisale.com.br\/pastoral\/wp-json\/wp\/v2\/posts\/3274\/revisions"}],"wp:featuredmedia":[{"embeddable":true,"href":"https:\/\/unisale.com.br\/pastoral\/wp-json\/wp\/v2\/media\/3276"}],"wp:attachment":[{"href":"https:\/\/unisale.com.br\/pastoral\/wp-json\/wp\/v2\/media?parent=3274"}],"wp:term":[{"taxonomy":"category","embeddable":true,"href":"https:\/\/unisale.com.br\/pastoral\/wp-json\/wp\/v2\/categories?post=3274"},{"taxonomy":"post_tag","embeddable":true,"href":"https:\/\/unisale.com.br\/pastoral\/wp-json\/wp\/v2\/tags?post=3274"}],"curies":[{"name":"wp","href":"https:\/\/api.w.org\/{rel}","templated":true}]}}