{"id":3277,"date":"2021-11-25T11:30:38","date_gmt":"2021-11-25T11:30:38","guid":{"rendered":"https:\/\/unisale.com.br\/pastoral\/?p=3277"},"modified":"2021-11-25T11:30:38","modified_gmt":"2021-11-25T11:30:38","slug":"alunos-do-colegio-salesiano-plantam-100-mudas-de-ipe-em-torno-do-unisalesiano","status":"publish","type":"post","link":"https:\/\/unisale.com.br\/pastoral\/alunos-do-colegio-salesiano-plantam-100-mudas-de-ipe-em-torno-do-unisalesiano\/","title":{"rendered":"Alunos do Col\u00e9gio Salesiano plantam 100 mudas de ip\u00ea em torno do UniSALESIANO"},"content":{"rendered":"<h3><span style=\"font-size: 18pt;\">O objetivo do evento foi promover a integra\u00e7\u00e3o, educa\u00e7\u00e3o e, principalmente, a conscientiza\u00e7\u00e3o ambi<\/span><span style=\"font-size: 18pt;\">ental.<\/span><\/h3>\n<p><span style=\"font-size: 14pt;\">Uma parceria entre o <strong>Col\u00e9gio Salesiano \u201cDom Luiz Lasagna\u201d<\/strong> e o <strong>UniSALESIANO<\/strong>, ambos de Ara\u00e7atuba, possibilitou o plantio de aproximadamente 100 mudas de ip\u00eas coloridos em torno do Centro Universit\u00e1rio.<\/span><\/p>\n<p><span style=\"font-size: 14pt;\">Na manh\u00e3 do dia 23 de outubro, os alunos da Educa\u00e7\u00e3o Infantil e Ensino Fundamental (1\u00ba e 2\u00ba anos), do Col\u00e9gio Salesiano, acompanhados de seus familiares e da <strong>Coordenadora Pedag\u00f3gica, Liliana Aparecida Cora<\/strong>, se reuniram para plantar as mudas. O <strong>Diretor Geral do Col\u00e9gio e do UniSALESIANO, Pe. Erondi Tamandar\u00e9, sdb<\/strong>, tamb\u00e9m esteve presente.<\/span><\/p>\n<p><span style=\"font-size: 14pt;\">Antes desse evento, chamado projeto <strong>\u201cDia da \u00c1rvore\u201d,<\/strong> cada crian\u00e7a confeccionou, em sala de aula, uma plaquinha com seus dados e, no dia do plantio, escolheu um nome para sua \u00e1rvore. \u201cFoi um momento especial e \u00fanico na vida de nossos pequenos. Uma experi\u00eancia que ficar\u00e1 guardada no cora\u00e7\u00e3o e em cada ip\u00ea plantado\u201d, explicou Liliana.<\/span><\/p>\n<p><span style=\"font-size: 14pt;\">O objetivo do evento foi promover a integra\u00e7\u00e3o, educa\u00e7\u00e3o e, principalmente, a conscientiza\u00e7\u00e3o ambiental, sobretudo, nos espa\u00e7os educativos sobre o \u201cDia da \u00c1rvore\u201d, e a rela\u00e7\u00e3o do ser humano com o meio ambiente. \u201cApresentar para nossas crian\u00e7as a import\u00e2ncia das \u00e1rvores e do meio ambiente para todos n\u00f3s e para as futuras gera\u00e7\u00f5es\u201d, ressaltou Liliana.<\/span><\/p>\n<p><span style=\"font-size: 14pt;\">A coordenadora citou uma frase de <strong>Papa Francisco<\/strong>, da Laudato\u2019Si, para descrever a inten\u00e7\u00e3o do plantio: \u201cA humanidade \u00e9 chamada a tomar consci\u00eancia da necessidade de realizar mudan\u00e7as de estilo de vida, de produ\u00e7\u00e3o e consumo, para combater o aquecimento global ou, pelo menos, as causas humanas que o provocam e o agravam.\u201d<\/span><\/p>\n\n\t\t<style type=\"text\/css\">\n\t\t\t#gallery-1 {\n\t\t\t\tmargin: auto;\n\t\t\t}\n\t\t\t#gallery-1 .gallery-item {\n\t\t\t\tfloat: left;\n\t\t\t\tmargin-top: 10px;\n\t\t\t\ttext-align: center;\n\t\t\t\twidth: 25%;\n\t\t\t}\n\t\t\t#gallery-1 img {\n\t\t\t\tborder: 2px solid #cfcfcf;\n\t\t\t}\n\t\t\t#gallery-1 .gallery-caption {\n\t\t\t\tmargin-left: 0;\n\t\t\t}\n\t\t\t\/* see gallery_shortcode() in wp-includes\/media.php *\/\n\t\t<\/style>\n\t\t<div id='gallery-1' class='gallery galleryid-3277 gallery-columns-4 gallery-size-large'><dl class='gallery-item'>\n\t\t\t<dt class='gallery-icon landscape'>\n\t\t\t\t<a href='https:\/\/unisale.com.br\/pastoral\/wp-content\/uploads\/2021\/11\/PLANTIO-DE-ARVORES-227-1024x683-1.jpg'><img fetchpriority=\"high\" decoding=\"async\" width=\"750\" height=\"500\" src=\"https:\/\/unisale.com.br\/pastoral\/wp-content\/uploads\/2021\/11\/PLANTIO-DE-ARVORES-227-1024x683-1.jpg\" class=\"attachment-large size-large\" alt=\"\" srcset=\"https:\/\/unisale.com.br\/pastoral\/wp-content\/uploads\/2021\/11\/PLANTIO-DE-ARVORES-227-1024x683-1.jpg 750w, https:\/\/unisale.com.br\/pastoral\/wp-content\/uploads\/2021\/11\/PLANTIO-DE-ARVORES-227-1024x683-1-300x200.jpg 300w, https:\/\/unisale.com.br\/pastoral\/wp-content\/uploads\/2021\/11\/PLANTIO-DE-ARVORES-227-1024x683-1-768x512.jpg 768w, https:\/\/unisale.com.br\/pastoral\/wp-content\/uploads\/2021\/11\/PLANTIO-DE-ARVORES-227-1024x683-1-930x620.jpg 930w\" sizes=\"(max-width: 750px) 100vw, 750px\" \/><\/a>\n\t\t\t<\/dt><\/dl><dl class='gallery-item'>\n\t\t\t<dt class='gallery-icon landscape'>\n\t\t\t\t<a href='https:\/\/unisale.com.br\/pastoral\/wp-content\/uploads\/2021\/11\/PLANTIO-DE-ARVORES-273-1024x683-1.jpg'><img decoding=\"async\" width=\"750\" height=\"500\" src=\"https:\/\/unisale.com.br\/pastoral\/wp-content\/uploads\/2021\/11\/PLANTIO-DE-ARVORES-273-1024x683-1.jpg\" class=\"attachment-large size-large\" alt=\"\" srcset=\"https:\/\/unisale.com.br\/pastoral\/wp-content\/uploads\/2021\/11\/PLANTIO-DE-ARVORES-273-1024x683-1.jpg 750w, https:\/\/unisale.com.br\/pastoral\/wp-content\/uploads\/2021\/11\/PLANTIO-DE-ARVORES-273-1024x683-1-300x200.jpg 300w, https:\/\/unisale.com.br\/pastoral\/wp-content\/uploads\/2021\/11\/PLANTIO-DE-ARVORES-273-1024x683-1-768x512.jpg 768w, https:\/\/unisale.com.br\/pastoral\/wp-content\/uploads\/2021\/11\/PLANTIO-DE-ARVORES-273-1024x683-1-930x620.jpg 930w\" sizes=\"(max-width: 750px) 100vw, 750px\" \/><\/a>\n\t\t\t<\/dt><\/dl><dl class='gallery-item'>\n\t\t\t<dt class='gallery-icon portrait'>\n\t\t\t\t<a href='https:\/\/unisale.com.br\/pastoral\/wp-content\/uploads\/2021\/11\/PLANTIO-DE-ARVORES-233-683x1024-1.jpg'><img decoding=\"async\" width=\"333\" height=\"500\" src=\"https:\/\/unisale.com.br\/pastoral\/wp-content\/uploads\/2021\/11\/PLANTIO-DE-ARVORES-233-683x1024-1.jpg\" class=\"attachment-large size-large\" alt=\"\" srcset=\"https:\/\/unisale.com.br\/pastoral\/wp-content\/uploads\/2021\/11\/PLANTIO-DE-ARVORES-233-683x1024-1.jpg 333w, https:\/\/unisale.com.br\/pastoral\/wp-content\/uploads\/2021\/11\/PLANTIO-DE-ARVORES-233-683x1024-1-200x300.jpg 200w\" sizes=\"(max-width: 333px) 100vw, 333px\" \/><\/a>\n\t\t\t<\/dt><\/dl><dl class='gallery-item'>\n\t\t\t<dt class='gallery-icon landscape'>\n\t\t\t\t<a href='https:\/\/unisale.com.br\/pastoral\/wp-content\/uploads\/2021\/11\/PLANTIO-DE-ARVORES-260-1024x683-1.jpg'><img loading=\"lazy\" decoding=\"async\" width=\"750\" height=\"500\" src=\"https:\/\/unisale.com.br\/pastoral\/wp-content\/uploads\/2021\/11\/PLANTIO-DE-ARVORES-260-1024x683-1.jpg\" class=\"attachment-large size-large\" alt=\"\" srcset=\"https:\/\/unisale.com.br\/pastoral\/wp-content\/uploads\/2021\/11\/PLANTIO-DE-ARVORES-260-1024x683-1.jpg 750w, https:\/\/unisale.com.br\/pastoral\/wp-content\/uploads\/2021\/11\/PLANTIO-DE-ARVORES-260-1024x683-1-300x200.jpg 300w, https:\/\/unisale.com.br\/pastoral\/wp-content\/uploads\/2021\/11\/PLANTIO-DE-ARVORES-260-1024x683-1-768x512.jpg 768w, https:\/\/unisale.com.br\/pastoral\/wp-content\/uploads\/2021\/11\/PLANTIO-DE-ARVORES-260-1024x683-1-930x620.jpg 930w\" sizes=\"(max-width: 750px) 100vw, 750px\" \/><\/a>\n\t\t\t<\/dt><\/dl><br style=\"clear: both\" \/>\n\t\t<\/div>\n\n","protected":false},"excerpt":{"rendered":"<p>O objetivo do evento foi promover a integra\u00e7\u00e3o, educa\u00e7\u00e3o e, principalmente, a conscientiza\u00e7\u00e3o ambiental. Uma parceria entre o Col\u00e9gio Salesiano \u201cDom Luiz Lasagna\u201d e o&#8230;<\/p>\n","protected":false},"author":6,"featured_media":3278,"comment_status":"closed","ping_status":"closed","sticky":false,"template":"","format":"standard","meta":{"_acf_changed":false,"footnotes":""},"categories":[3],"tags":[],"class_list":["post-3277","post","type-post","status-publish","format-standard","has-post-thumbnail","hentry","category-not"],"acf":[],"yoast_head":"<!-- This site is optimized with the Yoast SEO plugin v27.3 - https:\/\/yoast.com\/product\/yoast-seo-wordpress\/ -->\n<title>Alunos do Col\u00e9gio Salesiano plantam 100 mudas de ip\u00ea em torno do UniSALESIANO - Pastoral Universit\u00e1ria UniSALESIANO<\/title>\n<meta name=\"robots\" content=\"index, follow, max-snippet:-1, max-image-preview:large, max-video-preview:-1\" \/>\n<link rel=\"canonical\" href=\"https:\/\/unisale.com.br\/novo\/alunos-do-colegio-salesiano-plantam-100-mudas-de-ipe-em-torno-do-unisalesiano\/\" \/>\n<meta property=\"og:locale\" content=\"pt_BR\" \/>\n<meta property=\"og:type\" content=\"article\" \/>\n<meta property=\"og:title\" content=\"Alunos do Col\u00e9gio Salesiano plantam 100 mudas de ip\u00ea em torno do UniSALESIANO - Pastoral Universit\u00e1ria UniSALESIANO\" \/>\n<meta property=\"og:description\" content=\"O objetivo do evento foi promover a integra\u00e7\u00e3o, educa\u00e7\u00e3o e, principalmente, a conscientiza\u00e7\u00e3o ambiental. Uma parceria entre o Col\u00e9gio Salesiano \u201cDom Luiz Lasagna\u201d e o...\" \/>\n<meta property=\"og:url\" content=\"https:\/\/unisale.com.br\/novo\/alunos-do-colegio-salesiano-plantam-100-mudas-de-ipe-em-torno-do-unisalesiano\/\" \/>\n<meta property=\"og:site_name\" content=\"Pastoral Universit\u00e1ria UniSALESIANO\" \/>\n<meta property=\"article:published_time\" content=\"2021-11-25T11:30:38+00:00\" \/>\n<meta property=\"og:image\" content=\"https:\/\/unisale.com.br\/novo\/wp-content\/uploads\/2021\/11\/PLANTIO-DE-ARVORES-243-1024x683-1.jpg\" \/>\n\t<meta property=\"og:image:width\" content=\"1024\" \/>\n\t<meta property=\"og:image:height\" content=\"683\" \/>\n\t<meta property=\"og:image:type\" content=\"image\/jpeg\" \/>\n<meta name=\"author\" content=\"Luiz Alexandre Marinho Lanzoni\" \/>\n<meta name=\"twitter:card\" content=\"summary_large_image\" \/>\n<meta name=\"twitter:label1\" content=\"Escrito por\" \/>\n\t<meta name=\"twitter:data1\" content=\"Luiz Alexandre Marinho Lanzoni\" \/>\n\t<meta name=\"twitter:label2\" content=\"Est. tempo de leitura\" \/>\n\t<meta name=\"twitter:data2\" content=\"1 minuto\" \/>\n<script type=\"application\/ld+json\" class=\"yoast-schema-graph\">{\"@context\":\"https:\\\/\\\/schema.org\",\"@graph\":[{\"@type\":\"Article\",\"@id\":\"https:\\\/\\\/unisale.com.br\\\/novo\\\/alunos-do-colegio-salesiano-plantam-100-mudas-de-ipe-em-torno-do-unisalesiano\\\/#article\",\"isPartOf\":{\"@id\":\"https:\\\/\\\/unisale.com.br\\\/novo\\\/alunos-do-colegio-salesiano-plantam-100-mudas-de-ipe-em-torno-do-unisalesiano\\\/\"},\"author\":{\"name\":\"Luiz Alexandre Marinho Lanzoni\",\"@id\":\"https:\\\/\\\/unisale.com.br\\\/pastoral\\\/#\\\/schema\\\/person\\\/492d3d7bfe53a8302576d39485aff2c4\"},\"headline\":\"Alunos do Col\u00e9gio Salesiano plantam 100 mudas de ip\u00ea em torno do UniSALESIANO\",\"datePublished\":\"2021-11-25T11:30:38+00:00\",\"mainEntityOfPage\":{\"@id\":\"https:\\\/\\\/unisale.com.br\\\/novo\\\/alunos-do-colegio-salesiano-plantam-100-mudas-de-ipe-em-torno-do-unisalesiano\\\/\"},\"wordCount\":309,\"image\":{\"@id\":\"https:\\\/\\\/unisale.com.br\\\/novo\\\/alunos-do-colegio-salesiano-plantam-100-mudas-de-ipe-em-torno-do-unisalesiano\\\/#primaryimage\"},\"thumbnailUrl\":\"https:\\\/\\\/unisale.com.br\\\/pastoral\\\/wp-content\\\/uploads\\\/2021\\\/11\\\/PLANTIO-DE-ARVORES-243-1024x683-1.jpg\",\"articleSection\":[\"Not\u00edcias\"],\"inLanguage\":\"pt-BR\"},{\"@type\":\"WebPage\",\"@id\":\"https:\\\/\\\/unisale.com.br\\\/novo\\\/alunos-do-colegio-salesiano-plantam-100-mudas-de-ipe-em-torno-do-unisalesiano\\\/\",\"url\":\"https:\\\/\\\/unisale.com.br\\\/novo\\\/alunos-do-colegio-salesiano-plantam-100-mudas-de-ipe-em-torno-do-unisalesiano\\\/\",\"name\":\"Alunos do Col\u00e9gio Salesiano plantam 100 mudas de ip\u00ea em torno do UniSALESIANO - Pastoral Universit\u00e1ria UniSALESIANO\",\"isPartOf\":{\"@id\":\"https:\\\/\\\/unisale.com.br\\\/pastoral\\\/#website\"},\"primaryImageOfPage\":{\"@id\":\"https:\\\/\\\/unisale.com.br\\\/novo\\\/alunos-do-colegio-salesiano-plantam-100-mudas-de-ipe-em-torno-do-unisalesiano\\\/#primaryimage\"},\"image\":{\"@id\":\"https:\\\/\\\/unisale.com.br\\\/novo\\\/alunos-do-colegio-salesiano-plantam-100-mudas-de-ipe-em-torno-do-unisalesiano\\\/#primaryimage\"},\"thumbnailUrl\":\"https:\\\/\\\/unisale.com.br\\\/pastoral\\\/wp-content\\\/uploads\\\/2021\\\/11\\\/PLANTIO-DE-ARVORES-243-1024x683-1.jpg\",\"datePublished\":\"2021-11-25T11:30:38+00:00\",\"author\":{\"@id\":\"https:\\\/\\\/unisale.com.br\\\/pastoral\\\/#\\\/schema\\\/person\\\/492d3d7bfe53a8302576d39485aff2c4\"},\"inLanguage\":\"pt-BR\",\"potentialAction\":[{\"@type\":\"ReadAction\",\"target\":[\"https:\\\/\\\/unisale.com.br\\\/novo\\\/alunos-do-colegio-salesiano-plantam-100-mudas-de-ipe-em-torno-do-unisalesiano\\\/\"]}]},{\"@type\":\"ImageObject\",\"inLanguage\":\"pt-BR\",\"@id\":\"https:\\\/\\\/unisale.com.br\\\/novo\\\/alunos-do-colegio-salesiano-plantam-100-mudas-de-ipe-em-torno-do-unisalesiano\\\/#primaryimage\",\"url\":\"https:\\\/\\\/unisale.com.br\\\/pastoral\\\/wp-content\\\/uploads\\\/2021\\\/11\\\/PLANTIO-DE-ARVORES-243-1024x683-1.jpg\",\"contentUrl\":\"https:\\\/\\\/unisale.com.br\\\/pastoral\\\/wp-content\\\/uploads\\\/2021\\\/11\\\/PLANTIO-DE-ARVORES-243-1024x683-1.jpg\",\"width\":750,\"height\":500},{\"@type\":\"WebSite\",\"@id\":\"https:\\\/\\\/unisale.com.br\\\/pastoral\\\/#website\",\"url\":\"https:\\\/\\\/unisale.com.br\\\/pastoral\\\/\",\"name\":\"Pastoral Universit\u00e1ria UniSALESIANO\",\"description\":\"Site da Pastoral Universit\u00e1ria do UniSALESIANO\",\"potentialAction\":[{\"@type\":\"SearchAction\",\"target\":{\"@type\":\"EntryPoint\",\"urlTemplate\":\"https:\\\/\\\/unisale.com.br\\\/pastoral\\\/?s={search_term_string}\"},\"query-input\":{\"@type\":\"PropertyValueSpecification\",\"valueRequired\":true,\"valueName\":\"search_term_string\"}}],\"inLanguage\":\"pt-BR\"},{\"@type\":\"Person\",\"@id\":\"https:\\\/\\\/unisale.com.br\\\/pastoral\\\/#\\\/schema\\\/person\\\/492d3d7bfe53a8302576d39485aff2c4\",\"name\":\"Luiz Alexandre Marinho Lanzoni\",\"url\":\"https:\\\/\\\/unisale.com.br\\\/pastoral\\\/author\\\/luiz\\\/\"}]}<\/script>\n<!-- \/ Yoast SEO plugin. -->","yoast_head_json":{"title":"Alunos do Col\u00e9gio Salesiano plantam 100 mudas de ip\u00ea em torno do UniSALESIANO - Pastoral Universit\u00e1ria UniSALESIANO","robots":{"index":"index","follow":"follow","max-snippet":"max-snippet:-1","max-image-preview":"max-image-preview:large","max-video-preview":"max-video-preview:-1"},"canonical":"https:\/\/unisale.com.br\/novo\/alunos-do-colegio-salesiano-plantam-100-mudas-de-ipe-em-torno-do-unisalesiano\/","og_locale":"pt_BR","og_type":"article","og_title":"Alunos do Col\u00e9gio Salesiano plantam 100 mudas de ip\u00ea em torno do UniSALESIANO - Pastoral Universit\u00e1ria UniSALESIANO","og_description":"O objetivo do evento foi promover a integra\u00e7\u00e3o, educa\u00e7\u00e3o e, principalmente, a conscientiza\u00e7\u00e3o ambiental. Uma parceria entre o Col\u00e9gio Salesiano \u201cDom Luiz Lasagna\u201d e o...","og_url":"https:\/\/unisale.com.br\/novo\/alunos-do-colegio-salesiano-plantam-100-mudas-de-ipe-em-torno-do-unisalesiano\/","og_site_name":"Pastoral Universit\u00e1ria UniSALESIANO","article_published_time":"2021-11-25T11:30:38+00:00","og_image":[{"width":1024,"height":683,"url":"https:\/\/unisale.com.br\/novo\/wp-content\/uploads\/2021\/11\/PLANTIO-DE-ARVORES-243-1024x683-1.jpg","type":"image\/jpeg"}],"author":"Luiz Alexandre Marinho Lanzoni","twitter_card":"summary_large_image","twitter_misc":{"Escrito por":"Luiz Alexandre Marinho Lanzoni","Est. tempo de leitura":"1 minuto"},"schema":{"@context":"https:\/\/schema.org","@graph":[{"@type":"Article","@id":"https:\/\/unisale.com.br\/novo\/alunos-do-colegio-salesiano-plantam-100-mudas-de-ipe-em-torno-do-unisalesiano\/#article","isPartOf":{"@id":"https:\/\/unisale.com.br\/novo\/alunos-do-colegio-salesiano-plantam-100-mudas-de-ipe-em-torno-do-unisalesiano\/"},"author":{"name":"Luiz Alexandre Marinho Lanzoni","@id":"https:\/\/unisale.com.br\/pastoral\/#\/schema\/person\/492d3d7bfe53a8302576d39485aff2c4"},"headline":"Alunos do Col\u00e9gio Salesiano plantam 100 mudas de ip\u00ea em torno do UniSALESIANO","datePublished":"2021-11-25T11:30:38+00:00","mainEntityOfPage":{"@id":"https:\/\/unisale.com.br\/novo\/alunos-do-colegio-salesiano-plantam-100-mudas-de-ipe-em-torno-do-unisalesiano\/"},"wordCount":309,"image":{"@id":"https:\/\/unisale.com.br\/novo\/alunos-do-colegio-salesiano-plantam-100-mudas-de-ipe-em-torno-do-unisalesiano\/#primaryimage"},"thumbnailUrl":"https:\/\/unisale.com.br\/pastoral\/wp-content\/uploads\/2021\/11\/PLANTIO-DE-ARVORES-243-1024x683-1.jpg","articleSection":["Not\u00edcias"],"inLanguage":"pt-BR"},{"@type":"WebPage","@id":"https:\/\/unisale.com.br\/novo\/alunos-do-colegio-salesiano-plantam-100-mudas-de-ipe-em-torno-do-unisalesiano\/","url":"https:\/\/unisale.com.br\/novo\/alunos-do-colegio-salesiano-plantam-100-mudas-de-ipe-em-torno-do-unisalesiano\/","name":"Alunos do Col\u00e9gio Salesiano plantam 100 mudas de ip\u00ea em torno do UniSALESIANO - Pastoral Universit\u00e1ria UniSALESIANO","isPartOf":{"@id":"https:\/\/unisale.com.br\/pastoral\/#website"},"primaryImageOfPage":{"@id":"https:\/\/unisale.com.br\/novo\/alunos-do-colegio-salesiano-plantam-100-mudas-de-ipe-em-torno-do-unisalesiano\/#primaryimage"},"image":{"@id":"https:\/\/unisale.com.br\/novo\/alunos-do-colegio-salesiano-plantam-100-mudas-de-ipe-em-torno-do-unisalesiano\/#primaryimage"},"thumbnailUrl":"https:\/\/unisale.com.br\/pastoral\/wp-content\/uploads\/2021\/11\/PLANTIO-DE-ARVORES-243-1024x683-1.jpg","datePublished":"2021-11-25T11:30:38+00:00","author":{"@id":"https:\/\/unisale.com.br\/pastoral\/#\/schema\/person\/492d3d7bfe53a8302576d39485aff2c4"},"inLanguage":"pt-BR","potentialAction":[{"@type":"ReadAction","target":["https:\/\/unisale.com.br\/novo\/alunos-do-colegio-salesiano-plantam-100-mudas-de-ipe-em-torno-do-unisalesiano\/"]}]},{"@type":"ImageObject","inLanguage":"pt-BR","@id":"https:\/\/unisale.com.br\/novo\/alunos-do-colegio-salesiano-plantam-100-mudas-de-ipe-em-torno-do-unisalesiano\/#primaryimage","url":"https:\/\/unisale.com.br\/pastoral\/wp-content\/uploads\/2021\/11\/PLANTIO-DE-ARVORES-243-1024x683-1.jpg","contentUrl":"https:\/\/unisale.com.br\/pastoral\/wp-content\/uploads\/2021\/11\/PLANTIO-DE-ARVORES-243-1024x683-1.jpg","width":750,"height":500},{"@type":"WebSite","@id":"https:\/\/unisale.com.br\/pastoral\/#website","url":"https:\/\/unisale.com.br\/pastoral\/","name":"Pastoral Universit\u00e1ria UniSALESIANO","description":"Site da Pastoral Universit\u00e1ria do UniSALESIANO","potentialAction":[{"@type":"SearchAction","target":{"@type":"EntryPoint","urlTemplate":"https:\/\/unisale.com.br\/pastoral\/?s={search_term_string}"},"query-input":{"@type":"PropertyValueSpecification","valueRequired":true,"valueName":"search_term_string"}}],"inLanguage":"pt-BR"},{"@type":"Person","@id":"https:\/\/unisale.com.br\/pastoral\/#\/schema\/person\/492d3d7bfe53a8302576d39485aff2c4","name":"Luiz Alexandre Marinho Lanzoni","url":"https:\/\/unisale.com.br\/pastoral\/author\/luiz\/"}]}},"_links":{"self":[{"href":"https:\/\/unisale.com.br\/pastoral\/wp-json\/wp\/v2\/posts\/3277","targetHints":{"allow":["GET"]}}],"collection":[{"href":"https:\/\/unisale.com.br\/pastoral\/wp-json\/wp\/v2\/posts"}],"about":[{"href":"https:\/\/unisale.com.br\/pastoral\/wp-json\/wp\/v2\/types\/post"}],"author":[{"embeddable":true,"href":"https:\/\/unisale.com.br\/pastoral\/wp-json\/wp\/v2\/users\/6"}],"replies":[{"embeddable":true,"href":"https:\/\/unisale.com.br\/pastoral\/wp-json\/wp\/v2\/comments?post=3277"}],"version-history":[{"count":0,"href":"https:\/\/unisale.com.br\/pastoral\/wp-json\/wp\/v2\/posts\/3277\/revisions"}],"wp:featuredmedia":[{"embeddable":true,"href":"https:\/\/unisale.com.br\/pastoral\/wp-json\/wp\/v2\/media\/3278"}],"wp:attachment":[{"href":"https:\/\/unisale.com.br\/pastoral\/wp-json\/wp\/v2\/media?parent=3277"}],"wp:term":[{"taxonomy":"category","embeddable":true,"href":"https:\/\/unisale.com.br\/pastoral\/wp-json\/wp\/v2\/categories?post=3277"},{"taxonomy":"post_tag","embeddable":true,"href":"https:\/\/unisale.com.br\/pastoral\/wp-json\/wp\/v2\/tags?post=3277"}],"curies":[{"name":"wp","href":"https:\/\/api.w.org\/{rel}","templated":true}]}}