{"id":3301,"date":"2021-11-26T11:38:17","date_gmt":"2021-11-26T11:38:17","guid":{"rendered":"https:\/\/unisale.com.br\/pastoral\/?p=3301"},"modified":"2021-11-26T11:38:17","modified_gmt":"2021-11-26T11:38:17","slug":"27-11-portanto-ficai-atentos-e-orai-a-todo-momento","status":"publish","type":"post","link":"https:\/\/unisale.com.br\/pastoral\/27-11-portanto-ficai-atentos-e-orai-a-todo-momento\/","title":{"rendered":"27\/11 &#8211; Portanto, ficai atentos e orai a todo momento."},"content":{"rendered":"<p>S\u00e1bado, 27 de novembro de 2021.<\/p>\n<p><strong>Evangelho (Lc 21, 34-36)<\/strong><\/p>\n<p><strong>\u201cPortanto, ficai atentos e orai a todo momento\u201d<\/strong><\/p>\n<p>Naquele tempo, disse Jesus aos seus disc\u00edpulos: 34\u201cTomai cuidado para que vossos cora\u00e7\u00f5es n\u00e3o fiquem insens\u00edveis por causa da gula, da embriaguez e das preocupa\u00e7\u00f5es da vida, e esse dia n\u00e3o caia de repente sobre v\u00f3s; 35pois esse dia cair\u00e1 como uma armadilha sobre todos os habitantes de toda a terra.36Portanto, ficai atentos e orai a todo momento, a fim de terdes for\u00e7a para escapar a tudo o que deve acontecer e para ficardes de p\u00e9 diante do Filho do Homem\u201d.<\/p>\n<p><strong>Reflex\u00e3o<\/strong><\/p>\n<p>N\u00e3o \u00e9 estranho pensar como este Evangelho pode nos causar um certo pavor, pois quando falamos de fim pensamos logo na morte. Mas e se a palavra fim n\u00e3o estivesse ligada n\u00e3o simplesmente a morte ou ao fim do mundo, mas ao fim de um momento que estamos vivendo? Poder\u00edamos reformular o texto deste Evangelho dizendo: cuidado para n\u00e3o ficar com o cora\u00e7\u00e3o apertado ou viver superficialmente a vida, porque quando menos voc\u00ea esperar, voc\u00ea estar\u00e1 diante de um matrim\u00f4nio falido ou diante de filhos que te odeiam. O que pode dizer de terrificante um Evangelho assim? Est\u00e1 somente dizendo a verdade nua e crua. Certas vezes a vida nos reserva situa\u00e7\u00f5es que chegam de improviso, mas s\u00f3 como resultado de uma vida vivida estrangulada. Se isto \u00e9 verdadeiro para o matrimonio, ou para uma amizade, isto \u00e9 verdadeiro tamb\u00e9m na nossa rela\u00e7\u00e3o com Deus e na nossa rela\u00e7\u00e3o com o fim de toda a hist\u00f3ria. Se voc\u00ea vigiou no viver uma vida plena, agora n\u00e3o tenha medo do teu fim, porque voc\u00ea n\u00e3o se surpreender\u00e1, ou seja, voc\u00ea n\u00e3o ser\u00e1 pego desprevenido, simplesmente acontecer\u00e1, n\u00e3o como uma destrui\u00e7\u00e3o, mas como um cumprimento de uma miss\u00e3o, porque o Senhor te ensinou que o fim de qualquer acontecimento \u00e9 sempre mesclado com o in\u00edcio de algo novo. Para o crist\u00e3o o fim nunca \u00e9 o fim. Mas o fim se torna um argumento s\u00e9rio quando a mudan\u00e7a nos encontra despreparado. A vigil\u00e2ncia a qual nos chama o Evangelho n\u00e3o \u00e9 viver na defensiva, como se tivesse sempre que acontecer algo de ruim. Mas a vigil\u00e2ncia \u00e9: n\u00e3o perder nenhum fragmento da vida porque \u00e9 preciosa, \u00fanica e irrepet\u00edvel e a sua unicidade, irreptibilidade \u00e9 originada do fato de que poderia ser o \u00faltimo. Mas \u00e9 a mem\u00f3ria da vida eterna que d\u00e1 valor ao que termina. Vamos ao encontro do fim porque sabemos que existe uma vida, n\u00e3o um nada.<\/p>\n<p>&nbsp;<\/p>\n<p><strong>Pe. Paulo Eduardo J\u00e1como, sdb.<\/strong><\/p>\n","protected":false},"excerpt":{"rendered":"<p>S\u00e1bado, 27 de novembro de 2021. Evangelho (Lc 21, 34-36) \u201cPortanto, ficai atentos e orai a todo momento\u201d Naquele tempo, disse Jesus aos seus disc\u00edpulos:&#8230;<\/p>\n","protected":false},"author":6,"featured_media":3303,"comment_status":"closed","ping_status":"closed","sticky":false,"template":"","format":"standard","meta":{"_acf_changed":false,"footnotes":""},"categories":[13],"tags":[],"class_list":["post-3301","post","type-post","status-publish","format-standard","has-post-thumbnail","hentry","category-reflexaodoevagelho"],"acf":[],"yoast_head":"<!-- This site is optimized with the Yoast SEO plugin v27.3 - https:\/\/yoast.com\/product\/yoast-seo-wordpress\/ -->\n<title>27\/11 - Portanto, ficai atentos e orai a todo momento. - Pastoral Universit\u00e1ria UniSALESIANO<\/title>\n<meta name=\"robots\" content=\"index, follow, max-snippet:-1, max-image-preview:large, max-video-preview:-1\" \/>\n<link rel=\"canonical\" href=\"https:\/\/unisale.com.br\/novo\/27-11-portanto-ficai-atentos-e-orai-a-todo-momento\/\" \/>\n<meta property=\"og:locale\" content=\"pt_BR\" \/>\n<meta property=\"og:type\" content=\"article\" \/>\n<meta property=\"og:title\" content=\"27\/11 - Portanto, ficai atentos e orai a todo momento. - Pastoral Universit\u00e1ria UniSALESIANO\" \/>\n<meta property=\"og:description\" content=\"S\u00e1bado, 27 de novembro de 2021. Evangelho (Lc 21, 34-36) \u201cPortanto, ficai atentos e orai a todo momento\u201d Naquele tempo, disse Jesus aos seus disc\u00edpulos:...\" \/>\n<meta property=\"og:url\" content=\"https:\/\/unisale.com.br\/novo\/27-11-portanto-ficai-atentos-e-orai-a-todo-momento\/\" \/>\n<meta property=\"og:site_name\" content=\"Pastoral Universit\u00e1ria UniSALESIANO\" \/>\n<meta property=\"article:published_time\" content=\"2021-11-26T11:38:17+00:00\" \/>\n<meta property=\"og:image\" content=\"https:\/\/unisale.com.br\/novo\/wp-content\/uploads\/2021\/11\/Ev-27.jpg\" \/>\n\t<meta property=\"og:image:width\" content=\"600\" \/>\n\t<meta property=\"og:image:height\" content=\"479\" \/>\n\t<meta property=\"og:image:type\" content=\"image\/jpeg\" \/>\n<meta name=\"author\" content=\"Luiz Alexandre Marinho Lanzoni\" \/>\n<meta name=\"twitter:card\" content=\"summary_large_image\" \/>\n<meta name=\"twitter:label1\" content=\"Escrito por\" \/>\n\t<meta name=\"twitter:data1\" content=\"Luiz Alexandre Marinho Lanzoni\" \/>\n\t<meta name=\"twitter:label2\" content=\"Est. tempo de leitura\" \/>\n\t<meta name=\"twitter:data2\" content=\"2 minutos\" \/>\n<script type=\"application\/ld+json\" class=\"yoast-schema-graph\">{\"@context\":\"https:\\\/\\\/schema.org\",\"@graph\":[{\"@type\":\"Article\",\"@id\":\"https:\\\/\\\/unisale.com.br\\\/novo\\\/27-11-portanto-ficai-atentos-e-orai-a-todo-momento\\\/#article\",\"isPartOf\":{\"@id\":\"https:\\\/\\\/unisale.com.br\\\/novo\\\/27-11-portanto-ficai-atentos-e-orai-a-todo-momento\\\/\"},\"author\":{\"name\":\"Luiz Alexandre Marinho Lanzoni\",\"@id\":\"https:\\\/\\\/unisale.com.br\\\/pastoral\\\/#\\\/schema\\\/person\\\/492d3d7bfe53a8302576d39485aff2c4\"},\"headline\":\"27\\\/11 &#8211; Portanto, ficai atentos e orai a todo momento.\",\"datePublished\":\"2021-11-26T11:38:17+00:00\",\"mainEntityOfPage\":{\"@id\":\"https:\\\/\\\/unisale.com.br\\\/novo\\\/27-11-portanto-ficai-atentos-e-orai-a-todo-momento\\\/\"},\"wordCount\":462,\"image\":{\"@id\":\"https:\\\/\\\/unisale.com.br\\\/novo\\\/27-11-portanto-ficai-atentos-e-orai-a-todo-momento\\\/#primaryimage\"},\"thumbnailUrl\":\"https:\\\/\\\/unisale.com.br\\\/pastoral\\\/wp-content\\\/uploads\\\/2021\\\/11\\\/Ev-27.jpg\",\"articleSection\":[\"Reflex\u00e3o do Evangelho\"],\"inLanguage\":\"pt-BR\"},{\"@type\":\"WebPage\",\"@id\":\"https:\\\/\\\/unisale.com.br\\\/novo\\\/27-11-portanto-ficai-atentos-e-orai-a-todo-momento\\\/\",\"url\":\"https:\\\/\\\/unisale.com.br\\\/novo\\\/27-11-portanto-ficai-atentos-e-orai-a-todo-momento\\\/\",\"name\":\"27\\\/11 - Portanto, ficai atentos e orai a todo momento. - Pastoral Universit\u00e1ria UniSALESIANO\",\"isPartOf\":{\"@id\":\"https:\\\/\\\/unisale.com.br\\\/pastoral\\\/#website\"},\"primaryImageOfPage\":{\"@id\":\"https:\\\/\\\/unisale.com.br\\\/novo\\\/27-11-portanto-ficai-atentos-e-orai-a-todo-momento\\\/#primaryimage\"},\"image\":{\"@id\":\"https:\\\/\\\/unisale.com.br\\\/novo\\\/27-11-portanto-ficai-atentos-e-orai-a-todo-momento\\\/#primaryimage\"},\"thumbnailUrl\":\"https:\\\/\\\/unisale.com.br\\\/pastoral\\\/wp-content\\\/uploads\\\/2021\\\/11\\\/Ev-27.jpg\",\"datePublished\":\"2021-11-26T11:38:17+00:00\",\"author\":{\"@id\":\"https:\\\/\\\/unisale.com.br\\\/pastoral\\\/#\\\/schema\\\/person\\\/492d3d7bfe53a8302576d39485aff2c4\"},\"inLanguage\":\"pt-BR\",\"potentialAction\":[{\"@type\":\"ReadAction\",\"target\":[\"https:\\\/\\\/unisale.com.br\\\/novo\\\/27-11-portanto-ficai-atentos-e-orai-a-todo-momento\\\/\"]}]},{\"@type\":\"ImageObject\",\"inLanguage\":\"pt-BR\",\"@id\":\"https:\\\/\\\/unisale.com.br\\\/novo\\\/27-11-portanto-ficai-atentos-e-orai-a-todo-momento\\\/#primaryimage\",\"url\":\"https:\\\/\\\/unisale.com.br\\\/pastoral\\\/wp-content\\\/uploads\\\/2021\\\/11\\\/Ev-27.jpg\",\"contentUrl\":\"https:\\\/\\\/unisale.com.br\\\/pastoral\\\/wp-content\\\/uploads\\\/2021\\\/11\\\/Ev-27.jpg\",\"width\":600,\"height\":479},{\"@type\":\"WebSite\",\"@id\":\"https:\\\/\\\/unisale.com.br\\\/pastoral\\\/#website\",\"url\":\"https:\\\/\\\/unisale.com.br\\\/pastoral\\\/\",\"name\":\"Pastoral Universit\u00e1ria UniSALESIANO\",\"description\":\"Site da Pastoral Universit\u00e1ria do UniSALESIANO\",\"potentialAction\":[{\"@type\":\"SearchAction\",\"target\":{\"@type\":\"EntryPoint\",\"urlTemplate\":\"https:\\\/\\\/unisale.com.br\\\/pastoral\\\/?s={search_term_string}\"},\"query-input\":{\"@type\":\"PropertyValueSpecification\",\"valueRequired\":true,\"valueName\":\"search_term_string\"}}],\"inLanguage\":\"pt-BR\"},{\"@type\":\"Person\",\"@id\":\"https:\\\/\\\/unisale.com.br\\\/pastoral\\\/#\\\/schema\\\/person\\\/492d3d7bfe53a8302576d39485aff2c4\",\"name\":\"Luiz Alexandre Marinho Lanzoni\",\"url\":\"https:\\\/\\\/unisale.com.br\\\/pastoral\\\/author\\\/luiz\\\/\"}]}<\/script>\n<!-- \/ Yoast SEO plugin. -->","yoast_head_json":{"title":"27\/11 - Portanto, ficai atentos e orai a todo momento. - Pastoral Universit\u00e1ria UniSALESIANO","robots":{"index":"index","follow":"follow","max-snippet":"max-snippet:-1","max-image-preview":"max-image-preview:large","max-video-preview":"max-video-preview:-1"},"canonical":"https:\/\/unisale.com.br\/novo\/27-11-portanto-ficai-atentos-e-orai-a-todo-momento\/","og_locale":"pt_BR","og_type":"article","og_title":"27\/11 - Portanto, ficai atentos e orai a todo momento. - Pastoral Universit\u00e1ria UniSALESIANO","og_description":"S\u00e1bado, 27 de novembro de 2021. Evangelho (Lc 21, 34-36) \u201cPortanto, ficai atentos e orai a todo momento\u201d Naquele tempo, disse Jesus aos seus disc\u00edpulos:...","og_url":"https:\/\/unisale.com.br\/novo\/27-11-portanto-ficai-atentos-e-orai-a-todo-momento\/","og_site_name":"Pastoral Universit\u00e1ria UniSALESIANO","article_published_time":"2021-11-26T11:38:17+00:00","og_image":[{"width":600,"height":479,"url":"https:\/\/unisale.com.br\/novo\/wp-content\/uploads\/2021\/11\/Ev-27.jpg","type":"image\/jpeg"}],"author":"Luiz Alexandre Marinho Lanzoni","twitter_card":"summary_large_image","twitter_misc":{"Escrito por":"Luiz Alexandre Marinho Lanzoni","Est. tempo de leitura":"2 minutos"},"schema":{"@context":"https:\/\/schema.org","@graph":[{"@type":"Article","@id":"https:\/\/unisale.com.br\/novo\/27-11-portanto-ficai-atentos-e-orai-a-todo-momento\/#article","isPartOf":{"@id":"https:\/\/unisale.com.br\/novo\/27-11-portanto-ficai-atentos-e-orai-a-todo-momento\/"},"author":{"name":"Luiz Alexandre Marinho Lanzoni","@id":"https:\/\/unisale.com.br\/pastoral\/#\/schema\/person\/492d3d7bfe53a8302576d39485aff2c4"},"headline":"27\/11 &#8211; Portanto, ficai atentos e orai a todo momento.","datePublished":"2021-11-26T11:38:17+00:00","mainEntityOfPage":{"@id":"https:\/\/unisale.com.br\/novo\/27-11-portanto-ficai-atentos-e-orai-a-todo-momento\/"},"wordCount":462,"image":{"@id":"https:\/\/unisale.com.br\/novo\/27-11-portanto-ficai-atentos-e-orai-a-todo-momento\/#primaryimage"},"thumbnailUrl":"https:\/\/unisale.com.br\/pastoral\/wp-content\/uploads\/2021\/11\/Ev-27.jpg","articleSection":["Reflex\u00e3o do Evangelho"],"inLanguage":"pt-BR"},{"@type":"WebPage","@id":"https:\/\/unisale.com.br\/novo\/27-11-portanto-ficai-atentos-e-orai-a-todo-momento\/","url":"https:\/\/unisale.com.br\/novo\/27-11-portanto-ficai-atentos-e-orai-a-todo-momento\/","name":"27\/11 - Portanto, ficai atentos e orai a todo momento. - Pastoral Universit\u00e1ria UniSALESIANO","isPartOf":{"@id":"https:\/\/unisale.com.br\/pastoral\/#website"},"primaryImageOfPage":{"@id":"https:\/\/unisale.com.br\/novo\/27-11-portanto-ficai-atentos-e-orai-a-todo-momento\/#primaryimage"},"image":{"@id":"https:\/\/unisale.com.br\/novo\/27-11-portanto-ficai-atentos-e-orai-a-todo-momento\/#primaryimage"},"thumbnailUrl":"https:\/\/unisale.com.br\/pastoral\/wp-content\/uploads\/2021\/11\/Ev-27.jpg","datePublished":"2021-11-26T11:38:17+00:00","author":{"@id":"https:\/\/unisale.com.br\/pastoral\/#\/schema\/person\/492d3d7bfe53a8302576d39485aff2c4"},"inLanguage":"pt-BR","potentialAction":[{"@type":"ReadAction","target":["https:\/\/unisale.com.br\/novo\/27-11-portanto-ficai-atentos-e-orai-a-todo-momento\/"]}]},{"@type":"ImageObject","inLanguage":"pt-BR","@id":"https:\/\/unisale.com.br\/novo\/27-11-portanto-ficai-atentos-e-orai-a-todo-momento\/#primaryimage","url":"https:\/\/unisale.com.br\/pastoral\/wp-content\/uploads\/2021\/11\/Ev-27.jpg","contentUrl":"https:\/\/unisale.com.br\/pastoral\/wp-content\/uploads\/2021\/11\/Ev-27.jpg","width":600,"height":479},{"@type":"WebSite","@id":"https:\/\/unisale.com.br\/pastoral\/#website","url":"https:\/\/unisale.com.br\/pastoral\/","name":"Pastoral Universit\u00e1ria UniSALESIANO","description":"Site da Pastoral Universit\u00e1ria do UniSALESIANO","potentialAction":[{"@type":"SearchAction","target":{"@type":"EntryPoint","urlTemplate":"https:\/\/unisale.com.br\/pastoral\/?s={search_term_string}"},"query-input":{"@type":"PropertyValueSpecification","valueRequired":true,"valueName":"search_term_string"}}],"inLanguage":"pt-BR"},{"@type":"Person","@id":"https:\/\/unisale.com.br\/pastoral\/#\/schema\/person\/492d3d7bfe53a8302576d39485aff2c4","name":"Luiz Alexandre Marinho Lanzoni","url":"https:\/\/unisale.com.br\/pastoral\/author\/luiz\/"}]}},"_links":{"self":[{"href":"https:\/\/unisale.com.br\/pastoral\/wp-json\/wp\/v2\/posts\/3301","targetHints":{"allow":["GET"]}}],"collection":[{"href":"https:\/\/unisale.com.br\/pastoral\/wp-json\/wp\/v2\/posts"}],"about":[{"href":"https:\/\/unisale.com.br\/pastoral\/wp-json\/wp\/v2\/types\/post"}],"author":[{"embeddable":true,"href":"https:\/\/unisale.com.br\/pastoral\/wp-json\/wp\/v2\/users\/6"}],"replies":[{"embeddable":true,"href":"https:\/\/unisale.com.br\/pastoral\/wp-json\/wp\/v2\/comments?post=3301"}],"version-history":[{"count":0,"href":"https:\/\/unisale.com.br\/pastoral\/wp-json\/wp\/v2\/posts\/3301\/revisions"}],"wp:featuredmedia":[{"embeddable":true,"href":"https:\/\/unisale.com.br\/pastoral\/wp-json\/wp\/v2\/media\/3303"}],"wp:attachment":[{"href":"https:\/\/unisale.com.br\/pastoral\/wp-json\/wp\/v2\/media?parent=3301"}],"wp:term":[{"taxonomy":"category","embeddable":true,"href":"https:\/\/unisale.com.br\/pastoral\/wp-json\/wp\/v2\/categories?post=3301"},{"taxonomy":"post_tag","embeddable":true,"href":"https:\/\/unisale.com.br\/pastoral\/wp-json\/wp\/v2\/tags?post=3301"}],"curies":[{"name":"wp","href":"https:\/\/api.w.org\/{rel}","templated":true}]}}