{"id":3305,"date":"2021-11-26T11:49:04","date_gmt":"2021-11-26T11:49:04","guid":{"rendered":"https:\/\/unisale.com.br\/pastoral\/?p=3305"},"modified":"2021-11-26T11:49:04","modified_gmt":"2021-11-26T11:49:04","slug":"28-11-entao-eles-verao-o-filho-do-homem-vindo","status":"publish","type":"post","link":"https:\/\/unisale.com.br\/pastoral\/28-11-entao-eles-verao-o-filho-do-homem-vindo\/","title":{"rendered":"28\/11 &#8211; Ent\u00e3o eles ver\u00e3o o filho do Homem vindo.."},"content":{"rendered":"<p>Domingo, 28 de novembro d 2021 \u2013 1\u00ba domingo do Advento.<\/p>\n<p>&nbsp;<\/p>\n<p>Evangelho (Lc 21 25-28.34-36)<\/p>\n<p><strong>\u00a0<\/strong><\/p>\n<p><strong>\u201cEnt\u00e3o eles ver\u00e3o o filho do Homem vindo&#8230;\u201d<\/strong><\/p>\n<p>&nbsp;<\/p>\n<p>Naquele tempo, disse Jesus a seus disc\u00edpulos:<strong><sup>25<\/sup><\/strong>\u201cHaver\u00e1 sinais no sol, na lua e nas estrelas. Na terra, as na\u00e7\u00f5es ficar\u00e3o angustiadas, com pavor do barulho do mar e das ondas.\u00a0<strong><sup>26<\/sup><\/strong>Os homens v\u00e3o desmaiar de medo, s\u00f3 em pensar no que vai acontecer ao mundo, porque as for\u00e7as do c\u00e9u ser\u00e3o abaladas.<strong><sup>27<\/sup><\/strong>Ent\u00e3o eles ver\u00e3o o Filho do Homem, vindo numa nuvem com grande poder e gl\u00f3ria.\u00a0<strong><sup>28<\/sup><\/strong>Quando estas coisas come\u00e7arem a acontecer, levantai-vos e erguei a cabe\u00e7a, porque a vossa liberta\u00e7\u00e3o est\u00e1 pr\u00f3xima.<strong><sup>34<\/sup><\/strong>Tomai cuidado para que vossos cora\u00e7\u00f5es n\u00e3o fiquem insens\u00edveis por causa da gula, da embriaguez e das preocupa\u00e7\u00f5es da vida, e esse dia n\u00e3o caia de repente sobre v\u00f3s;\u00a0<strong><sup>35<\/sup><\/strong>pois esse dia cair\u00e1 como uma armadilha sobre todos os habitantes de toda a terra <strong><sup>36<\/sup><\/strong>Portanto, ficai atentos e orai a todo momento, a fim de terdes for\u00e7a para escapar de tudo o que deve acontecer e para ficardes em p\u00e9 diante do Filho do Homem\u201d.<\/p>\n<p><strong>Reflex\u00e3o<\/strong><\/p>\n<p>A f\u00e9 n\u00e3o gera produtos acabados, confeccionados em um s\u00f3 golpe, mas produz uma evolu\u00e7\u00e3o constante. N\u00e3o se nasce com f\u00e9, mas n\u00f3s alcan\u00e7amos a f\u00e9 gra\u00e7as ao encontro transformador com o amor de Cristo Ressuscitado que \u00e9 continuamente lembrado, narrado e experimentado novamente. Hoje damos in\u00edcio ao tempo do Advento, um tempo que faz ressoar o anuncio: \u201cDeus vem\u201d. Deus \u00e9 um presente cont\u00ednuo e n\u00e3o um passado. Deus \u00e9 uma a\u00e7\u00e3o sempre em ato: aconteceu, acontece e acontecer\u00e1. Em qualquer momento \u201cEle vem\u201d. O advento nos exorta a tomarmos consci\u00eancia dessa verdade. Ressoa como um apelo que nos diz: \u201cAcorda!\u201d Ele n\u00e3o \u00e9 um Deus que est\u00e1 no c\u00e9u desinteressado por nossa hist\u00f3ria, n\u00e3o, Ele \u00e9 o Deus que vem. \u00c9 um Pai que nunca cessa de pensar em n\u00f3s. \u00c9 um Deus que deseja encontrar-nos, visitar-nos. Ele quer habitar em meio a n\u00f3s, permanecer conosco. Ele vem para nos libertar do mal e da morte, de tudo que impede a nossa verdadeira felicidade. Deus vem para nos salvar. Deus entra na nossa vida e quer dirigir-se a n\u00f3s. Na nossa vida n\u00f3s experimentamos ter pouco tempo para o\u00a0 \u00a0Senhor e pouco tempo para n\u00f3s. Somos absorvidos pelo \u201cfazer\u201d. O advento \u00e9 o tempo em que somos convidados a refletir sobre a presen\u00e7a de Deus. \u00c9 um convite para compreender que cada um dos acontecimentos do dia \u00e9 um sinal que Deus nos d\u00e1, um vest\u00edgio da aten\u00e7\u00e3o que Ele tem por cada um de n\u00f3s. Quantas vezes Deus nos faz sentir algo do seu amor! Seria interessante que escrev\u00eassemos um di\u00e1rio deste amor. O advento nos convida e nos estimula a contemplar o senhor que est\u00e1 presente. Por ventura essa certeza da sua presen\u00e7a n\u00e3o seria para n\u00f3s uma ajuda para vermos o mundo com outros olhos?<\/p>\n<p>&nbsp;<\/p>\n<p><strong>Pe. Paulo Eduardo J\u00e1como, sdb.<\/strong><\/p>\n","protected":false},"excerpt":{"rendered":"<p>Domingo, 28 de novembro d 2021 \u2013 1\u00ba domingo do Advento. &nbsp; Evangelho (Lc 21 25-28.34-36) \u00a0 \u201cEnt\u00e3o eles ver\u00e3o o filho do Homem vindo&#8230;\u201d&#8230;<\/p>\n","protected":false},"author":6,"featured_media":3306,"comment_status":"closed","ping_status":"closed","sticky":false,"template":"","format":"standard","meta":{"_acf_changed":false,"footnotes":""},"categories":[13],"tags":[],"class_list":["post-3305","post","type-post","status-publish","format-standard","has-post-thumbnail","hentry","category-reflexaodoevagelho"],"acf":[],"yoast_head":"<!-- This site is optimized with the Yoast SEO plugin v27.3 - https:\/\/yoast.com\/product\/yoast-seo-wordpress\/ -->\n<title>28\/11 - Ent\u00e3o eles ver\u00e3o o filho do Homem vindo.. - Pastoral Universit\u00e1ria UniSALESIANO<\/title>\n<meta name=\"robots\" content=\"index, follow, max-snippet:-1, max-image-preview:large, max-video-preview:-1\" \/>\n<link rel=\"canonical\" href=\"https:\/\/unisale.com.br\/novo\/28-11-entao-eles-verao-o-filho-do-homem-vindo\/\" \/>\n<meta property=\"og:locale\" content=\"pt_BR\" \/>\n<meta property=\"og:type\" content=\"article\" \/>\n<meta property=\"og:title\" content=\"28\/11 - Ent\u00e3o eles ver\u00e3o o filho do Homem vindo.. - Pastoral Universit\u00e1ria UniSALESIANO\" \/>\n<meta property=\"og:description\" content=\"Domingo, 28 de novembro d 2021 \u2013 1\u00ba domingo do Advento. &nbsp; Evangelho (Lc 21 25-28.34-36) \u00a0 \u201cEnt\u00e3o eles ver\u00e3o o filho do Homem vindo&#8230;\u201d...\" \/>\n<meta property=\"og:url\" content=\"https:\/\/unisale.com.br\/novo\/28-11-entao-eles-verao-o-filho-do-homem-vindo\/\" \/>\n<meta property=\"og:site_name\" content=\"Pastoral Universit\u00e1ria UniSALESIANO\" \/>\n<meta property=\"article:published_time\" content=\"2021-11-26T11:49:04+00:00\" \/>\n<meta property=\"og:image\" content=\"https:\/\/unisale.com.br\/novo\/wp-content\/uploads\/2021\/11\/PRIMEIRO-DOMINGO-DO-ADVENTO-01.png\" \/>\n\t<meta property=\"og:image:width\" content=\"1080\" \/>\n\t<meta property=\"og:image:height\" content=\"1080\" \/>\n\t<meta property=\"og:image:type\" content=\"image\/png\" \/>\n<meta name=\"author\" content=\"Luiz Alexandre Marinho Lanzoni\" \/>\n<meta name=\"twitter:card\" content=\"summary_large_image\" \/>\n<meta name=\"twitter:label1\" content=\"Escrito por\" \/>\n\t<meta name=\"twitter:data1\" content=\"Luiz Alexandre Marinho Lanzoni\" \/>\n\t<meta name=\"twitter:label2\" content=\"Est. tempo de leitura\" \/>\n\t<meta name=\"twitter:data2\" content=\"3 minutos\" \/>\n<script type=\"application\/ld+json\" class=\"yoast-schema-graph\">{\"@context\":\"https:\\\/\\\/schema.org\",\"@graph\":[{\"@type\":\"Article\",\"@id\":\"https:\\\/\\\/unisale.com.br\\\/novo\\\/28-11-entao-eles-verao-o-filho-do-homem-vindo\\\/#article\",\"isPartOf\":{\"@id\":\"https:\\\/\\\/unisale.com.br\\\/novo\\\/28-11-entao-eles-verao-o-filho-do-homem-vindo\\\/\"},\"author\":{\"name\":\"Luiz Alexandre Marinho Lanzoni\",\"@id\":\"https:\\\/\\\/unisale.com.br\\\/pastoral\\\/#\\\/schema\\\/person\\\/492d3d7bfe53a8302576d39485aff2c4\"},\"headline\":\"28\\\/11 &#8211; Ent\u00e3o eles ver\u00e3o o filho do Homem vindo..\",\"datePublished\":\"2021-11-26T11:49:04+00:00\",\"mainEntityOfPage\":{\"@id\":\"https:\\\/\\\/unisale.com.br\\\/novo\\\/28-11-entao-eles-verao-o-filho-do-homem-vindo\\\/\"},\"wordCount\":543,\"image\":{\"@id\":\"https:\\\/\\\/unisale.com.br\\\/novo\\\/28-11-entao-eles-verao-o-filho-do-homem-vindo\\\/#primaryimage\"},\"thumbnailUrl\":\"https:\\\/\\\/unisale.com.br\\\/pastoral\\\/wp-content\\\/uploads\\\/2021\\\/11\\\/PRIMEIRO-DOMINGO-DO-ADVENTO-01.png\",\"articleSection\":[\"Reflex\u00e3o do Evangelho\"],\"inLanguage\":\"pt-BR\"},{\"@type\":\"WebPage\",\"@id\":\"https:\\\/\\\/unisale.com.br\\\/novo\\\/28-11-entao-eles-verao-o-filho-do-homem-vindo\\\/\",\"url\":\"https:\\\/\\\/unisale.com.br\\\/novo\\\/28-11-entao-eles-verao-o-filho-do-homem-vindo\\\/\",\"name\":\"28\\\/11 - Ent\u00e3o eles ver\u00e3o o filho do Homem vindo.. - Pastoral Universit\u00e1ria UniSALESIANO\",\"isPartOf\":{\"@id\":\"https:\\\/\\\/unisale.com.br\\\/pastoral\\\/#website\"},\"primaryImageOfPage\":{\"@id\":\"https:\\\/\\\/unisale.com.br\\\/novo\\\/28-11-entao-eles-verao-o-filho-do-homem-vindo\\\/#primaryimage\"},\"image\":{\"@id\":\"https:\\\/\\\/unisale.com.br\\\/novo\\\/28-11-entao-eles-verao-o-filho-do-homem-vindo\\\/#primaryimage\"},\"thumbnailUrl\":\"https:\\\/\\\/unisale.com.br\\\/pastoral\\\/wp-content\\\/uploads\\\/2021\\\/11\\\/PRIMEIRO-DOMINGO-DO-ADVENTO-01.png\",\"datePublished\":\"2021-11-26T11:49:04+00:00\",\"author\":{\"@id\":\"https:\\\/\\\/unisale.com.br\\\/pastoral\\\/#\\\/schema\\\/person\\\/492d3d7bfe53a8302576d39485aff2c4\"},\"inLanguage\":\"pt-BR\",\"potentialAction\":[{\"@type\":\"ReadAction\",\"target\":[\"https:\\\/\\\/unisale.com.br\\\/novo\\\/28-11-entao-eles-verao-o-filho-do-homem-vindo\\\/\"]}]},{\"@type\":\"ImageObject\",\"inLanguage\":\"pt-BR\",\"@id\":\"https:\\\/\\\/unisale.com.br\\\/novo\\\/28-11-entao-eles-verao-o-filho-do-homem-vindo\\\/#primaryimage\",\"url\":\"https:\\\/\\\/unisale.com.br\\\/pastoral\\\/wp-content\\\/uploads\\\/2021\\\/11\\\/PRIMEIRO-DOMINGO-DO-ADVENTO-01.png\",\"contentUrl\":\"https:\\\/\\\/unisale.com.br\\\/pastoral\\\/wp-content\\\/uploads\\\/2021\\\/11\\\/PRIMEIRO-DOMINGO-DO-ADVENTO-01.png\",\"width\":500,\"height\":500},{\"@type\":\"WebSite\",\"@id\":\"https:\\\/\\\/unisale.com.br\\\/pastoral\\\/#website\",\"url\":\"https:\\\/\\\/unisale.com.br\\\/pastoral\\\/\",\"name\":\"Pastoral Universit\u00e1ria UniSALESIANO\",\"description\":\"Site da Pastoral Universit\u00e1ria do UniSALESIANO\",\"potentialAction\":[{\"@type\":\"SearchAction\",\"target\":{\"@type\":\"EntryPoint\",\"urlTemplate\":\"https:\\\/\\\/unisale.com.br\\\/pastoral\\\/?s={search_term_string}\"},\"query-input\":{\"@type\":\"PropertyValueSpecification\",\"valueRequired\":true,\"valueName\":\"search_term_string\"}}],\"inLanguage\":\"pt-BR\"},{\"@type\":\"Person\",\"@id\":\"https:\\\/\\\/unisale.com.br\\\/pastoral\\\/#\\\/schema\\\/person\\\/492d3d7bfe53a8302576d39485aff2c4\",\"name\":\"Luiz Alexandre Marinho Lanzoni\",\"url\":\"https:\\\/\\\/unisale.com.br\\\/pastoral\\\/author\\\/luiz\\\/\"}]}<\/script>\n<!-- \/ Yoast SEO plugin. -->","yoast_head_json":{"title":"28\/11 - Ent\u00e3o eles ver\u00e3o o filho do Homem vindo.. - Pastoral Universit\u00e1ria UniSALESIANO","robots":{"index":"index","follow":"follow","max-snippet":"max-snippet:-1","max-image-preview":"max-image-preview:large","max-video-preview":"max-video-preview:-1"},"canonical":"https:\/\/unisale.com.br\/novo\/28-11-entao-eles-verao-o-filho-do-homem-vindo\/","og_locale":"pt_BR","og_type":"article","og_title":"28\/11 - Ent\u00e3o eles ver\u00e3o o filho do Homem vindo.. - Pastoral Universit\u00e1ria UniSALESIANO","og_description":"Domingo, 28 de novembro d 2021 \u2013 1\u00ba domingo do Advento. &nbsp; Evangelho (Lc 21 25-28.34-36) \u00a0 \u201cEnt\u00e3o eles ver\u00e3o o filho do Homem vindo&#8230;\u201d...","og_url":"https:\/\/unisale.com.br\/novo\/28-11-entao-eles-verao-o-filho-do-homem-vindo\/","og_site_name":"Pastoral Universit\u00e1ria UniSALESIANO","article_published_time":"2021-11-26T11:49:04+00:00","og_image":[{"width":1080,"height":1080,"url":"https:\/\/unisale.com.br\/novo\/wp-content\/uploads\/2021\/11\/PRIMEIRO-DOMINGO-DO-ADVENTO-01.png","type":"image\/png"}],"author":"Luiz Alexandre Marinho Lanzoni","twitter_card":"summary_large_image","twitter_misc":{"Escrito por":"Luiz Alexandre Marinho Lanzoni","Est. tempo de leitura":"3 minutos"},"schema":{"@context":"https:\/\/schema.org","@graph":[{"@type":"Article","@id":"https:\/\/unisale.com.br\/novo\/28-11-entao-eles-verao-o-filho-do-homem-vindo\/#article","isPartOf":{"@id":"https:\/\/unisale.com.br\/novo\/28-11-entao-eles-verao-o-filho-do-homem-vindo\/"},"author":{"name":"Luiz Alexandre Marinho Lanzoni","@id":"https:\/\/unisale.com.br\/pastoral\/#\/schema\/person\/492d3d7bfe53a8302576d39485aff2c4"},"headline":"28\/11 &#8211; Ent\u00e3o eles ver\u00e3o o filho do Homem vindo..","datePublished":"2021-11-26T11:49:04+00:00","mainEntityOfPage":{"@id":"https:\/\/unisale.com.br\/novo\/28-11-entao-eles-verao-o-filho-do-homem-vindo\/"},"wordCount":543,"image":{"@id":"https:\/\/unisale.com.br\/novo\/28-11-entao-eles-verao-o-filho-do-homem-vindo\/#primaryimage"},"thumbnailUrl":"https:\/\/unisale.com.br\/pastoral\/wp-content\/uploads\/2021\/11\/PRIMEIRO-DOMINGO-DO-ADVENTO-01.png","articleSection":["Reflex\u00e3o do Evangelho"],"inLanguage":"pt-BR"},{"@type":"WebPage","@id":"https:\/\/unisale.com.br\/novo\/28-11-entao-eles-verao-o-filho-do-homem-vindo\/","url":"https:\/\/unisale.com.br\/novo\/28-11-entao-eles-verao-o-filho-do-homem-vindo\/","name":"28\/11 - Ent\u00e3o eles ver\u00e3o o filho do Homem vindo.. - Pastoral Universit\u00e1ria UniSALESIANO","isPartOf":{"@id":"https:\/\/unisale.com.br\/pastoral\/#website"},"primaryImageOfPage":{"@id":"https:\/\/unisale.com.br\/novo\/28-11-entao-eles-verao-o-filho-do-homem-vindo\/#primaryimage"},"image":{"@id":"https:\/\/unisale.com.br\/novo\/28-11-entao-eles-verao-o-filho-do-homem-vindo\/#primaryimage"},"thumbnailUrl":"https:\/\/unisale.com.br\/pastoral\/wp-content\/uploads\/2021\/11\/PRIMEIRO-DOMINGO-DO-ADVENTO-01.png","datePublished":"2021-11-26T11:49:04+00:00","author":{"@id":"https:\/\/unisale.com.br\/pastoral\/#\/schema\/person\/492d3d7bfe53a8302576d39485aff2c4"},"inLanguage":"pt-BR","potentialAction":[{"@type":"ReadAction","target":["https:\/\/unisale.com.br\/novo\/28-11-entao-eles-verao-o-filho-do-homem-vindo\/"]}]},{"@type":"ImageObject","inLanguage":"pt-BR","@id":"https:\/\/unisale.com.br\/novo\/28-11-entao-eles-verao-o-filho-do-homem-vindo\/#primaryimage","url":"https:\/\/unisale.com.br\/pastoral\/wp-content\/uploads\/2021\/11\/PRIMEIRO-DOMINGO-DO-ADVENTO-01.png","contentUrl":"https:\/\/unisale.com.br\/pastoral\/wp-content\/uploads\/2021\/11\/PRIMEIRO-DOMINGO-DO-ADVENTO-01.png","width":500,"height":500},{"@type":"WebSite","@id":"https:\/\/unisale.com.br\/pastoral\/#website","url":"https:\/\/unisale.com.br\/pastoral\/","name":"Pastoral Universit\u00e1ria UniSALESIANO","description":"Site da Pastoral Universit\u00e1ria do UniSALESIANO","potentialAction":[{"@type":"SearchAction","target":{"@type":"EntryPoint","urlTemplate":"https:\/\/unisale.com.br\/pastoral\/?s={search_term_string}"},"query-input":{"@type":"PropertyValueSpecification","valueRequired":true,"valueName":"search_term_string"}}],"inLanguage":"pt-BR"},{"@type":"Person","@id":"https:\/\/unisale.com.br\/pastoral\/#\/schema\/person\/492d3d7bfe53a8302576d39485aff2c4","name":"Luiz Alexandre Marinho Lanzoni","url":"https:\/\/unisale.com.br\/pastoral\/author\/luiz\/"}]}},"_links":{"self":[{"href":"https:\/\/unisale.com.br\/pastoral\/wp-json\/wp\/v2\/posts\/3305","targetHints":{"allow":["GET"]}}],"collection":[{"href":"https:\/\/unisale.com.br\/pastoral\/wp-json\/wp\/v2\/posts"}],"about":[{"href":"https:\/\/unisale.com.br\/pastoral\/wp-json\/wp\/v2\/types\/post"}],"author":[{"embeddable":true,"href":"https:\/\/unisale.com.br\/pastoral\/wp-json\/wp\/v2\/users\/6"}],"replies":[{"embeddable":true,"href":"https:\/\/unisale.com.br\/pastoral\/wp-json\/wp\/v2\/comments?post=3305"}],"version-history":[{"count":0,"href":"https:\/\/unisale.com.br\/pastoral\/wp-json\/wp\/v2\/posts\/3305\/revisions"}],"wp:featuredmedia":[{"embeddable":true,"href":"https:\/\/unisale.com.br\/pastoral\/wp-json\/wp\/v2\/media\/3306"}],"wp:attachment":[{"href":"https:\/\/unisale.com.br\/pastoral\/wp-json\/wp\/v2\/media?parent=3305"}],"wp:term":[{"taxonomy":"category","embeddable":true,"href":"https:\/\/unisale.com.br\/pastoral\/wp-json\/wp\/v2\/categories?post=3305"},{"taxonomy":"post_tag","embeddable":true,"href":"https:\/\/unisale.com.br\/pastoral\/wp-json\/wp\/v2\/tags?post=3305"}],"curies":[{"name":"wp","href":"https:\/\/api.w.org\/{rel}","templated":true}]}}