{"id":3351,"date":"2021-12-01T11:18:56","date_gmt":"2021-12-01T11:18:56","guid":{"rendered":"https:\/\/unisale.com.br\/pastoral\/?p=3351"},"modified":"2021-12-01T11:18:56","modified_gmt":"2021-12-01T11:18:56","slug":"03-12-tem-piedade-de-nos-filho-de-davi","status":"publish","type":"post","link":"https:\/\/unisale.com.br\/pastoral\/03-12-tem-piedade-de-nos-filho-de-davi\/","title":{"rendered":"03\/12 &#8211; Tem piedade de n\u00f3s, filho de Davi!"},"content":{"rendered":"<p>Sexta-feira, 03 de dezembro de 2021.<\/p>\n<p>&nbsp;<\/p>\n<p>Evangelho (Mt 9, 27-31)<\/p>\n<p>&nbsp;<\/p>\n<p><strong>\u201cTem piedade de n\u00f3s, filho de Davi!\u201d<\/strong><\/p>\n<p>&nbsp;<\/p>\n<p>Naquele tempo,\u00a0<strong><sup>27<\/sup><\/strong>partindo Jesus, dois cegos o seguiram, gritando: \u201cTem piedade de n\u00f3s, filho de Davi!\u201d\u00a0<strong><sup>28<\/sup><\/strong>Quando Jesus entrou em casa, os cegos se aproximaram dele. Ent\u00e3o Jesus perguntou-lhes: \u201cV\u00f3s acreditais que eu posso fazer isso?\u201d Eles responderam: \u201cSim, Senhor\u201d.\u00a0<strong><sup>29<\/sup><\/strong>Ent\u00e3o Jesus tocou nos olhos deles, dizendo: \u201cFa\u00e7a-se conforme a vossa f\u00e9\u201d.\u00a0<strong><sup>30<\/sup><\/strong>E os olhos deles se abriram. Jesus os advertiu severamente: \u201cTomai cuidado para que ningu\u00e9m fique sabendo\u201d.\u00a0<strong><sup>31<\/sup><\/strong>Mas eles sa\u00edram, e espalharam sua fama por toda aquela regi\u00e3o.<\/p>\n<p><strong>\u00a0<\/strong><\/p>\n<p><strong>Reflex\u00e3o<\/strong><\/p>\n<p><strong>\u00a0<\/strong><\/p>\n<p>Esta cena do evangelho de hoje parece um pouco contradit\u00f3ria. Pois o evangelho diz: \u201cPartindo Jesus, dois cegos o seguiram\u201d. Como pode dois cegos seguirem Jesus? Mas esse detalhe \u00e9 consolador para n\u00f3s, pois somos todos \u201ccegos\u201d que tentam seguir Jesus. Existe em n\u00f3s um sexto sentido escondido no cora\u00e7\u00e3o que nos faz sentir Jesus como algu\u00e9m que sente \u201csaudades\u201d, como um desejo, como um questionamento que te encaminha, um seguimento. E o primeiro milagre \u00e9 conscientizar-se de que \u00e9 cego. \u00c9 a cegueira de quem busca uma luz, uma luz nova atrav\u00e9s da qual se v\u00ea a si mesmo, a pr\u00f3pria hist\u00f3ria e os outros. Jesus nos d\u00e1 esta luz nova, mas n\u00e3o atrav\u00e9s de uma estranha ilumina\u00e7\u00e3o, mas mudando os nossos olhos. O cristianismo n\u00e3o \u00e9 o recebimento de coisas novas, mas \u00e9 a capacidade de ver de maneira nova as mesmas coisas porque o que foi curado \u00e9 o nosso olhar. Quem tem este tipo de cura v\u00ea exatamente como v\u00ea Jesus. Estes dois disc\u00edpulos receberam o milagre de perceber a pr\u00f3pria cegueira e por isso gritam a Jesus de lhes doar a vis\u00e3o. O grito \u00e9 a forma de ora\u00e7\u00e3o que mais revela a ideia do que seja a ora\u00e7\u00e3o: n\u00e3o \u00e9 um racioc\u00ednio consciente, mas a express\u00e3o daquilo que como desejo mais verdadeiro grita no fundo de n\u00f3s mesmos: \u201cQuando Jesus entrou e casa os cegos se aproximaram dele, ent\u00e3o, Jesus perguntou-lhes: v\u00f3s acreditais que eu posso fazer isso?\u201d Eles responderam: \u201cSim, Senhor.\u201d Ent\u00e3o Jesus tocou-lhes os olhos dizendo: \u201cfa\u00e7a-se conforme a vossa f\u00e9: e os olhos deles se abriram\u201d. O Senhor pode nos atender na medida que acreditamos que Ele de fato possa, muitas vezes a nossa incredulidade \u00e9 o motivo do impedimento para que estejamos mais dispostos a crer mais na nossa incapacidade do que no poder de Deus. Mas quando professamos a nossa f\u00e9, recebemos o milagre dos \u201colhos novos\u201d.<\/p>\n<p>&nbsp;<\/p>\n<p><strong>Pe. Paulo Eduardo J\u00e1como, sdb.<\/strong><\/p>\n","protected":false},"excerpt":{"rendered":"<p>Sexta-feira, 03 de dezembro de 2021. &nbsp; Evangelho (Mt 9, 27-31) &nbsp; \u201cTem piedade de n\u00f3s, filho de Davi!\u201d &nbsp; Naquele tempo,\u00a027partindo Jesus, dois cegos&#8230;<\/p>\n","protected":false},"author":6,"featured_media":3352,"comment_status":"closed","ping_status":"closed","sticky":false,"template":"","format":"standard","meta":{"_acf_changed":false,"footnotes":""},"categories":[13],"tags":[],"class_list":["post-3351","post","type-post","status-publish","format-standard","has-post-thumbnail","hentry","category-reflexaodoevagelho"],"acf":[],"yoast_head":"<!-- This site is optimized with the Yoast SEO plugin v27.3 - https:\/\/yoast.com\/product\/yoast-seo-wordpress\/ -->\n<title>03\/12 - Tem piedade de n\u00f3s, filho de Davi! - Pastoral Universit\u00e1ria UniSALESIANO<\/title>\n<meta name=\"robots\" content=\"index, follow, max-snippet:-1, max-image-preview:large, max-video-preview:-1\" \/>\n<link rel=\"canonical\" href=\"https:\/\/unisale.com.br\/novo\/03-12-tem-piedade-de-nos-filho-de-davi\/\" \/>\n<meta property=\"og:locale\" content=\"pt_BR\" \/>\n<meta property=\"og:type\" content=\"article\" \/>\n<meta property=\"og:title\" content=\"03\/12 - Tem piedade de n\u00f3s, filho de Davi! - Pastoral Universit\u00e1ria UniSALESIANO\" \/>\n<meta property=\"og:description\" content=\"Sexta-feira, 03 de dezembro de 2021. &nbsp; Evangelho (Mt 9, 27-31) &nbsp; \u201cTem piedade de n\u00f3s, filho de Davi!\u201d &nbsp; Naquele tempo,\u00a027partindo Jesus, dois cegos...\" \/>\n<meta property=\"og:url\" content=\"https:\/\/unisale.com.br\/novo\/03-12-tem-piedade-de-nos-filho-de-davi\/\" \/>\n<meta property=\"og:site_name\" content=\"Pastoral Universit\u00e1ria UniSALESIANO\" \/>\n<meta property=\"article:published_time\" content=\"2021-12-01T11:18:56+00:00\" \/>\n<meta property=\"og:image\" content=\"https:\/\/unisale.com.br\/novo\/wp-content\/uploads\/2021\/12\/Ev-03.jpg\" \/>\n\t<meta property=\"og:image:width\" content=\"301\" \/>\n\t<meta property=\"og:image:height\" content=\"167\" \/>\n\t<meta property=\"og:image:type\" content=\"image\/jpeg\" \/>\n<meta name=\"author\" content=\"Luiz Alexandre Marinho Lanzoni\" \/>\n<meta name=\"twitter:card\" content=\"summary_large_image\" \/>\n<meta name=\"twitter:label1\" content=\"Escrito por\" \/>\n\t<meta name=\"twitter:data1\" content=\"Luiz Alexandre Marinho Lanzoni\" \/>\n\t<meta name=\"twitter:label2\" content=\"Est. tempo de leitura\" \/>\n\t<meta name=\"twitter:data2\" content=\"2 minutos\" \/>\n<script type=\"application\/ld+json\" class=\"yoast-schema-graph\">{\"@context\":\"https:\\\/\\\/schema.org\",\"@graph\":[{\"@type\":\"Article\",\"@id\":\"https:\\\/\\\/unisale.com.br\\\/novo\\\/03-12-tem-piedade-de-nos-filho-de-davi\\\/#article\",\"isPartOf\":{\"@id\":\"https:\\\/\\\/unisale.com.br\\\/novo\\\/03-12-tem-piedade-de-nos-filho-de-davi\\\/\"},\"author\":{\"name\":\"Luiz Alexandre Marinho Lanzoni\",\"@id\":\"https:\\\/\\\/unisale.com.br\\\/pastoral\\\/#\\\/schema\\\/person\\\/492d3d7bfe53a8302576d39485aff2c4\"},\"headline\":\"03\\\/12 &#8211; Tem piedade de n\u00f3s, filho de Davi!\",\"datePublished\":\"2021-12-01T11:18:56+00:00\",\"mainEntityOfPage\":{\"@id\":\"https:\\\/\\\/unisale.com.br\\\/novo\\\/03-12-tem-piedade-de-nos-filho-de-davi\\\/\"},\"wordCount\":457,\"image\":{\"@id\":\"https:\\\/\\\/unisale.com.br\\\/novo\\\/03-12-tem-piedade-de-nos-filho-de-davi\\\/#primaryimage\"},\"thumbnailUrl\":\"https:\\\/\\\/unisale.com.br\\\/pastoral\\\/wp-content\\\/uploads\\\/2021\\\/12\\\/Ev-03.jpg\",\"articleSection\":[\"Reflex\u00e3o do Evangelho\"],\"inLanguage\":\"pt-BR\"},{\"@type\":\"WebPage\",\"@id\":\"https:\\\/\\\/unisale.com.br\\\/novo\\\/03-12-tem-piedade-de-nos-filho-de-davi\\\/\",\"url\":\"https:\\\/\\\/unisale.com.br\\\/novo\\\/03-12-tem-piedade-de-nos-filho-de-davi\\\/\",\"name\":\"03\\\/12 - Tem piedade de n\u00f3s, filho de Davi! - Pastoral Universit\u00e1ria UniSALESIANO\",\"isPartOf\":{\"@id\":\"https:\\\/\\\/unisale.com.br\\\/pastoral\\\/#website\"},\"primaryImageOfPage\":{\"@id\":\"https:\\\/\\\/unisale.com.br\\\/novo\\\/03-12-tem-piedade-de-nos-filho-de-davi\\\/#primaryimage\"},\"image\":{\"@id\":\"https:\\\/\\\/unisale.com.br\\\/novo\\\/03-12-tem-piedade-de-nos-filho-de-davi\\\/#primaryimage\"},\"thumbnailUrl\":\"https:\\\/\\\/unisale.com.br\\\/pastoral\\\/wp-content\\\/uploads\\\/2021\\\/12\\\/Ev-03.jpg\",\"datePublished\":\"2021-12-01T11:18:56+00:00\",\"author\":{\"@id\":\"https:\\\/\\\/unisale.com.br\\\/pastoral\\\/#\\\/schema\\\/person\\\/492d3d7bfe53a8302576d39485aff2c4\"},\"inLanguage\":\"pt-BR\",\"potentialAction\":[{\"@type\":\"ReadAction\",\"target\":[\"https:\\\/\\\/unisale.com.br\\\/novo\\\/03-12-tem-piedade-de-nos-filho-de-davi\\\/\"]}]},{\"@type\":\"ImageObject\",\"inLanguage\":\"pt-BR\",\"@id\":\"https:\\\/\\\/unisale.com.br\\\/novo\\\/03-12-tem-piedade-de-nos-filho-de-davi\\\/#primaryimage\",\"url\":\"https:\\\/\\\/unisale.com.br\\\/pastoral\\\/wp-content\\\/uploads\\\/2021\\\/12\\\/Ev-03.jpg\",\"contentUrl\":\"https:\\\/\\\/unisale.com.br\\\/pastoral\\\/wp-content\\\/uploads\\\/2021\\\/12\\\/Ev-03.jpg\",\"width\":301,\"height\":167},{\"@type\":\"WebSite\",\"@id\":\"https:\\\/\\\/unisale.com.br\\\/pastoral\\\/#website\",\"url\":\"https:\\\/\\\/unisale.com.br\\\/pastoral\\\/\",\"name\":\"Pastoral Universit\u00e1ria UniSALESIANO\",\"description\":\"Site da Pastoral Universit\u00e1ria do UniSALESIANO\",\"potentialAction\":[{\"@type\":\"SearchAction\",\"target\":{\"@type\":\"EntryPoint\",\"urlTemplate\":\"https:\\\/\\\/unisale.com.br\\\/pastoral\\\/?s={search_term_string}\"},\"query-input\":{\"@type\":\"PropertyValueSpecification\",\"valueRequired\":true,\"valueName\":\"search_term_string\"}}],\"inLanguage\":\"pt-BR\"},{\"@type\":\"Person\",\"@id\":\"https:\\\/\\\/unisale.com.br\\\/pastoral\\\/#\\\/schema\\\/person\\\/492d3d7bfe53a8302576d39485aff2c4\",\"name\":\"Luiz Alexandre Marinho Lanzoni\",\"url\":\"https:\\\/\\\/unisale.com.br\\\/pastoral\\\/author\\\/luiz\\\/\"}]}<\/script>\n<!-- \/ Yoast SEO plugin. -->","yoast_head_json":{"title":"03\/12 - Tem piedade de n\u00f3s, filho de Davi! - Pastoral Universit\u00e1ria UniSALESIANO","robots":{"index":"index","follow":"follow","max-snippet":"max-snippet:-1","max-image-preview":"max-image-preview:large","max-video-preview":"max-video-preview:-1"},"canonical":"https:\/\/unisale.com.br\/novo\/03-12-tem-piedade-de-nos-filho-de-davi\/","og_locale":"pt_BR","og_type":"article","og_title":"03\/12 - Tem piedade de n\u00f3s, filho de Davi! - Pastoral Universit\u00e1ria UniSALESIANO","og_description":"Sexta-feira, 03 de dezembro de 2021. &nbsp; Evangelho (Mt 9, 27-31) &nbsp; \u201cTem piedade de n\u00f3s, filho de Davi!\u201d &nbsp; Naquele tempo,\u00a027partindo Jesus, dois cegos...","og_url":"https:\/\/unisale.com.br\/novo\/03-12-tem-piedade-de-nos-filho-de-davi\/","og_site_name":"Pastoral Universit\u00e1ria UniSALESIANO","article_published_time":"2021-12-01T11:18:56+00:00","og_image":[{"width":301,"height":167,"url":"https:\/\/unisale.com.br\/novo\/wp-content\/uploads\/2021\/12\/Ev-03.jpg","type":"image\/jpeg"}],"author":"Luiz Alexandre Marinho Lanzoni","twitter_card":"summary_large_image","twitter_misc":{"Escrito por":"Luiz Alexandre Marinho Lanzoni","Est. tempo de leitura":"2 minutos"},"schema":{"@context":"https:\/\/schema.org","@graph":[{"@type":"Article","@id":"https:\/\/unisale.com.br\/novo\/03-12-tem-piedade-de-nos-filho-de-davi\/#article","isPartOf":{"@id":"https:\/\/unisale.com.br\/novo\/03-12-tem-piedade-de-nos-filho-de-davi\/"},"author":{"name":"Luiz Alexandre Marinho Lanzoni","@id":"https:\/\/unisale.com.br\/pastoral\/#\/schema\/person\/492d3d7bfe53a8302576d39485aff2c4"},"headline":"03\/12 &#8211; Tem piedade de n\u00f3s, filho de Davi!","datePublished":"2021-12-01T11:18:56+00:00","mainEntityOfPage":{"@id":"https:\/\/unisale.com.br\/novo\/03-12-tem-piedade-de-nos-filho-de-davi\/"},"wordCount":457,"image":{"@id":"https:\/\/unisale.com.br\/novo\/03-12-tem-piedade-de-nos-filho-de-davi\/#primaryimage"},"thumbnailUrl":"https:\/\/unisale.com.br\/pastoral\/wp-content\/uploads\/2021\/12\/Ev-03.jpg","articleSection":["Reflex\u00e3o do Evangelho"],"inLanguage":"pt-BR"},{"@type":"WebPage","@id":"https:\/\/unisale.com.br\/novo\/03-12-tem-piedade-de-nos-filho-de-davi\/","url":"https:\/\/unisale.com.br\/novo\/03-12-tem-piedade-de-nos-filho-de-davi\/","name":"03\/12 - Tem piedade de n\u00f3s, filho de Davi! - Pastoral Universit\u00e1ria UniSALESIANO","isPartOf":{"@id":"https:\/\/unisale.com.br\/pastoral\/#website"},"primaryImageOfPage":{"@id":"https:\/\/unisale.com.br\/novo\/03-12-tem-piedade-de-nos-filho-de-davi\/#primaryimage"},"image":{"@id":"https:\/\/unisale.com.br\/novo\/03-12-tem-piedade-de-nos-filho-de-davi\/#primaryimage"},"thumbnailUrl":"https:\/\/unisale.com.br\/pastoral\/wp-content\/uploads\/2021\/12\/Ev-03.jpg","datePublished":"2021-12-01T11:18:56+00:00","author":{"@id":"https:\/\/unisale.com.br\/pastoral\/#\/schema\/person\/492d3d7bfe53a8302576d39485aff2c4"},"inLanguage":"pt-BR","potentialAction":[{"@type":"ReadAction","target":["https:\/\/unisale.com.br\/novo\/03-12-tem-piedade-de-nos-filho-de-davi\/"]}]},{"@type":"ImageObject","inLanguage":"pt-BR","@id":"https:\/\/unisale.com.br\/novo\/03-12-tem-piedade-de-nos-filho-de-davi\/#primaryimage","url":"https:\/\/unisale.com.br\/pastoral\/wp-content\/uploads\/2021\/12\/Ev-03.jpg","contentUrl":"https:\/\/unisale.com.br\/pastoral\/wp-content\/uploads\/2021\/12\/Ev-03.jpg","width":301,"height":167},{"@type":"WebSite","@id":"https:\/\/unisale.com.br\/pastoral\/#website","url":"https:\/\/unisale.com.br\/pastoral\/","name":"Pastoral Universit\u00e1ria UniSALESIANO","description":"Site da Pastoral Universit\u00e1ria do UniSALESIANO","potentialAction":[{"@type":"SearchAction","target":{"@type":"EntryPoint","urlTemplate":"https:\/\/unisale.com.br\/pastoral\/?s={search_term_string}"},"query-input":{"@type":"PropertyValueSpecification","valueRequired":true,"valueName":"search_term_string"}}],"inLanguage":"pt-BR"},{"@type":"Person","@id":"https:\/\/unisale.com.br\/pastoral\/#\/schema\/person\/492d3d7bfe53a8302576d39485aff2c4","name":"Luiz Alexandre Marinho Lanzoni","url":"https:\/\/unisale.com.br\/pastoral\/author\/luiz\/"}]}},"_links":{"self":[{"href":"https:\/\/unisale.com.br\/pastoral\/wp-json\/wp\/v2\/posts\/3351","targetHints":{"allow":["GET"]}}],"collection":[{"href":"https:\/\/unisale.com.br\/pastoral\/wp-json\/wp\/v2\/posts"}],"about":[{"href":"https:\/\/unisale.com.br\/pastoral\/wp-json\/wp\/v2\/types\/post"}],"author":[{"embeddable":true,"href":"https:\/\/unisale.com.br\/pastoral\/wp-json\/wp\/v2\/users\/6"}],"replies":[{"embeddable":true,"href":"https:\/\/unisale.com.br\/pastoral\/wp-json\/wp\/v2\/comments?post=3351"}],"version-history":[{"count":0,"href":"https:\/\/unisale.com.br\/pastoral\/wp-json\/wp\/v2\/posts\/3351\/revisions"}],"wp:featuredmedia":[{"embeddable":true,"href":"https:\/\/unisale.com.br\/pastoral\/wp-json\/wp\/v2\/media\/3352"}],"wp:attachment":[{"href":"https:\/\/unisale.com.br\/pastoral\/wp-json\/wp\/v2\/media?parent=3351"}],"wp:term":[{"taxonomy":"category","embeddable":true,"href":"https:\/\/unisale.com.br\/pastoral\/wp-json\/wp\/v2\/categories?post=3351"},{"taxonomy":"post_tag","embeddable":true,"href":"https:\/\/unisale.com.br\/pastoral\/wp-json\/wp\/v2\/tags?post=3351"}],"curies":[{"name":"wp","href":"https:\/\/api.w.org\/{rel}","templated":true}]}}