{"id":3357,"date":"2021-12-01T13:12:40","date_gmt":"2021-12-01T13:12:40","guid":{"rendered":"https:\/\/unisale.com.br\/pastoral\/?p=3357"},"modified":"2021-12-01T13:12:40","modified_gmt":"2021-12-01T13:12:40","slug":"04-12-de-graca-recebestes-de-graca-deveis-dar","status":"publish","type":"post","link":"https:\/\/unisale.com.br\/pastoral\/04-12-de-graca-recebestes-de-graca-deveis-dar\/","title":{"rendered":"04\/12 &#8211; De gra\u00e7a recebestes, de gra\u00e7a deveis dar!"},"content":{"rendered":"<p>S\u00e1bado, 04 de dezembro de 2021.<\/p>\n<p>&nbsp;<\/p>\n<p>Evangelho (Mt 9, 35-10, 1.6-8)<\/p>\n<p>&nbsp;<\/p>\n<p><strong>\u201cDe gra\u00e7a recebestes, de gra\u00e7a deveis dar!\u201d<\/strong><\/p>\n<p>&nbsp;<\/p>\n<p>Naquele tempo,\u00a0<strong><sup>35<\/sup><\/strong>Jesus percorria todas as cidades e povoados, ensinando em suas sinagogas, pregando o evangelho do Reino, e curando todo tipo de doen\u00e7a e enfermidade.<strong><sup>36<\/sup><\/strong>Vendo Jesus as multid\u00f5es, compadeceu-se delas, porque estavam cansadas e abatidas, como ovelhas que n\u00e3o t\u00eam pastor. Ent\u00e3o disse a seus disc\u00edpulos:\u00a0<strong><sup>37<\/sup><\/strong>\u201cA Messe \u00e9 grande, mas os trabalhadores s\u00e3o poucos.\u00a0<strong><sup>38<\/sup><\/strong>Pedi pois ao dono da messe que envie trabalhadores para a sua colheita!\u201d<strong><sup>10,1<\/sup><\/strong>E, chamando os seus doze disc\u00edpulos deu-lhes poder para expulsarem os esp\u00edritos maus e para curarem todo tipo de doen\u00e7a e enfermidade. Enviou-os com as seguintes recomenda\u00e7\u00f5es:\u00a0<strong><sup>6<\/sup><\/strong>\u201cIde, antes, \u00e0s ovelhas perdidas da casa de Israel!\u00a0<strong>7<\/strong>Em vosso caminho, anunciai: \u2018O Reino dos C\u00e9us est\u00e1 pr\u00f3ximo\u2019.\u00a0<strong><sup>8<\/sup><\/strong>Curai os doentes, ressuscitai os mortos, purificai os leprosos, expulsai os dem\u00f4nios. De gra\u00e7a recebestes, de gra\u00e7a deveis dar!\u201d<\/p>\n<p>&nbsp;<\/p>\n<p><strong>Reflex\u00e3o<\/strong><\/p>\n<p><strong>\u00a0<\/strong><\/p>\n<p>Jesus andava por tantos lugares e sempre ensinando e pregando o evangelho do reino. Passava curando doen\u00e7as e enfermidades. Jesus caminhava n\u00e3o como algu\u00e9m sem destino ou como algu\u00e9m que possu\u00eda uma vida sem sentido, caminhava em dire\u00e7\u00e3o a casa do Pai. E justamente em dire\u00e7\u00e3o a casa, Ele que \u00e9 filho \u00fanico, vai \u00e0 procura de homens e mulheres a serem acolhidos como irm\u00e3o com Ele. O amor que existe entre Pai e Filho n\u00e3o \u00e9 fechado em si mesmo, mas quer ser compartilhado, distribu\u00eddo aos outros. Neste sentido, Jesus n\u00e3o ignora ningu\u00e9m, onde tem um homem, ali tamb\u00e9m tem a sua preocupa\u00e7\u00e3o em procura-lo. \u201cVendo Jesus as multid\u00f5es, compadeceu-se delas, porque estavam cansadas e abatidas como ovelhas que n\u00e3o tem pastor. Ent\u00e3o disse aos disc\u00edpulos: \u201cA Messe \u00e9 grande, mas os trabalhadores s\u00e3o poucos! Pedi, pois, ao dono da messe que envie trabalhadores para sua colheita!\u201d. A verdadeira Evangeliza\u00e7\u00e3o \u00e9 um prolongamento da compaix\u00e3o de Jesus. Tem muito a se fazer, e muitos esperam que algu\u00e9m os tire fora do pr\u00f3prio inferno que vivem. Jesus pede que rezemos ao Pai para que mande novos oper\u00e1rios, porque prolongar a compaix\u00e3o de Jesus na hist\u00f3ria \u00e9 evangelizar. \u00c9 um dom que pode dar Deus tornando-nos como Jesus no mundo. A Evangeliza\u00e7\u00e3o n\u00e3o nasce de uma estrat\u00e9gia, mas de uma suplica a Deus. Mas o que faz uma pessoa que evangeliza? \u201cEm vosso caminho, anunciai: \u2018o Reino dos c\u00e9us est\u00e1 pr\u00f3ximo. Curai os doentes, ressuscitai os mortos, purificai os leprosos, expulsai os dem\u00f4nios. De gra\u00e7a recebestes, de gra\u00e7a deveis dar!\u201d. O reino tem a haver com o presente e n\u00e3o com o futuro. Quem encontrou Deus, n\u00e3o encontra a promessa que as coisas um dia mudar\u00e3o, mas que esta mudan\u00e7a j\u00e1 est\u00e1 acontecendo e precisamos ter olhos para perceber. E os efeitos desta evangeliza\u00e7\u00e3o s\u00e3o efeitos de cura de tudo aquilo que impede a vida. Qual o sinal distintivo? A gratuidade.<\/p>\n<p><strong>\u00a0<\/strong><\/p>\n<p>&nbsp;<\/p>\n<p><strong>\u00a0<\/strong><strong>Pe. Paulo Eduardo J\u00e1como, sdb.<br \/>\n<\/strong><\/p>\n","protected":false},"excerpt":{"rendered":"<p>S\u00e1bado, 04 de dezembro de 2021. &nbsp; Evangelho (Mt 9, 35-10, 1.6-8) &nbsp; \u201cDe gra\u00e7a recebestes, de gra\u00e7a deveis dar!\u201d &nbsp; Naquele tempo,\u00a035Jesus percorria todas&#8230;<\/p>\n","protected":false},"author":6,"featured_media":3358,"comment_status":"closed","ping_status":"closed","sticky":false,"template":"","format":"standard","meta":{"_acf_changed":false,"footnotes":""},"categories":[13],"tags":[],"class_list":["post-3357","post","type-post","status-publish","format-standard","has-post-thumbnail","hentry","category-reflexaodoevagelho"],"acf":[],"yoast_head":"<!-- This site is optimized with the Yoast SEO plugin v27.3 - https:\/\/yoast.com\/product\/yoast-seo-wordpress\/ -->\n<title>04\/12 - De gra\u00e7a recebestes, de gra\u00e7a deveis dar! - Pastoral Universit\u00e1ria UniSALESIANO<\/title>\n<meta name=\"robots\" content=\"index, follow, max-snippet:-1, max-image-preview:large, max-video-preview:-1\" \/>\n<link rel=\"canonical\" href=\"https:\/\/unisale.com.br\/novo\/04-12-de-graca-recebestes-de-graca-deveis-dar\/\" \/>\n<meta property=\"og:locale\" content=\"pt_BR\" \/>\n<meta property=\"og:type\" content=\"article\" \/>\n<meta property=\"og:title\" content=\"04\/12 - De gra\u00e7a recebestes, de gra\u00e7a deveis dar! - Pastoral Universit\u00e1ria UniSALESIANO\" \/>\n<meta property=\"og:description\" content=\"S\u00e1bado, 04 de dezembro de 2021. &nbsp; Evangelho (Mt 9, 35-10, 1.6-8) &nbsp; \u201cDe gra\u00e7a recebestes, de gra\u00e7a deveis dar!\u201d &nbsp; Naquele tempo,\u00a035Jesus percorria todas...\" \/>\n<meta property=\"og:url\" content=\"https:\/\/unisale.com.br\/novo\/04-12-de-graca-recebestes-de-graca-deveis-dar\/\" \/>\n<meta property=\"og:site_name\" content=\"Pastoral Universit\u00e1ria UniSALESIANO\" \/>\n<meta property=\"article:published_time\" content=\"2021-12-01T13:12:40+00:00\" \/>\n<meta property=\"og:image\" content=\"https:\/\/unisale.com.br\/novo\/wp-content\/uploads\/2021\/12\/Ev-04.jpeg\" \/>\n\t<meta property=\"og:image:width\" content=\"1200\" \/>\n\t<meta property=\"og:image:height\" content=\"675\" \/>\n\t<meta property=\"og:image:type\" content=\"image\/jpeg\" \/>\n<meta name=\"author\" content=\"Luiz Alexandre Marinho Lanzoni\" \/>\n<meta name=\"twitter:card\" content=\"summary_large_image\" \/>\n<meta name=\"twitter:label1\" content=\"Escrito por\" \/>\n\t<meta name=\"twitter:data1\" content=\"Luiz Alexandre Marinho Lanzoni\" \/>\n\t<meta name=\"twitter:label2\" content=\"Est. tempo de leitura\" \/>\n\t<meta name=\"twitter:data2\" content=\"3 minutos\" \/>\n<script type=\"application\/ld+json\" class=\"yoast-schema-graph\">{\"@context\":\"https:\\\/\\\/schema.org\",\"@graph\":[{\"@type\":\"Article\",\"@id\":\"https:\\\/\\\/unisale.com.br\\\/novo\\\/04-12-de-graca-recebestes-de-graca-deveis-dar\\\/#article\",\"isPartOf\":{\"@id\":\"https:\\\/\\\/unisale.com.br\\\/novo\\\/04-12-de-graca-recebestes-de-graca-deveis-dar\\\/\"},\"author\":{\"name\":\"Luiz Alexandre Marinho Lanzoni\",\"@id\":\"https:\\\/\\\/unisale.com.br\\\/pastoral\\\/#\\\/schema\\\/person\\\/492d3d7bfe53a8302576d39485aff2c4\"},\"headline\":\"04\\\/12 &#8211; De gra\u00e7a recebestes, de gra\u00e7a deveis dar!\",\"datePublished\":\"2021-12-01T13:12:40+00:00\",\"mainEntityOfPage\":{\"@id\":\"https:\\\/\\\/unisale.com.br\\\/novo\\\/04-12-de-graca-recebestes-de-graca-deveis-dar\\\/\"},\"wordCount\":544,\"image\":{\"@id\":\"https:\\\/\\\/unisale.com.br\\\/novo\\\/04-12-de-graca-recebestes-de-graca-deveis-dar\\\/#primaryimage\"},\"thumbnailUrl\":\"https:\\\/\\\/unisale.com.br\\\/pastoral\\\/wp-content\\\/uploads\\\/2021\\\/12\\\/Ev-04.jpeg\",\"articleSection\":[\"Reflex\u00e3o do Evangelho\"],\"inLanguage\":\"pt-BR\"},{\"@type\":\"WebPage\",\"@id\":\"https:\\\/\\\/unisale.com.br\\\/novo\\\/04-12-de-graca-recebestes-de-graca-deveis-dar\\\/\",\"url\":\"https:\\\/\\\/unisale.com.br\\\/novo\\\/04-12-de-graca-recebestes-de-graca-deveis-dar\\\/\",\"name\":\"04\\\/12 - De gra\u00e7a recebestes, de gra\u00e7a deveis dar! - Pastoral Universit\u00e1ria UniSALESIANO\",\"isPartOf\":{\"@id\":\"https:\\\/\\\/unisale.com.br\\\/pastoral\\\/#website\"},\"primaryImageOfPage\":{\"@id\":\"https:\\\/\\\/unisale.com.br\\\/novo\\\/04-12-de-graca-recebestes-de-graca-deveis-dar\\\/#primaryimage\"},\"image\":{\"@id\":\"https:\\\/\\\/unisale.com.br\\\/novo\\\/04-12-de-graca-recebestes-de-graca-deveis-dar\\\/#primaryimage\"},\"thumbnailUrl\":\"https:\\\/\\\/unisale.com.br\\\/pastoral\\\/wp-content\\\/uploads\\\/2021\\\/12\\\/Ev-04.jpeg\",\"datePublished\":\"2021-12-01T13:12:40+00:00\",\"author\":{\"@id\":\"https:\\\/\\\/unisale.com.br\\\/pastoral\\\/#\\\/schema\\\/person\\\/492d3d7bfe53a8302576d39485aff2c4\"},\"inLanguage\":\"pt-BR\",\"potentialAction\":[{\"@type\":\"ReadAction\",\"target\":[\"https:\\\/\\\/unisale.com.br\\\/novo\\\/04-12-de-graca-recebestes-de-graca-deveis-dar\\\/\"]}]},{\"@type\":\"ImageObject\",\"inLanguage\":\"pt-BR\",\"@id\":\"https:\\\/\\\/unisale.com.br\\\/novo\\\/04-12-de-graca-recebestes-de-graca-deveis-dar\\\/#primaryimage\",\"url\":\"https:\\\/\\\/unisale.com.br\\\/pastoral\\\/wp-content\\\/uploads\\\/2021\\\/12\\\/Ev-04.jpeg\",\"contentUrl\":\"https:\\\/\\\/unisale.com.br\\\/pastoral\\\/wp-content\\\/uploads\\\/2021\\\/12\\\/Ev-04.jpeg\",\"width\":889,\"height\":500},{\"@type\":\"WebSite\",\"@id\":\"https:\\\/\\\/unisale.com.br\\\/pastoral\\\/#website\",\"url\":\"https:\\\/\\\/unisale.com.br\\\/pastoral\\\/\",\"name\":\"Pastoral Universit\u00e1ria UniSALESIANO\",\"description\":\"Site da Pastoral Universit\u00e1ria do UniSALESIANO\",\"potentialAction\":[{\"@type\":\"SearchAction\",\"target\":{\"@type\":\"EntryPoint\",\"urlTemplate\":\"https:\\\/\\\/unisale.com.br\\\/pastoral\\\/?s={search_term_string}\"},\"query-input\":{\"@type\":\"PropertyValueSpecification\",\"valueRequired\":true,\"valueName\":\"search_term_string\"}}],\"inLanguage\":\"pt-BR\"},{\"@type\":\"Person\",\"@id\":\"https:\\\/\\\/unisale.com.br\\\/pastoral\\\/#\\\/schema\\\/person\\\/492d3d7bfe53a8302576d39485aff2c4\",\"name\":\"Luiz Alexandre Marinho Lanzoni\",\"url\":\"https:\\\/\\\/unisale.com.br\\\/pastoral\\\/author\\\/luiz\\\/\"}]}<\/script>\n<!-- \/ Yoast SEO plugin. -->","yoast_head_json":{"title":"04\/12 - De gra\u00e7a recebestes, de gra\u00e7a deveis dar! - Pastoral Universit\u00e1ria UniSALESIANO","robots":{"index":"index","follow":"follow","max-snippet":"max-snippet:-1","max-image-preview":"max-image-preview:large","max-video-preview":"max-video-preview:-1"},"canonical":"https:\/\/unisale.com.br\/novo\/04-12-de-graca-recebestes-de-graca-deveis-dar\/","og_locale":"pt_BR","og_type":"article","og_title":"04\/12 - De gra\u00e7a recebestes, de gra\u00e7a deveis dar! - Pastoral Universit\u00e1ria UniSALESIANO","og_description":"S\u00e1bado, 04 de dezembro de 2021. &nbsp; Evangelho (Mt 9, 35-10, 1.6-8) &nbsp; \u201cDe gra\u00e7a recebestes, de gra\u00e7a deveis dar!\u201d &nbsp; Naquele tempo,\u00a035Jesus percorria todas...","og_url":"https:\/\/unisale.com.br\/novo\/04-12-de-graca-recebestes-de-graca-deveis-dar\/","og_site_name":"Pastoral Universit\u00e1ria UniSALESIANO","article_published_time":"2021-12-01T13:12:40+00:00","og_image":[{"width":1200,"height":675,"url":"https:\/\/unisale.com.br\/novo\/wp-content\/uploads\/2021\/12\/Ev-04.jpeg","type":"image\/jpeg"}],"author":"Luiz Alexandre Marinho Lanzoni","twitter_card":"summary_large_image","twitter_misc":{"Escrito por":"Luiz Alexandre Marinho Lanzoni","Est. tempo de leitura":"3 minutos"},"schema":{"@context":"https:\/\/schema.org","@graph":[{"@type":"Article","@id":"https:\/\/unisale.com.br\/novo\/04-12-de-graca-recebestes-de-graca-deveis-dar\/#article","isPartOf":{"@id":"https:\/\/unisale.com.br\/novo\/04-12-de-graca-recebestes-de-graca-deveis-dar\/"},"author":{"name":"Luiz Alexandre Marinho Lanzoni","@id":"https:\/\/unisale.com.br\/pastoral\/#\/schema\/person\/492d3d7bfe53a8302576d39485aff2c4"},"headline":"04\/12 &#8211; De gra\u00e7a recebestes, de gra\u00e7a deveis dar!","datePublished":"2021-12-01T13:12:40+00:00","mainEntityOfPage":{"@id":"https:\/\/unisale.com.br\/novo\/04-12-de-graca-recebestes-de-graca-deveis-dar\/"},"wordCount":544,"image":{"@id":"https:\/\/unisale.com.br\/novo\/04-12-de-graca-recebestes-de-graca-deveis-dar\/#primaryimage"},"thumbnailUrl":"https:\/\/unisale.com.br\/pastoral\/wp-content\/uploads\/2021\/12\/Ev-04.jpeg","articleSection":["Reflex\u00e3o do Evangelho"],"inLanguage":"pt-BR"},{"@type":"WebPage","@id":"https:\/\/unisale.com.br\/novo\/04-12-de-graca-recebestes-de-graca-deveis-dar\/","url":"https:\/\/unisale.com.br\/novo\/04-12-de-graca-recebestes-de-graca-deveis-dar\/","name":"04\/12 - De gra\u00e7a recebestes, de gra\u00e7a deveis dar! - Pastoral Universit\u00e1ria UniSALESIANO","isPartOf":{"@id":"https:\/\/unisale.com.br\/pastoral\/#website"},"primaryImageOfPage":{"@id":"https:\/\/unisale.com.br\/novo\/04-12-de-graca-recebestes-de-graca-deveis-dar\/#primaryimage"},"image":{"@id":"https:\/\/unisale.com.br\/novo\/04-12-de-graca-recebestes-de-graca-deveis-dar\/#primaryimage"},"thumbnailUrl":"https:\/\/unisale.com.br\/pastoral\/wp-content\/uploads\/2021\/12\/Ev-04.jpeg","datePublished":"2021-12-01T13:12:40+00:00","author":{"@id":"https:\/\/unisale.com.br\/pastoral\/#\/schema\/person\/492d3d7bfe53a8302576d39485aff2c4"},"inLanguage":"pt-BR","potentialAction":[{"@type":"ReadAction","target":["https:\/\/unisale.com.br\/novo\/04-12-de-graca-recebestes-de-graca-deveis-dar\/"]}]},{"@type":"ImageObject","inLanguage":"pt-BR","@id":"https:\/\/unisale.com.br\/novo\/04-12-de-graca-recebestes-de-graca-deveis-dar\/#primaryimage","url":"https:\/\/unisale.com.br\/pastoral\/wp-content\/uploads\/2021\/12\/Ev-04.jpeg","contentUrl":"https:\/\/unisale.com.br\/pastoral\/wp-content\/uploads\/2021\/12\/Ev-04.jpeg","width":889,"height":500},{"@type":"WebSite","@id":"https:\/\/unisale.com.br\/pastoral\/#website","url":"https:\/\/unisale.com.br\/pastoral\/","name":"Pastoral Universit\u00e1ria UniSALESIANO","description":"Site da Pastoral Universit\u00e1ria do UniSALESIANO","potentialAction":[{"@type":"SearchAction","target":{"@type":"EntryPoint","urlTemplate":"https:\/\/unisale.com.br\/pastoral\/?s={search_term_string}"},"query-input":{"@type":"PropertyValueSpecification","valueRequired":true,"valueName":"search_term_string"}}],"inLanguage":"pt-BR"},{"@type":"Person","@id":"https:\/\/unisale.com.br\/pastoral\/#\/schema\/person\/492d3d7bfe53a8302576d39485aff2c4","name":"Luiz Alexandre Marinho Lanzoni","url":"https:\/\/unisale.com.br\/pastoral\/author\/luiz\/"}]}},"_links":{"self":[{"href":"https:\/\/unisale.com.br\/pastoral\/wp-json\/wp\/v2\/posts\/3357","targetHints":{"allow":["GET"]}}],"collection":[{"href":"https:\/\/unisale.com.br\/pastoral\/wp-json\/wp\/v2\/posts"}],"about":[{"href":"https:\/\/unisale.com.br\/pastoral\/wp-json\/wp\/v2\/types\/post"}],"author":[{"embeddable":true,"href":"https:\/\/unisale.com.br\/pastoral\/wp-json\/wp\/v2\/users\/6"}],"replies":[{"embeddable":true,"href":"https:\/\/unisale.com.br\/pastoral\/wp-json\/wp\/v2\/comments?post=3357"}],"version-history":[{"count":0,"href":"https:\/\/unisale.com.br\/pastoral\/wp-json\/wp\/v2\/posts\/3357\/revisions"}],"wp:featuredmedia":[{"embeddable":true,"href":"https:\/\/unisale.com.br\/pastoral\/wp-json\/wp\/v2\/media\/3358"}],"wp:attachment":[{"href":"https:\/\/unisale.com.br\/pastoral\/wp-json\/wp\/v2\/media?parent=3357"}],"wp:term":[{"taxonomy":"category","embeddable":true,"href":"https:\/\/unisale.com.br\/pastoral\/wp-json\/wp\/v2\/categories?post=3357"},{"taxonomy":"post_tag","embeddable":true,"href":"https:\/\/unisale.com.br\/pastoral\/wp-json\/wp\/v2\/tags?post=3357"}],"curies":[{"name":"wp","href":"https:\/\/api.w.org\/{rel}","templated":true}]}}