{"id":3361,"date":"2021-12-01T13:14:08","date_gmt":"2021-12-01T13:14:08","guid":{"rendered":"https:\/\/unisale.com.br\/pastoral\/?p=3361"},"modified":"2021-12-01T13:14:08","modified_gmt":"2021-12-01T13:14:08","slug":"05-12-preparai-os-caminhos-do-senhor-endireitai-suas-veredas","status":"publish","type":"post","link":"https:\/\/unisale.com.br\/pastoral\/05-12-preparai-os-caminhos-do-senhor-endireitai-suas-veredas\/","title":{"rendered":"05\/12 &#8211; Preparai os caminhos do Senhor, endireitai suas veredas."},"content":{"rendered":"<p>Domingo, 05 de dezembro de 2021 \u2013 2\u00ba domingo do Advento.<\/p>\n<p>&nbsp;<\/p>\n<p>Evangelho (Lc 3,1-6)<\/p>\n<p>&nbsp;<\/p>\n<p><strong>\u201cPreparai os caminhos do Senhor, endireitai suas veredas\u201d.<\/strong><\/p>\n<p><strong>\u00a0<\/strong><\/p>\n<p><strong><sup>1<\/sup><\/strong>No d\u00e9cimo quinto ano do imp\u00e9rio de Tib\u00e9rio C\u00e9sar, quando P\u00f4ncio Pilatos era governador da Judeia, Herodes administrava a Galileia, seu irm\u00e3o Filipe, as regi\u00f5es da Itureia e Tracon\u00edtide, e Lis\u00e2nias a Abilene;\u00a0<strong><sup>2<\/sup><\/strong>quando An\u00e1s e Caif\u00e1s eram sumos sacerdotes, foi ent\u00e3o que a palavra de Deus foi dirigida a Jo\u00e3o, o filho de Zacarias, no deserto.<strong><sup>3<\/sup><\/strong>E ele percorreu toda a regi\u00e3o do Jord\u00e3o, pregando um batismo de convers\u00e3o para o perd\u00e3o dos pecados,\u00a0<strong><sup>4<\/sup><\/strong>como est\u00e1 escrito no Livro das palavras do profeta Isa\u00edas: \u201cEsta \u00e9 a voz daquele que grita no deserto: \u2018preparai o caminho do Senhor, endireitai suas veredas.\u00a0<strong><sup>5<\/sup><\/strong>Todo vale ser\u00e1 aterrado, toda montanha e colina ser\u00e3o rebaixadas; as passagens tortuosas ficar\u00e3o retas e os caminhos acidentados ser\u00e3o aplainados.\u00a0<strong><sup>6<\/sup><\/strong>E todas as pessoas ver\u00e3o a salva\u00e7\u00e3o de Deus\u2019&#8221;.<\/p>\n<p>&nbsp;<\/p>\n<p><strong>Reflex\u00e3o<\/strong><\/p>\n<p><strong>\u00a0<\/strong><\/p>\n<p>O Evangelho de hoje faz destaque a figura de Jo\u00e3o Batista, aquele que tamb\u00e9m prepara a vinda do Messias, assim como a Virgem Maria. O Evangelho contextualiza historicamente o nascimento de Jesus: \u201cNo d\u00e9cimo quinto ano do reinado do imperador Tib\u00e9rio, sendo P\u00f4ncio Pilatos governador&#8230;eram sumos sacerdotes An\u00e1s e Caif\u00e1s\u201d. Como nos diz o Papa Bento XVI: \u201c\u00c9 no interior deste contexto hist\u00f3rico que se insere o aut\u00eantico e gradioso acontecimento, a Natividade de Cristo, que os contempor\u00e2neos nem se quer notar\u00e3o. Para Deus, os grandes da hist\u00f3ria servem de moldura para os pequeos!\u201d Jo\u00e3o Batista se define como uma voz que grita do deserto: \u201cPreparai o caminho do Senhor, endireitai as suas veredas\u201d. Jo\u00e3o Bastista tem um grande papel a desempenhar, mas sempre em fun\u00e7\u00e3o do Cristo. Jo\u00e3o a voz que passa e Cristo, a palavra eterna.Voz e palavra, o som que d\u00e1 sentido a Palavra. Como dizia santo Agostinho: \u201cA voz sem a palavra n\u00e3o edifica o cora\u00e7\u00e3o\u201d. Hoje temos a tarefa de ouvir aquela voz para conceder a Jesus, Palavra que nos salva, espa\u00e7o e acolhimento no cora\u00e7\u00e3o. Neste tempo do advento, n\u00f3s precisamos preparar para ver com os olhos da f\u00e9, na gruta humilde de Bel\u00e9m, a Salva\u00e7\u00e3o de Deus. Nos preparamos para o Natal, na sociedade consumista, na qual somos tentados a procurar a alegria nas coisas, Jo\u00e3o Batista ensinava-nos a viver de maneira essencial, a fim de que o Natal seja vivido n\u00e3o como uma festa exterior, mas como a festa do Filho de Deus que veio trazer ao homens a paz, a vida e alegria verdadeira.<\/p>\n<p><strong>\u00a0<\/strong><\/p>\n<p><strong>Pe. Paulo Eduardo J\u00e1como, sdb.<\/strong><\/p>\n","protected":false},"excerpt":{"rendered":"<p>Domingo, 05 de dezembro de 2021 \u2013 2\u00ba domingo do Advento. &nbsp; Evangelho (Lc 3,1-6) &nbsp; \u201cPreparai os caminhos do Senhor, endireitai suas veredas\u201d. \u00a0&#8230;<\/p>\n","protected":false},"author":6,"featured_media":3308,"comment_status":"closed","ping_status":"closed","sticky":false,"template":"","format":"standard","meta":{"_acf_changed":false,"footnotes":""},"categories":[13],"tags":[],"class_list":["post-3361","post","type-post","status-publish","format-standard","has-post-thumbnail","hentry","category-reflexaodoevagelho"],"acf":[],"yoast_head":"<!-- This site is optimized with the Yoast SEO plugin v27.3 - https:\/\/yoast.com\/product\/yoast-seo-wordpress\/ -->\n<title>05\/12 - Preparai os caminhos do Senhor, endireitai suas veredas. - Pastoral Universit\u00e1ria UniSALESIANO<\/title>\n<meta name=\"robots\" content=\"index, follow, max-snippet:-1, max-image-preview:large, max-video-preview:-1\" \/>\n<link rel=\"canonical\" href=\"https:\/\/unisale.com.br\/novo\/05-12-preparai-os-caminhos-do-senhor-endireitai-suas-veredas\/\" \/>\n<meta property=\"og:locale\" content=\"pt_BR\" \/>\n<meta property=\"og:type\" content=\"article\" \/>\n<meta property=\"og:title\" content=\"05\/12 - Preparai os caminhos do Senhor, endireitai suas veredas. - Pastoral Universit\u00e1ria UniSALESIANO\" \/>\n<meta property=\"og:description\" content=\"Domingo, 05 de dezembro de 2021 \u2013 2\u00ba domingo do Advento. &nbsp; Evangelho (Lc 3,1-6) &nbsp; \u201cPreparai os caminhos do Senhor, endireitai suas veredas\u201d. \u00a0...\" \/>\n<meta property=\"og:url\" content=\"https:\/\/unisale.com.br\/novo\/05-12-preparai-os-caminhos-do-senhor-endireitai-suas-veredas\/\" \/>\n<meta property=\"og:site_name\" content=\"Pastoral Universit\u00e1ria UniSALESIANO\" \/>\n<meta property=\"article:published_time\" content=\"2021-12-01T13:14:08+00:00\" \/>\n<meta property=\"og:image\" content=\"https:\/\/unisale.com.br\/novo\/wp-content\/uploads\/2021\/11\/SEGUNDO-DOMINGO-DO-ADVENTO.png\" \/>\n\t<meta property=\"og:image:width\" content=\"1080\" \/>\n\t<meta property=\"og:image:height\" content=\"1080\" \/>\n\t<meta property=\"og:image:type\" content=\"image\/png\" \/>\n<meta name=\"author\" content=\"Luiz Alexandre Marinho Lanzoni\" \/>\n<meta name=\"twitter:card\" content=\"summary_large_image\" \/>\n<meta name=\"twitter:label1\" content=\"Escrito por\" \/>\n\t<meta name=\"twitter:data1\" content=\"Luiz Alexandre Marinho Lanzoni\" \/>\n\t<meta name=\"twitter:label2\" content=\"Est. tempo de leitura\" \/>\n\t<meta name=\"twitter:data2\" content=\"2 minutos\" \/>\n<script type=\"application\/ld+json\" class=\"yoast-schema-graph\">{\"@context\":\"https:\\\/\\\/schema.org\",\"@graph\":[{\"@type\":\"Article\",\"@id\":\"https:\\\/\\\/unisale.com.br\\\/novo\\\/05-12-preparai-os-caminhos-do-senhor-endireitai-suas-veredas\\\/#article\",\"isPartOf\":{\"@id\":\"https:\\\/\\\/unisale.com.br\\\/novo\\\/05-12-preparai-os-caminhos-do-senhor-endireitai-suas-veredas\\\/\"},\"author\":{\"name\":\"Luiz Alexandre Marinho Lanzoni\",\"@id\":\"https:\\\/\\\/unisale.com.br\\\/pastoral\\\/#\\\/schema\\\/person\\\/492d3d7bfe53a8302576d39485aff2c4\"},\"headline\":\"05\\\/12 &#8211; Preparai os caminhos do Senhor, endireitai suas veredas.\",\"datePublished\":\"2021-12-01T13:14:08+00:00\",\"mainEntityOfPage\":{\"@id\":\"https:\\\/\\\/unisale.com.br\\\/novo\\\/05-12-preparai-os-caminhos-do-senhor-endireitai-suas-veredas\\\/\"},\"wordCount\":481,\"image\":{\"@id\":\"https:\\\/\\\/unisale.com.br\\\/novo\\\/05-12-preparai-os-caminhos-do-senhor-endireitai-suas-veredas\\\/#primaryimage\"},\"thumbnailUrl\":\"https:\\\/\\\/unisale.com.br\\\/pastoral\\\/wp-content\\\/uploads\\\/2021\\\/11\\\/SEGUNDO-DOMINGO-DO-ADVENTO.png\",\"articleSection\":[\"Reflex\u00e3o do Evangelho\"],\"inLanguage\":\"pt-BR\"},{\"@type\":\"WebPage\",\"@id\":\"https:\\\/\\\/unisale.com.br\\\/novo\\\/05-12-preparai-os-caminhos-do-senhor-endireitai-suas-veredas\\\/\",\"url\":\"https:\\\/\\\/unisale.com.br\\\/novo\\\/05-12-preparai-os-caminhos-do-senhor-endireitai-suas-veredas\\\/\",\"name\":\"05\\\/12 - Preparai os caminhos do Senhor, endireitai suas veredas. - Pastoral Universit\u00e1ria UniSALESIANO\",\"isPartOf\":{\"@id\":\"https:\\\/\\\/unisale.com.br\\\/pastoral\\\/#website\"},\"primaryImageOfPage\":{\"@id\":\"https:\\\/\\\/unisale.com.br\\\/novo\\\/05-12-preparai-os-caminhos-do-senhor-endireitai-suas-veredas\\\/#primaryimage\"},\"image\":{\"@id\":\"https:\\\/\\\/unisale.com.br\\\/novo\\\/05-12-preparai-os-caminhos-do-senhor-endireitai-suas-veredas\\\/#primaryimage\"},\"thumbnailUrl\":\"https:\\\/\\\/unisale.com.br\\\/pastoral\\\/wp-content\\\/uploads\\\/2021\\\/11\\\/SEGUNDO-DOMINGO-DO-ADVENTO.png\",\"datePublished\":\"2021-12-01T13:14:08+00:00\",\"author\":{\"@id\":\"https:\\\/\\\/unisale.com.br\\\/pastoral\\\/#\\\/schema\\\/person\\\/492d3d7bfe53a8302576d39485aff2c4\"},\"inLanguage\":\"pt-BR\",\"potentialAction\":[{\"@type\":\"ReadAction\",\"target\":[\"https:\\\/\\\/unisale.com.br\\\/novo\\\/05-12-preparai-os-caminhos-do-senhor-endireitai-suas-veredas\\\/\"]}]},{\"@type\":\"ImageObject\",\"inLanguage\":\"pt-BR\",\"@id\":\"https:\\\/\\\/unisale.com.br\\\/novo\\\/05-12-preparai-os-caminhos-do-senhor-endireitai-suas-veredas\\\/#primaryimage\",\"url\":\"https:\\\/\\\/unisale.com.br\\\/pastoral\\\/wp-content\\\/uploads\\\/2021\\\/11\\\/SEGUNDO-DOMINGO-DO-ADVENTO.png\",\"contentUrl\":\"https:\\\/\\\/unisale.com.br\\\/pastoral\\\/wp-content\\\/uploads\\\/2021\\\/11\\\/SEGUNDO-DOMINGO-DO-ADVENTO.png\",\"width\":500,\"height\":500},{\"@type\":\"WebSite\",\"@id\":\"https:\\\/\\\/unisale.com.br\\\/pastoral\\\/#website\",\"url\":\"https:\\\/\\\/unisale.com.br\\\/pastoral\\\/\",\"name\":\"Pastoral Universit\u00e1ria UniSALESIANO\",\"description\":\"Site da Pastoral Universit\u00e1ria do UniSALESIANO\",\"potentialAction\":[{\"@type\":\"SearchAction\",\"target\":{\"@type\":\"EntryPoint\",\"urlTemplate\":\"https:\\\/\\\/unisale.com.br\\\/pastoral\\\/?s={search_term_string}\"},\"query-input\":{\"@type\":\"PropertyValueSpecification\",\"valueRequired\":true,\"valueName\":\"search_term_string\"}}],\"inLanguage\":\"pt-BR\"},{\"@type\":\"Person\",\"@id\":\"https:\\\/\\\/unisale.com.br\\\/pastoral\\\/#\\\/schema\\\/person\\\/492d3d7bfe53a8302576d39485aff2c4\",\"name\":\"Luiz Alexandre Marinho Lanzoni\",\"url\":\"https:\\\/\\\/unisale.com.br\\\/pastoral\\\/author\\\/luiz\\\/\"}]}<\/script>\n<!-- \/ Yoast SEO plugin. -->","yoast_head_json":{"title":"05\/12 - Preparai os caminhos do Senhor, endireitai suas veredas. - Pastoral Universit\u00e1ria UniSALESIANO","robots":{"index":"index","follow":"follow","max-snippet":"max-snippet:-1","max-image-preview":"max-image-preview:large","max-video-preview":"max-video-preview:-1"},"canonical":"https:\/\/unisale.com.br\/novo\/05-12-preparai-os-caminhos-do-senhor-endireitai-suas-veredas\/","og_locale":"pt_BR","og_type":"article","og_title":"05\/12 - Preparai os caminhos do Senhor, endireitai suas veredas. - Pastoral Universit\u00e1ria UniSALESIANO","og_description":"Domingo, 05 de dezembro de 2021 \u2013 2\u00ba domingo do Advento. &nbsp; Evangelho (Lc 3,1-6) &nbsp; \u201cPreparai os caminhos do Senhor, endireitai suas veredas\u201d. \u00a0...","og_url":"https:\/\/unisale.com.br\/novo\/05-12-preparai-os-caminhos-do-senhor-endireitai-suas-veredas\/","og_site_name":"Pastoral Universit\u00e1ria UniSALESIANO","article_published_time":"2021-12-01T13:14:08+00:00","og_image":[{"width":1080,"height":1080,"url":"https:\/\/unisale.com.br\/novo\/wp-content\/uploads\/2021\/11\/SEGUNDO-DOMINGO-DO-ADVENTO.png","type":"image\/png"}],"author":"Luiz Alexandre Marinho Lanzoni","twitter_card":"summary_large_image","twitter_misc":{"Escrito por":"Luiz Alexandre Marinho Lanzoni","Est. tempo de leitura":"2 minutos"},"schema":{"@context":"https:\/\/schema.org","@graph":[{"@type":"Article","@id":"https:\/\/unisale.com.br\/novo\/05-12-preparai-os-caminhos-do-senhor-endireitai-suas-veredas\/#article","isPartOf":{"@id":"https:\/\/unisale.com.br\/novo\/05-12-preparai-os-caminhos-do-senhor-endireitai-suas-veredas\/"},"author":{"name":"Luiz Alexandre Marinho Lanzoni","@id":"https:\/\/unisale.com.br\/pastoral\/#\/schema\/person\/492d3d7bfe53a8302576d39485aff2c4"},"headline":"05\/12 &#8211; Preparai os caminhos do Senhor, endireitai suas veredas.","datePublished":"2021-12-01T13:14:08+00:00","mainEntityOfPage":{"@id":"https:\/\/unisale.com.br\/novo\/05-12-preparai-os-caminhos-do-senhor-endireitai-suas-veredas\/"},"wordCount":481,"image":{"@id":"https:\/\/unisale.com.br\/novo\/05-12-preparai-os-caminhos-do-senhor-endireitai-suas-veredas\/#primaryimage"},"thumbnailUrl":"https:\/\/unisale.com.br\/pastoral\/wp-content\/uploads\/2021\/11\/SEGUNDO-DOMINGO-DO-ADVENTO.png","articleSection":["Reflex\u00e3o do Evangelho"],"inLanguage":"pt-BR"},{"@type":"WebPage","@id":"https:\/\/unisale.com.br\/novo\/05-12-preparai-os-caminhos-do-senhor-endireitai-suas-veredas\/","url":"https:\/\/unisale.com.br\/novo\/05-12-preparai-os-caminhos-do-senhor-endireitai-suas-veredas\/","name":"05\/12 - Preparai os caminhos do Senhor, endireitai suas veredas. - Pastoral Universit\u00e1ria UniSALESIANO","isPartOf":{"@id":"https:\/\/unisale.com.br\/pastoral\/#website"},"primaryImageOfPage":{"@id":"https:\/\/unisale.com.br\/novo\/05-12-preparai-os-caminhos-do-senhor-endireitai-suas-veredas\/#primaryimage"},"image":{"@id":"https:\/\/unisale.com.br\/novo\/05-12-preparai-os-caminhos-do-senhor-endireitai-suas-veredas\/#primaryimage"},"thumbnailUrl":"https:\/\/unisale.com.br\/pastoral\/wp-content\/uploads\/2021\/11\/SEGUNDO-DOMINGO-DO-ADVENTO.png","datePublished":"2021-12-01T13:14:08+00:00","author":{"@id":"https:\/\/unisale.com.br\/pastoral\/#\/schema\/person\/492d3d7bfe53a8302576d39485aff2c4"},"inLanguage":"pt-BR","potentialAction":[{"@type":"ReadAction","target":["https:\/\/unisale.com.br\/novo\/05-12-preparai-os-caminhos-do-senhor-endireitai-suas-veredas\/"]}]},{"@type":"ImageObject","inLanguage":"pt-BR","@id":"https:\/\/unisale.com.br\/novo\/05-12-preparai-os-caminhos-do-senhor-endireitai-suas-veredas\/#primaryimage","url":"https:\/\/unisale.com.br\/pastoral\/wp-content\/uploads\/2021\/11\/SEGUNDO-DOMINGO-DO-ADVENTO.png","contentUrl":"https:\/\/unisale.com.br\/pastoral\/wp-content\/uploads\/2021\/11\/SEGUNDO-DOMINGO-DO-ADVENTO.png","width":500,"height":500},{"@type":"WebSite","@id":"https:\/\/unisale.com.br\/pastoral\/#website","url":"https:\/\/unisale.com.br\/pastoral\/","name":"Pastoral Universit\u00e1ria UniSALESIANO","description":"Site da Pastoral Universit\u00e1ria do UniSALESIANO","potentialAction":[{"@type":"SearchAction","target":{"@type":"EntryPoint","urlTemplate":"https:\/\/unisale.com.br\/pastoral\/?s={search_term_string}"},"query-input":{"@type":"PropertyValueSpecification","valueRequired":true,"valueName":"search_term_string"}}],"inLanguage":"pt-BR"},{"@type":"Person","@id":"https:\/\/unisale.com.br\/pastoral\/#\/schema\/person\/492d3d7bfe53a8302576d39485aff2c4","name":"Luiz Alexandre Marinho Lanzoni","url":"https:\/\/unisale.com.br\/pastoral\/author\/luiz\/"}]}},"_links":{"self":[{"href":"https:\/\/unisale.com.br\/pastoral\/wp-json\/wp\/v2\/posts\/3361","targetHints":{"allow":["GET"]}}],"collection":[{"href":"https:\/\/unisale.com.br\/pastoral\/wp-json\/wp\/v2\/posts"}],"about":[{"href":"https:\/\/unisale.com.br\/pastoral\/wp-json\/wp\/v2\/types\/post"}],"author":[{"embeddable":true,"href":"https:\/\/unisale.com.br\/pastoral\/wp-json\/wp\/v2\/users\/6"}],"replies":[{"embeddable":true,"href":"https:\/\/unisale.com.br\/pastoral\/wp-json\/wp\/v2\/comments?post=3361"}],"version-history":[{"count":0,"href":"https:\/\/unisale.com.br\/pastoral\/wp-json\/wp\/v2\/posts\/3361\/revisions"}],"wp:featuredmedia":[{"embeddable":true,"href":"https:\/\/unisale.com.br\/pastoral\/wp-json\/wp\/v2\/media\/3308"}],"wp:attachment":[{"href":"https:\/\/unisale.com.br\/pastoral\/wp-json\/wp\/v2\/media?parent=3361"}],"wp:term":[{"taxonomy":"category","embeddable":true,"href":"https:\/\/unisale.com.br\/pastoral\/wp-json\/wp\/v2\/categories?post=3361"},{"taxonomy":"post_tag","embeddable":true,"href":"https:\/\/unisale.com.br\/pastoral\/wp-json\/wp\/v2\/tags?post=3361"}],"curies":[{"name":"wp","href":"https:\/\/api.w.org\/{rel}","templated":true}]}}