{"id":3386,"date":"2021-12-07T13:43:42","date_gmt":"2021-12-07T13:43:42","guid":{"rendered":"https:\/\/unisale.com.br\/pastoral\/?p=3386"},"modified":"2021-12-07T13:43:42","modified_gmt":"2021-12-07T13:43:42","slug":"colaboradores-do-unisalesiano-participam-de-palestra-com-o-tema-novembro-azul","status":"publish","type":"post","link":"https:\/\/unisale.com.br\/pastoral\/colaboradores-do-unisalesiano-participam-de-palestra-com-o-tema-novembro-azul\/","title":{"rendered":"Colaboradores do UniSALESIANO participam de palestra com o tema \u201cNovembro Azul\u201d"},"content":{"rendered":"<h3><span style=\"font-size: 18pt;\">No Brasil, o c\u00e2ncer de pr\u00f3stata \u00e9 o segundo mais comum entre os homens<\/span><\/h3>\n<p>A <strong>Pastoral Universit\u00e1ria<\/strong> e o <strong>Departamento de Recursos Humanos do UniSALESIANO<\/strong> promoveram a <strong>Forma\u00e7\u00e3o dos Colaboradores,<\/strong> no m\u00eas de novembro, com o tema <strong>\u201cNovembro Azul\u201d:<\/strong> um movimento mundial que acontece nesse per\u00edodo para refor\u00e7ar a import\u00e2ncia da preven\u00e7\u00e3o e do diagn\u00f3stico precoce do c\u00e2ncer de pr\u00f3stata.<\/p>\n<p>O evento foi realizado no dia 22 de novembro, no audit\u00f3rio Papa Francisco, com todas as medidas de seguran\u00e7a e higiene devido \u00e0 pandemia.<\/p>\n<p>O assunto foi abordado pelo <strong>urologista Jos\u00e9 Vinicius de Morais<\/strong>, que \u00e9 docente do<strong> Curso de Medicina do UniSALESIANO<\/strong>. O m\u00e9dico mostrou um panorama do c\u00e2ncer de pr\u00f3stata, rico em detalhes, e falou da import\u00e2ncia do rastreamento da doen\u00e7a.<\/p>\n<p>\u201cInsistimos na quest\u00e3o do rastreamento porque tudo o que descobrimos no come\u00e7o \u00e9 mais f\u00e1cil de tratar, com chances de recupera\u00e7\u00e3o e cura muito maiores. No primeiro est\u00e1gio da doen\u00e7a, 96% dos pacientes ficam bem. J\u00e1 no est\u00e1gio 5, a chance de cura \u00e9 muito pior, com tratamento mais agressivo\u201d, explicou o urologista.<\/p>\n<p>Segundo Morais, o rastreamento consiste nos exames de PSA e o toque do reto que, juntos, s\u00e3o capazes de aumentar a chance de diagn\u00f3stico precoce. \u201cIndicamos fazer o exame de rastreamento todos os homens a partir dos 50 anos. Pessoas da ra\u00e7a negra e com hist\u00f3rico na fam\u00edlia devem fazer os exames a partir de 45 anos\u201d, aconselhou.<\/p>\n<p><strong>PR\u00d3STATA<\/strong><\/p>\n<p>A pr\u00f3stata \u00e9 uma gl\u00e2ndula que s\u00f3 o homem possui e que se localiza na parte baixa do abd\u00f4men. Ela \u00e9 um \u00f3rg\u00e3o pequeno, tem a forma de ma\u00e7\u00e3 e se situa logo abaixo da bexiga e \u00e0 frente do reto (parte final do intestino grosso). A pr\u00f3stata envolve a por\u00e7\u00e3o inicial da uretra, tubo pelo qual a urina armazenada na bexiga \u00e9 eliminada. A pr\u00f3stata produz parte do s\u00eamen, l\u00edquido espesso que cont\u00e9m os espermatozoides, liberado durante o ato sexual.<\/p>\n<p>No Brasil, o c\u00e2ncer de pr\u00f3stata \u00e9 o segundo mais comum entre os homens. Em valores absolutos e considerando ambos os sexos, \u00e9 o segundo tipo mais comum. A taxa de incid\u00eancia \u00e9 maior nos pa\u00edses desenvolvidos em compara\u00e7\u00e3o aos pa\u00edses em desenvolvimento.<\/p>\n\n\t\t<style type=\"text\/css\">\n\t\t\t#gallery-1 {\n\t\t\t\tmargin: auto;\n\t\t\t}\n\t\t\t#gallery-1 .gallery-item {\n\t\t\t\tfloat: left;\n\t\t\t\tmargin-top: 10px;\n\t\t\t\ttext-align: center;\n\t\t\t\twidth: 25%;\n\t\t\t}\n\t\t\t#gallery-1 img {\n\t\t\t\tborder: 2px solid #cfcfcf;\n\t\t\t}\n\t\t\t#gallery-1 .gallery-caption {\n\t\t\t\tmargin-left: 0;\n\t\t\t}\n\t\t\t\/* see gallery_shortcode() in wp-includes\/media.php *\/\n\t\t<\/style>\n\t\t<div id='gallery-1' class='gallery galleryid-3386 gallery-columns-4 gallery-size-large'><dl class='gallery-item'>\n\t\t\t<dt class='gallery-icon landscape'>\n\t\t\t\t<a href='https:\/\/unisale.com.br\/pastoral\/colaboradores-do-unisalesiano-participam-de-palestra-com-o-tema-novembro-azul\/whatsapp-image-2021-11-30-at-15-43-16-1-1024x682\/'><img fetchpriority=\"high\" decoding=\"async\" width=\"751\" height=\"500\" src=\"https:\/\/unisale.com.br\/pastoral\/wp-content\/uploads\/2021\/12\/WhatsApp-Image-2021-11-30-at-15.43.16-1-1024x682-1.jpeg\" class=\"attachment-large size-large\" alt=\"\" srcset=\"https:\/\/unisale.com.br\/pastoral\/wp-content\/uploads\/2021\/12\/WhatsApp-Image-2021-11-30-at-15.43.16-1-1024x682-1.jpeg 751w, https:\/\/unisale.com.br\/pastoral\/wp-content\/uploads\/2021\/12\/WhatsApp-Image-2021-11-30-at-15.43.16-1-1024x682-1-300x200.jpeg 300w, https:\/\/unisale.com.br\/pastoral\/wp-content\/uploads\/2021\/12\/WhatsApp-Image-2021-11-30-at-15.43.16-1-1024x682-1-768x512.jpeg 768w, https:\/\/unisale.com.br\/pastoral\/wp-content\/uploads\/2021\/12\/WhatsApp-Image-2021-11-30-at-15.43.16-1-1024x682-1-930x620.jpeg 930w\" sizes=\"(max-width: 751px) 100vw, 751px\" \/><\/a>\n\t\t\t<\/dt><\/dl><dl class='gallery-item'>\n\t\t\t<dt class='gallery-icon landscape'>\n\t\t\t\t<a href='https:\/\/unisale.com.br\/pastoral\/colaboradores-do-unisalesiano-participam-de-palestra-com-o-tema-novembro-azul\/whatsapp-image-2021-11-30-at-15-43-16-2-1024x682\/'><img decoding=\"async\" width=\"751\" height=\"500\" src=\"https:\/\/unisale.com.br\/pastoral\/wp-content\/uploads\/2021\/12\/WhatsApp-Image-2021-11-30-at-15.43.16-2-1024x682-1.jpeg\" class=\"attachment-large size-large\" alt=\"\" srcset=\"https:\/\/unisale.com.br\/pastoral\/wp-content\/uploads\/2021\/12\/WhatsApp-Image-2021-11-30-at-15.43.16-2-1024x682-1.jpeg 751w, https:\/\/unisale.com.br\/pastoral\/wp-content\/uploads\/2021\/12\/WhatsApp-Image-2021-11-30-at-15.43.16-2-1024x682-1-300x200.jpeg 300w, https:\/\/unisale.com.br\/pastoral\/wp-content\/uploads\/2021\/12\/WhatsApp-Image-2021-11-30-at-15.43.16-2-1024x682-1-768x512.jpeg 768w, https:\/\/unisale.com.br\/pastoral\/wp-content\/uploads\/2021\/12\/WhatsApp-Image-2021-11-30-at-15.43.16-2-1024x682-1-930x620.jpeg 930w\" sizes=\"(max-width: 751px) 100vw, 751px\" \/><\/a>\n\t\t\t<\/dt><\/dl><dl class='gallery-item'>\n\t\t\t<dt class='gallery-icon landscape'>\n\t\t\t\t<a href='https:\/\/unisale.com.br\/pastoral\/colaboradores-do-unisalesiano-participam-de-palestra-com-o-tema-novembro-azul\/whatsapp-image-2021-11-30-at-15-43-16-3-1024x682\/'><img decoding=\"async\" width=\"751\" height=\"500\" src=\"https:\/\/unisale.com.br\/pastoral\/wp-content\/uploads\/2021\/12\/WhatsApp-Image-2021-11-30-at-15.43.16-3-1024x682-1.jpeg\" class=\"attachment-large size-large\" alt=\"\" srcset=\"https:\/\/unisale.com.br\/pastoral\/wp-content\/uploads\/2021\/12\/WhatsApp-Image-2021-11-30-at-15.43.16-3-1024x682-1.jpeg 751w, https:\/\/unisale.com.br\/pastoral\/wp-content\/uploads\/2021\/12\/WhatsApp-Image-2021-11-30-at-15.43.16-3-1024x682-1-300x200.jpeg 300w, https:\/\/unisale.com.br\/pastoral\/wp-content\/uploads\/2021\/12\/WhatsApp-Image-2021-11-30-at-15.43.16-3-1024x682-1-768x512.jpeg 768w, https:\/\/unisale.com.br\/pastoral\/wp-content\/uploads\/2021\/12\/WhatsApp-Image-2021-11-30-at-15.43.16-3-1024x682-1-930x620.jpeg 930w\" sizes=\"(max-width: 751px) 100vw, 751px\" \/><\/a>\n\t\t\t<\/dt><\/dl><dl class='gallery-item'>\n\t\t\t<dt class='gallery-icon landscape'>\n\t\t\t\t<a href='https:\/\/unisale.com.br\/pastoral\/colaboradores-do-unisalesiano-participam-de-palestra-com-o-tema-novembro-azul\/whatsapp-image-2021-11-30-at-15-43-17-1024x682\/'><img loading=\"lazy\" decoding=\"async\" width=\"751\" height=\"500\" src=\"https:\/\/unisale.com.br\/pastoral\/wp-content\/uploads\/2021\/12\/WhatsApp-Image-2021-11-30-at-15.43.17-1024x682-1.jpeg\" class=\"attachment-large size-large\" alt=\"\" srcset=\"https:\/\/unisale.com.br\/pastoral\/wp-content\/uploads\/2021\/12\/WhatsApp-Image-2021-11-30-at-15.43.17-1024x682-1.jpeg 751w, https:\/\/unisale.com.br\/pastoral\/wp-content\/uploads\/2021\/12\/WhatsApp-Image-2021-11-30-at-15.43.17-1024x682-1-300x200.jpeg 300w, https:\/\/unisale.com.br\/pastoral\/wp-content\/uploads\/2021\/12\/WhatsApp-Image-2021-11-30-at-15.43.17-1024x682-1-768x512.jpeg 768w, https:\/\/unisale.com.br\/pastoral\/wp-content\/uploads\/2021\/12\/WhatsApp-Image-2021-11-30-at-15.43.17-1024x682-1-930x620.jpeg 930w\" sizes=\"(max-width: 751px) 100vw, 751px\" \/><\/a>\n\t\t\t<\/dt><\/dl><br style=\"clear: both\" \/>\n\t\t<\/div>\n\n","protected":false},"excerpt":{"rendered":"<p>No Brasil, o c\u00e2ncer de pr\u00f3stata \u00e9 o segundo mais comum entre os homens A Pastoral Universit\u00e1ria e o Departamento de Recursos Humanos do UniSALESIANO&#8230;<\/p>\n","protected":false},"author":6,"featured_media":3389,"comment_status":"closed","ping_status":"closed","sticky":false,"template":"","format":"standard","meta":{"_acf_changed":false,"footnotes":""},"categories":[3],"tags":[],"class_list":["post-3386","post","type-post","status-publish","format-standard","has-post-thumbnail","hentry","category-not"],"acf":[],"yoast_head":"<!-- This site is optimized with the Yoast SEO plugin v27.3 - https:\/\/yoast.com\/product\/yoast-seo-wordpress\/ -->\n<title>Colaboradores do UniSALESIANO participam de palestra com o tema \u201cNovembro Azul\u201d - Pastoral Universit\u00e1ria UniSALESIANO<\/title>\n<meta name=\"robots\" content=\"index, follow, max-snippet:-1, max-image-preview:large, max-video-preview:-1\" \/>\n<link rel=\"canonical\" href=\"https:\/\/unisale.com.br\/novo\/colaboradores-do-unisalesiano-participam-de-palestra-com-o-tema-novembro-azul\/\" \/>\n<meta property=\"og:locale\" content=\"pt_BR\" \/>\n<meta property=\"og:type\" content=\"article\" \/>\n<meta property=\"og:title\" content=\"Colaboradores do UniSALESIANO participam de palestra com o tema \u201cNovembro Azul\u201d - Pastoral Universit\u00e1ria UniSALESIANO\" \/>\n<meta property=\"og:description\" content=\"No Brasil, o c\u00e2ncer de pr\u00f3stata \u00e9 o segundo mais comum entre os homens A Pastoral Universit\u00e1ria e o Departamento de Recursos Humanos do UniSALESIANO...\" \/>\n<meta property=\"og:url\" content=\"https:\/\/unisale.com.br\/novo\/colaboradores-do-unisalesiano-participam-de-palestra-com-o-tema-novembro-azul\/\" \/>\n<meta property=\"og:site_name\" content=\"Pastoral Universit\u00e1ria UniSALESIANO\" \/>\n<meta property=\"article:published_time\" content=\"2021-12-07T13:43:42+00:00\" \/>\n<meta property=\"og:image\" content=\"https:\/\/unisale.com.br\/novo\/wp-content\/uploads\/2021\/12\/WhatsApp-Image-2021-11-30-at-15.43.16-3-1024x682-1.jpeg\" \/>\n\t<meta property=\"og:image:width\" content=\"1024\" \/>\n\t<meta property=\"og:image:height\" content=\"682\" \/>\n\t<meta property=\"og:image:type\" content=\"image\/jpeg\" \/>\n<meta name=\"author\" content=\"Luiz Alexandre Marinho Lanzoni\" \/>\n<meta name=\"twitter:card\" content=\"summary_large_image\" \/>\n<meta name=\"twitter:label1\" content=\"Escrito por\" \/>\n\t<meta name=\"twitter:data1\" content=\"Luiz Alexandre Marinho Lanzoni\" \/>\n\t<meta name=\"twitter:label2\" content=\"Est. tempo de leitura\" \/>\n\t<meta name=\"twitter:data2\" content=\"2 minutos\" \/>\n<script type=\"application\/ld+json\" class=\"yoast-schema-graph\">{\"@context\":\"https:\\\/\\\/schema.org\",\"@graph\":[{\"@type\":\"Article\",\"@id\":\"https:\\\/\\\/unisale.com.br\\\/novo\\\/colaboradores-do-unisalesiano-participam-de-palestra-com-o-tema-novembro-azul\\\/#article\",\"isPartOf\":{\"@id\":\"https:\\\/\\\/unisale.com.br\\\/novo\\\/colaboradores-do-unisalesiano-participam-de-palestra-com-o-tema-novembro-azul\\\/\"},\"author\":{\"name\":\"Luiz Alexandre Marinho Lanzoni\",\"@id\":\"https:\\\/\\\/unisale.com.br\\\/pastoral\\\/#\\\/schema\\\/person\\\/492d3d7bfe53a8302576d39485aff2c4\"},\"headline\":\"Colaboradores do UniSALESIANO participam de palestra com o tema \u201cNovembro Azul\u201d\",\"datePublished\":\"2021-12-07T13:43:42+00:00\",\"mainEntityOfPage\":{\"@id\":\"https:\\\/\\\/unisale.com.br\\\/novo\\\/colaboradores-do-unisalesiano-participam-de-palestra-com-o-tema-novembro-azul\\\/\"},\"wordCount\":406,\"image\":{\"@id\":\"https:\\\/\\\/unisale.com.br\\\/novo\\\/colaboradores-do-unisalesiano-participam-de-palestra-com-o-tema-novembro-azul\\\/#primaryimage\"},\"thumbnailUrl\":\"https:\\\/\\\/unisale.com.br\\\/pastoral\\\/wp-content\\\/uploads\\\/2021\\\/12\\\/WhatsApp-Image-2021-11-30-at-15.43.16-3-1024x682-1.jpeg\",\"articleSection\":[\"Not\u00edcias\"],\"inLanguage\":\"pt-BR\"},{\"@type\":\"WebPage\",\"@id\":\"https:\\\/\\\/unisale.com.br\\\/novo\\\/colaboradores-do-unisalesiano-participam-de-palestra-com-o-tema-novembro-azul\\\/\",\"url\":\"https:\\\/\\\/unisale.com.br\\\/novo\\\/colaboradores-do-unisalesiano-participam-de-palestra-com-o-tema-novembro-azul\\\/\",\"name\":\"Colaboradores do UniSALESIANO participam de palestra com o tema \u201cNovembro Azul\u201d - Pastoral Universit\u00e1ria UniSALESIANO\",\"isPartOf\":{\"@id\":\"https:\\\/\\\/unisale.com.br\\\/pastoral\\\/#website\"},\"primaryImageOfPage\":{\"@id\":\"https:\\\/\\\/unisale.com.br\\\/novo\\\/colaboradores-do-unisalesiano-participam-de-palestra-com-o-tema-novembro-azul\\\/#primaryimage\"},\"image\":{\"@id\":\"https:\\\/\\\/unisale.com.br\\\/novo\\\/colaboradores-do-unisalesiano-participam-de-palestra-com-o-tema-novembro-azul\\\/#primaryimage\"},\"thumbnailUrl\":\"https:\\\/\\\/unisale.com.br\\\/pastoral\\\/wp-content\\\/uploads\\\/2021\\\/12\\\/WhatsApp-Image-2021-11-30-at-15.43.16-3-1024x682-1.jpeg\",\"datePublished\":\"2021-12-07T13:43:42+00:00\",\"author\":{\"@id\":\"https:\\\/\\\/unisale.com.br\\\/pastoral\\\/#\\\/schema\\\/person\\\/492d3d7bfe53a8302576d39485aff2c4\"},\"inLanguage\":\"pt-BR\",\"potentialAction\":[{\"@type\":\"ReadAction\",\"target\":[\"https:\\\/\\\/unisale.com.br\\\/novo\\\/colaboradores-do-unisalesiano-participam-de-palestra-com-o-tema-novembro-azul\\\/\"]}]},{\"@type\":\"ImageObject\",\"inLanguage\":\"pt-BR\",\"@id\":\"https:\\\/\\\/unisale.com.br\\\/novo\\\/colaboradores-do-unisalesiano-participam-de-palestra-com-o-tema-novembro-azul\\\/#primaryimage\",\"url\":\"https:\\\/\\\/unisale.com.br\\\/pastoral\\\/wp-content\\\/uploads\\\/2021\\\/12\\\/WhatsApp-Image-2021-11-30-at-15.43.16-3-1024x682-1.jpeg\",\"contentUrl\":\"https:\\\/\\\/unisale.com.br\\\/pastoral\\\/wp-content\\\/uploads\\\/2021\\\/12\\\/WhatsApp-Image-2021-11-30-at-15.43.16-3-1024x682-1.jpeg\",\"width\":751,\"height\":500},{\"@type\":\"WebSite\",\"@id\":\"https:\\\/\\\/unisale.com.br\\\/pastoral\\\/#website\",\"url\":\"https:\\\/\\\/unisale.com.br\\\/pastoral\\\/\",\"name\":\"Pastoral Universit\u00e1ria UniSALESIANO\",\"description\":\"Site da Pastoral Universit\u00e1ria do UniSALESIANO\",\"potentialAction\":[{\"@type\":\"SearchAction\",\"target\":{\"@type\":\"EntryPoint\",\"urlTemplate\":\"https:\\\/\\\/unisale.com.br\\\/pastoral\\\/?s={search_term_string}\"},\"query-input\":{\"@type\":\"PropertyValueSpecification\",\"valueRequired\":true,\"valueName\":\"search_term_string\"}}],\"inLanguage\":\"pt-BR\"},{\"@type\":\"Person\",\"@id\":\"https:\\\/\\\/unisale.com.br\\\/pastoral\\\/#\\\/schema\\\/person\\\/492d3d7bfe53a8302576d39485aff2c4\",\"name\":\"Luiz Alexandre Marinho Lanzoni\",\"url\":\"https:\\\/\\\/unisale.com.br\\\/pastoral\\\/author\\\/luiz\\\/\"}]}<\/script>\n<!-- \/ Yoast SEO plugin. -->","yoast_head_json":{"title":"Colaboradores do UniSALESIANO participam de palestra com o tema \u201cNovembro Azul\u201d - Pastoral Universit\u00e1ria UniSALESIANO","robots":{"index":"index","follow":"follow","max-snippet":"max-snippet:-1","max-image-preview":"max-image-preview:large","max-video-preview":"max-video-preview:-1"},"canonical":"https:\/\/unisale.com.br\/novo\/colaboradores-do-unisalesiano-participam-de-palestra-com-o-tema-novembro-azul\/","og_locale":"pt_BR","og_type":"article","og_title":"Colaboradores do UniSALESIANO participam de palestra com o tema \u201cNovembro Azul\u201d - Pastoral Universit\u00e1ria UniSALESIANO","og_description":"No Brasil, o c\u00e2ncer de pr\u00f3stata \u00e9 o segundo mais comum entre os homens A Pastoral Universit\u00e1ria e o Departamento de Recursos Humanos do UniSALESIANO...","og_url":"https:\/\/unisale.com.br\/novo\/colaboradores-do-unisalesiano-participam-de-palestra-com-o-tema-novembro-azul\/","og_site_name":"Pastoral Universit\u00e1ria UniSALESIANO","article_published_time":"2021-12-07T13:43:42+00:00","og_image":[{"width":1024,"height":682,"url":"https:\/\/unisale.com.br\/novo\/wp-content\/uploads\/2021\/12\/WhatsApp-Image-2021-11-30-at-15.43.16-3-1024x682-1.jpeg","type":"image\/jpeg"}],"author":"Luiz Alexandre Marinho Lanzoni","twitter_card":"summary_large_image","twitter_misc":{"Escrito por":"Luiz Alexandre Marinho Lanzoni","Est. tempo de leitura":"2 minutos"},"schema":{"@context":"https:\/\/schema.org","@graph":[{"@type":"Article","@id":"https:\/\/unisale.com.br\/novo\/colaboradores-do-unisalesiano-participam-de-palestra-com-o-tema-novembro-azul\/#article","isPartOf":{"@id":"https:\/\/unisale.com.br\/novo\/colaboradores-do-unisalesiano-participam-de-palestra-com-o-tema-novembro-azul\/"},"author":{"name":"Luiz Alexandre Marinho Lanzoni","@id":"https:\/\/unisale.com.br\/pastoral\/#\/schema\/person\/492d3d7bfe53a8302576d39485aff2c4"},"headline":"Colaboradores do UniSALESIANO participam de palestra com o tema \u201cNovembro Azul\u201d","datePublished":"2021-12-07T13:43:42+00:00","mainEntityOfPage":{"@id":"https:\/\/unisale.com.br\/novo\/colaboradores-do-unisalesiano-participam-de-palestra-com-o-tema-novembro-azul\/"},"wordCount":406,"image":{"@id":"https:\/\/unisale.com.br\/novo\/colaboradores-do-unisalesiano-participam-de-palestra-com-o-tema-novembro-azul\/#primaryimage"},"thumbnailUrl":"https:\/\/unisale.com.br\/pastoral\/wp-content\/uploads\/2021\/12\/WhatsApp-Image-2021-11-30-at-15.43.16-3-1024x682-1.jpeg","articleSection":["Not\u00edcias"],"inLanguage":"pt-BR"},{"@type":"WebPage","@id":"https:\/\/unisale.com.br\/novo\/colaboradores-do-unisalesiano-participam-de-palestra-com-o-tema-novembro-azul\/","url":"https:\/\/unisale.com.br\/novo\/colaboradores-do-unisalesiano-participam-de-palestra-com-o-tema-novembro-azul\/","name":"Colaboradores do UniSALESIANO participam de palestra com o tema \u201cNovembro Azul\u201d - Pastoral Universit\u00e1ria UniSALESIANO","isPartOf":{"@id":"https:\/\/unisale.com.br\/pastoral\/#website"},"primaryImageOfPage":{"@id":"https:\/\/unisale.com.br\/novo\/colaboradores-do-unisalesiano-participam-de-palestra-com-o-tema-novembro-azul\/#primaryimage"},"image":{"@id":"https:\/\/unisale.com.br\/novo\/colaboradores-do-unisalesiano-participam-de-palestra-com-o-tema-novembro-azul\/#primaryimage"},"thumbnailUrl":"https:\/\/unisale.com.br\/pastoral\/wp-content\/uploads\/2021\/12\/WhatsApp-Image-2021-11-30-at-15.43.16-3-1024x682-1.jpeg","datePublished":"2021-12-07T13:43:42+00:00","author":{"@id":"https:\/\/unisale.com.br\/pastoral\/#\/schema\/person\/492d3d7bfe53a8302576d39485aff2c4"},"inLanguage":"pt-BR","potentialAction":[{"@type":"ReadAction","target":["https:\/\/unisale.com.br\/novo\/colaboradores-do-unisalesiano-participam-de-palestra-com-o-tema-novembro-azul\/"]}]},{"@type":"ImageObject","inLanguage":"pt-BR","@id":"https:\/\/unisale.com.br\/novo\/colaboradores-do-unisalesiano-participam-de-palestra-com-o-tema-novembro-azul\/#primaryimage","url":"https:\/\/unisale.com.br\/pastoral\/wp-content\/uploads\/2021\/12\/WhatsApp-Image-2021-11-30-at-15.43.16-3-1024x682-1.jpeg","contentUrl":"https:\/\/unisale.com.br\/pastoral\/wp-content\/uploads\/2021\/12\/WhatsApp-Image-2021-11-30-at-15.43.16-3-1024x682-1.jpeg","width":751,"height":500},{"@type":"WebSite","@id":"https:\/\/unisale.com.br\/pastoral\/#website","url":"https:\/\/unisale.com.br\/pastoral\/","name":"Pastoral Universit\u00e1ria UniSALESIANO","description":"Site da Pastoral Universit\u00e1ria do UniSALESIANO","potentialAction":[{"@type":"SearchAction","target":{"@type":"EntryPoint","urlTemplate":"https:\/\/unisale.com.br\/pastoral\/?s={search_term_string}"},"query-input":{"@type":"PropertyValueSpecification","valueRequired":true,"valueName":"search_term_string"}}],"inLanguage":"pt-BR"},{"@type":"Person","@id":"https:\/\/unisale.com.br\/pastoral\/#\/schema\/person\/492d3d7bfe53a8302576d39485aff2c4","name":"Luiz Alexandre Marinho Lanzoni","url":"https:\/\/unisale.com.br\/pastoral\/author\/luiz\/"}]}},"_links":{"self":[{"href":"https:\/\/unisale.com.br\/pastoral\/wp-json\/wp\/v2\/posts\/3386","targetHints":{"allow":["GET"]}}],"collection":[{"href":"https:\/\/unisale.com.br\/pastoral\/wp-json\/wp\/v2\/posts"}],"about":[{"href":"https:\/\/unisale.com.br\/pastoral\/wp-json\/wp\/v2\/types\/post"}],"author":[{"embeddable":true,"href":"https:\/\/unisale.com.br\/pastoral\/wp-json\/wp\/v2\/users\/6"}],"replies":[{"embeddable":true,"href":"https:\/\/unisale.com.br\/pastoral\/wp-json\/wp\/v2\/comments?post=3386"}],"version-history":[{"count":0,"href":"https:\/\/unisale.com.br\/pastoral\/wp-json\/wp\/v2\/posts\/3386\/revisions"}],"wp:featuredmedia":[{"embeddable":true,"href":"https:\/\/unisale.com.br\/pastoral\/wp-json\/wp\/v2\/media\/3389"}],"wp:attachment":[{"href":"https:\/\/unisale.com.br\/pastoral\/wp-json\/wp\/v2\/media?parent=3386"}],"wp:term":[{"taxonomy":"category","embeddable":true,"href":"https:\/\/unisale.com.br\/pastoral\/wp-json\/wp\/v2\/categories?post=3386"},{"taxonomy":"post_tag","embeddable":true,"href":"https:\/\/unisale.com.br\/pastoral\/wp-json\/wp\/v2\/tags?post=3386"}],"curies":[{"name":"wp","href":"https:\/\/api.w.org\/{rel}","templated":true}]}}