{"id":3466,"date":"2021-12-15T11:18:37","date_gmt":"2021-12-15T11:18:37","guid":{"rendered":"https:\/\/unisale.com.br\/pastoral\/?p=3466"},"modified":"2021-12-15T11:18:37","modified_gmt":"2021-12-15T11:18:37","slug":"20-12-alegra-te-cheia-de-graca-o-senhor-esta-contigo","status":"publish","type":"post","link":"https:\/\/unisale.com.br\/pastoral\/20-12-alegra-te-cheia-de-graca-o-senhor-esta-contigo\/","title":{"rendered":"20\/12 &#8211; Alegra-te, cheia de gra\u00e7a, o Senhor est\u00e1 contigo!"},"content":{"rendered":"<p>Segunda-feira, 20 de dezembro de 2021.<\/p>\n<p>&nbsp;<\/p>\n<p>Evangelho (Lc 1,26-38)<\/p>\n<p>&nbsp;<\/p>\n<p><strong>\u201cAlegra-te, cheia de gra\u00e7a, o Senhor est\u00e1 contigo!\u201d<\/strong><\/p>\n<p>&nbsp;<\/p>\n<p><sup>26<\/sup>No sexto m\u00eas, o anjo Gabriel foi enviado por Deus a uma cidade da Galileia, chamada Nazar\u00e9, <sup>27<\/sup>a uma virgem, prometida em casamento a um homem chamado Jos\u00e9. Ele era descendente de Davi e o nome da Virgem era Maria. <sup>28<\/sup>O anjo entrou onde ela estava e disse: \u201cAlegra-te, cheia de gra\u00e7a, o Senhor est\u00e1 contigo!\u201d <sup>29<\/sup>Maria ficou perturbada com estas palavras e come\u00e7ou a pensar qual seria o significado da sauda\u00e7\u00e3o. <sup>30<\/sup>O anjo ent\u00e3o disse-lhe: \u201cN\u00e3o tenhas medo, Maria, porque encontraste gra\u00e7a diante de Deus. <sup>31<\/sup>Eis que conceber\u00e1s e dar\u00e1s \u00e0 luz um filho, a quem por\u00e1s o nome de Jesus. <sup>32<\/sup>Ele ser\u00e1 grande, ser\u00e1 chamado Filho do Alt\u00edssimo, e o Senhor Deus lhe dar\u00e1 o trono de seu pai Davi. <sup>33<\/sup>Ele reinar\u00e1 para sempre sobre os descendentes de Jac\u00f3, e o seu reino n\u00e3o ter\u00e1 fim\u201d. <sup>34<\/sup>Maria perguntou ao anjo: \u201cComo acontecer\u00e1 isso, se eu n\u00e3o conhe\u00e7o homem algum?\u201d <sup>35<\/sup>O anjo respondeu: \u201cO Esp\u00edrito vir\u00e1 sobre ti, e o poder do Alt\u00edssimo te cobrir\u00e1 com a sua sombra. Por isso, o menino que vai nascer ser\u00e1 chamado Santo, Filho de Deus. <sup>36<\/sup>Tamb\u00e9m Isabel, tua parenta, concebeu um filho na velhice. Este j\u00e1 \u00e9 o sexto m\u00eas daquela que era considerada est\u00e9ril, <sup>37<\/sup>porque para Deus nada \u00e9 imposs\u00edvel\u201d. <sup>38<\/sup>Maria, ent\u00e3o, disse: \u201cEis aqui a serva do Senhor, fa\u00e7a-se em mim segundo a tua palavra!\u201d E o anjo retirou-se.<\/p>\n<p>&nbsp;<\/p>\n<p><strong>Reflex\u00e3o<\/strong><\/p>\n<p>&nbsp;<\/p>\n<p>\u201cAlegra-te, cheia de gra\u00e7a, o Senhor est\u00e1 contigo!\u201d<\/p>\n<p>Com esta sauda\u00e7\u00e3o jubilosa n\u00f3s entendemos que Maria deve se alegrar porque o Senhor est\u00e1 n\u2019Ela. Maria \u00e9 chamada a proclamar ao mundo o que o Senhor realiza nos pobres que confiam no Seu amor. O anjo anuncia que Maria ser\u00e1 a M\u00e3e do Filho de Deus, Jesus, o Messias esperado, destinado a reinar eternamente. E Maria questiona, e, ao seu questionamento, o anjo responde que sobre Maria pousou a Sombra do Alt\u00edssimo, ou seja, em Maria est\u00e1 presente Deus. Mas o questionamento n\u00e3o a impediu de dizer \u201cSim\u201d, pois ela confia e o fruto desta confian\u00e7a \u00e9 a sua participa\u00e7\u00e3o no projeto de Deus, considerando-o a coisa mais bela da qual pudesse participar e que lhe pudesse acontecer. O anjo ouve o sim de Maria e depois se distancia. O sim de Maria faz dela um sinal de esperan\u00e7a para o mundo inteiro e para cada hist\u00f3ria humana. A esperan\u00e7a do Evangelho \u00e9 sempre aquela que Deus n\u00e3o seja um rosto do qual se esconder, nem um conceito a se perder, mas Algu\u00e9m com quem construir juntos o sonho de uma partilha de humanidade. O v\u00e9rtice desta esperan\u00e7a \u00e9 a descoberta que a nossa vida, assim como ela \u00e9 realmente, pode ser uma tenda capaz de acolher e gerar um acesso de vida e de vitalidade na qual se revela o grande mist\u00e9rio do Emanuel: \u201cDeus est\u00e1 no meio de n\u00f3s!\u201d.<\/p>\n<p>&nbsp;<\/p>\n<p><strong>Pe. Paulo Eduardo J\u00e1como, sdb.<\/strong><\/p>\n","protected":false},"excerpt":{"rendered":"<p>Segunda-feira, 20 de dezembro de 2021. &nbsp; Evangelho (Lc 1,26-38) &nbsp; \u201cAlegra-te, cheia de gra\u00e7a, o Senhor est\u00e1 contigo!\u201d &nbsp; 26No sexto m\u00eas, o anjo&#8230;<\/p>\n","protected":false},"author":6,"featured_media":3462,"comment_status":"closed","ping_status":"closed","sticky":false,"template":"","format":"standard","meta":{"_acf_changed":false,"footnotes":""},"categories":[13],"tags":[],"class_list":["post-3466","post","type-post","status-publish","format-standard","has-post-thumbnail","hentry","category-reflexaodoevagelho"],"acf":[],"yoast_head":"<!-- This site is optimized with the Yoast SEO plugin v27.3 - https:\/\/yoast.com\/product\/yoast-seo-wordpress\/ -->\n<title>20\/12 - Alegra-te, cheia de gra\u00e7a, o Senhor est\u00e1 contigo! - Pastoral Universit\u00e1ria UniSALESIANO<\/title>\n<meta name=\"robots\" content=\"index, follow, max-snippet:-1, max-image-preview:large, max-video-preview:-1\" \/>\n<link rel=\"canonical\" href=\"https:\/\/unisale.com.br\/novo\/20-12-alegra-te-cheia-de-graca-o-senhor-esta-contigo\/\" \/>\n<meta property=\"og:locale\" content=\"pt_BR\" \/>\n<meta property=\"og:type\" content=\"article\" \/>\n<meta property=\"og:title\" content=\"20\/12 - Alegra-te, cheia de gra\u00e7a, o Senhor est\u00e1 contigo! - Pastoral Universit\u00e1ria UniSALESIANO\" \/>\n<meta property=\"og:description\" content=\"Segunda-feira, 20 de dezembro de 2021. &nbsp; Evangelho (Lc 1,26-38) &nbsp; \u201cAlegra-te, cheia de gra\u00e7a, o Senhor est\u00e1 contigo!\u201d &nbsp; 26No sexto m\u00eas, o anjo...\" \/>\n<meta property=\"og:url\" content=\"https:\/\/unisale.com.br\/novo\/20-12-alegra-te-cheia-de-graca-o-senhor-esta-contigo\/\" \/>\n<meta property=\"og:site_name\" content=\"Pastoral Universit\u00e1ria UniSALESIANO\" \/>\n<meta property=\"article:published_time\" content=\"2021-12-15T11:18:37+00:00\" \/>\n<meta property=\"og:image\" content=\"https:\/\/unisale.com.br\/novo\/wp-content\/uploads\/2021\/12\/Ev-20.jpg\" \/>\n\t<meta property=\"og:image:width\" content=\"640\" \/>\n\t<meta property=\"og:image:height\" content=\"300\" \/>\n\t<meta property=\"og:image:type\" content=\"image\/jpeg\" \/>\n<meta name=\"author\" content=\"Luiz Alexandre Marinho Lanzoni\" \/>\n<meta name=\"twitter:card\" content=\"summary_large_image\" \/>\n<meta name=\"twitter:label1\" content=\"Escrito por\" \/>\n\t<meta name=\"twitter:data1\" content=\"Luiz Alexandre Marinho Lanzoni\" \/>\n\t<meta name=\"twitter:label2\" content=\"Est. tempo de leitura\" \/>\n\t<meta name=\"twitter:data2\" content=\"3 minutos\" \/>\n<script type=\"application\/ld+json\" class=\"yoast-schema-graph\">{\"@context\":\"https:\\\/\\\/schema.org\",\"@graph\":[{\"@type\":\"Article\",\"@id\":\"https:\\\/\\\/unisale.com.br\\\/novo\\\/20-12-alegra-te-cheia-de-graca-o-senhor-esta-contigo\\\/#article\",\"isPartOf\":{\"@id\":\"https:\\\/\\\/unisale.com.br\\\/novo\\\/20-12-alegra-te-cheia-de-graca-o-senhor-esta-contigo\\\/\"},\"author\":{\"name\":\"Luiz Alexandre Marinho Lanzoni\",\"@id\":\"https:\\\/\\\/unisale.com.br\\\/pastoral\\\/#\\\/schema\\\/person\\\/492d3d7bfe53a8302576d39485aff2c4\"},\"headline\":\"20\\\/12 &#8211; Alegra-te, cheia de gra\u00e7a, o Senhor est\u00e1 contigo!\",\"datePublished\":\"2021-12-15T11:18:37+00:00\",\"mainEntityOfPage\":{\"@id\":\"https:\\\/\\\/unisale.com.br\\\/novo\\\/20-12-alegra-te-cheia-de-graca-o-senhor-esta-contigo\\\/\"},\"wordCount\":541,\"image\":{\"@id\":\"https:\\\/\\\/unisale.com.br\\\/novo\\\/20-12-alegra-te-cheia-de-graca-o-senhor-esta-contigo\\\/#primaryimage\"},\"thumbnailUrl\":\"https:\\\/\\\/unisale.com.br\\\/pastoral\\\/wp-content\\\/uploads\\\/2021\\\/12\\\/Ev-20.jpg\",\"articleSection\":[\"Reflex\u00e3o do Evangelho\"],\"inLanguage\":\"pt-BR\"},{\"@type\":\"WebPage\",\"@id\":\"https:\\\/\\\/unisale.com.br\\\/novo\\\/20-12-alegra-te-cheia-de-graca-o-senhor-esta-contigo\\\/\",\"url\":\"https:\\\/\\\/unisale.com.br\\\/novo\\\/20-12-alegra-te-cheia-de-graca-o-senhor-esta-contigo\\\/\",\"name\":\"20\\\/12 - Alegra-te, cheia de gra\u00e7a, o Senhor est\u00e1 contigo! - Pastoral Universit\u00e1ria UniSALESIANO\",\"isPartOf\":{\"@id\":\"https:\\\/\\\/unisale.com.br\\\/pastoral\\\/#website\"},\"primaryImageOfPage\":{\"@id\":\"https:\\\/\\\/unisale.com.br\\\/novo\\\/20-12-alegra-te-cheia-de-graca-o-senhor-esta-contigo\\\/#primaryimage\"},\"image\":{\"@id\":\"https:\\\/\\\/unisale.com.br\\\/novo\\\/20-12-alegra-te-cheia-de-graca-o-senhor-esta-contigo\\\/#primaryimage\"},\"thumbnailUrl\":\"https:\\\/\\\/unisale.com.br\\\/pastoral\\\/wp-content\\\/uploads\\\/2021\\\/12\\\/Ev-20.jpg\",\"datePublished\":\"2021-12-15T11:18:37+00:00\",\"author\":{\"@id\":\"https:\\\/\\\/unisale.com.br\\\/pastoral\\\/#\\\/schema\\\/person\\\/492d3d7bfe53a8302576d39485aff2c4\"},\"inLanguage\":\"pt-BR\",\"potentialAction\":[{\"@type\":\"ReadAction\",\"target\":[\"https:\\\/\\\/unisale.com.br\\\/novo\\\/20-12-alegra-te-cheia-de-graca-o-senhor-esta-contigo\\\/\"]}]},{\"@type\":\"ImageObject\",\"inLanguage\":\"pt-BR\",\"@id\":\"https:\\\/\\\/unisale.com.br\\\/novo\\\/20-12-alegra-te-cheia-de-graca-o-senhor-esta-contigo\\\/#primaryimage\",\"url\":\"https:\\\/\\\/unisale.com.br\\\/pastoral\\\/wp-content\\\/uploads\\\/2021\\\/12\\\/Ev-20.jpg\",\"contentUrl\":\"https:\\\/\\\/unisale.com.br\\\/pastoral\\\/wp-content\\\/uploads\\\/2021\\\/12\\\/Ev-20.jpg\",\"width\":640,\"height\":300},{\"@type\":\"WebSite\",\"@id\":\"https:\\\/\\\/unisale.com.br\\\/pastoral\\\/#website\",\"url\":\"https:\\\/\\\/unisale.com.br\\\/pastoral\\\/\",\"name\":\"Pastoral Universit\u00e1ria UniSALESIANO\",\"description\":\"Site da Pastoral Universit\u00e1ria do UniSALESIANO\",\"potentialAction\":[{\"@type\":\"SearchAction\",\"target\":{\"@type\":\"EntryPoint\",\"urlTemplate\":\"https:\\\/\\\/unisale.com.br\\\/pastoral\\\/?s={search_term_string}\"},\"query-input\":{\"@type\":\"PropertyValueSpecification\",\"valueRequired\":true,\"valueName\":\"search_term_string\"}}],\"inLanguage\":\"pt-BR\"},{\"@type\":\"Person\",\"@id\":\"https:\\\/\\\/unisale.com.br\\\/pastoral\\\/#\\\/schema\\\/person\\\/492d3d7bfe53a8302576d39485aff2c4\",\"name\":\"Luiz Alexandre Marinho Lanzoni\",\"url\":\"https:\\\/\\\/unisale.com.br\\\/pastoral\\\/author\\\/luiz\\\/\"}]}<\/script>\n<!-- \/ Yoast SEO plugin. -->","yoast_head_json":{"title":"20\/12 - Alegra-te, cheia de gra\u00e7a, o Senhor est\u00e1 contigo! - Pastoral Universit\u00e1ria UniSALESIANO","robots":{"index":"index","follow":"follow","max-snippet":"max-snippet:-1","max-image-preview":"max-image-preview:large","max-video-preview":"max-video-preview:-1"},"canonical":"https:\/\/unisale.com.br\/novo\/20-12-alegra-te-cheia-de-graca-o-senhor-esta-contigo\/","og_locale":"pt_BR","og_type":"article","og_title":"20\/12 - Alegra-te, cheia de gra\u00e7a, o Senhor est\u00e1 contigo! - Pastoral Universit\u00e1ria UniSALESIANO","og_description":"Segunda-feira, 20 de dezembro de 2021. &nbsp; Evangelho (Lc 1,26-38) &nbsp; \u201cAlegra-te, cheia de gra\u00e7a, o Senhor est\u00e1 contigo!\u201d &nbsp; 26No sexto m\u00eas, o anjo...","og_url":"https:\/\/unisale.com.br\/novo\/20-12-alegra-te-cheia-de-graca-o-senhor-esta-contigo\/","og_site_name":"Pastoral Universit\u00e1ria UniSALESIANO","article_published_time":"2021-12-15T11:18:37+00:00","og_image":[{"width":640,"height":300,"url":"https:\/\/unisale.com.br\/novo\/wp-content\/uploads\/2021\/12\/Ev-20.jpg","type":"image\/jpeg"}],"author":"Luiz Alexandre Marinho Lanzoni","twitter_card":"summary_large_image","twitter_misc":{"Escrito por":"Luiz Alexandre Marinho Lanzoni","Est. tempo de leitura":"3 minutos"},"schema":{"@context":"https:\/\/schema.org","@graph":[{"@type":"Article","@id":"https:\/\/unisale.com.br\/novo\/20-12-alegra-te-cheia-de-graca-o-senhor-esta-contigo\/#article","isPartOf":{"@id":"https:\/\/unisale.com.br\/novo\/20-12-alegra-te-cheia-de-graca-o-senhor-esta-contigo\/"},"author":{"name":"Luiz Alexandre Marinho Lanzoni","@id":"https:\/\/unisale.com.br\/pastoral\/#\/schema\/person\/492d3d7bfe53a8302576d39485aff2c4"},"headline":"20\/12 &#8211; Alegra-te, cheia de gra\u00e7a, o Senhor est\u00e1 contigo!","datePublished":"2021-12-15T11:18:37+00:00","mainEntityOfPage":{"@id":"https:\/\/unisale.com.br\/novo\/20-12-alegra-te-cheia-de-graca-o-senhor-esta-contigo\/"},"wordCount":541,"image":{"@id":"https:\/\/unisale.com.br\/novo\/20-12-alegra-te-cheia-de-graca-o-senhor-esta-contigo\/#primaryimage"},"thumbnailUrl":"https:\/\/unisale.com.br\/pastoral\/wp-content\/uploads\/2021\/12\/Ev-20.jpg","articleSection":["Reflex\u00e3o do Evangelho"],"inLanguage":"pt-BR"},{"@type":"WebPage","@id":"https:\/\/unisale.com.br\/novo\/20-12-alegra-te-cheia-de-graca-o-senhor-esta-contigo\/","url":"https:\/\/unisale.com.br\/novo\/20-12-alegra-te-cheia-de-graca-o-senhor-esta-contigo\/","name":"20\/12 - Alegra-te, cheia de gra\u00e7a, o Senhor est\u00e1 contigo! - Pastoral Universit\u00e1ria UniSALESIANO","isPartOf":{"@id":"https:\/\/unisale.com.br\/pastoral\/#website"},"primaryImageOfPage":{"@id":"https:\/\/unisale.com.br\/novo\/20-12-alegra-te-cheia-de-graca-o-senhor-esta-contigo\/#primaryimage"},"image":{"@id":"https:\/\/unisale.com.br\/novo\/20-12-alegra-te-cheia-de-graca-o-senhor-esta-contigo\/#primaryimage"},"thumbnailUrl":"https:\/\/unisale.com.br\/pastoral\/wp-content\/uploads\/2021\/12\/Ev-20.jpg","datePublished":"2021-12-15T11:18:37+00:00","author":{"@id":"https:\/\/unisale.com.br\/pastoral\/#\/schema\/person\/492d3d7bfe53a8302576d39485aff2c4"},"inLanguage":"pt-BR","potentialAction":[{"@type":"ReadAction","target":["https:\/\/unisale.com.br\/novo\/20-12-alegra-te-cheia-de-graca-o-senhor-esta-contigo\/"]}]},{"@type":"ImageObject","inLanguage":"pt-BR","@id":"https:\/\/unisale.com.br\/novo\/20-12-alegra-te-cheia-de-graca-o-senhor-esta-contigo\/#primaryimage","url":"https:\/\/unisale.com.br\/pastoral\/wp-content\/uploads\/2021\/12\/Ev-20.jpg","contentUrl":"https:\/\/unisale.com.br\/pastoral\/wp-content\/uploads\/2021\/12\/Ev-20.jpg","width":640,"height":300},{"@type":"WebSite","@id":"https:\/\/unisale.com.br\/pastoral\/#website","url":"https:\/\/unisale.com.br\/pastoral\/","name":"Pastoral Universit\u00e1ria UniSALESIANO","description":"Site da Pastoral Universit\u00e1ria do UniSALESIANO","potentialAction":[{"@type":"SearchAction","target":{"@type":"EntryPoint","urlTemplate":"https:\/\/unisale.com.br\/pastoral\/?s={search_term_string}"},"query-input":{"@type":"PropertyValueSpecification","valueRequired":true,"valueName":"search_term_string"}}],"inLanguage":"pt-BR"},{"@type":"Person","@id":"https:\/\/unisale.com.br\/pastoral\/#\/schema\/person\/492d3d7bfe53a8302576d39485aff2c4","name":"Luiz Alexandre Marinho Lanzoni","url":"https:\/\/unisale.com.br\/pastoral\/author\/luiz\/"}]}},"_links":{"self":[{"href":"https:\/\/unisale.com.br\/pastoral\/wp-json\/wp\/v2\/posts\/3466","targetHints":{"allow":["GET"]}}],"collection":[{"href":"https:\/\/unisale.com.br\/pastoral\/wp-json\/wp\/v2\/posts"}],"about":[{"href":"https:\/\/unisale.com.br\/pastoral\/wp-json\/wp\/v2\/types\/post"}],"author":[{"embeddable":true,"href":"https:\/\/unisale.com.br\/pastoral\/wp-json\/wp\/v2\/users\/6"}],"replies":[{"embeddable":true,"href":"https:\/\/unisale.com.br\/pastoral\/wp-json\/wp\/v2\/comments?post=3466"}],"version-history":[{"count":0,"href":"https:\/\/unisale.com.br\/pastoral\/wp-json\/wp\/v2\/posts\/3466\/revisions"}],"wp:featuredmedia":[{"embeddable":true,"href":"https:\/\/unisale.com.br\/pastoral\/wp-json\/wp\/v2\/media\/3462"}],"wp:attachment":[{"href":"https:\/\/unisale.com.br\/pastoral\/wp-json\/wp\/v2\/media?parent=3466"}],"wp:term":[{"taxonomy":"category","embeddable":true,"href":"https:\/\/unisale.com.br\/pastoral\/wp-json\/wp\/v2\/categories?post=3466"},{"taxonomy":"post_tag","embeddable":true,"href":"https:\/\/unisale.com.br\/pastoral\/wp-json\/wp\/v2\/tags?post=3466"}],"curies":[{"name":"wp","href":"https:\/\/api.w.org\/{rel}","templated":true}]}}