{"id":3519,"date":"2021-12-23T13:33:20","date_gmt":"2021-12-23T13:33:20","guid":{"rendered":"https:\/\/unisale.com.br\/pastoral\/?p=3519"},"modified":"2021-12-23T13:33:20","modified_gmt":"2021-12-23T13:33:20","slug":"24-12-gloria-a-deus-no-mais-alto-dos-ceus-e-paz-na-terra-aos-homens-por-ele-amados","status":"publish","type":"post","link":"https:\/\/unisale.com.br\/pastoral\/24-12-gloria-a-deus-no-mais-alto-dos-ceus-e-paz-na-terra-aos-homens-por-ele-amados\/","title":{"rendered":"24\/12 &#8211; Gl\u00f3ria a Deus no mais alto dos c\u00e9us, e paz na terra aos homens por ele amados."},"content":{"rendered":"<p>Sexta-feira, 24 de dezembro de 2021.<\/p>\n<p>&nbsp;<\/p>\n<p>Evangelho (Lc 2,1-14)<\/p>\n<p>&nbsp;<\/p>\n<p><strong>\u201cGl\u00f3ria a Deus no mais alto dos c\u00e9us, e paz na terra aos homens por ele amados\u201d<\/strong><\/p>\n<p><strong>\u00a0<\/strong><\/p>\n<p><sup>1<\/sup>Aconteceu que, naqueles dias, C\u00e9sar Augusto publicou um decreto, ordenando o recenseamento de toda a terra. <sup>2<\/sup>Este primeiro recenseamento foi feito quando Quirino era governador da S\u00edria. <sup>3<\/sup>Todos iam registrar-se cada um na sua cidade natal. <sup>4<\/sup>Por ser da fam\u00edlia e descend\u00eancia de Davi, Jos\u00e9 subiu da cidade de Nazar\u00e9, na Galileia, at\u00e9 a cidade de Davi, chamada Bel\u00e9m, na Judeia, <sup>5<\/sup>para registrar-se com Maria, sua esposa, que estava gr\u00e1vida. <sup>6<\/sup>Enquanto estavam em Bel\u00e9m, completaram-se os dias para o parto, <sup>7<\/sup>e Maria deu \u00e0 luz o seu filho primog\u00eanito. Ela o enfaixou e o colocou na manjedoura, pois n\u00e3o havia lugar para eles na hospedaria. <sup>8<\/sup>Naquela regi\u00e3o havia pastores que passavam a noite nos campos, tomando conta do seu rebanho. <sup>9<\/sup>Um anjo do Senhor apareceu aos pastores, a gl\u00f3ria do Senhor os envolveu em luz, e eles ficaram com muito medo. <sup>10<\/sup>O anjo, por\u00e9m, disse aos pastores: \u201cN\u00e3o tenhais medo! Eu vos anuncio uma grande alegria, que o ser\u00e1 para todo o povo. <sup>11<\/sup>Hoje, na cidade de Davi, nasceu para v\u00f3s um Salvador, que \u00e9 o Cristo Senhor. <sup>12<\/sup>Isto vos servir\u00e1 de sinal: Encontrareis um rec\u00e9m-nascido envolvido em faixas e deitado numa manjedoura\u201d. <sup>13<\/sup>E, de repente, juntou-se ao anjo uma multid\u00e3o da corte celeste. Cantavam louvores a Deus, dizendo: <sup>14<\/sup>\u201cGl\u00f3ria a Deus no mais alto dos c\u00e9us, e paz na terra aos homens por ele amados\u201d.<\/p>\n<p>&nbsp;<\/p>\n<p><strong>Reflex\u00e3o<\/strong><\/p>\n<p>&nbsp;<\/p>\n<p>Lucas enquadra o nascimento de Jesus na hist\u00f3ria, estabelecendo lugar e tempo preciso. O acontecimento crist\u00e3o caminha na hist\u00f3ria e \u00e9 contempor\u00e2neo de todas as gera\u00e7\u00f5es. Jesus nasceu, o pr\u00edncipe da paz. Com evid\u00eancia a paz entre os homens \u00e9 a contrapartida terrestre da gl\u00f3ria que Deus tem nos c\u00e9us. Jesus menino \u00e9 para os homens o dom de paz. Todos n\u00f3s crist\u00e3os se queremos dar gl\u00f3ria a Deus, devemos ser sinais e instrumentos de paz entre os homens. A paz \u00e9 fruto do Natal que \u00e9 oferecida a cada homem. Deus d\u00e1 esta paz a todos, pois Ele ama cada homem sem fazer diferen\u00e7as. E a paz \u00e9 universal porque \u00e9 participa\u00e7\u00e3o do amor de Deus. A paz n\u00e3o \u00e9 simplesmente fruto da conquista dos homens, mas \u00e9 d\u00e1diva que deriva do amor de Deus, \u00e9 d\u00e1diva da vinda de Jesus. A paz \u00e9 a sombra vis\u00edvel, terrena, da gl\u00f3ria invis\u00edvel de Deus. A gl\u00f3ria \u00e9 o rosto de Deus, o seu amor universal. A gl\u00f3ria de Deus \u00e9 diferente da gl\u00f3ria dos homens, pois ela n\u00e3o resplandece na vit\u00f3ria sobre os inimigos, mas na paz com eles. A gl\u00f3ria de Deus n\u00e3o \u00e9 a gl\u00f3ria dos generais. Os pastores s\u00e3o os primeiros a receber a not\u00edcia do nascimento de Jesus, com este an\u00fancio, Deus quer nos dizer que est\u00e1 entre n\u00f3s o Pastor dos pastores, que veio para apascentar o rebanho de Deus, pois \u00e9 sempre Deus que apascenta o seu povo e cuida de todos n\u00f3s como um Pastor a seu rebanho. Feliz Natal!<\/p>\n<p>&nbsp;<\/p>\n<p><strong>Pe. Paulo Eduardo J\u00e1como, sdb.<\/strong><\/p>\n","protected":false},"excerpt":{"rendered":"<p>Sexta-feira, 24 de dezembro de 2021. &nbsp; Evangelho (Lc 2,1-14) &nbsp; \u201cGl\u00f3ria a Deus no mais alto dos c\u00e9us, e paz na terra aos homens&#8230;<\/p>\n","protected":false},"author":6,"featured_media":3520,"comment_status":"closed","ping_status":"closed","sticky":false,"template":"","format":"standard","meta":{"_acf_changed":false,"footnotes":""},"categories":[13],"tags":[],"class_list":["post-3519","post","type-post","status-publish","format-standard","has-post-thumbnail","hentry","category-reflexaodoevagelho"],"acf":[],"yoast_head":"<!-- This site is optimized with the Yoast SEO plugin v27.3 - https:\/\/yoast.com\/product\/yoast-seo-wordpress\/ -->\n<title>24\/12 - Gl\u00f3ria a Deus no mais alto dos c\u00e9us, e paz na terra aos homens por ele amados. - Pastoral Universit\u00e1ria UniSALESIANO<\/title>\n<meta name=\"robots\" content=\"index, follow, max-snippet:-1, max-image-preview:large, max-video-preview:-1\" \/>\n<link rel=\"canonical\" href=\"https:\/\/unisale.com.br\/novo\/24-12-gloria-a-deus-no-mais-alto-dos-ceus-e-paz-na-terra-aos-homens-por-ele-amados\/\" \/>\n<meta property=\"og:locale\" content=\"pt_BR\" \/>\n<meta property=\"og:type\" content=\"article\" \/>\n<meta property=\"og:title\" content=\"24\/12 - Gl\u00f3ria a Deus no mais alto dos c\u00e9us, e paz na terra aos homens por ele amados. - Pastoral Universit\u00e1ria UniSALESIANO\" \/>\n<meta property=\"og:description\" content=\"Sexta-feira, 24 de dezembro de 2021. &nbsp; Evangelho (Lc 2,1-14) &nbsp; \u201cGl\u00f3ria a Deus no mais alto dos c\u00e9us, e paz na terra aos homens...\" \/>\n<meta property=\"og:url\" content=\"https:\/\/unisale.com.br\/novo\/24-12-gloria-a-deus-no-mais-alto-dos-ceus-e-paz-na-terra-aos-homens-por-ele-amados\/\" \/>\n<meta property=\"og:site_name\" content=\"Pastoral Universit\u00e1ria UniSALESIANO\" \/>\n<meta property=\"article:published_time\" content=\"2021-12-23T13:33:20+00:00\" \/>\n<meta property=\"og:image\" content=\"https:\/\/unisale.com.br\/novo\/wp-content\/uploads\/2021\/12\/Ev-24.jpg\" \/>\n\t<meta property=\"og:image:width\" content=\"1024\" \/>\n\t<meta property=\"og:image:height\" content=\"508\" \/>\n\t<meta property=\"og:image:type\" content=\"image\/jpeg\" \/>\n<meta name=\"author\" content=\"Luiz Alexandre Marinho Lanzoni\" \/>\n<meta name=\"twitter:card\" content=\"summary_large_image\" \/>\n<meta name=\"twitter:label1\" content=\"Escrito por\" \/>\n\t<meta name=\"twitter:data1\" content=\"Luiz Alexandre Marinho Lanzoni\" \/>\n\t<meta name=\"twitter:label2\" content=\"Est. tempo de leitura\" \/>\n\t<meta name=\"twitter:data2\" content=\"3 minutos\" \/>\n<script type=\"application\/ld+json\" class=\"yoast-schema-graph\">{\"@context\":\"https:\\\/\\\/schema.org\",\"@graph\":[{\"@type\":\"Article\",\"@id\":\"https:\\\/\\\/unisale.com.br\\\/novo\\\/24-12-gloria-a-deus-no-mais-alto-dos-ceus-e-paz-na-terra-aos-homens-por-ele-amados\\\/#article\",\"isPartOf\":{\"@id\":\"https:\\\/\\\/unisale.com.br\\\/novo\\\/24-12-gloria-a-deus-no-mais-alto-dos-ceus-e-paz-na-terra-aos-homens-por-ele-amados\\\/\"},\"author\":{\"name\":\"Luiz Alexandre Marinho Lanzoni\",\"@id\":\"https:\\\/\\\/unisale.com.br\\\/pastoral\\\/#\\\/schema\\\/person\\\/492d3d7bfe53a8302576d39485aff2c4\"},\"headline\":\"24\\\/12 &#8211; Gl\u00f3ria a Deus no mais alto dos c\u00e9us, e paz na terra aos homens por ele amados.\",\"datePublished\":\"2021-12-23T13:33:20+00:00\",\"mainEntityOfPage\":{\"@id\":\"https:\\\/\\\/unisale.com.br\\\/novo\\\/24-12-gloria-a-deus-no-mais-alto-dos-ceus-e-paz-na-terra-aos-homens-por-ele-amados\\\/\"},\"wordCount\":576,\"image\":{\"@id\":\"https:\\\/\\\/unisale.com.br\\\/novo\\\/24-12-gloria-a-deus-no-mais-alto-dos-ceus-e-paz-na-terra-aos-homens-por-ele-amados\\\/#primaryimage\"},\"thumbnailUrl\":\"https:\\\/\\\/unisale.com.br\\\/pastoral\\\/wp-content\\\/uploads\\\/2021\\\/12\\\/Ev-24.jpg\",\"articleSection\":[\"Reflex\u00e3o do Evangelho\"],\"inLanguage\":\"pt-BR\"},{\"@type\":\"WebPage\",\"@id\":\"https:\\\/\\\/unisale.com.br\\\/novo\\\/24-12-gloria-a-deus-no-mais-alto-dos-ceus-e-paz-na-terra-aos-homens-por-ele-amados\\\/\",\"url\":\"https:\\\/\\\/unisale.com.br\\\/novo\\\/24-12-gloria-a-deus-no-mais-alto-dos-ceus-e-paz-na-terra-aos-homens-por-ele-amados\\\/\",\"name\":\"24\\\/12 - Gl\u00f3ria a Deus no mais alto dos c\u00e9us, e paz na terra aos homens por ele amados. - Pastoral Universit\u00e1ria UniSALESIANO\",\"isPartOf\":{\"@id\":\"https:\\\/\\\/unisale.com.br\\\/pastoral\\\/#website\"},\"primaryImageOfPage\":{\"@id\":\"https:\\\/\\\/unisale.com.br\\\/novo\\\/24-12-gloria-a-deus-no-mais-alto-dos-ceus-e-paz-na-terra-aos-homens-por-ele-amados\\\/#primaryimage\"},\"image\":{\"@id\":\"https:\\\/\\\/unisale.com.br\\\/novo\\\/24-12-gloria-a-deus-no-mais-alto-dos-ceus-e-paz-na-terra-aos-homens-por-ele-amados\\\/#primaryimage\"},\"thumbnailUrl\":\"https:\\\/\\\/unisale.com.br\\\/pastoral\\\/wp-content\\\/uploads\\\/2021\\\/12\\\/Ev-24.jpg\",\"datePublished\":\"2021-12-23T13:33:20+00:00\",\"author\":{\"@id\":\"https:\\\/\\\/unisale.com.br\\\/pastoral\\\/#\\\/schema\\\/person\\\/492d3d7bfe53a8302576d39485aff2c4\"},\"inLanguage\":\"pt-BR\",\"potentialAction\":[{\"@type\":\"ReadAction\",\"target\":[\"https:\\\/\\\/unisale.com.br\\\/novo\\\/24-12-gloria-a-deus-no-mais-alto-dos-ceus-e-paz-na-terra-aos-homens-por-ele-amados\\\/\"]}]},{\"@type\":\"ImageObject\",\"inLanguage\":\"pt-BR\",\"@id\":\"https:\\\/\\\/unisale.com.br\\\/novo\\\/24-12-gloria-a-deus-no-mais-alto-dos-ceus-e-paz-na-terra-aos-homens-por-ele-amados\\\/#primaryimage\",\"url\":\"https:\\\/\\\/unisale.com.br\\\/pastoral\\\/wp-content\\\/uploads\\\/2021\\\/12\\\/Ev-24.jpg\",\"contentUrl\":\"https:\\\/\\\/unisale.com.br\\\/pastoral\\\/wp-content\\\/uploads\\\/2021\\\/12\\\/Ev-24.jpg\",\"width\":1000,\"height\":496},{\"@type\":\"WebSite\",\"@id\":\"https:\\\/\\\/unisale.com.br\\\/pastoral\\\/#website\",\"url\":\"https:\\\/\\\/unisale.com.br\\\/pastoral\\\/\",\"name\":\"Pastoral Universit\u00e1ria UniSALESIANO\",\"description\":\"Site da Pastoral Universit\u00e1ria do UniSALESIANO\",\"potentialAction\":[{\"@type\":\"SearchAction\",\"target\":{\"@type\":\"EntryPoint\",\"urlTemplate\":\"https:\\\/\\\/unisale.com.br\\\/pastoral\\\/?s={search_term_string}\"},\"query-input\":{\"@type\":\"PropertyValueSpecification\",\"valueRequired\":true,\"valueName\":\"search_term_string\"}}],\"inLanguage\":\"pt-BR\"},{\"@type\":\"Person\",\"@id\":\"https:\\\/\\\/unisale.com.br\\\/pastoral\\\/#\\\/schema\\\/person\\\/492d3d7bfe53a8302576d39485aff2c4\",\"name\":\"Luiz Alexandre Marinho Lanzoni\",\"url\":\"https:\\\/\\\/unisale.com.br\\\/pastoral\\\/author\\\/luiz\\\/\"}]}<\/script>\n<!-- \/ Yoast SEO plugin. -->","yoast_head_json":{"title":"24\/12 - Gl\u00f3ria a Deus no mais alto dos c\u00e9us, e paz na terra aos homens por ele amados. - Pastoral Universit\u00e1ria UniSALESIANO","robots":{"index":"index","follow":"follow","max-snippet":"max-snippet:-1","max-image-preview":"max-image-preview:large","max-video-preview":"max-video-preview:-1"},"canonical":"https:\/\/unisale.com.br\/novo\/24-12-gloria-a-deus-no-mais-alto-dos-ceus-e-paz-na-terra-aos-homens-por-ele-amados\/","og_locale":"pt_BR","og_type":"article","og_title":"24\/12 - Gl\u00f3ria a Deus no mais alto dos c\u00e9us, e paz na terra aos homens por ele amados. - Pastoral Universit\u00e1ria UniSALESIANO","og_description":"Sexta-feira, 24 de dezembro de 2021. &nbsp; Evangelho (Lc 2,1-14) &nbsp; \u201cGl\u00f3ria a Deus no mais alto dos c\u00e9us, e paz na terra aos homens...","og_url":"https:\/\/unisale.com.br\/novo\/24-12-gloria-a-deus-no-mais-alto-dos-ceus-e-paz-na-terra-aos-homens-por-ele-amados\/","og_site_name":"Pastoral Universit\u00e1ria UniSALESIANO","article_published_time":"2021-12-23T13:33:20+00:00","og_image":[{"width":1024,"height":508,"url":"https:\/\/unisale.com.br\/novo\/wp-content\/uploads\/2021\/12\/Ev-24.jpg","type":"image\/jpeg"}],"author":"Luiz Alexandre Marinho Lanzoni","twitter_card":"summary_large_image","twitter_misc":{"Escrito por":"Luiz Alexandre Marinho Lanzoni","Est. tempo de leitura":"3 minutos"},"schema":{"@context":"https:\/\/schema.org","@graph":[{"@type":"Article","@id":"https:\/\/unisale.com.br\/novo\/24-12-gloria-a-deus-no-mais-alto-dos-ceus-e-paz-na-terra-aos-homens-por-ele-amados\/#article","isPartOf":{"@id":"https:\/\/unisale.com.br\/novo\/24-12-gloria-a-deus-no-mais-alto-dos-ceus-e-paz-na-terra-aos-homens-por-ele-amados\/"},"author":{"name":"Luiz Alexandre Marinho Lanzoni","@id":"https:\/\/unisale.com.br\/pastoral\/#\/schema\/person\/492d3d7bfe53a8302576d39485aff2c4"},"headline":"24\/12 &#8211; Gl\u00f3ria a Deus no mais alto dos c\u00e9us, e paz na terra aos homens por ele amados.","datePublished":"2021-12-23T13:33:20+00:00","mainEntityOfPage":{"@id":"https:\/\/unisale.com.br\/novo\/24-12-gloria-a-deus-no-mais-alto-dos-ceus-e-paz-na-terra-aos-homens-por-ele-amados\/"},"wordCount":576,"image":{"@id":"https:\/\/unisale.com.br\/novo\/24-12-gloria-a-deus-no-mais-alto-dos-ceus-e-paz-na-terra-aos-homens-por-ele-amados\/#primaryimage"},"thumbnailUrl":"https:\/\/unisale.com.br\/pastoral\/wp-content\/uploads\/2021\/12\/Ev-24.jpg","articleSection":["Reflex\u00e3o do Evangelho"],"inLanguage":"pt-BR"},{"@type":"WebPage","@id":"https:\/\/unisale.com.br\/novo\/24-12-gloria-a-deus-no-mais-alto-dos-ceus-e-paz-na-terra-aos-homens-por-ele-amados\/","url":"https:\/\/unisale.com.br\/novo\/24-12-gloria-a-deus-no-mais-alto-dos-ceus-e-paz-na-terra-aos-homens-por-ele-amados\/","name":"24\/12 - Gl\u00f3ria a Deus no mais alto dos c\u00e9us, e paz na terra aos homens por ele amados. - Pastoral Universit\u00e1ria UniSALESIANO","isPartOf":{"@id":"https:\/\/unisale.com.br\/pastoral\/#website"},"primaryImageOfPage":{"@id":"https:\/\/unisale.com.br\/novo\/24-12-gloria-a-deus-no-mais-alto-dos-ceus-e-paz-na-terra-aos-homens-por-ele-amados\/#primaryimage"},"image":{"@id":"https:\/\/unisale.com.br\/novo\/24-12-gloria-a-deus-no-mais-alto-dos-ceus-e-paz-na-terra-aos-homens-por-ele-amados\/#primaryimage"},"thumbnailUrl":"https:\/\/unisale.com.br\/pastoral\/wp-content\/uploads\/2021\/12\/Ev-24.jpg","datePublished":"2021-12-23T13:33:20+00:00","author":{"@id":"https:\/\/unisale.com.br\/pastoral\/#\/schema\/person\/492d3d7bfe53a8302576d39485aff2c4"},"inLanguage":"pt-BR","potentialAction":[{"@type":"ReadAction","target":["https:\/\/unisale.com.br\/novo\/24-12-gloria-a-deus-no-mais-alto-dos-ceus-e-paz-na-terra-aos-homens-por-ele-amados\/"]}]},{"@type":"ImageObject","inLanguage":"pt-BR","@id":"https:\/\/unisale.com.br\/novo\/24-12-gloria-a-deus-no-mais-alto-dos-ceus-e-paz-na-terra-aos-homens-por-ele-amados\/#primaryimage","url":"https:\/\/unisale.com.br\/pastoral\/wp-content\/uploads\/2021\/12\/Ev-24.jpg","contentUrl":"https:\/\/unisale.com.br\/pastoral\/wp-content\/uploads\/2021\/12\/Ev-24.jpg","width":1000,"height":496},{"@type":"WebSite","@id":"https:\/\/unisale.com.br\/pastoral\/#website","url":"https:\/\/unisale.com.br\/pastoral\/","name":"Pastoral Universit\u00e1ria UniSALESIANO","description":"Site da Pastoral Universit\u00e1ria do UniSALESIANO","potentialAction":[{"@type":"SearchAction","target":{"@type":"EntryPoint","urlTemplate":"https:\/\/unisale.com.br\/pastoral\/?s={search_term_string}"},"query-input":{"@type":"PropertyValueSpecification","valueRequired":true,"valueName":"search_term_string"}}],"inLanguage":"pt-BR"},{"@type":"Person","@id":"https:\/\/unisale.com.br\/pastoral\/#\/schema\/person\/492d3d7bfe53a8302576d39485aff2c4","name":"Luiz Alexandre Marinho Lanzoni","url":"https:\/\/unisale.com.br\/pastoral\/author\/luiz\/"}]}},"_links":{"self":[{"href":"https:\/\/unisale.com.br\/pastoral\/wp-json\/wp\/v2\/posts\/3519","targetHints":{"allow":["GET"]}}],"collection":[{"href":"https:\/\/unisale.com.br\/pastoral\/wp-json\/wp\/v2\/posts"}],"about":[{"href":"https:\/\/unisale.com.br\/pastoral\/wp-json\/wp\/v2\/types\/post"}],"author":[{"embeddable":true,"href":"https:\/\/unisale.com.br\/pastoral\/wp-json\/wp\/v2\/users\/6"}],"replies":[{"embeddable":true,"href":"https:\/\/unisale.com.br\/pastoral\/wp-json\/wp\/v2\/comments?post=3519"}],"version-history":[{"count":0,"href":"https:\/\/unisale.com.br\/pastoral\/wp-json\/wp\/v2\/posts\/3519\/revisions"}],"wp:featuredmedia":[{"embeddable":true,"href":"https:\/\/unisale.com.br\/pastoral\/wp-json\/wp\/v2\/media\/3520"}],"wp:attachment":[{"href":"https:\/\/unisale.com.br\/pastoral\/wp-json\/wp\/v2\/media?parent=3519"}],"wp:term":[{"taxonomy":"category","embeddable":true,"href":"https:\/\/unisale.com.br\/pastoral\/wp-json\/wp\/v2\/categories?post=3519"},{"taxonomy":"post_tag","embeddable":true,"href":"https:\/\/unisale.com.br\/pastoral\/wp-json\/wp\/v2\/tags?post=3519"}],"curies":[{"name":"wp","href":"https:\/\/api.w.org\/{rel}","templated":true}]}}