{"id":3581,"date":"2021-12-28T19:06:36","date_gmt":"2021-12-28T19:06:36","guid":{"rendered":"https:\/\/unisale.com.br\/pastoral\/?p=3581"},"modified":"2021-12-28T19:06:36","modified_gmt":"2021-12-28T19:06:36","slug":"02-01-nos-vimos-a-sua-estrela-no-oriente-e-viemos-adora-lo","status":"publish","type":"post","link":"https:\/\/unisale.com.br\/pastoral\/02-01-nos-vimos-a-sua-estrela-no-oriente-e-viemos-adora-lo\/","title":{"rendered":"02\/01 &#8211; N\u00f3s vimos a sua estrela no Oriente e viemos ador\u00e1-lo."},"content":{"rendered":"<p>Domingo, 02 de janeiro de 2022. Domingo da Epifania<\/p>\n<p>&nbsp;<\/p>\n<p>Evangelho (Mt 2,1-12)<\/p>\n<p>&nbsp;<\/p>\n<p><strong>\u201cN\u00f3s vimos a sua estrela no Oriente e viemos ador\u00e1-lo\u201d<\/strong><\/p>\n<p>&nbsp;<\/p>\n<p><sup>1<\/sup>Tendo nascido Jesus na cidade de Bel\u00e9m, na Judeia, no tempo do rei Herodes, eis que alguns magos do Oriente chegaram a Jerusal\u00e9m, <sup>2<\/sup>perguntando: \u201cOnde est\u00e1 o rei dos judeus, que acaba de nascer? N\u00f3s vimos a sua estrela no Oriente e viemos ador\u00e1-lo\u201d. <sup>3<\/sup>Ao saber disso, o rei Herodes ficou perturbado, assim como toda a cidade de Jerusal\u00e9m. <sup>4<\/sup>Reunindo todos os sumos sacerdotes e os mestres da Lei, perguntava-lhes onde o Messias deveria nascer. <sup>5<\/sup>Eles responderam: \u201cEm Bel\u00e9m, na Judeia, pois assim foi escrito pelo profeta: <sup>6<\/sup>E tu, Bel\u00e9m, terra de Jud\u00e1, de modo algum \u00e9s a menor entre as principais cidades de Jud\u00e1, porque de ti sair\u00e1 um chefe que vai ser o pastor de Israel, o meu povo\u201d. <sup>7<\/sup>Ent\u00e3o Herodes chamou em segredo os magos e procurou saber deles cuidadosamente quando a estrela tinha aparecido. <sup>8<\/sup>Depois os enviou a Bel\u00e9m, dizendo: \u201cIde e procurai obter informa\u00e7\u00f5es exatas sobre o menino. E, quando o encontrardes, avisai-me, para que tamb\u00e9m eu v\u00e1 ador\u00e1-lo\u201d. <sup>9<\/sup>Depois que ouviram o rei, eles partiram. E a estrela, que tinham visto no Oriente, ia adiante deles, at\u00e9 parar sobre o lugar onde estava o menino. <sup>10<\/sup>Ao verem de novo a estrela, os magos sentiram uma alegria muito grande. <sup>11<\/sup>Quando entraram na casa, viram o menino com Maria, sua m\u00e3e. Ajoelharam-se diante dele, e o adoraram. Depois abriram seus cofres e lhe ofereceram presentes: ouro, incenso e mirra. <sup>12<\/sup>Avisados em sonho para n\u00e3o voltarem a Herodes, retornaram para a sua terra, seguindo outro caminho.<\/p>\n<p>&nbsp;<\/p>\n<p><strong>Reflex\u00e3o<\/strong><\/p>\n<p>&nbsp;<\/p>\n<p>Hoje celebramos a Solenidade da Epifania, a manifesta\u00e7\u00e3o de Cristo aos Magos. Guiados por uma estrela eles chegaram \u00e0 Jerusal\u00e9m. Ningu\u00e9m na cidade sabia sobre o ocorrido nascimento, nem mesmo Herodes que permaneceu muito perturbado com a not\u00edcia. Os Magos confiaram nas Sagradas Escrituras, viram a estrela e, cheios de alegria, seguiram-na at\u00e9 quando ela parou numa cabana. Entraram e encontraram o Menino com Maria. Prostraram-se diante d\u2019Ele e ofereceram-lhe ouro, incenso e mirra, uma homenagem \u00e0 Sua dignidade Real. Este acontecimento \u00e9 importante porque ele marca o in\u00edcio da ades\u00e3o dos povos pag\u00e3os a Cristo. Se Maria, Jos\u00e9 e os Pastores representam o povo de Israel que acolheu o Senhor, os Magos s\u00e3o as prim\u00edcias das na\u00e7\u00f5es, chamadas tamb\u00e9m elas a fazer parte da Igreja, novo povo de Deus. A Epifania de Cristo \u00e9 tamb\u00e9m a Epifania da Igreja, isto \u00e9, a manifesta\u00e7\u00e3o de sua voca\u00e7\u00e3o e miss\u00e3o universal. Hoje celebramos Cristo, meta da peregrina\u00e7\u00e3o dos povos em busca da salva\u00e7\u00e3o. Deus se revela ao mundo como luz que guia e introduz a humanidade na terra prometida, onde reinar\u00e3o liberdade, justi\u00e7a e paz. Aos Magos, guiados pela estrela, foi poss\u00edvel acreditar que aquele menino, mergulhado na pobreza de uma cabana era o rei dos judeus, porque estavam abertos a verdade. Reconheceram o Sinal e adoraram o Menino. O convite dos Magos do Evangelho aos Magos de hoje \u00e9 o de abrir mentes e cora\u00e7\u00f5es e oferecer a Jesus os dons de suas buscas. N\u00e3o podemos ter medo da luz de Cristo! A Sua luz \u00e9 o esplendor da verdade. Deixemo-nos iluminar por Ele; deixemo-nos arrebatar pelo Seu amor e encontraremos o caminho da paz.<\/p>\n<p>&nbsp;<\/p>\n<p><strong>Pe. Paulo Eduardo J\u00e1como, sdb.<\/strong><\/p>\n","protected":false},"excerpt":{"rendered":"<p>Domingo, 02 de janeiro de 2022. Domingo da Epifania &nbsp; Evangelho (Mt 2,1-12) &nbsp; \u201cN\u00f3s vimos a sua estrela no Oriente e viemos ador\u00e1-lo\u201d &nbsp;&#8230;<\/p>\n","protected":false},"author":6,"featured_media":3582,"comment_status":"closed","ping_status":"closed","sticky":false,"template":"","format":"standard","meta":{"_acf_changed":false,"footnotes":""},"categories":[13],"tags":[],"class_list":["post-3581","post","type-post","status-publish","format-standard","has-post-thumbnail","hentry","category-reflexaodoevagelho"],"acf":[],"yoast_head":"<!-- This site is optimized with the Yoast SEO plugin v27.3 - https:\/\/yoast.com\/product\/yoast-seo-wordpress\/ -->\n<title>02\/01 - N\u00f3s vimos a sua estrela no Oriente e viemos ador\u00e1-lo. - Pastoral Universit\u00e1ria UniSALESIANO<\/title>\n<meta name=\"robots\" content=\"index, follow, max-snippet:-1, max-image-preview:large, max-video-preview:-1\" \/>\n<link rel=\"canonical\" href=\"https:\/\/unisale.com.br\/novo\/02-01-nos-vimos-a-sua-estrela-no-oriente-e-viemos-adora-lo\/\" \/>\n<meta property=\"og:locale\" content=\"pt_BR\" \/>\n<meta property=\"og:type\" content=\"article\" \/>\n<meta property=\"og:title\" content=\"02\/01 - N\u00f3s vimos a sua estrela no Oriente e viemos ador\u00e1-lo. - Pastoral Universit\u00e1ria UniSALESIANO\" \/>\n<meta property=\"og:description\" content=\"Domingo, 02 de janeiro de 2022. Domingo da Epifania &nbsp; Evangelho (Mt 2,1-12) &nbsp; \u201cN\u00f3s vimos a sua estrela no Oriente e viemos ador\u00e1-lo\u201d &nbsp;...\" \/>\n<meta property=\"og:url\" content=\"https:\/\/unisale.com.br\/novo\/02-01-nos-vimos-a-sua-estrela-no-oriente-e-viemos-adora-lo\/\" \/>\n<meta property=\"og:site_name\" content=\"Pastoral Universit\u00e1ria UniSALESIANO\" \/>\n<meta property=\"article:published_time\" content=\"2021-12-28T19:06:36+00:00\" \/>\n<meta property=\"og:image\" content=\"https:\/\/unisale.com.br\/novo\/wp-content\/uploads\/2021\/12\/Ev-02.jpg\" \/>\n\t<meta property=\"og:image:width\" content=\"960\" \/>\n\t<meta property=\"og:image:height\" content=\"691\" \/>\n\t<meta property=\"og:image:type\" content=\"image\/jpeg\" \/>\n<meta name=\"author\" content=\"Luiz Alexandre Marinho Lanzoni\" \/>\n<meta name=\"twitter:card\" content=\"summary_large_image\" \/>\n<meta name=\"twitter:label1\" content=\"Escrito por\" \/>\n\t<meta name=\"twitter:data1\" content=\"Luiz Alexandre Marinho Lanzoni\" \/>\n\t<meta name=\"twitter:label2\" content=\"Est. tempo de leitura\" \/>\n\t<meta name=\"twitter:data2\" content=\"3 minutos\" \/>\n<script type=\"application\/ld+json\" class=\"yoast-schema-graph\">{\"@context\":\"https:\\\/\\\/schema.org\",\"@graph\":[{\"@type\":\"Article\",\"@id\":\"https:\\\/\\\/unisale.com.br\\\/novo\\\/02-01-nos-vimos-a-sua-estrela-no-oriente-e-viemos-adora-lo\\\/#article\",\"isPartOf\":{\"@id\":\"https:\\\/\\\/unisale.com.br\\\/novo\\\/02-01-nos-vimos-a-sua-estrela-no-oriente-e-viemos-adora-lo\\\/\"},\"author\":{\"name\":\"Luiz Alexandre Marinho Lanzoni\",\"@id\":\"https:\\\/\\\/unisale.com.br\\\/pastoral\\\/#\\\/schema\\\/person\\\/492d3d7bfe53a8302576d39485aff2c4\"},\"headline\":\"02\\\/01 &#8211; N\u00f3s vimos a sua estrela no Oriente e viemos ador\u00e1-lo.\",\"datePublished\":\"2021-12-28T19:06:36+00:00\",\"mainEntityOfPage\":{\"@id\":\"https:\\\/\\\/unisale.com.br\\\/novo\\\/02-01-nos-vimos-a-sua-estrela-no-oriente-e-viemos-adora-lo\\\/\"},\"wordCount\":603,\"image\":{\"@id\":\"https:\\\/\\\/unisale.com.br\\\/novo\\\/02-01-nos-vimos-a-sua-estrela-no-oriente-e-viemos-adora-lo\\\/#primaryimage\"},\"thumbnailUrl\":\"https:\\\/\\\/unisale.com.br\\\/pastoral\\\/wp-content\\\/uploads\\\/2021\\\/12\\\/Ev-02.jpg\",\"articleSection\":[\"Reflex\u00e3o do Evangelho\"],\"inLanguage\":\"pt-BR\"},{\"@type\":\"WebPage\",\"@id\":\"https:\\\/\\\/unisale.com.br\\\/novo\\\/02-01-nos-vimos-a-sua-estrela-no-oriente-e-viemos-adora-lo\\\/\",\"url\":\"https:\\\/\\\/unisale.com.br\\\/novo\\\/02-01-nos-vimos-a-sua-estrela-no-oriente-e-viemos-adora-lo\\\/\",\"name\":\"02\\\/01 - N\u00f3s vimos a sua estrela no Oriente e viemos ador\u00e1-lo. - Pastoral Universit\u00e1ria UniSALESIANO\",\"isPartOf\":{\"@id\":\"https:\\\/\\\/unisale.com.br\\\/pastoral\\\/#website\"},\"primaryImageOfPage\":{\"@id\":\"https:\\\/\\\/unisale.com.br\\\/novo\\\/02-01-nos-vimos-a-sua-estrela-no-oriente-e-viemos-adora-lo\\\/#primaryimage\"},\"image\":{\"@id\":\"https:\\\/\\\/unisale.com.br\\\/novo\\\/02-01-nos-vimos-a-sua-estrela-no-oriente-e-viemos-adora-lo\\\/#primaryimage\"},\"thumbnailUrl\":\"https:\\\/\\\/unisale.com.br\\\/pastoral\\\/wp-content\\\/uploads\\\/2021\\\/12\\\/Ev-02.jpg\",\"datePublished\":\"2021-12-28T19:06:36+00:00\",\"author\":{\"@id\":\"https:\\\/\\\/unisale.com.br\\\/pastoral\\\/#\\\/schema\\\/person\\\/492d3d7bfe53a8302576d39485aff2c4\"},\"inLanguage\":\"pt-BR\",\"potentialAction\":[{\"@type\":\"ReadAction\",\"target\":[\"https:\\\/\\\/unisale.com.br\\\/novo\\\/02-01-nos-vimos-a-sua-estrela-no-oriente-e-viemos-adora-lo\\\/\"]}]},{\"@type\":\"ImageObject\",\"inLanguage\":\"pt-BR\",\"@id\":\"https:\\\/\\\/unisale.com.br\\\/novo\\\/02-01-nos-vimos-a-sua-estrela-no-oriente-e-viemos-adora-lo\\\/#primaryimage\",\"url\":\"https:\\\/\\\/unisale.com.br\\\/pastoral\\\/wp-content\\\/uploads\\\/2021\\\/12\\\/Ev-02.jpg\",\"contentUrl\":\"https:\\\/\\\/unisale.com.br\\\/pastoral\\\/wp-content\\\/uploads\\\/2021\\\/12\\\/Ev-02.jpg\",\"width\":695,\"height\":500},{\"@type\":\"WebSite\",\"@id\":\"https:\\\/\\\/unisale.com.br\\\/pastoral\\\/#website\",\"url\":\"https:\\\/\\\/unisale.com.br\\\/pastoral\\\/\",\"name\":\"Pastoral Universit\u00e1ria UniSALESIANO\",\"description\":\"Site da Pastoral Universit\u00e1ria do UniSALESIANO\",\"potentialAction\":[{\"@type\":\"SearchAction\",\"target\":{\"@type\":\"EntryPoint\",\"urlTemplate\":\"https:\\\/\\\/unisale.com.br\\\/pastoral\\\/?s={search_term_string}\"},\"query-input\":{\"@type\":\"PropertyValueSpecification\",\"valueRequired\":true,\"valueName\":\"search_term_string\"}}],\"inLanguage\":\"pt-BR\"},{\"@type\":\"Person\",\"@id\":\"https:\\\/\\\/unisale.com.br\\\/pastoral\\\/#\\\/schema\\\/person\\\/492d3d7bfe53a8302576d39485aff2c4\",\"name\":\"Luiz Alexandre Marinho Lanzoni\",\"url\":\"https:\\\/\\\/unisale.com.br\\\/pastoral\\\/author\\\/luiz\\\/\"}]}<\/script>\n<!-- \/ Yoast SEO plugin. -->","yoast_head_json":{"title":"02\/01 - N\u00f3s vimos a sua estrela no Oriente e viemos ador\u00e1-lo. - Pastoral Universit\u00e1ria UniSALESIANO","robots":{"index":"index","follow":"follow","max-snippet":"max-snippet:-1","max-image-preview":"max-image-preview:large","max-video-preview":"max-video-preview:-1"},"canonical":"https:\/\/unisale.com.br\/novo\/02-01-nos-vimos-a-sua-estrela-no-oriente-e-viemos-adora-lo\/","og_locale":"pt_BR","og_type":"article","og_title":"02\/01 - N\u00f3s vimos a sua estrela no Oriente e viemos ador\u00e1-lo. - Pastoral Universit\u00e1ria UniSALESIANO","og_description":"Domingo, 02 de janeiro de 2022. Domingo da Epifania &nbsp; Evangelho (Mt 2,1-12) &nbsp; \u201cN\u00f3s vimos a sua estrela no Oriente e viemos ador\u00e1-lo\u201d &nbsp;...","og_url":"https:\/\/unisale.com.br\/novo\/02-01-nos-vimos-a-sua-estrela-no-oriente-e-viemos-adora-lo\/","og_site_name":"Pastoral Universit\u00e1ria UniSALESIANO","article_published_time":"2021-12-28T19:06:36+00:00","og_image":[{"width":960,"height":691,"url":"https:\/\/unisale.com.br\/novo\/wp-content\/uploads\/2021\/12\/Ev-02.jpg","type":"image\/jpeg"}],"author":"Luiz Alexandre Marinho Lanzoni","twitter_card":"summary_large_image","twitter_misc":{"Escrito por":"Luiz Alexandre Marinho Lanzoni","Est. tempo de leitura":"3 minutos"},"schema":{"@context":"https:\/\/schema.org","@graph":[{"@type":"Article","@id":"https:\/\/unisale.com.br\/novo\/02-01-nos-vimos-a-sua-estrela-no-oriente-e-viemos-adora-lo\/#article","isPartOf":{"@id":"https:\/\/unisale.com.br\/novo\/02-01-nos-vimos-a-sua-estrela-no-oriente-e-viemos-adora-lo\/"},"author":{"name":"Luiz Alexandre Marinho Lanzoni","@id":"https:\/\/unisale.com.br\/pastoral\/#\/schema\/person\/492d3d7bfe53a8302576d39485aff2c4"},"headline":"02\/01 &#8211; N\u00f3s vimos a sua estrela no Oriente e viemos ador\u00e1-lo.","datePublished":"2021-12-28T19:06:36+00:00","mainEntityOfPage":{"@id":"https:\/\/unisale.com.br\/novo\/02-01-nos-vimos-a-sua-estrela-no-oriente-e-viemos-adora-lo\/"},"wordCount":603,"image":{"@id":"https:\/\/unisale.com.br\/novo\/02-01-nos-vimos-a-sua-estrela-no-oriente-e-viemos-adora-lo\/#primaryimage"},"thumbnailUrl":"https:\/\/unisale.com.br\/pastoral\/wp-content\/uploads\/2021\/12\/Ev-02.jpg","articleSection":["Reflex\u00e3o do Evangelho"],"inLanguage":"pt-BR"},{"@type":"WebPage","@id":"https:\/\/unisale.com.br\/novo\/02-01-nos-vimos-a-sua-estrela-no-oriente-e-viemos-adora-lo\/","url":"https:\/\/unisale.com.br\/novo\/02-01-nos-vimos-a-sua-estrela-no-oriente-e-viemos-adora-lo\/","name":"02\/01 - N\u00f3s vimos a sua estrela no Oriente e viemos ador\u00e1-lo. - Pastoral Universit\u00e1ria UniSALESIANO","isPartOf":{"@id":"https:\/\/unisale.com.br\/pastoral\/#website"},"primaryImageOfPage":{"@id":"https:\/\/unisale.com.br\/novo\/02-01-nos-vimos-a-sua-estrela-no-oriente-e-viemos-adora-lo\/#primaryimage"},"image":{"@id":"https:\/\/unisale.com.br\/novo\/02-01-nos-vimos-a-sua-estrela-no-oriente-e-viemos-adora-lo\/#primaryimage"},"thumbnailUrl":"https:\/\/unisale.com.br\/pastoral\/wp-content\/uploads\/2021\/12\/Ev-02.jpg","datePublished":"2021-12-28T19:06:36+00:00","author":{"@id":"https:\/\/unisale.com.br\/pastoral\/#\/schema\/person\/492d3d7bfe53a8302576d39485aff2c4"},"inLanguage":"pt-BR","potentialAction":[{"@type":"ReadAction","target":["https:\/\/unisale.com.br\/novo\/02-01-nos-vimos-a-sua-estrela-no-oriente-e-viemos-adora-lo\/"]}]},{"@type":"ImageObject","inLanguage":"pt-BR","@id":"https:\/\/unisale.com.br\/novo\/02-01-nos-vimos-a-sua-estrela-no-oriente-e-viemos-adora-lo\/#primaryimage","url":"https:\/\/unisale.com.br\/pastoral\/wp-content\/uploads\/2021\/12\/Ev-02.jpg","contentUrl":"https:\/\/unisale.com.br\/pastoral\/wp-content\/uploads\/2021\/12\/Ev-02.jpg","width":695,"height":500},{"@type":"WebSite","@id":"https:\/\/unisale.com.br\/pastoral\/#website","url":"https:\/\/unisale.com.br\/pastoral\/","name":"Pastoral Universit\u00e1ria UniSALESIANO","description":"Site da Pastoral Universit\u00e1ria do UniSALESIANO","potentialAction":[{"@type":"SearchAction","target":{"@type":"EntryPoint","urlTemplate":"https:\/\/unisale.com.br\/pastoral\/?s={search_term_string}"},"query-input":{"@type":"PropertyValueSpecification","valueRequired":true,"valueName":"search_term_string"}}],"inLanguage":"pt-BR"},{"@type":"Person","@id":"https:\/\/unisale.com.br\/pastoral\/#\/schema\/person\/492d3d7bfe53a8302576d39485aff2c4","name":"Luiz Alexandre Marinho Lanzoni","url":"https:\/\/unisale.com.br\/pastoral\/author\/luiz\/"}]}},"_links":{"self":[{"href":"https:\/\/unisale.com.br\/pastoral\/wp-json\/wp\/v2\/posts\/3581","targetHints":{"allow":["GET"]}}],"collection":[{"href":"https:\/\/unisale.com.br\/pastoral\/wp-json\/wp\/v2\/posts"}],"about":[{"href":"https:\/\/unisale.com.br\/pastoral\/wp-json\/wp\/v2\/types\/post"}],"author":[{"embeddable":true,"href":"https:\/\/unisale.com.br\/pastoral\/wp-json\/wp\/v2\/users\/6"}],"replies":[{"embeddable":true,"href":"https:\/\/unisale.com.br\/pastoral\/wp-json\/wp\/v2\/comments?post=3581"}],"version-history":[{"count":0,"href":"https:\/\/unisale.com.br\/pastoral\/wp-json\/wp\/v2\/posts\/3581\/revisions"}],"wp:featuredmedia":[{"embeddable":true,"href":"https:\/\/unisale.com.br\/pastoral\/wp-json\/wp\/v2\/media\/3582"}],"wp:attachment":[{"href":"https:\/\/unisale.com.br\/pastoral\/wp-json\/wp\/v2\/media?parent=3581"}],"wp:term":[{"taxonomy":"category","embeddable":true,"href":"https:\/\/unisale.com.br\/pastoral\/wp-json\/wp\/v2\/categories?post=3581"},{"taxonomy":"post_tag","embeddable":true,"href":"https:\/\/unisale.com.br\/pastoral\/wp-json\/wp\/v2\/tags?post=3581"}],"curies":[{"name":"wp","href":"https:\/\/api.w.org\/{rel}","templated":true}]}}