{"id":3606,"date":"2022-01-05T19:21:59","date_gmt":"2022-01-05T19:21:59","guid":{"rendered":"https:\/\/unisale.com.br\/pastoral\/?p=3606"},"modified":"2022-01-05T19:27:24","modified_gmt":"2022-01-05T19:27:24","slug":"06-01-senhor-se-queres-tu-tens-o-poder-de-me-purificar","status":"publish","type":"post","link":"https:\/\/unisale.com.br\/pastoral\/06-01-senhor-se-queres-tu-tens-o-poder-de-me-purificar\/","title":{"rendered":"06\/01 &#8211; O Esp\u00edrito do Senhor est\u00e1 sobre mim."},"content":{"rendered":"<p>Quinta-feira, 06 de janeiro de 2022.<\/p>\n<p>&nbsp;<\/p>\n<p>Evangelho (Lc 4,14-22)<\/p>\n<p>&nbsp;<\/p>\n<p><strong>\u201cO Esp\u00edrito do Senhor est\u00e1 sobre mim\u201d<\/strong><\/p>\n<p>&nbsp;<\/p>\n<p>Naquele tempo, <sup>14<\/sup>Jesus voltou para a Galileia, com a for\u00e7a do Esp\u00edrito, e sua fama espalhou-se por toda a redondeza. <sup>15<\/sup>Ele ensinava nas suas sinagogas e todos o elogiavam. <sup>16<\/sup>E veio \u00e0 cidade de Nazar\u00e9 onde se tinha criado. Conforme seu costume, entrou na sinagoga no s\u00e1bado, e levantou-se para fazer a leitura. <sup>17<\/sup>Deram-lhe o livro do profeta Isa\u00edas. Abrindo o livro, Jesus achou a passagem em que est\u00e1 escrito: <sup>18<\/sup>\u201cO Esp\u00edrito do Senhor est\u00e1 sobre mim, porque ele me consagrou com a un\u00e7\u00e3o para anunciar a Boa Nova aos pobres; enviou-me para proclamar a liberta\u00e7\u00e3o aos cativos e aos cegos a recupera\u00e7\u00e3o da vista; para libertar os oprimidos <sup>19<\/sup>e para proclamar um ano da gra\u00e7a do Senhor\u201d. <sup>20<\/sup>Depois fechou o livro, entregou-o ao ajudante, e sentou-se. Todos os que estavam na sinagoga tinham os olhos fixos nele. <sup>21<\/sup>Ent\u00e3o come\u00e7ou a dizer-lhes: \u201cHoje se cumpriu esta passagem da Escritura que acabastes de ouvir\u201d. <sup>22a<\/sup>Todos davam testemunho a seu respeito, admirados com as palavras cheias de encanto que sa\u00edam da sua boca.<\/p>\n<p>&nbsp;<\/p>\n<p><strong>Reflex\u00e3o<\/strong><\/p>\n<p>&nbsp;<\/p>\n<p>O evangelho de hoje nos mostra o protagonismo do Esp\u00edrito em Jesus, na sua pessoa, na sua miss\u00e3o e no seu minist\u00e9rio. O Esp\u00edrito interv\u00e9m destacadamente no Seu nascimento e no Seu batismo e \u00e9 quem O unge no in\u00edcio de Sua atividade prof\u00e9tica. \u00c9 tanto por isso, que quando Jesus est\u00e1 na sinagoga de Nazar\u00e9, Ele se auto aplica o texto do profeta Isa\u00edas: \u201cO Esp\u00edrito do Senhor est\u00e1 sobre mim, porque ele me ungiu. Enviou-me para dar a boa nova aos pobres, para anunciar a liberdade aos cativos e a vista aos cegos&#8230;\u201d. N\u00f3s tamb\u00e9m fomos ungidos pelo Esp\u00edrito, no Batismo e na Confirma\u00e7\u00e3o, para agir como Cristo, vencendo o mal do mundo e o pecado na nossa vida, e para sermos mensageiros para os outros da alegre not\u00edcia da liberta\u00e7\u00e3o humana por Deus. \u00c9 preciso lembrar que Cristo assumiu a nossa natureza humana e valorizou tudo o que \u00e9 terreno na sua justa medida. A vida tem valor em si mesma, e embora os valores humanos n\u00e3o sejam absolutos, nem \u00fanicos e nem definitivos, temos que assumi-los, apreci\u00e1-los e potencializ\u00e1-los como fez Jesus. Valores como a sa\u00fade e o amor, a economia e o dinheiro, a justi\u00e7a e a liberta\u00e7\u00e3o social, a liberdade e a cultura, a promo\u00e7\u00e3o do n\u00edvel e qualidade de vida; numa palavra, a realiza\u00e7\u00e3o do homem como ser humano. N\u00e3o podemos valorizar somente a dimens\u00e3o futura da nossa vida. \u00c9 preciso olharmos o presente e a dura realidade da vida. O seguimento de Cristo n\u00e3o \u00e9 droga alienante como pensam alguns. Muito pelo contr\u00e1rio, a f\u00e9 na encarna\u00e7\u00e3o de Cristo e na Sua ressurrei\u00e7\u00e3o \u00e9 motivo urgente de a\u00e7\u00e3o estrutural. A f\u00e9 a exig\u00eancia de humanidade.<\/p>\n<p>&nbsp;<\/p>\n<p><strong>Pe. Paulo Eduardo J\u00e1como, sdb.<\/strong><\/p>\n","protected":false},"excerpt":{"rendered":"<p>Quinta-feira, 06 de janeiro de 2022. &nbsp; Evangelho (Lc 4,14-22) &nbsp; \u201cO Esp\u00edrito do Senhor est\u00e1 sobre mim\u201d &nbsp; Naquele tempo, 14Jesus voltou para a&#8230;<\/p>\n","protected":false},"author":6,"featured_media":3611,"comment_status":"closed","ping_status":"closed","sticky":false,"template":"","format":"standard","meta":{"_acf_changed":false,"footnotes":""},"categories":[13],"tags":[],"class_list":["post-3606","post","type-post","status-publish","format-standard","has-post-thumbnail","hentry","category-reflexaodoevagelho"],"acf":[],"yoast_head":"<!-- This site is optimized with the Yoast SEO plugin v27.3 - https:\/\/yoast.com\/product\/yoast-seo-wordpress\/ -->\n<title>06\/01 - O Esp\u00edrito do Senhor est\u00e1 sobre mim. - Pastoral Universit\u00e1ria UniSALESIANO<\/title>\n<meta name=\"robots\" content=\"index, follow, max-snippet:-1, max-image-preview:large, max-video-preview:-1\" \/>\n<link rel=\"canonical\" href=\"https:\/\/unisale.com.br\/novo\/06-01-senhor-se-queres-tu-tens-o-poder-de-me-purificar\/\" \/>\n<meta property=\"og:locale\" content=\"pt_BR\" \/>\n<meta property=\"og:type\" content=\"article\" \/>\n<meta property=\"og:title\" content=\"06\/01 - O Esp\u00edrito do Senhor est\u00e1 sobre mim. - Pastoral Universit\u00e1ria UniSALESIANO\" \/>\n<meta property=\"og:description\" content=\"Quinta-feira, 06 de janeiro de 2022. &nbsp; Evangelho (Lc 4,14-22) &nbsp; \u201cO Esp\u00edrito do Senhor est\u00e1 sobre mim\u201d &nbsp; Naquele tempo, 14Jesus voltou para a...\" \/>\n<meta property=\"og:url\" content=\"https:\/\/unisale.com.br\/novo\/06-01-senhor-se-queres-tu-tens-o-poder-de-me-purificar\/\" \/>\n<meta property=\"og:site_name\" content=\"Pastoral Universit\u00e1ria UniSALESIANO\" \/>\n<meta property=\"article:published_time\" content=\"2022-01-05T19:21:59+00:00\" \/>\n<meta property=\"article:modified_time\" content=\"2022-01-05T19:27:24+00:00\" \/>\n<meta property=\"og:image\" content=\"https:\/\/unisale.com.br\/novo\/wp-content\/uploads\/2022\/01\/Ev-06.jpg\" \/>\n\t<meta property=\"og:image:width\" content=\"640\" \/>\n\t<meta property=\"og:image:height\" content=\"392\" \/>\n\t<meta property=\"og:image:type\" content=\"image\/jpeg\" \/>\n<meta name=\"author\" content=\"Luiz Alexandre Marinho Lanzoni\" \/>\n<meta name=\"twitter:card\" content=\"summary_large_image\" \/>\n<meta name=\"twitter:label1\" content=\"Escrito por\" \/>\n\t<meta name=\"twitter:data1\" content=\"Luiz Alexandre Marinho Lanzoni\" \/>\n\t<meta name=\"twitter:label2\" content=\"Est. tempo de leitura\" \/>\n\t<meta name=\"twitter:data2\" content=\"3 minutos\" \/>\n<script type=\"application\/ld+json\" class=\"yoast-schema-graph\">{\"@context\":\"https:\\\/\\\/schema.org\",\"@graph\":[{\"@type\":\"Article\",\"@id\":\"https:\\\/\\\/unisale.com.br\\\/novo\\\/06-01-senhor-se-queres-tu-tens-o-poder-de-me-purificar\\\/#article\",\"isPartOf\":{\"@id\":\"https:\\\/\\\/unisale.com.br\\\/novo\\\/06-01-senhor-se-queres-tu-tens-o-poder-de-me-purificar\\\/\"},\"author\":{\"name\":\"Luiz Alexandre Marinho Lanzoni\",\"@id\":\"https:\\\/\\\/unisale.com.br\\\/pastoral\\\/#\\\/schema\\\/person\\\/492d3d7bfe53a8302576d39485aff2c4\"},\"headline\":\"06\\\/01 &#8211; O Esp\u00edrito do Senhor est\u00e1 sobre mim.\",\"datePublished\":\"2022-01-05T19:21:59+00:00\",\"dateModified\":\"2022-01-05T19:27:24+00:00\",\"mainEntityOfPage\":{\"@id\":\"https:\\\/\\\/unisale.com.br\\\/novo\\\/06-01-senhor-se-queres-tu-tens-o-poder-de-me-purificar\\\/\"},\"wordCount\":528,\"image\":{\"@id\":\"https:\\\/\\\/unisale.com.br\\\/novo\\\/06-01-senhor-se-queres-tu-tens-o-poder-de-me-purificar\\\/#primaryimage\"},\"thumbnailUrl\":\"https:\\\/\\\/unisale.com.br\\\/pastoral\\\/wp-content\\\/uploads\\\/2022\\\/01\\\/Ev-06.jpg\",\"articleSection\":[\"Reflex\u00e3o do Evangelho\"],\"inLanguage\":\"pt-BR\"},{\"@type\":\"WebPage\",\"@id\":\"https:\\\/\\\/unisale.com.br\\\/novo\\\/06-01-senhor-se-queres-tu-tens-o-poder-de-me-purificar\\\/\",\"url\":\"https:\\\/\\\/unisale.com.br\\\/novo\\\/06-01-senhor-se-queres-tu-tens-o-poder-de-me-purificar\\\/\",\"name\":\"06\\\/01 - O Esp\u00edrito do Senhor est\u00e1 sobre mim. - Pastoral Universit\u00e1ria UniSALESIANO\",\"isPartOf\":{\"@id\":\"https:\\\/\\\/unisale.com.br\\\/pastoral\\\/#website\"},\"primaryImageOfPage\":{\"@id\":\"https:\\\/\\\/unisale.com.br\\\/novo\\\/06-01-senhor-se-queres-tu-tens-o-poder-de-me-purificar\\\/#primaryimage\"},\"image\":{\"@id\":\"https:\\\/\\\/unisale.com.br\\\/novo\\\/06-01-senhor-se-queres-tu-tens-o-poder-de-me-purificar\\\/#primaryimage\"},\"thumbnailUrl\":\"https:\\\/\\\/unisale.com.br\\\/pastoral\\\/wp-content\\\/uploads\\\/2022\\\/01\\\/Ev-06.jpg\",\"datePublished\":\"2022-01-05T19:21:59+00:00\",\"dateModified\":\"2022-01-05T19:27:24+00:00\",\"author\":{\"@id\":\"https:\\\/\\\/unisale.com.br\\\/pastoral\\\/#\\\/schema\\\/person\\\/492d3d7bfe53a8302576d39485aff2c4\"},\"inLanguage\":\"pt-BR\",\"potentialAction\":[{\"@type\":\"ReadAction\",\"target\":[\"https:\\\/\\\/unisale.com.br\\\/novo\\\/06-01-senhor-se-queres-tu-tens-o-poder-de-me-purificar\\\/\"]}]},{\"@type\":\"ImageObject\",\"inLanguage\":\"pt-BR\",\"@id\":\"https:\\\/\\\/unisale.com.br\\\/novo\\\/06-01-senhor-se-queres-tu-tens-o-poder-de-me-purificar\\\/#primaryimage\",\"url\":\"https:\\\/\\\/unisale.com.br\\\/pastoral\\\/wp-content\\\/uploads\\\/2022\\\/01\\\/Ev-06.jpg\",\"contentUrl\":\"https:\\\/\\\/unisale.com.br\\\/pastoral\\\/wp-content\\\/uploads\\\/2022\\\/01\\\/Ev-06.jpg\",\"width\":640,\"height\":392},{\"@type\":\"WebSite\",\"@id\":\"https:\\\/\\\/unisale.com.br\\\/pastoral\\\/#website\",\"url\":\"https:\\\/\\\/unisale.com.br\\\/pastoral\\\/\",\"name\":\"Pastoral Universit\u00e1ria UniSALESIANO\",\"description\":\"Site da Pastoral Universit\u00e1ria do UniSALESIANO\",\"potentialAction\":[{\"@type\":\"SearchAction\",\"target\":{\"@type\":\"EntryPoint\",\"urlTemplate\":\"https:\\\/\\\/unisale.com.br\\\/pastoral\\\/?s={search_term_string}\"},\"query-input\":{\"@type\":\"PropertyValueSpecification\",\"valueRequired\":true,\"valueName\":\"search_term_string\"}}],\"inLanguage\":\"pt-BR\"},{\"@type\":\"Person\",\"@id\":\"https:\\\/\\\/unisale.com.br\\\/pastoral\\\/#\\\/schema\\\/person\\\/492d3d7bfe53a8302576d39485aff2c4\",\"name\":\"Luiz Alexandre Marinho Lanzoni\",\"url\":\"https:\\\/\\\/unisale.com.br\\\/pastoral\\\/author\\\/luiz\\\/\"}]}<\/script>\n<!-- \/ Yoast SEO plugin. -->","yoast_head_json":{"title":"06\/01 - O Esp\u00edrito do Senhor est\u00e1 sobre mim. - Pastoral Universit\u00e1ria UniSALESIANO","robots":{"index":"index","follow":"follow","max-snippet":"max-snippet:-1","max-image-preview":"max-image-preview:large","max-video-preview":"max-video-preview:-1"},"canonical":"https:\/\/unisale.com.br\/novo\/06-01-senhor-se-queres-tu-tens-o-poder-de-me-purificar\/","og_locale":"pt_BR","og_type":"article","og_title":"06\/01 - O Esp\u00edrito do Senhor est\u00e1 sobre mim. - Pastoral Universit\u00e1ria UniSALESIANO","og_description":"Quinta-feira, 06 de janeiro de 2022. &nbsp; Evangelho (Lc 4,14-22) &nbsp; \u201cO Esp\u00edrito do Senhor est\u00e1 sobre mim\u201d &nbsp; Naquele tempo, 14Jesus voltou para a...","og_url":"https:\/\/unisale.com.br\/novo\/06-01-senhor-se-queres-tu-tens-o-poder-de-me-purificar\/","og_site_name":"Pastoral Universit\u00e1ria UniSALESIANO","article_published_time":"2022-01-05T19:21:59+00:00","article_modified_time":"2022-01-05T19:27:24+00:00","og_image":[{"width":640,"height":392,"url":"https:\/\/unisale.com.br\/novo\/wp-content\/uploads\/2022\/01\/Ev-06.jpg","type":"image\/jpeg"}],"author":"Luiz Alexandre Marinho Lanzoni","twitter_card":"summary_large_image","twitter_misc":{"Escrito por":"Luiz Alexandre Marinho Lanzoni","Est. tempo de leitura":"3 minutos"},"schema":{"@context":"https:\/\/schema.org","@graph":[{"@type":"Article","@id":"https:\/\/unisale.com.br\/novo\/06-01-senhor-se-queres-tu-tens-o-poder-de-me-purificar\/#article","isPartOf":{"@id":"https:\/\/unisale.com.br\/novo\/06-01-senhor-se-queres-tu-tens-o-poder-de-me-purificar\/"},"author":{"name":"Luiz Alexandre Marinho Lanzoni","@id":"https:\/\/unisale.com.br\/pastoral\/#\/schema\/person\/492d3d7bfe53a8302576d39485aff2c4"},"headline":"06\/01 &#8211; O Esp\u00edrito do Senhor est\u00e1 sobre mim.","datePublished":"2022-01-05T19:21:59+00:00","dateModified":"2022-01-05T19:27:24+00:00","mainEntityOfPage":{"@id":"https:\/\/unisale.com.br\/novo\/06-01-senhor-se-queres-tu-tens-o-poder-de-me-purificar\/"},"wordCount":528,"image":{"@id":"https:\/\/unisale.com.br\/novo\/06-01-senhor-se-queres-tu-tens-o-poder-de-me-purificar\/#primaryimage"},"thumbnailUrl":"https:\/\/unisale.com.br\/pastoral\/wp-content\/uploads\/2022\/01\/Ev-06.jpg","articleSection":["Reflex\u00e3o do Evangelho"],"inLanguage":"pt-BR"},{"@type":"WebPage","@id":"https:\/\/unisale.com.br\/novo\/06-01-senhor-se-queres-tu-tens-o-poder-de-me-purificar\/","url":"https:\/\/unisale.com.br\/novo\/06-01-senhor-se-queres-tu-tens-o-poder-de-me-purificar\/","name":"06\/01 - O Esp\u00edrito do Senhor est\u00e1 sobre mim. - Pastoral Universit\u00e1ria UniSALESIANO","isPartOf":{"@id":"https:\/\/unisale.com.br\/pastoral\/#website"},"primaryImageOfPage":{"@id":"https:\/\/unisale.com.br\/novo\/06-01-senhor-se-queres-tu-tens-o-poder-de-me-purificar\/#primaryimage"},"image":{"@id":"https:\/\/unisale.com.br\/novo\/06-01-senhor-se-queres-tu-tens-o-poder-de-me-purificar\/#primaryimage"},"thumbnailUrl":"https:\/\/unisale.com.br\/pastoral\/wp-content\/uploads\/2022\/01\/Ev-06.jpg","datePublished":"2022-01-05T19:21:59+00:00","dateModified":"2022-01-05T19:27:24+00:00","author":{"@id":"https:\/\/unisale.com.br\/pastoral\/#\/schema\/person\/492d3d7bfe53a8302576d39485aff2c4"},"inLanguage":"pt-BR","potentialAction":[{"@type":"ReadAction","target":["https:\/\/unisale.com.br\/novo\/06-01-senhor-se-queres-tu-tens-o-poder-de-me-purificar\/"]}]},{"@type":"ImageObject","inLanguage":"pt-BR","@id":"https:\/\/unisale.com.br\/novo\/06-01-senhor-se-queres-tu-tens-o-poder-de-me-purificar\/#primaryimage","url":"https:\/\/unisale.com.br\/pastoral\/wp-content\/uploads\/2022\/01\/Ev-06.jpg","contentUrl":"https:\/\/unisale.com.br\/pastoral\/wp-content\/uploads\/2022\/01\/Ev-06.jpg","width":640,"height":392},{"@type":"WebSite","@id":"https:\/\/unisale.com.br\/pastoral\/#website","url":"https:\/\/unisale.com.br\/pastoral\/","name":"Pastoral Universit\u00e1ria UniSALESIANO","description":"Site da Pastoral Universit\u00e1ria do UniSALESIANO","potentialAction":[{"@type":"SearchAction","target":{"@type":"EntryPoint","urlTemplate":"https:\/\/unisale.com.br\/pastoral\/?s={search_term_string}"},"query-input":{"@type":"PropertyValueSpecification","valueRequired":true,"valueName":"search_term_string"}}],"inLanguage":"pt-BR"},{"@type":"Person","@id":"https:\/\/unisale.com.br\/pastoral\/#\/schema\/person\/492d3d7bfe53a8302576d39485aff2c4","name":"Luiz Alexandre Marinho Lanzoni","url":"https:\/\/unisale.com.br\/pastoral\/author\/luiz\/"}]}},"_links":{"self":[{"href":"https:\/\/unisale.com.br\/pastoral\/wp-json\/wp\/v2\/posts\/3606","targetHints":{"allow":["GET"]}}],"collection":[{"href":"https:\/\/unisale.com.br\/pastoral\/wp-json\/wp\/v2\/posts"}],"about":[{"href":"https:\/\/unisale.com.br\/pastoral\/wp-json\/wp\/v2\/types\/post"}],"author":[{"embeddable":true,"href":"https:\/\/unisale.com.br\/pastoral\/wp-json\/wp\/v2\/users\/6"}],"replies":[{"embeddable":true,"href":"https:\/\/unisale.com.br\/pastoral\/wp-json\/wp\/v2\/comments?post=3606"}],"version-history":[{"count":0,"href":"https:\/\/unisale.com.br\/pastoral\/wp-json\/wp\/v2\/posts\/3606\/revisions"}],"wp:featuredmedia":[{"embeddable":true,"href":"https:\/\/unisale.com.br\/pastoral\/wp-json\/wp\/v2\/media\/3611"}],"wp:attachment":[{"href":"https:\/\/unisale.com.br\/pastoral\/wp-json\/wp\/v2\/media?parent=3606"}],"wp:term":[{"taxonomy":"category","embeddable":true,"href":"https:\/\/unisale.com.br\/pastoral\/wp-json\/wp\/v2\/categories?post=3606"},{"taxonomy":"post_tag","embeddable":true,"href":"https:\/\/unisale.com.br\/pastoral\/wp-json\/wp\/v2\/tags?post=3606"}],"curies":[{"name":"wp","href":"https:\/\/api.w.org\/{rel}","templated":true}]}}